{"id":37021,"date":"2010-09-10T09:37:27","date_gmt":"2010-09-10T07:37:27","guid":{"rendered":"http:\/\/www.visit-ulcinj.com\/blog\/?p=37021"},"modified":"2010-09-11T10:21:37","modified_gmt":"2010-09-11T08:21:37","slug":"dps-i-dua-prave-koaliciju-poslije-izbora","status":"publish","type":"post","link":"https:\/\/www.visit-ulcinj.com\/blog\/2010\/09\/10\/dps-i-dua-prave-koaliciju-poslije-izbora\/","title":{"rendered":"DPS i DUA prave koaliciju poslije izbora"},"content":{"rendered":"<p><strong><a href=\"http:\/\/www.visit-ulcinj.com\/blog\/wp-content\/uploads\/2010\/09\/andrija-cetkovic.jpg\"><img loading=\"lazy\" class=\"alignleft size-full wp-image-37022\" title=\"andrija-cetkovic\" src=\"http:\/\/www.visit-ulcinj.com\/blog\/wp-content\/uploads\/2010\/09\/andrija-cetkovic.jpg\" alt=\"\" width=\"270\" height=\"389\" srcset=\"https:\/\/www.visit-ulcinj.com\/blog\/wp-content\/uploads\/2010\/09\/andrija-cetkovic.jpg 270w, https:\/\/www.visit-ulcinj.com\/blog\/wp-content\/uploads\/2010\/09\/andrija-cetkovic-208x300.jpg 208w\" sizes=\"(max-width: 270px) 100vw, 270px\" \/><\/a>Funkcioner SNP u Ulcinju o izbornim i postizbornim kalkulacijama<br \/>\n<\/strong>Podgorica &#8211; Demokratska unija Albanaca i Demokratska partija socijalista na izbore u Ulcinju izlaze odvojeno samo zato \u0161to njihovi \u010delnici procjenjuju da \u0107e na taj na\u010din pove\u0107ati manevarski prostor za pravljenje postizborne koalicije &#8211; smatra nosilac koalicione liste Bolji Ulcinj &#8211; bolja Crna Gora Andrija \u0106etkovi\u0107.<\/p>\n<p>Prema njegovim rije\u010dima, svima je jasno da je projekat DPS re\u017eima u Ulcinju do\u017eivio fijasko.<\/p>\n<p>\u0106etkovi\u0107, koji je funkcioner Socijalisti\u010dke narodne partije, ocijenio je da su u Ulcinju stvoreni uslovi da na predstoje\u0107im lokalnim izborima pobijedi opozicija.<\/p>\n<p>&#8211; O\u010digledno je da su se stvorili uslovi da na predstoje\u0107im lokalnim izborima u Ulcinju opozicija odnese pobjedu. Na taj na\u010din ovaj grad bi napokon na poklon mogao da dobije vlast po mjeri Ulcinjana &#8211; rekao je \u0106etkovi\u0107.<\/p>\n<p>Jedina opasnost na ovim izborima je, kako je rekao, da neki opozicionari ne upadnu u zamku DPS i da je za katastrofalno stanje u Ulcinju kriv samo jedan sugra\u0111anin &#8211; dosada\u0161nji predsjednik op\u0161tine.<\/p>\n<p>&#8211; Ako se to desi, Ulcinjani \u0107e mo\u0107i da zapjevaju \u201eSve je isto samo njega nema\u201c. Ne o\u010dekujem da \u0107e gospodin kojem su namijenili ulogu jedinog krivca pristati da na ovim izborima bude nijemi posmatra\u010d jer je, siguran sam, svjestan situacije u kojoj se nalazi. Mislim da ne\u0107e dozvoliti da bude de\u017eurni krivac &#8211; kazao je \u0106etkovi\u0107.<br \/>\n<strong>U.P.<br \/>\n<a href=\"http:\/\/www.pobjeda.co.me\/citanje.php?datum=2010-09-09&amp;id=191220\" target=\"_blank\">Pobjeda<\/a><\/strong><\/p>\n","protected":false},"excerpt":{"rendered":"<p>Funkcioner SNP u Ulcinju o izbornim i postizbornim kalkulacijama Podgorica &#8211; Demokratska unija Albanaca i Demokratska partija socijalista na izbore u Ulcinju izlaze odvojeno samo zato \u0161to njihovi \u010delnici procjenjuju da \u0107e na taj na\u010din pove\u0107ati manevarski prostor za pravljenje postizborne koalicije &#8211; smatra nosilac koalicione liste Bolji Ulcinj &#8211; bolja Crna Gora Andrija \u0106etkovi\u0107. [&hellip;]<\/p>\n","protected":false},"author":1,"featured_media":0,"comment_status":"open","ping_status":"closed","sticky":false,"template":"","format":"standard","meta":{"spay_email":"","jetpack_publicize_message":"","jetpack_is_tweetstorm":false,"jetpack_publicize_feature_enabled":true},"categories":[8],"tags":[14306,1990,86,530,87,15332,15333],"jetpack_publicize_connections":[],"yoast_head":"<!-- This site is optimized with the Yoast SEO plugin v19.1 - https:\/\/yoast.com\/wordpress\/plugins\/seo\/ -->\n<title>DPS i DUA prave koaliciju poslije izbora - Lajme nga Ulqini<\/title>\n<meta name=\"description\" content=\"Funkcioner SNP u Ulcinju o izbornim i postizbornim kalkulacijama Podgorica - Demokratska unija Albanaca i Demokratska partija socijalista na izbore u\" \/>\n<meta name=\"robots\" content=\"index, follow, max-snippet:-1, max-image-preview:large, max-video-preview:-1\" \/>\n<link rel=\"canonical\" href=\"https:\/\/www.visit-ulcinj.com\/blog\/2010\/09\/10\/dps-i-dua-prave-koaliciju-poslije-izbora\/\" \/>\n<meta property=\"og:locale\" content=\"en_US\" \/>\n<meta property=\"og:type\" content=\"article\" \/>\n<meta property=\"og:title\" content=\"DPS i DUA prave koaliciju poslije izbora - Lajme nga Ulqini\" \/>\n<meta property=\"og:description\" content=\"Funkcioner SNP u Ulcinju o izbornim i postizbornim kalkulacijama Podgorica - Demokratska unija Albanaca i Demokratska partija socijalista na izbore u\" \/>\n<meta property=\"og:url\" content=\"https:\/\/www.visit-ulcinj.com\/blog\/2010\/09\/10\/dps-i-dua-prave-koaliciju-poslije-izbora\/\" \/>\n<meta property=\"og:site_name\" content=\"Lajme nga Ulqini\" \/>\n<meta property=\"article:published_time\" content=\"2010-09-10T07:37:27+00:00\" \/>\n<meta property=\"article:modified_time\" content=\"2010-09-11T08:21:37+00:00\" \/>\n<meta property=\"og:image\" content=\"http:\/\/www.visit-ulcinj.com\/blog\/wp-content\/uploads\/2010\/09\/andrija-cetkovic.jpg\" \/>\n<meta name=\"twitter:label1\" content=\"Written by\" \/>\n\t<meta name=\"twitter:data1\" content=\"ulqini\" \/>\n\t<meta name=\"twitter:label2\" content=\"Est. reading time\" \/>\n\t<meta name=\"twitter:data2\" content=\"1 minute\" \/>\n<script type=\"application\/ld+json\" class=\"yoast-schema-graph\">{\"@context\":\"https:\/\/schema.org\",\"@graph\":[{\"@type\":\"WebSite\",\"@id\":\"https:\/\/www.visit-ulcinj.com\/blog\/#website\",\"url\":\"https:\/\/www.visit-ulcinj.com\/blog\/\",\"name\":\"Lajme nga Ulqini\",\"description\":\"Lajme,Vijesti,Ulqini,Ulqin,Crna Gora,Mali i Zi\",\"potentialAction\":[{\"@type\":\"SearchAction\",\"target\":{\"@type\":\"EntryPoint\",\"urlTemplate\":\"https:\/\/www.visit-ulcinj.com\/blog\/?s={search_term_string}\"},\"query-input\":\"required name=search_term_string\"}],\"inLanguage\":\"en-US\"},{\"@type\":\"ImageObject\",\"inLanguage\":\"en-US\",\"@id\":\"https:\/\/www.visit-ulcinj.com\/blog\/2010\/09\/10\/dps-i-dua-prave-koaliciju-poslije-izbora\/#primaryimage\",\"url\":\"https:\/\/www.visit-ulcinj.com\/blog\/wp-content\/uploads\/2010\/09\/andrija-cetkovic.jpg\",\"contentUrl\":\"https:\/\/www.visit-ulcinj.com\/blog\/wp-content\/uploads\/2010\/09\/andrija-cetkovic.jpg\",\"width\":\"270\",\"height\":\"389\"},{\"@type\":\"WebPage\",\"@id\":\"https:\/\/www.visit-ulcinj.com\/blog\/2010\/09\/10\/dps-i-dua-prave-koaliciju-poslije-izbora\/#webpage\",\"url\":\"https:\/\/www.visit-ulcinj.com\/blog\/2010\/09\/10\/dps-i-dua-prave-koaliciju-poslije-izbora\/\",\"name\":\"DPS i DUA prave koaliciju poslije izbora - Lajme nga Ulqini\",\"isPartOf\":{\"@id\":\"https:\/\/www.visit-ulcinj.com\/blog\/#website\"},\"primaryImageOfPage\":{\"@id\":\"https:\/\/www.visit-ulcinj.com\/blog\/2010\/09\/10\/dps-i-dua-prave-koaliciju-poslije-izbora\/#primaryimage\"},\"datePublished\":\"2010-09-10T07:37:27+00:00\",\"dateModified\":\"2010-09-11T08:21:37+00:00\",\"author\":{\"@id\":\"https:\/\/www.visit-ulcinj.com\/blog\/#\/schema\/person\/dcab619c614d3038751c63bc2aadc06d\"},\"description\":\"Funkcioner SNP u Ulcinju o izbornim i postizbornim kalkulacijama Podgorica - Demokratska unija Albanaca i Demokratska partija socijalista na izbore u\",\"breadcrumb\":{\"@id\":\"https:\/\/www.visit-ulcinj.com\/blog\/2010\/09\/10\/dps-i-dua-prave-koaliciju-poslije-izbora\/#breadcrumb\"},\"inLanguage\":\"en-US\",\"potentialAction\":[{\"@type\":\"ReadAction\",\"target\":[\"https:\/\/www.visit-ulcinj.com\/blog\/2010\/09\/10\/dps-i-dua-prave-koaliciju-poslije-izbora\/\"]}]},{\"@type\":\"BreadcrumbList\",\"@id\":\"https:\/\/www.visit-ulcinj.com\/blog\/2010\/09\/10\/dps-i-dua-prave-koaliciju-poslije-izbora\/#breadcrumb\",\"itemListElement\":[{\"@type\":\"ListItem\",\"position\":1,\"name\":\"DPS i DUA prave koaliciju poslije izbora\"}]},{\"@type\":\"Person\",\"@id\":\"https:\/\/www.visit-ulcinj.com\/blog\/#\/schema\/person\/dcab619c614d3038751c63bc2aadc06d\",\"name\":\"ulqini\",\"sameAs\":[\"http:\/\/www.visit-ulcinj.com\"],\"url\":\"https:\/\/www.visit-ulcinj.com\/blog\/author\/admin\/\"}]}<\/script>\n<!-- \/ Yoast SEO plugin. -->","yoast_head_json":{"title":"DPS i DUA prave koaliciju poslije izbora - Lajme nga Ulqini","description":"Funkcioner SNP u Ulcinju o izbornim i postizbornim kalkulacijama Podgorica - Demokratska unija Albanaca i Demokratska partija socijalista na izbore u","robots":{"index":"index","follow":"follow","max-snippet":"max-snippet:-1","max-image-preview":"max-image-preview:large","max-video-preview":"max-video-preview:-1"},"canonical":"https:\/\/www.visit-ulcinj.com\/blog\/2010\/09\/10\/dps-i-dua-prave-koaliciju-poslije-izbora\/","og_locale":"en_US","og_type":"article","og_title":"DPS i DUA prave koaliciju poslije izbora - Lajme nga Ulqini","og_description":"Funkcioner SNP u Ulcinju o izbornim i postizbornim kalkulacijama Podgorica - Demokratska unija Albanaca i Demokratska partija socijalista na izbore u","og_url":"https:\/\/www.visit-ulcinj.com\/blog\/2010\/09\/10\/dps-i-dua-prave-koaliciju-poslije-izbora\/","og_site_name":"Lajme nga Ulqini","article_published_time":"2010-09-10T07:37:27+00:00","article_modified_time":"2010-09-11T08:21:37+00:00","og_image":[{"url":"http:\/\/www.visit-ulcinj.com\/blog\/wp-content\/uploads\/2010\/09\/andrija-cetkovic.jpg"}],"twitter_misc":{"Written by":"ulqini","Est. reading time":"1 minute"},"schema":{"@context":"https:\/\/schema.org","@graph":[{"@type":"WebSite","@id":"https:\/\/www.visit-ulcinj.com\/blog\/#website","url":"https:\/\/www.visit-ulcinj.com\/blog\/","name":"Lajme nga Ulqini","description":"Lajme,Vijesti,Ulqini,Ulqin,Crna Gora,Mali i Zi","potentialAction":[{"@type":"SearchAction","target":{"@type":"EntryPoint","urlTemplate":"https:\/\/www.visit-ulcinj.com\/blog\/?s={search_term_string}"},"query-input":"required name=search_term_string"}],"inLanguage":"en-US"},{"@type":"ImageObject","inLanguage":"en-US","@id":"https:\/\/www.visit-ulcinj.com\/blog\/2010\/09\/10\/dps-i-dua-prave-koaliciju-poslije-izbora\/#primaryimage","url":"https:\/\/www.visit-ulcinj.com\/blog\/wp-content\/uploads\/2010\/09\/andrija-cetkovic.jpg","contentUrl":"https:\/\/www.visit-ulcinj.com\/blog\/wp-content\/uploads\/2010\/09\/andrija-cetkovic.jpg","width":"270","height":"389"},{"@type":"WebPage","@id":"https:\/\/www.visit-ulcinj.com\/blog\/2010\/09\/10\/dps-i-dua-prave-koaliciju-poslije-izbora\/#webpage","url":"https:\/\/www.visit-ulcinj.com\/blog\/2010\/09\/10\/dps-i-dua-prave-koaliciju-poslije-izbora\/","name":"DPS i DUA prave koaliciju poslije izbora - Lajme nga Ulqini","isPartOf":{"@id":"https:\/\/www.visit-ulcinj.com\/blog\/#website"},"primaryImageOfPage":{"@id":"https:\/\/www.visit-ulcinj.com\/blog\/2010\/09\/10\/dps-i-dua-prave-koaliciju-poslije-izbora\/#primaryimage"},"datePublished":"2010-09-10T07:37:27+00:00","dateModified":"2010-09-11T08:21:37+00:00","author":{"@id":"https:\/\/www.visit-ulcinj.com\/blog\/#\/schema\/person\/dcab619c614d3038751c63bc2aadc06d"},"description":"Funkcioner SNP u Ulcinju o izbornim i postizbornim kalkulacijama Podgorica - Demokratska unija Albanaca i Demokratska partija socijalista na izbore u","breadcrumb":{"@id":"https:\/\/www.visit-ulcinj.com\/blog\/2010\/09\/10\/dps-i-dua-prave-koaliciju-poslije-izbora\/#breadcrumb"},"inLanguage":"en-US","potentialAction":[{"@type":"ReadAction","target":["https:\/\/www.visit-ulcinj.com\/blog\/2010\/09\/10\/dps-i-dua-prave-koaliciju-poslije-izbora\/"]}]},{"@type":"BreadcrumbList","@id":"https:\/\/www.visit-ulcinj.com\/blog\/2010\/09\/10\/dps-i-dua-prave-koaliciju-poslije-izbora\/#breadcrumb","itemListElement":[{"@type":"ListItem","position":1,"name":"DPS i DUA prave koaliciju poslije izbora"}]},{"@type":"Person","@id":"https:\/\/www.visit-ulcinj.com\/blog\/#\/schema\/person\/dcab619c614d3038751c63bc2aadc06d","name":"ulqini","sameAs":["http:\/\/www.visit-ulcinj.com"],"url":"https:\/\/www.visit-ulcinj.com\/blog\/author\/admin\/"}]}},"jetpack_featured_media_url":"","jetpack_sharing_enabled":true,"jetpack_shortlink":"https:\/\/wp.me\/pe6lTn-9D7","_links":{"self":[{"href":"https:\/\/www.visit-ulcinj.com\/blog\/wp-json\/wp\/v2\/posts\/37021"}],"collection":[{"href":"https:\/\/www.visit-ulcinj.com\/blog\/wp-json\/wp\/v2\/posts"}],"about":[{"href":"https:\/\/www.visit-ulcinj.com\/blog\/wp-json\/wp\/v2\/types\/post"}],"author":[{"embeddable":true,"href":"https:\/\/www.visit-ulcinj.com\/blog\/wp-json\/wp\/v2\/users\/1"}],"replies":[{"embeddable":true,"href":"https:\/\/www.visit-ulcinj.com\/blog\/wp-json\/wp\/v2\/comments?post=37021"}],"version-history":[{"count":0,"href":"https:\/\/www.visit-ulcinj.com\/blog\/wp-json\/wp\/v2\/posts\/37021\/revisions"}],"wp:attachment":[{"href":"https:\/\/www.visit-ulcinj.com\/blog\/wp-json\/wp\/v2\/media?parent=37021"}],"wp:term":[{"taxonomy":"category","embeddable":true,"href":"https:\/\/www.visit-ulcinj.com\/blog\/wp-json\/wp\/v2\/categories?post=37021"},{"taxonomy":"post_tag","embeddable":true,"href":"https:\/\/www.visit-ulcinj.com\/blog\/wp-json\/wp\/v2\/tags?post=37021"}],"curies":[{"name":"wp","href":"https:\/\/api.w.org\/{rel}","templated":true}]}}