{"id":37040,"date":"2010-09-10T22:45:07","date_gmt":"2010-09-10T20:45:07","guid":{"rendered":"http:\/\/www.visit-ulcinj.com\/blog\/?p=37040"},"modified":"2010-09-10T22:45:07","modified_gmt":"2010-09-10T20:45:07","slug":"jeta-e-noizyt-ne-nje-film-dokumentar","status":"publish","type":"post","link":"https:\/\/www.visit-ulcinj.com\/blog\/2010\/09\/10\/jeta-e-noizyt-ne-nje-film-dokumentar\/","title":{"rendered":"Jeta e Noizyt n\u00eb nje film dokumentar"},"content":{"rendered":"<p><a href=\"http:\/\/www.visit-ulcinj.com\/blog\/wp-content\/uploads\/2010\/09\/Noizy-OTR.jpg\"><img loading=\"lazy\" class=\"alignleft size-full wp-image-37041\" title=\"Noizy OTR\" src=\"http:\/\/www.visit-ulcinj.com\/blog\/wp-content\/uploads\/2010\/09\/Noizy-OTR.jpg\" alt=\"\" width=\"490\" height=\"380\" \/><\/a>Reperi Noizy, qe ka pas vehtes nj\u00eb karrier\u00eb si boksier \u201cstreefight\u201d n\u00eb Angli tashm\u00eb ka shum\u00eb k\u00ebng\u00eb hite n\u00eb tregun muzikor shqiptar dhe cilesohet si nje nga reperet me te mire.<\/p>\n<p>Jeta e tij tani ka ndryshuar kryek\u00ebput nga jeta n\u00eb Angli. Kete e ka pranuar edhe vete Noziy, i cili ne nje interviste dhene mediave shqiptare ka zbuluar se jeta e tij shume shpejt do te shfaqet si film.<\/p>\n<p>\u201dE v\u00ebrtet\u00eb q\u00eb jeta ime i ngjan nj\u00eb filmi. Madje mund t\u00eb zbuloj nj\u00eb sekret k\u00ebtu. Nj\u00eb regjisore italiane pasi ka ndjekur klipet e mia n\u00eb youtube \u00ebsht\u00eb intriguar, dhe k\u00ebto muaj erdhi n\u00eb Shqip\u00ebri dhe realizoi nj\u00eb film dokumentar me jet\u00ebn time, n\u00eb kontekstin e nj\u00eb djali t\u00eb ri shqiptar dhe gjith\u00eb aventurat e tij.<\/p>\n<p>Ka dal\u00eb nj\u00eb film shum\u00eb interesant dhe q\u00eb shum\u00eb shpejt do t\u00eb transmetohet n\u00eb kanalet televizive evropiane\u201d.<\/p>\n<p>Reperi ka nje vajze 5 vje\u00e7are, qe quhet Leandra, nga bashk\u00ebjetesa me nje femer gjate kohes sa ka qendruarar n\u00eb Angli.<br \/>\n<!--YouTube Error: bad URL entered--><\/p>\n","protected":false},"excerpt":{"rendered":"<p>Reperi Noizy, qe ka pas vehtes nj\u00eb karrier\u00eb si boksier \u201cstreefight\u201d n\u00eb Angli tashm\u00eb ka shum\u00eb k\u00ebng\u00eb hite n\u00eb tregun muzikor shqiptar dhe cilesohet si nje nga reperet me te mire. Jeta e tij tani ka ndryshuar kryek\u00ebput nga jeta n\u00eb Angli. Kete e ka pranuar edhe vete Noziy, i cili ne nje interviste dhene [&hellip;]<\/p>\n","protected":false},"author":1,"featured_media":0,"comment_status":"open","ping_status":"closed","sticky":false,"template":"","format":"standard","meta":{"spay_email":"","jetpack_publicize_message":"","jetpack_is_tweetstorm":false,"jetpack_publicize_feature_enabled":true},"categories":[1],"tags":[12181],"jetpack_publicize_connections":[],"yoast_head":"<!-- This site is optimized with the Yoast SEO plugin v19.1 - https:\/\/yoast.com\/wordpress\/plugins\/seo\/ -->\n<title>Jeta e Noizyt n\u00eb nje film dokumentar - Lajme nga Ulqini<\/title>\n<meta name=\"description\" content=\"Reperi Noizy, qe ka pas vehtes nj\u00eb karrier\u00eb si boksier \u201cstreefight\u201d n\u00eb Angli tashm\u00eb ka shum\u00eb k\u00ebng\u00eb hite n\u00eb tregun muzikor shqiptar dhe cilesohet si nje\" \/>\n<meta name=\"robots\" content=\"index, follow, max-snippet:-1, max-image-preview:large, max-video-preview:-1\" \/>\n<link rel=\"canonical\" href=\"https:\/\/www.visit-ulcinj.com\/blog\/2010\/09\/10\/jeta-e-noizyt-ne-nje-film-dokumentar\/\" \/>\n<meta property=\"og:locale\" content=\"en_US\" \/>\n<meta property=\"og:type\" content=\"article\" \/>\n<meta property=\"og:title\" content=\"Jeta e Noizyt n\u00eb nje film dokumentar - Lajme nga Ulqini\" \/>\n<meta property=\"og:description\" content=\"Reperi Noizy, qe ka pas vehtes nj\u00eb karrier\u00eb si boksier \u201cstreefight\u201d n\u00eb Angli tashm\u00eb ka shum\u00eb k\u00ebng\u00eb hite n\u00eb tregun muzikor shqiptar dhe cilesohet si nje\" \/>\n<meta property=\"og:url\" content=\"https:\/\/www.visit-ulcinj.com\/blog\/2010\/09\/10\/jeta-e-noizyt-ne-nje-film-dokumentar\/\" \/>\n<meta property=\"og:site_name\" content=\"Lajme nga Ulqini\" \/>\n<meta property=\"article:published_time\" content=\"2010-09-10T20:45:07+00:00\" \/>\n<meta property=\"og:image\" content=\"http:\/\/www.visit-ulcinj.com\/blog\/wp-content\/uploads\/2010\/09\/Noizy-OTR.jpg\" \/>\n<meta name=\"twitter:label1\" content=\"Written by\" \/>\n\t<meta name=\"twitter:data1\" content=\"ulqini\" \/>\n\t<meta name=\"twitter:label2\" content=\"Est. reading time\" \/>\n\t<meta name=\"twitter:data2\" content=\"1 minute\" \/>\n<script type=\"application\/ld+json\" class=\"yoast-schema-graph\">{\"@context\":\"https:\/\/schema.org\",\"@graph\":[{\"@type\":\"WebSite\",\"@id\":\"https:\/\/www.visit-ulcinj.com\/blog\/#website\",\"url\":\"https:\/\/www.visit-ulcinj.com\/blog\/\",\"name\":\"Lajme nga Ulqini\",\"description\":\"Lajme,Vijesti,Ulqini,Ulqin,Crna Gora,Mali i Zi\",\"potentialAction\":[{\"@type\":\"SearchAction\",\"target\":{\"@type\":\"EntryPoint\",\"urlTemplate\":\"https:\/\/www.visit-ulcinj.com\/blog\/?s={search_term_string}\"},\"query-input\":\"required name=search_term_string\"}],\"inLanguage\":\"en-US\"},{\"@type\":\"ImageObject\",\"inLanguage\":\"en-US\",\"@id\":\"https:\/\/www.visit-ulcinj.com\/blog\/2010\/09\/10\/jeta-e-noizyt-ne-nje-film-dokumentar\/#primaryimage\",\"url\":\"http:\/\/www.visit-ulcinj.com\/blog\/wp-content\/uploads\/2010\/09\/Noizy-OTR.jpg\",\"contentUrl\":\"http:\/\/www.visit-ulcinj.com\/blog\/wp-content\/uploads\/2010\/09\/Noizy-OTR.jpg\"},{\"@type\":\"WebPage\",\"@id\":\"https:\/\/www.visit-ulcinj.com\/blog\/2010\/09\/10\/jeta-e-noizyt-ne-nje-film-dokumentar\/#webpage\",\"url\":\"https:\/\/www.visit-ulcinj.com\/blog\/2010\/09\/10\/jeta-e-noizyt-ne-nje-film-dokumentar\/\",\"name\":\"Jeta e Noizyt n\u00eb nje film dokumentar - Lajme nga Ulqini\",\"isPartOf\":{\"@id\":\"https:\/\/www.visit-ulcinj.com\/blog\/#website\"},\"primaryImageOfPage\":{\"@id\":\"https:\/\/www.visit-ulcinj.com\/blog\/2010\/09\/10\/jeta-e-noizyt-ne-nje-film-dokumentar\/#primaryimage\"},\"datePublished\":\"2010-09-10T20:45:07+00:00\",\"dateModified\":\"2010-09-10T20:45:07+00:00\",\"author\":{\"@id\":\"https:\/\/www.visit-ulcinj.com\/blog\/#\/schema\/person\/dcab619c614d3038751c63bc2aadc06d\"},\"description\":\"Reperi Noizy, qe ka pas vehtes nj\u00eb karrier\u00eb si boksier \u201cstreefight\u201d n\u00eb Angli tashm\u00eb ka shum\u00eb k\u00ebng\u00eb hite n\u00eb tregun muzikor shqiptar dhe cilesohet si nje\",\"breadcrumb\":{\"@id\":\"https:\/\/www.visit-ulcinj.com\/blog\/2010\/09\/10\/jeta-e-noizyt-ne-nje-film-dokumentar\/#breadcrumb\"},\"inLanguage\":\"en-US\",\"potentialAction\":[{\"@type\":\"ReadAction\",\"target\":[\"https:\/\/www.visit-ulcinj.com\/blog\/2010\/09\/10\/jeta-e-noizyt-ne-nje-film-dokumentar\/\"]}]},{\"@type\":\"BreadcrumbList\",\"@id\":\"https:\/\/www.visit-ulcinj.com\/blog\/2010\/09\/10\/jeta-e-noizyt-ne-nje-film-dokumentar\/#breadcrumb\",\"itemListElement\":[{\"@type\":\"ListItem\",\"position\":1,\"name\":\"Jeta e Noizyt n\u00eb nje film dokumentar\"}]},{\"@type\":\"Person\",\"@id\":\"https:\/\/www.visit-ulcinj.com\/blog\/#\/schema\/person\/dcab619c614d3038751c63bc2aadc06d\",\"name\":\"ulqini\",\"sameAs\":[\"http:\/\/www.visit-ulcinj.com\"],\"url\":\"https:\/\/www.visit-ulcinj.com\/blog\/author\/admin\/\"}]}<\/script>\n<!-- \/ Yoast SEO plugin. -->","yoast_head_json":{"title":"Jeta e Noizyt n\u00eb nje film dokumentar - Lajme nga Ulqini","description":"Reperi Noizy, qe ka pas vehtes nj\u00eb karrier\u00eb si boksier \u201cstreefight\u201d n\u00eb Angli tashm\u00eb ka shum\u00eb k\u00ebng\u00eb hite n\u00eb tregun muzikor shqiptar dhe cilesohet si nje","robots":{"index":"index","follow":"follow","max-snippet":"max-snippet:-1","max-image-preview":"max-image-preview:large","max-video-preview":"max-video-preview:-1"},"canonical":"https:\/\/www.visit-ulcinj.com\/blog\/2010\/09\/10\/jeta-e-noizyt-ne-nje-film-dokumentar\/","og_locale":"en_US","og_type":"article","og_title":"Jeta e Noizyt n\u00eb nje film dokumentar - Lajme nga Ulqini","og_description":"Reperi Noizy, qe ka pas vehtes nj\u00eb karrier\u00eb si boksier \u201cstreefight\u201d n\u00eb Angli tashm\u00eb ka shum\u00eb k\u00ebng\u00eb hite n\u00eb tregun muzikor shqiptar dhe cilesohet si nje","og_url":"https:\/\/www.visit-ulcinj.com\/blog\/2010\/09\/10\/jeta-e-noizyt-ne-nje-film-dokumentar\/","og_site_name":"Lajme nga Ulqini","article_published_time":"2010-09-10T20:45:07+00:00","og_image":[{"url":"http:\/\/www.visit-ulcinj.com\/blog\/wp-content\/uploads\/2010\/09\/Noizy-OTR.jpg"}],"twitter_misc":{"Written by":"ulqini","Est. reading time":"1 minute"},"schema":{"@context":"https:\/\/schema.org","@graph":[{"@type":"WebSite","@id":"https:\/\/www.visit-ulcinj.com\/blog\/#website","url":"https:\/\/www.visit-ulcinj.com\/blog\/","name":"Lajme nga Ulqini","description":"Lajme,Vijesti,Ulqini,Ulqin,Crna Gora,Mali i Zi","potentialAction":[{"@type":"SearchAction","target":{"@type":"EntryPoint","urlTemplate":"https:\/\/www.visit-ulcinj.com\/blog\/?s={search_term_string}"},"query-input":"required name=search_term_string"}],"inLanguage":"en-US"},{"@type":"ImageObject","inLanguage":"en-US","@id":"https:\/\/www.visit-ulcinj.com\/blog\/2010\/09\/10\/jeta-e-noizyt-ne-nje-film-dokumentar\/#primaryimage","url":"http:\/\/www.visit-ulcinj.com\/blog\/wp-content\/uploads\/2010\/09\/Noizy-OTR.jpg","contentUrl":"http:\/\/www.visit-ulcinj.com\/blog\/wp-content\/uploads\/2010\/09\/Noizy-OTR.jpg"},{"@type":"WebPage","@id":"https:\/\/www.visit-ulcinj.com\/blog\/2010\/09\/10\/jeta-e-noizyt-ne-nje-film-dokumentar\/#webpage","url":"https:\/\/www.visit-ulcinj.com\/blog\/2010\/09\/10\/jeta-e-noizyt-ne-nje-film-dokumentar\/","name":"Jeta e Noizyt n\u00eb nje film dokumentar - Lajme nga Ulqini","isPartOf":{"@id":"https:\/\/www.visit-ulcinj.com\/blog\/#website"},"primaryImageOfPage":{"@id":"https:\/\/www.visit-ulcinj.com\/blog\/2010\/09\/10\/jeta-e-noizyt-ne-nje-film-dokumentar\/#primaryimage"},"datePublished":"2010-09-10T20:45:07+00:00","dateModified":"2010-09-10T20:45:07+00:00","author":{"@id":"https:\/\/www.visit-ulcinj.com\/blog\/#\/schema\/person\/dcab619c614d3038751c63bc2aadc06d"},"description":"Reperi Noizy, qe ka pas vehtes nj\u00eb karrier\u00eb si boksier \u201cstreefight\u201d n\u00eb Angli tashm\u00eb ka shum\u00eb k\u00ebng\u00eb hite n\u00eb tregun muzikor shqiptar dhe cilesohet si nje","breadcrumb":{"@id":"https:\/\/www.visit-ulcinj.com\/blog\/2010\/09\/10\/jeta-e-noizyt-ne-nje-film-dokumentar\/#breadcrumb"},"inLanguage":"en-US","potentialAction":[{"@type":"ReadAction","target":["https:\/\/www.visit-ulcinj.com\/blog\/2010\/09\/10\/jeta-e-noizyt-ne-nje-film-dokumentar\/"]}]},{"@type":"BreadcrumbList","@id":"https:\/\/www.visit-ulcinj.com\/blog\/2010\/09\/10\/jeta-e-noizyt-ne-nje-film-dokumentar\/#breadcrumb","itemListElement":[{"@type":"ListItem","position":1,"name":"Jeta e Noizyt n\u00eb nje film dokumentar"}]},{"@type":"Person","@id":"https:\/\/www.visit-ulcinj.com\/blog\/#\/schema\/person\/dcab619c614d3038751c63bc2aadc06d","name":"ulqini","sameAs":["http:\/\/www.visit-ulcinj.com"],"url":"https:\/\/www.visit-ulcinj.com\/blog\/author\/admin\/"}]}},"jetpack_featured_media_url":"","jetpack_sharing_enabled":true,"jetpack_shortlink":"https:\/\/wp.me\/pe6lTn-9Dq","_links":{"self":[{"href":"https:\/\/www.visit-ulcinj.com\/blog\/wp-json\/wp\/v2\/posts\/37040"}],"collection":[{"href":"https:\/\/www.visit-ulcinj.com\/blog\/wp-json\/wp\/v2\/posts"}],"about":[{"href":"https:\/\/www.visit-ulcinj.com\/blog\/wp-json\/wp\/v2\/types\/post"}],"author":[{"embeddable":true,"href":"https:\/\/www.visit-ulcinj.com\/blog\/wp-json\/wp\/v2\/users\/1"}],"replies":[{"embeddable":true,"href":"https:\/\/www.visit-ulcinj.com\/blog\/wp-json\/wp\/v2\/comments?post=37040"}],"version-history":[{"count":0,"href":"https:\/\/www.visit-ulcinj.com\/blog\/wp-json\/wp\/v2\/posts\/37040\/revisions"}],"wp:attachment":[{"href":"https:\/\/www.visit-ulcinj.com\/blog\/wp-json\/wp\/v2\/media?parent=37040"}],"wp:term":[{"taxonomy":"category","embeddable":true,"href":"https:\/\/www.visit-ulcinj.com\/blog\/wp-json\/wp\/v2\/categories?post=37040"},{"taxonomy":"post_tag","embeddable":true,"href":"https:\/\/www.visit-ulcinj.com\/blog\/wp-json\/wp\/v2\/tags?post=37040"}],"curies":[{"name":"wp","href":"https:\/\/api.w.org\/{rel}","templated":true}]}}