{"id":37044,"date":"2010-09-10T23:05:48","date_gmt":"2010-09-10T21:05:48","guid":{"rendered":"http:\/\/www.visit-ulcinj.com\/blog\/?p=37044"},"modified":"2010-09-10T23:05:48","modified_gmt":"2010-09-10T21:05:48","slug":"martohen-amarda-toska-dhe-ermal-mamaqi-diten-e-bajramit","status":"publish","type":"post","link":"https:\/\/www.visit-ulcinj.com\/blog\/2010\/09\/10\/martohen-amarda-toska-dhe-ermal-mamaqi-diten-e-bajramit\/","title":{"rendered":"Martohen Amarda Toska dhe Ermal Mamaqi diten e Bajramit"},"content":{"rendered":"<p><strong><a href=\"http:\/\/www.visit-ulcinj.com\/blog\/wp-content\/uploads\/2010\/09\/Amarda-Toska.jpg\"><img loading=\"lazy\" class=\"alignleft size-full wp-image-37045\" title=\"Amarda-Toska\" src=\"http:\/\/www.visit-ulcinj.com\/blog\/wp-content\/uploads\/2010\/09\/Amarda-Toska.jpg\" alt=\"\" width=\"303\" height=\"398\" \/><\/a>Pas dasm\u00ebsdo t\u00eb udh\u00ebtojn\u00eb drejt Karaibeve p\u00ebr muajin e mjaltit <\/strong><br \/>\nPas nj\u00eb lidhje disa vje\u00e7are Amarda Toska dhe Ermal Mamaqi, kan\u00eb vendosur t\u00eb kuror\u00ebzojn\u00eb dje dashurin\u00eb e tyre me martes\u00eb. Ceremonia tejet private \u00ebsht\u00eb mbajtur larg v\u00ebmendjes s\u00eb medias, por miq t\u00eb af\u00ebrt t\u00eb \u00e7iftit tregojn\u00eb se ata kishin zgjedhur nj\u00eb dasm\u00eb tradicionale shqiptare p\u00ebr t\u00eb festuar dit\u00ebn m\u00eb t\u00eb lumtur t\u00eb jet\u00ebs s\u00eb tyre. Pik\u00ebrisht dje, n\u00eb dit\u00ebn e Bajramit, duke rrokur gjith\u00eb v\u00ebmendjen e banor\u00ebve t\u00eb kryeqytetit, Ermal Mamaqi-dh\u00ebnd\u00ebr, pasi ka hyr\u00eb n\u00eb sht\u00ebpin\u00eb e Amit ka dal\u00eb me t\u00eb n\u00eb krah duke hipur n\u00eb nj\u00eb limuzin\u00eb t\u00eb bardh\u00eb gruan e ardhshme. Ami kishte veshur nj\u00eb fustan t\u00eb bardh\u00eb t\u00eb zgjedhur prej koh\u00ebsh nga koleksioni i dyqanit t\u00eb saj p\u00ebr t\u00eb dit\u00ebn e sh\u00ebnuar dhe pak para se t\u00eb ngjitej n\u00eb limuzin\u00eb, ajo ka hedhur buqet\u00ebn me lule, nd\u00ebrsa kokrrat e orizit dhe monedhat metalike kan\u00eb r\u00ebn\u00eb mbi kok\u00ebn e kureshtar\u00ebve q\u00eb jan\u00eb ndodhur atyre af\u00ebr. Pra, nj\u00eb dasm\u00eb tipike shqiptare, nd\u00ebrsa pjesa tjet\u00ebr ka qen\u00eb krejt\u00ebsisht private!<\/p>\n<p>Nd\u00ebrkaq menj\u00ebher\u00eb pas\u00a0 dasm\u00ebs ata pritet t\u00eb udh\u00ebtojn\u00eb drejt Karaibeve p\u00ebr t\u00eb kaluar muajin e mjaltit, p\u00ebr t\u2019u rikthyer n\u00eb tetor n\u00eb Tiran\u00eb, moment kur pritet t\u00eb filloj\u00eb edhe sezoni i ri i spektaklit humoristik \u201cPortokalli\u201d.<br \/>\n<br \/>\n<!--YouTube Error: bad URL entered--><\/p>\n","protected":false},"excerpt":{"rendered":"<p>Pas dasm\u00ebsdo t\u00eb udh\u00ebtojn\u00eb drejt Karaibeve p\u00ebr muajin e mjaltit Pas nj\u00eb lidhje disa vje\u00e7are Amarda Toska dhe Ermal Mamaqi, kan\u00eb vendosur t\u00eb kuror\u00ebzojn\u00eb dje dashurin\u00eb e tyre me martes\u00eb. Ceremonia tejet private \u00ebsht\u00eb mbajtur larg v\u00ebmendjes s\u00eb medias, por miq t\u00eb af\u00ebrt t\u00eb \u00e7iftit tregojn\u00eb se ata kishin zgjedhur nj\u00eb dasm\u00eb tradicionale shqiptare p\u00ebr [&hellip;]<\/p>\n","protected":false},"author":1,"featured_media":0,"comment_status":"open","ping_status":"closed","sticky":false,"template":"","format":"standard","meta":{"spay_email":"","jetpack_publicize_message":"","jetpack_is_tweetstorm":false,"jetpack_publicize_feature_enabled":true},"categories":[1],"tags":[14965,14966,15334],"jetpack_publicize_connections":[],"yoast_head":"<!-- This site is optimized with the Yoast SEO plugin v19.1 - https:\/\/yoast.com\/wordpress\/plugins\/seo\/ -->\n<title>Martohen Amarda Toska dhe Ermal Mamaqi diten e Bajramit - Lajme nga Ulqini<\/title>\n<meta name=\"description\" content=\"Pas dasm\u00ebsdo t\u00eb udh\u00ebtojn\u00eb drejt Karaibeve p\u00ebr muajin e mjaltit Pas nj\u00eb lidhje disa vje\u00e7are Amarda Toska dhe Ermal Mamaqi, kan\u00eb vendosur t\u00eb kuror\u00ebzojn\u00eb dje\" \/>\n<meta name=\"robots\" content=\"index, follow, max-snippet:-1, max-image-preview:large, max-video-preview:-1\" \/>\n<link rel=\"canonical\" href=\"https:\/\/www.visit-ulcinj.com\/blog\/2010\/09\/10\/martohen-amarda-toska-dhe-ermal-mamaqi-diten-e-bajramit\/\" \/>\n<meta property=\"og:locale\" content=\"en_US\" \/>\n<meta property=\"og:type\" content=\"article\" \/>\n<meta property=\"og:title\" content=\"Martohen Amarda Toska dhe Ermal Mamaqi diten e Bajramit - Lajme nga Ulqini\" \/>\n<meta property=\"og:description\" content=\"Pas dasm\u00ebsdo t\u00eb udh\u00ebtojn\u00eb drejt Karaibeve p\u00ebr muajin e mjaltit Pas nj\u00eb lidhje disa vje\u00e7are Amarda Toska dhe Ermal Mamaqi, kan\u00eb vendosur t\u00eb kuror\u00ebzojn\u00eb dje\" \/>\n<meta property=\"og:url\" content=\"https:\/\/www.visit-ulcinj.com\/blog\/2010\/09\/10\/martohen-amarda-toska-dhe-ermal-mamaqi-diten-e-bajramit\/\" \/>\n<meta property=\"og:site_name\" content=\"Lajme nga Ulqini\" \/>\n<meta property=\"article:published_time\" content=\"2010-09-10T21:05:48+00:00\" \/>\n<meta property=\"og:image\" content=\"https:\/\/www.visit-ulcinj.com\/blog\/wp-content\/uploads\/2010\/09\/Amarda-Toska-150x150.jpg\" \/>\n<meta name=\"twitter:label1\" content=\"Written by\" \/>\n\t<meta name=\"twitter:data1\" content=\"ulqini\" \/>\n\t<meta name=\"twitter:label2\" content=\"Est. reading time\" \/>\n\t<meta name=\"twitter:data2\" content=\"1 minute\" \/>\n<script type=\"application\/ld+json\" class=\"yoast-schema-graph\">{\"@context\":\"https:\/\/schema.org\",\"@graph\":[{\"@type\":\"WebSite\",\"@id\":\"https:\/\/www.visit-ulcinj.com\/blog\/#website\",\"url\":\"https:\/\/www.visit-ulcinj.com\/blog\/\",\"name\":\"Lajme nga Ulqini\",\"description\":\"Lajme,Vijesti,Ulqini,Ulqin,Crna Gora,Mali i Zi\",\"potentialAction\":[{\"@type\":\"SearchAction\",\"target\":{\"@type\":\"EntryPoint\",\"urlTemplate\":\"https:\/\/www.visit-ulcinj.com\/blog\/?s={search_term_string}\"},\"query-input\":\"required name=search_term_string\"}],\"inLanguage\":\"en-US\"},{\"@type\":\"ImageObject\",\"inLanguage\":\"en-US\",\"@id\":\"https:\/\/www.visit-ulcinj.com\/blog\/2010\/09\/10\/martohen-amarda-toska-dhe-ermal-mamaqi-diten-e-bajramit\/#primaryimage\",\"url\":\"http:\/\/www.visit-ulcinj.com\/blog\/wp-content\/uploads\/2010\/09\/Amarda-Toska.jpg\",\"contentUrl\":\"http:\/\/www.visit-ulcinj.com\/blog\/wp-content\/uploads\/2010\/09\/Amarda-Toska.jpg\"},{\"@type\":\"WebPage\",\"@id\":\"https:\/\/www.visit-ulcinj.com\/blog\/2010\/09\/10\/martohen-amarda-toska-dhe-ermal-mamaqi-diten-e-bajramit\/#webpage\",\"url\":\"https:\/\/www.visit-ulcinj.com\/blog\/2010\/09\/10\/martohen-amarda-toska-dhe-ermal-mamaqi-diten-e-bajramit\/\",\"name\":\"Martohen Amarda Toska dhe Ermal Mamaqi diten e Bajramit - Lajme nga Ulqini\",\"isPartOf\":{\"@id\":\"https:\/\/www.visit-ulcinj.com\/blog\/#website\"},\"primaryImageOfPage\":{\"@id\":\"https:\/\/www.visit-ulcinj.com\/blog\/2010\/09\/10\/martohen-amarda-toska-dhe-ermal-mamaqi-diten-e-bajramit\/#primaryimage\"},\"datePublished\":\"2010-09-10T21:05:48+00:00\",\"dateModified\":\"2010-09-10T21:05:48+00:00\",\"author\":{\"@id\":\"https:\/\/www.visit-ulcinj.com\/blog\/#\/schema\/person\/dcab619c614d3038751c63bc2aadc06d\"},\"description\":\"Pas dasm\u00ebsdo t\u00eb udh\u00ebtojn\u00eb drejt Karaibeve p\u00ebr muajin e mjaltit Pas nj\u00eb lidhje disa vje\u00e7are Amarda Toska dhe Ermal Mamaqi, kan\u00eb vendosur t\u00eb kuror\u00ebzojn\u00eb dje\",\"breadcrumb\":{\"@id\":\"https:\/\/www.visit-ulcinj.com\/blog\/2010\/09\/10\/martohen-amarda-toska-dhe-ermal-mamaqi-diten-e-bajramit\/#breadcrumb\"},\"inLanguage\":\"en-US\",\"potentialAction\":[{\"@type\":\"ReadAction\",\"target\":[\"https:\/\/www.visit-ulcinj.com\/blog\/2010\/09\/10\/martohen-amarda-toska-dhe-ermal-mamaqi-diten-e-bajramit\/\"]}]},{\"@type\":\"BreadcrumbList\",\"@id\":\"https:\/\/www.visit-ulcinj.com\/blog\/2010\/09\/10\/martohen-amarda-toska-dhe-ermal-mamaqi-diten-e-bajramit\/#breadcrumb\",\"itemListElement\":[{\"@type\":\"ListItem\",\"position\":1,\"name\":\"Martohen Amarda Toska dhe Ermal Mamaqi diten e Bajramit\"}]},{\"@type\":\"Person\",\"@id\":\"https:\/\/www.visit-ulcinj.com\/blog\/#\/schema\/person\/dcab619c614d3038751c63bc2aadc06d\",\"name\":\"ulqini\",\"sameAs\":[\"http:\/\/www.visit-ulcinj.com\"],\"url\":\"https:\/\/www.visit-ulcinj.com\/blog\/author\/admin\/\"}]}<\/script>\n<!-- \/ Yoast SEO plugin. -->","yoast_head_json":{"title":"Martohen Amarda Toska dhe Ermal Mamaqi diten e Bajramit - Lajme nga Ulqini","description":"Pas dasm\u00ebsdo t\u00eb udh\u00ebtojn\u00eb drejt Karaibeve p\u00ebr muajin e mjaltit Pas nj\u00eb lidhje disa vje\u00e7are Amarda Toska dhe Ermal Mamaqi, kan\u00eb vendosur t\u00eb kuror\u00ebzojn\u00eb dje","robots":{"index":"index","follow":"follow","max-snippet":"max-snippet:-1","max-image-preview":"max-image-preview:large","max-video-preview":"max-video-preview:-1"},"canonical":"https:\/\/www.visit-ulcinj.com\/blog\/2010\/09\/10\/martohen-amarda-toska-dhe-ermal-mamaqi-diten-e-bajramit\/","og_locale":"en_US","og_type":"article","og_title":"Martohen Amarda Toska dhe Ermal Mamaqi diten e Bajramit - Lajme nga Ulqini","og_description":"Pas dasm\u00ebsdo t\u00eb udh\u00ebtojn\u00eb drejt Karaibeve p\u00ebr muajin e mjaltit Pas nj\u00eb lidhje disa vje\u00e7are Amarda Toska dhe Ermal Mamaqi, kan\u00eb vendosur t\u00eb kuror\u00ebzojn\u00eb dje","og_url":"https:\/\/www.visit-ulcinj.com\/blog\/2010\/09\/10\/martohen-amarda-toska-dhe-ermal-mamaqi-diten-e-bajramit\/","og_site_name":"Lajme nga Ulqini","article_published_time":"2010-09-10T21:05:48+00:00","og_image":[{"url":"https:\/\/www.visit-ulcinj.com\/blog\/wp-content\/uploads\/2010\/09\/Amarda-Toska-150x150.jpg"}],"twitter_misc":{"Written by":"ulqini","Est. reading time":"1 minute"},"schema":{"@context":"https:\/\/schema.org","@graph":[{"@type":"WebSite","@id":"https:\/\/www.visit-ulcinj.com\/blog\/#website","url":"https:\/\/www.visit-ulcinj.com\/blog\/","name":"Lajme nga Ulqini","description":"Lajme,Vijesti,Ulqini,Ulqin,Crna Gora,Mali i Zi","potentialAction":[{"@type":"SearchAction","target":{"@type":"EntryPoint","urlTemplate":"https:\/\/www.visit-ulcinj.com\/blog\/?s={search_term_string}"},"query-input":"required name=search_term_string"}],"inLanguage":"en-US"},{"@type":"ImageObject","inLanguage":"en-US","@id":"https:\/\/www.visit-ulcinj.com\/blog\/2010\/09\/10\/martohen-amarda-toska-dhe-ermal-mamaqi-diten-e-bajramit\/#primaryimage","url":"http:\/\/www.visit-ulcinj.com\/blog\/wp-content\/uploads\/2010\/09\/Amarda-Toska.jpg","contentUrl":"http:\/\/www.visit-ulcinj.com\/blog\/wp-content\/uploads\/2010\/09\/Amarda-Toska.jpg"},{"@type":"WebPage","@id":"https:\/\/www.visit-ulcinj.com\/blog\/2010\/09\/10\/martohen-amarda-toska-dhe-ermal-mamaqi-diten-e-bajramit\/#webpage","url":"https:\/\/www.visit-ulcinj.com\/blog\/2010\/09\/10\/martohen-amarda-toska-dhe-ermal-mamaqi-diten-e-bajramit\/","name":"Martohen Amarda Toska dhe Ermal Mamaqi diten e Bajramit - Lajme nga Ulqini","isPartOf":{"@id":"https:\/\/www.visit-ulcinj.com\/blog\/#website"},"primaryImageOfPage":{"@id":"https:\/\/www.visit-ulcinj.com\/blog\/2010\/09\/10\/martohen-amarda-toska-dhe-ermal-mamaqi-diten-e-bajramit\/#primaryimage"},"datePublished":"2010-09-10T21:05:48+00:00","dateModified":"2010-09-10T21:05:48+00:00","author":{"@id":"https:\/\/www.visit-ulcinj.com\/blog\/#\/schema\/person\/dcab619c614d3038751c63bc2aadc06d"},"description":"Pas dasm\u00ebsdo t\u00eb udh\u00ebtojn\u00eb drejt Karaibeve p\u00ebr muajin e mjaltit Pas nj\u00eb lidhje disa vje\u00e7are Amarda Toska dhe Ermal Mamaqi, kan\u00eb vendosur t\u00eb kuror\u00ebzojn\u00eb dje","breadcrumb":{"@id":"https:\/\/www.visit-ulcinj.com\/blog\/2010\/09\/10\/martohen-amarda-toska-dhe-ermal-mamaqi-diten-e-bajramit\/#breadcrumb"},"inLanguage":"en-US","potentialAction":[{"@type":"ReadAction","target":["https:\/\/www.visit-ulcinj.com\/blog\/2010\/09\/10\/martohen-amarda-toska-dhe-ermal-mamaqi-diten-e-bajramit\/"]}]},{"@type":"BreadcrumbList","@id":"https:\/\/www.visit-ulcinj.com\/blog\/2010\/09\/10\/martohen-amarda-toska-dhe-ermal-mamaqi-diten-e-bajramit\/#breadcrumb","itemListElement":[{"@type":"ListItem","position":1,"name":"Martohen Amarda Toska dhe Ermal Mamaqi diten e Bajramit"}]},{"@type":"Person","@id":"https:\/\/www.visit-ulcinj.com\/blog\/#\/schema\/person\/dcab619c614d3038751c63bc2aadc06d","name":"ulqini","sameAs":["http:\/\/www.visit-ulcinj.com"],"url":"https:\/\/www.visit-ulcinj.com\/blog\/author\/admin\/"}]}},"jetpack_featured_media_url":"","jetpack_sharing_enabled":true,"jetpack_shortlink":"https:\/\/wp.me\/pe6lTn-9Du","_links":{"self":[{"href":"https:\/\/www.visit-ulcinj.com\/blog\/wp-json\/wp\/v2\/posts\/37044"}],"collection":[{"href":"https:\/\/www.visit-ulcinj.com\/blog\/wp-json\/wp\/v2\/posts"}],"about":[{"href":"https:\/\/www.visit-ulcinj.com\/blog\/wp-json\/wp\/v2\/types\/post"}],"author":[{"embeddable":true,"href":"https:\/\/www.visit-ulcinj.com\/blog\/wp-json\/wp\/v2\/users\/1"}],"replies":[{"embeddable":true,"href":"https:\/\/www.visit-ulcinj.com\/blog\/wp-json\/wp\/v2\/comments?post=37044"}],"version-history":[{"count":0,"href":"https:\/\/www.visit-ulcinj.com\/blog\/wp-json\/wp\/v2\/posts\/37044\/revisions"}],"wp:attachment":[{"href":"https:\/\/www.visit-ulcinj.com\/blog\/wp-json\/wp\/v2\/media?parent=37044"}],"wp:term":[{"taxonomy":"category","embeddable":true,"href":"https:\/\/www.visit-ulcinj.com\/blog\/wp-json\/wp\/v2\/categories?post=37044"},{"taxonomy":"post_tag","embeddable":true,"href":"https:\/\/www.visit-ulcinj.com\/blog\/wp-json\/wp\/v2\/tags?post=37044"}],"curies":[{"name":"wp","href":"https:\/\/api.w.org\/{rel}","templated":true}]}}