{"id":37070,"date":"2010-09-11T08:22:49","date_gmt":"2010-09-11T06:22:49","guid":{"rendered":"http:\/\/www.visit-ulcinj.com\/blog\/?p=37070"},"modified":"2023-04-01T13:27:27","modified_gmt":"2023-04-01T12:27:27","slug":"ada-bojana-es-a-nudistak-paradicsoma","status":"publish","type":"post","link":"https:\/\/www.visit-ulcinj.com\/blog\/2010\/09\/11\/ada-bojana-es-a-nudistak-paradicsoma\/","title":{"rendered":"Ada Bojana \u00e9s a nudist\u00e1k paradicsoma"},"content":{"rendered":"<p><strong>Le\u00edr\u00e1s Ada Bojana<\/strong><\/p>\n<p><strong>Mobil: Viber + Whatsapp: +382 69 335 534\u00a0 : +382 69 335 512<\/strong><\/p>\n<p>K\u00fcl\u00f6nleges mini-sziget (5 km2), a Velika Pla\u017ea folytat\u00e1sak\u00e9nt. Kialakul\u00e1s\u00e1ban egy, a XIX. sz\u00e1zad k\u00f6zep\u00e9n, a foly\u00f3 torkolatn\u00e1l els\u00fcllyedt haj\u00f3 j\u00e1tszott k\u00f6zre. A Bojana foly\u00f3 a roncs k\u00f6r\u00e9 el\u0151bb k\u00e9t z\u00e1tonyt emelt, majd az id\u0151k folyam\u00e1n hordal\u00e9k\u00e1val t\u00f6lt\u00f6tte fel ezt a ter\u00fcletet. A mesters\u00e9ges sziget a foly\u00f3t k\u00e9t \u00e1gra osztotta, \u00edgy alakult ki h\u00e1romsz\u00f6glet\u0171 alakja, melynek k\u00e9t oldal\u00e1t \u00e9desv\u00edz, m\u00edg a k\u00f6zel 3 km-es szakaszt az Adria mossa. A p\u00e1lmalevelekb\u0151l font naperny\u0151k sokas\u00e1ga egzotikus k\u00fcls\u0151t ad a strandnak.<br \/>\nAz Ada egyed\u00fcl\u00e1ll\u00f3 kis szigetecske, mind\u00f6sszesen 5,4 km2. Ulcinj v\u00e1ros\u00e1t\u00f3l 18 kmre tal\u00e1lhat\u00f3 2,8 km hossz\u00fa \u00e9s 1,8 km sz\u00e9les sziget.<br \/>\nPartja: homokos, a szigetet k\u00e9t oldalr\u00f3l a Bojana foly\u00f3 mossa \u00e9des viz\u00e9vel, m\u00edg a harmadik oldalr\u00f3l, homokos partj\u00e1t a tenger mossa. A strand \u00e9s az eg\u00e9sz \u00fcd\u00fcl\u0151telep naturista.<br \/>\nCsaknem k\u00e9t \u00e9vig tartott, am\u00edg a montenegr\u00f3i Ulcinjhoz k\u00f6zeli Ada Bojana szigeten tal\u00e1lhat\u00f3 nudista \u00fcd\u00fcl\u0151-komplexumot fel\u00faj\u00edtott\u00e1k. Az \u00fcd\u00fcl\u0151 \u00e9s a hozz\u00e1 tartoz\u00f3 tengerpart rendk\u00edv\u00fcli n\u00e9pszer\u0171s\u00e9gre tett szert az el\u0151z\u0151 \u00e9vtizedekben, k\u00fcl\u00f6n\u00f6sen a n\u00e9met turist\u00e1k k\u00f6r\u00e9ben.<\/p>\n<p>Ada Bojana (Ada Buna) szigete a montenegr\u00f3i tengerpart egyik izgalmas r\u00e9sze. Itt tal\u00e1lhat\u00f3 a fantasztikus idegenforgalmi lehet\u0151s\u00e9get k\u00edn\u00e1l\u00f3 partszakasz, a Velika Plaza egy r\u00e9sze, amelynek hasznos\u00edt\u00e1s\u00e1ra m\u00e1r nemzetk\u00f6zi p\u00e1ly\u00e1zatot \u00edrt ki a montenegr\u00f3i korm\u00e1ny. (Igaz, ezt a tendert folyamatosan halasztj\u00e1k, a legut\u00f3bbi ki\u00edr\u00e1s szerint augusztus 17-ig lehet ism\u00e9t p\u00e1ly\u00e1zni) A sziget a remek hal\u00e1szvend\u00e9gl\u0151i mellett a nudista strandj\u00e1r\u00f3l is h\u00edres (volt) Eur\u00f3pa szerte.<\/p>\n<p>A sziget kialakul\u00e1sa is \u00e9rdekes. A Bojana foly\u00f3 torkolat\u00e1ban fekszik a h\u00e1romsz\u00f6g alak\u00fa sz\u00e1razf\u00f6ld. Eredetileg k\u00e9t egym\u00e1st\u00f3l k\u00fcl\u00f6n \u00e1ll\u00f3 sziget alakult ki z\u00e1tonyokb\u00f3l a foly\u00f3torkolat\u00e1ban, de k\u00e9s\u0151bb a k\u00e9t sziget k\u00f6z\u00f6tt megfeneklett egy t\u00falm\u00e9retes haj\u00f3, \u00e9s a foly\u00f3 elkezdte felt\u00f6lteni a haj\u00f3roncsot \u00e9s a k\u00f6rny\u00e9k\u00e9t a hordal\u00e9k\u00e1val, \u00e9s a 19. sz\u00e1zadra kialakult a h\u00e1romsz\u00f6g alak\u00fa sziget, amelynek a tengerparti oldal\u00e1n egy h\u00e1rom kilom\u00e9ter hossz\u00fa, homokos strand tal\u00e1lhat\u00f3.<\/p>\n<p>A nudista \u00fcd\u00fcl\u0151telepet 1973-ban hozt\u00e1k l\u00e9tre, \u00e9s r\u00f6gt\u00f6n nagy sikert aratott a n\u00e9metek k\u00f6r\u00e9ben. A mostani \u00fczemeltet\u0151k szeretn\u00e9k vissza\u00e1ll\u00edtani a r\u00e9gi h\u00edrnev\u00e9t. A fel\u00faj\u00edt\u00e1s alatt a sz\u00e1ll\u00e1sok egy csillaggal magasabb kateg\u00f3ri\u00e1ba ker\u00fcltek, \u00edgy m\u00e1r h\u00e1rom csillagos kiszolg\u00e1l\u00e1sban r\u00e9szes\u00fclhet a hatsz\u00e1z ide\u00e9rkez\u0151 vend\u00e9g. K\u00fcl\u00f6n\u00f6sen a 48 darab, k\u00e9tszintes, tengerparti fah\u00e1z volt n\u00e9pszer\u0171, hiszen az erk\u00e9lyeikr\u0151l nagyszer\u0171en lehetett \u00e9lvezni a napot, a sziget n\u00e9pszer\u0171s\u00e9g\u00e9t pedig az jelentette, hogy a napim\u00e1d\u00f3k t\u00f6k\u00e9letesen el tudnak b\u00fajni a nagyvil\u00e1g el\u0151l.<strong><br \/>\n<\/strong>Ada Bojana term\u00e9szeti rezerv\u00e1tumnak sz\u00e1m\u00edt, ez egy sziget melyet foly\u00f3 vesz k\u00f6r\u00fcl, a Velika pla\u017ea v\u00e9g\u00e9n tal\u00e1lhat\u00f3, ahol a Bojana foly\u00f3 elv\u00e1lik t\u0151le. A sziget mesters\u00e9gesen kialak\u00edtott, a XIX. sz\u00e1zad k\u00f6zep\u00e9n, els\u00fclyedt egy haj\u00f3, melynek neve: Merito. Ezen a helyen keletkezett 2 kicsi sziget. \u00c9veken kereszt\u00fcl az els\u00fclyedt haj\u00f3 \u00e9s a 2 sziget k\u00f6r\u00fcl lerak\u00f3dott a hordal\u00e9k \u00e9s szigett\u00e9 alakult. A foly\u00f3 2 r\u00e9szre osztotta a szigetet. H\u00e1romsz0g alak\u00fa, k\u00e9t oldalr\u00f3l mossa a Bojana foly\u00f3, a 3 oldal\u00e1t az Adriai tenger, ahol homokos a part, hossza 2880 m\u00e9ter, 13000 f\u00fcrd\u00f6z\u0151 f\u00e9r el. A Bojana foly\u00f3 jobb oldal\u00e1n\u00e1l a strand \u00e9s a part is homokos. A parton naperny\u0151k tal\u00e1lhat\u00f3ak p\u00e1lmalevelekkel bor\u00edtva. Ada a legszebb naplementekor, amikor r\u00e9szesei lehet\u00fcnk a hihetetlen sz\u00edneknek, melyek j\u00e1tszanak a v\u00edzen \u00e9s a parton. Ez a hely igazi paradicsom a vitorl\u00e1z\u00f3k, v\u00edzi s\u00edz\u0151k, lovagl\u00f3k \u00e9s a szerelmesek sz\u00e1m\u00e1ra. Az \u00f6bl\u00f6k melyek a Bojana ment\u00e9n vannak ismertek a fa h\u00e1zakr\u00f3l, melyeket a helyiek a hal\u00e1szat sz\u00e1m\u00e1ra \u00e9p\u00edtettek. Ezeket a halakat mint specialit\u00e1sokat megk\u00f3stolhatjuk az \u00e9ttermekben. A szigetet gy\u00f6ny\u00f6r\u0171 mediterr\u00e1n n\u00f6v\u00e9nyzet veszi k\u00f6r\u00fcl, mely egyed\u00fcl \u00e1ll\u00f3 Eur\u00f3p\u00e1ban. Ez a s\u0171r\u0171 veget\u00e1ci\u00f3 k\u00fcl\u00f6nlegess\u00e9 teszi Ada Bojan\u00e1t, ahol gazdag mikroekol\u00f3gia tal\u00e1lhat\u00f3. Azok akik kedvelik az elit sportokat azok j\u00f3 helyre \u00e9rkeztek, a vitorl\u00e1z\u00f3k sz\u00e1m\u00e1ra itt igazi l\u00e9gk\u00f6r tal\u00e1lhat\u00f3. Elegend\u0151 er\u0151ss\u00e9g\u0171 sz\u00e9l f\u00faj, nagyszer\u0171ek a hull\u00e1mok, ezek elengedhetetlenek a min\u0151s\u00e9ges vitorl\u00e1z\u00e1shoz. Ada Bojan\u00e1n van vitorl\u00e1z\u00f3 iskola, ahol a leg\u00fajabb felszerel\u00e9sek magtal\u00e1lhat\u00f3ak. H\u00e9t napos tanfolyam ut\u00e1n m\u00e1r b\u00e1tran meglovagolhatjuk a hull\u00e1mokat. Ada Bojan\u00e1n m\u00e1r 1975. \u00f3ta van lovagl\u00f3 iskola is.<\/p>\n<p>Igazi paradicsom a sz\u00f6rf\u00f6s\u00f6k, lovasok, a szerelmesek sz\u00e1m\u00e1ra. Kedvelt \u00e1llom\u00e1shelye a n\u00e9met turist\u00e1knak. A partok melyeket a Bojana foly\u00f3 viza mossa, tele vannak fa h\u00e1zik\u00f3kkal, melyet a helyiek a hagyom\u00e1nyos hal\u00e1szathoz haszn\u00e1lnak. A hal k\u00fcl\u00f6nlegess\u00e9geket ki is pr\u00f3b\u00e1lhatjuk a helyi hangulatos \u00e9ttermekben. A szigetet szubtr\u00f3pusi \u00e9s mediterr\u00e1n n\u00f6v\u00e9nyzet bor\u00edtja, melyek egyed\u00fcl\u00e1ll\u00f3ak Eur\u00f3p\u00e1ban. A s\u0171r\u0171 \u00e9s vad n\u00f6v\u00e9nyzet az itt \u00e9l\u0151 \u00e1llatvil\u00e1ggal k\u00fcl\u00f6n\u00f6s mikro ekol\u00f3giai egys\u00e9get alkot. Az elit sport kedvel\u0151inek igen fontos inform\u00e1ci\u00f3, hogy az Ada Bojana minden ig\u00e9ny\u00fcket kiel\u00e9g\u00edti. A sz\u00e9l megfelel\u0151 er\u0151ss\u00e9g\u0171 \u00e9s min\u0151s\u00e9g\u0171, a hull\u00e1mok nagyok, melyek lehet\u0151v\u00e9 teszik a hull\u00e1mlovagl\u00e1st.<\/p>\n<p>Ada Bojan\u00e1n van windsurf iskola, mely a legjobb felszerel\u00e9st k\u00edn\u00e1lja az ide l\u00e1togat\u00f3 sz\u00e1m\u00e1ra. A lehet\u0151s\u00e9gek megfelel\u0151ek mind a kezd\u0151k \u00e9s halad\u00f3k sz\u00e1m\u00e1ra is. A kezd\u0151k 7 napos tanfolyam ut\u00e1n m\u00e1r \u00e9lvezhetik a hull\u00e1mokat, egy h\u00f3nap ut\u00e1n m\u00e1r a ny\u00edlt tengerre is kimer\u00e9szkedve \u00e9lvezhetik a sz\u00e9l lovagl\u00e1s tudom\u00e1ny\u00e1t. Ada Bojan\u00e1n 1975. \u00f3ta van lovas iskola, ahol lovagolni tanulhatunk.<br \/>\n<strong>A HTP &#8220;Ulcinj Riviera&#8221; \u00e1tlagos \u00e1ra f\u00e9lpanzi\u00f3val (reggeli \u00e9s vacsora, a sv\u00e9d asztal), k\u00f6r\u00fclbel\u00fcl 24 eur\u00f3..<\/strong><\/p>\n\n\t\t<style type=\"text\/css\">\n\t\t\t#gallery-1 {\n\t\t\t\tmargin: auto;\n\t\t\t}\n\t\t\t#gallery-1 .gallery-item {\n\t\t\t\tfloat: left;\n\t\t\t\tmargin-top: 10px;\n\t\t\t\ttext-align: center;\n\t\t\t\twidth: 33%;\n\t\t\t}\n\t\t\t#gallery-1 img {\n\t\t\t\tborder: 2px solid #cfcfcf;\n\t\t\t}\n\t\t\t#gallery-1 .gallery-caption {\n\t\t\t\tmargin-left: 0;\n\t\t\t}\n\t\t\t\/* see gallery_shortcode() in wp-includes\/media.php *\/\n\t\t<\/style>\n\t\t<div id='gallery-1' class='gallery galleryid-37070 gallery-columns-3 gallery-size-thumbnail'><dl class='gallery-item'>\n\t\t\t<dt class='gallery-icon landscape'>\n\t\t\t\t<a href='https:\/\/www.visit-ulcinj.com\/blog\/wp-content\/uploads\/2010\/09\/Ada-Bojana-es-a-nudistak-paradicsoma.jpg'><img width=\"150\" height=\"150\" src=\"https:\/\/www.visit-ulcinj.com\/blog\/wp-content\/uploads\/2010\/09\/Ada-Bojana-es-a-nudistak-paradicsoma-150x150.jpg\" class=\"attachment-thumbnail size-thumbnail\" alt=\"\" loading=\"lazy\" \/><\/a>\n\t\t\t<\/dt><\/dl><dl class='gallery-item'>\n\t\t\t<dt class='gallery-icon landscape'>\n\t\t\t\t<a href='https:\/\/www.visit-ulcinj.com\/blog\/wp-content\/uploads\/2010\/09\/Ada-Bojana-es-a-nudistak-paradicsoma.6.jpg'><img width=\"150\" height=\"150\" src=\"https:\/\/www.visit-ulcinj.com\/blog\/wp-content\/uploads\/2010\/09\/Ada-Bojana-es-a-nudistak-paradicsoma.6-150x150.jpg\" class=\"attachment-thumbnail size-thumbnail\" alt=\"\" loading=\"lazy\" \/><\/a>\n\t\t\t<\/dt><\/dl><dl class='gallery-item'>\n\t\t\t<dt class='gallery-icon landscape'>\n\t\t\t\t<a href='https:\/\/www.visit-ulcinj.com\/blog\/wp-content\/uploads\/2010\/09\/Ada-Bojana-es-a-nudistak-paradicsoma.1.jpg'><img width=\"150\" height=\"150\" src=\"https:\/\/www.visit-ulcinj.com\/blog\/wp-content\/uploads\/2010\/09\/Ada-Bojana-es-a-nudistak-paradicsoma.1-150x150.jpg\" class=\"attachment-thumbnail size-thumbnail\" alt=\"\" loading=\"lazy\" \/><\/a>\n\t\t\t<\/dt><\/dl><br style=\"clear: both\" \/><dl class='gallery-item'>\n\t\t\t<dt class='gallery-icon landscape'>\n\t\t\t\t<a href='https:\/\/www.visit-ulcinj.com\/blog\/wp-content\/uploads\/2010\/09\/Ada-Bojana-es-a-nudistak-paradicsoma.2.jpg'><img width=\"150\" height=\"150\" src=\"https:\/\/www.visit-ulcinj.com\/blog\/wp-content\/uploads\/2010\/09\/Ada-Bojana-es-a-nudistak-paradicsoma.2-150x150.jpg\" class=\"attachment-thumbnail size-thumbnail\" alt=\"\" loading=\"lazy\" \/><\/a>\n\t\t\t<\/dt><\/dl><dl class='gallery-item'>\n\t\t\t<dt class='gallery-icon landscape'>\n\t\t\t\t<a href='https:\/\/www.visit-ulcinj.com\/blog\/wp-content\/uploads\/2010\/09\/Ada-Bojana-es-a-nudistak-paradicsoma.3.jpg'><img width=\"150\" height=\"150\" src=\"https:\/\/www.visit-ulcinj.com\/blog\/wp-content\/uploads\/2010\/09\/Ada-Bojana-es-a-nudistak-paradicsoma.3-150x150.jpg\" class=\"attachment-thumbnail size-thumbnail\" alt=\"\" loading=\"lazy\" \/><\/a>\n\t\t\t<\/dt><\/dl><dl class='gallery-item'>\n\t\t\t<dt class='gallery-icon landscape'>\n\t\t\t\t<a href='https:\/\/www.visit-ulcinj.com\/blog\/wp-content\/uploads\/2010\/09\/Ada-Bojana-es-a-nudistak-paradicsoma.4.jpg'><img width=\"150\" height=\"150\" src=\"https:\/\/www.visit-ulcinj.com\/blog\/wp-content\/uploads\/2010\/09\/Ada-Bojana-es-a-nudistak-paradicsoma.4-150x150.jpg\" class=\"attachment-thumbnail size-thumbnail\" alt=\"\" loading=\"lazy\" \/><\/a>\n\t\t\t<\/dt><\/dl><br style=\"clear: both\" \/><dl class='gallery-item'>\n\t\t\t<dt class='gallery-icon landscape'>\n\t\t\t\t<a href='https:\/\/www.visit-ulcinj.com\/blog\/wp-content\/uploads\/2010\/09\/Ada-Bojana-es-a-nudistak-paradicsoma.5.jpg'><img width=\"150\" height=\"150\" src=\"https:\/\/www.visit-ulcinj.com\/blog\/wp-content\/uploads\/2010\/09\/Ada-Bojana-es-a-nudistak-paradicsoma.5-150x150.jpg\" class=\"attachment-thumbnail size-thumbnail\" alt=\"\" loading=\"lazy\" \/><\/a>\n\t\t\t<\/dt><\/dl><dl class='gallery-item'>\n\t\t\t<dt class='gallery-icon landscape'>\n\t\t\t\t<a href='https:\/\/www.visit-ulcinj.com\/blog\/wp-content\/uploads\/2010\/09\/Ada-Bojana-es-a-nudistak-paradicsoma.8.jpg'><img width=\"150\" height=\"150\" src=\"https:\/\/www.visit-ulcinj.com\/blog\/wp-content\/uploads\/2010\/09\/Ada-Bojana-es-a-nudistak-paradicsoma.8-150x150.jpg\" class=\"attachment-thumbnail size-thumbnail\" alt=\"\" loading=\"lazy\" \/><\/a>\n\t\t\t<\/dt><\/dl><dl class='gallery-item'>\n\t\t\t<dt class='gallery-icon landscape'>\n\t\t\t\t<a href='https:\/\/www.visit-ulcinj.com\/blog\/wp-content\/uploads\/2010\/09\/Ada-Bojana-es-a-nudistak-paradicsoma.9.jpg'><img width=\"150\" height=\"150\" src=\"https:\/\/www.visit-ulcinj.com\/blog\/wp-content\/uploads\/2010\/09\/Ada-Bojana-es-a-nudistak-paradicsoma.9-150x150.jpg\" class=\"attachment-thumbnail size-thumbnail\" alt=\"\" loading=\"lazy\" \/><\/a>\n\t\t\t<\/dt><\/dl><br style=\"clear: both\" \/><dl class='gallery-item'>\n\t\t\t<dt class='gallery-icon landscape'>\n\t\t\t\t<a href='https:\/\/www.visit-ulcinj.com\/blog\/wp-content\/uploads\/2010\/09\/Ada-Bojana-es-a-nudistak-paradicsoma.11.jpg'><img width=\"150\" height=\"150\" src=\"https:\/\/www.visit-ulcinj.com\/blog\/wp-content\/uploads\/2010\/09\/Ada-Bojana-es-a-nudistak-paradicsoma.11-150x150.jpg\" class=\"attachment-thumbnail size-thumbnail\" alt=\"\" loading=\"lazy\" \/><\/a>\n\t\t\t<\/dt><\/dl><dl class='gallery-item'>\n\t\t\t<dt class='gallery-icon landscape'>\n\t\t\t\t<a href='https:\/\/www.visit-ulcinj.com\/blog\/wp-content\/uploads\/2010\/09\/Ada-Bojana-es-a-nudistak-paradicsoma.10.jpg'><img width=\"150\" height=\"150\" src=\"https:\/\/www.visit-ulcinj.com\/blog\/wp-content\/uploads\/2010\/09\/Ada-Bojana-es-a-nudistak-paradicsoma.10-150x150.jpg\" class=\"attachment-thumbnail size-thumbnail\" alt=\"\" loading=\"lazy\" \/><\/a>\n\t\t\t<\/dt><\/dl>\n\t\t\t<br style='clear: both' \/>\n\t\t<\/div>\n\n<!--YouTube Error: bad URL entered-->\n","protected":false},"excerpt":{"rendered":"<p>Le\u00edr\u00e1s Ada Bojana Mobil: Viber + Whatsapp: +382 69 335 534\u00a0 : +382 69 335 512 K\u00fcl\u00f6nleges mini-sziget (5 km2), a Velika Pla\u017ea folytat\u00e1sak\u00e9nt. Kialakul\u00e1s\u00e1ban egy, a XIX. sz\u00e1zad k\u00f6zep\u00e9n, a foly\u00f3 torkolatn\u00e1l els\u00fcllyedt haj\u00f3 j\u00e1tszott k\u00f6zre. A Bojana foly\u00f3 a roncs k\u00f6r\u00e9 el\u0151bb k\u00e9t z\u00e1tonyt emelt, majd az id\u0151k folyam\u00e1n hordal\u00e9k\u00e1val t\u00f6lt\u00f6tte fel ezt [&hellip;]<\/p>\n","protected":false},"author":1,"featured_media":0,"comment_status":"open","ping_status":"closed","sticky":false,"template":"","format":"standard","meta":{"spay_email":"","jetpack_publicize_message":"","jetpack_is_tweetstorm":false,"jetpack_publicize_feature_enabled":true},"categories":[7],"tags":[138,79,15337,15338,19,15339],"jetpack_publicize_connections":[],"yoast_head":"<!-- This site is optimized with the Yoast SEO plugin v19.1 - https:\/\/yoast.com\/wordpress\/plugins\/seo\/ -->\n<title>Ada Bojana \u00e9s a nudist\u00e1k paradicsoma - Lajme nga Ulqini<\/title>\n<meta name=\"description\" content=\"Le\u00edr\u00e1s Ada Bojana Mobil: Viber + Whatsapp: +382 69 335 534\u00a0 : +382 69 335 512 K\u00fcl\u00f6nleges mini-sziget (5 km2), a Velika Pla\u017ea folytat\u00e1sak\u00e9nt.\" \/>\n<meta name=\"robots\" content=\"index, follow, max-snippet:-1, max-image-preview:large, max-video-preview:-1\" \/>\n<link rel=\"canonical\" href=\"https:\/\/www.visit-ulcinj.com\/blog\/2010\/09\/11\/ada-bojana-es-a-nudistak-paradicsoma\/\" \/>\n<meta property=\"og:locale\" content=\"en_US\" \/>\n<meta property=\"og:type\" content=\"article\" \/>\n<meta property=\"og:title\" content=\"Ada Bojana \u00e9s a nudist\u00e1k paradicsoma - Lajme nga Ulqini\" \/>\n<meta property=\"og:description\" content=\"Le\u00edr\u00e1s Ada Bojana Mobil: Viber + Whatsapp: +382 69 335 534\u00a0 : +382 69 335 512 K\u00fcl\u00f6nleges mini-sziget (5 km2), a Velika Pla\u017ea folytat\u00e1sak\u00e9nt.\" \/>\n<meta property=\"og:url\" content=\"https:\/\/www.visit-ulcinj.com\/blog\/2010\/09\/11\/ada-bojana-es-a-nudistak-paradicsoma\/\" \/>\n<meta property=\"og:site_name\" content=\"Lajme nga Ulqini\" \/>\n<meta property=\"article:published_time\" content=\"2010-09-11T06:22:49+00:00\" \/>\n<meta property=\"article:modified_time\" content=\"2023-04-01T12:27:27+00:00\" \/>\n<meta property=\"og:image\" content=\"http:\/\/www.visit-ulcinj.com\/blog\/wp-content\/uploads\/2010\/09\/Ada-Bojana-es-a-nudistak-paradicsoma-150x150.jpg\" \/>\n<meta name=\"twitter:label1\" content=\"Written by\" \/>\n\t<meta name=\"twitter:data1\" content=\"ulqini\" \/>\n\t<meta name=\"twitter:label2\" content=\"Est. reading time\" \/>\n\t<meta name=\"twitter:data2\" content=\"4 minutes\" \/>\n<script type=\"application\/ld+json\" class=\"yoast-schema-graph\">{\"@context\":\"https:\/\/schema.org\",\"@graph\":[{\"@type\":\"WebSite\",\"@id\":\"https:\/\/www.visit-ulcinj.com\/blog\/#website\",\"url\":\"https:\/\/www.visit-ulcinj.com\/blog\/\",\"name\":\"Lajme nga Ulqini\",\"description\":\"Lajme,Vijesti,Ulqini,Ulqin,Crna Gora,Mali i Zi\",\"potentialAction\":[{\"@type\":\"SearchAction\",\"target\":{\"@type\":\"EntryPoint\",\"urlTemplate\":\"https:\/\/www.visit-ulcinj.com\/blog\/?s={search_term_string}\"},\"query-input\":\"required name=search_term_string\"}],\"inLanguage\":\"en-US\"},{\"@type\":\"WebPage\",\"@id\":\"https:\/\/www.visit-ulcinj.com\/blog\/2010\/09\/11\/ada-bojana-es-a-nudistak-paradicsoma\/#webpage\",\"url\":\"https:\/\/www.visit-ulcinj.com\/blog\/2010\/09\/11\/ada-bojana-es-a-nudistak-paradicsoma\/\",\"name\":\"Ada Bojana \u00e9s a nudist\u00e1k paradicsoma - Lajme nga Ulqini\",\"isPartOf\":{\"@id\":\"https:\/\/www.visit-ulcinj.com\/blog\/#website\"},\"datePublished\":\"2010-09-11T06:22:49+00:00\",\"dateModified\":\"2023-04-01T12:27:27+00:00\",\"author\":{\"@id\":\"https:\/\/www.visit-ulcinj.com\/blog\/#\/schema\/person\/dcab619c614d3038751c63bc2aadc06d\"},\"description\":\"Le\u00edr\u00e1s Ada Bojana Mobil: Viber + Whatsapp: +382 69 335 534\u00a0 : +382 69 335 512 K\u00fcl\u00f6nleges mini-sziget (5 km2), a Velika Pla\u017ea folytat\u00e1sak\u00e9nt.\",\"breadcrumb\":{\"@id\":\"https:\/\/www.visit-ulcinj.com\/blog\/2010\/09\/11\/ada-bojana-es-a-nudistak-paradicsoma\/#breadcrumb\"},\"inLanguage\":\"en-US\",\"potentialAction\":[{\"@type\":\"ReadAction\",\"target\":[\"https:\/\/www.visit-ulcinj.com\/blog\/2010\/09\/11\/ada-bojana-es-a-nudistak-paradicsoma\/\"]}]},{\"@type\":\"BreadcrumbList\",\"@id\":\"https:\/\/www.visit-ulcinj.com\/blog\/2010\/09\/11\/ada-bojana-es-a-nudistak-paradicsoma\/#breadcrumb\",\"itemListElement\":[{\"@type\":\"ListItem\",\"position\":1,\"name\":\"Ada Bojana \u00e9s a nudist\u00e1k paradicsoma\"}]},{\"@type\":\"Person\",\"@id\":\"https:\/\/www.visit-ulcinj.com\/blog\/#\/schema\/person\/dcab619c614d3038751c63bc2aadc06d\",\"name\":\"ulqini\",\"sameAs\":[\"http:\/\/www.visit-ulcinj.com\"],\"url\":\"https:\/\/www.visit-ulcinj.com\/blog\/author\/admin\/\"}]}<\/script>\n<!-- \/ Yoast SEO plugin. -->","yoast_head_json":{"title":"Ada Bojana \u00e9s a nudist\u00e1k paradicsoma - Lajme nga Ulqini","description":"Le\u00edr\u00e1s Ada Bojana Mobil: Viber + Whatsapp: +382 69 335 534\u00a0 : +382 69 335 512 K\u00fcl\u00f6nleges mini-sziget (5 km2), a Velika Pla\u017ea folytat\u00e1sak\u00e9nt.","robots":{"index":"index","follow":"follow","max-snippet":"max-snippet:-1","max-image-preview":"max-image-preview:large","max-video-preview":"max-video-preview:-1"},"canonical":"https:\/\/www.visit-ulcinj.com\/blog\/2010\/09\/11\/ada-bojana-es-a-nudistak-paradicsoma\/","og_locale":"en_US","og_type":"article","og_title":"Ada Bojana \u00e9s a nudist\u00e1k paradicsoma - Lajme nga Ulqini","og_description":"Le\u00edr\u00e1s Ada Bojana Mobil: Viber + Whatsapp: +382 69 335 534\u00a0 : +382 69 335 512 K\u00fcl\u00f6nleges mini-sziget (5 km2), a Velika Pla\u017ea folytat\u00e1sak\u00e9nt.","og_url":"https:\/\/www.visit-ulcinj.com\/blog\/2010\/09\/11\/ada-bojana-es-a-nudistak-paradicsoma\/","og_site_name":"Lajme nga Ulqini","article_published_time":"2010-09-11T06:22:49+00:00","article_modified_time":"2023-04-01T12:27:27+00:00","og_image":[{"url":"http:\/\/www.visit-ulcinj.com\/blog\/wp-content\/uploads\/2010\/09\/Ada-Bojana-es-a-nudistak-paradicsoma-150x150.jpg"}],"twitter_misc":{"Written by":"ulqini","Est. reading time":"4 minutes"},"schema":{"@context":"https:\/\/schema.org","@graph":[{"@type":"WebSite","@id":"https:\/\/www.visit-ulcinj.com\/blog\/#website","url":"https:\/\/www.visit-ulcinj.com\/blog\/","name":"Lajme nga Ulqini","description":"Lajme,Vijesti,Ulqini,Ulqin,Crna Gora,Mali i Zi","potentialAction":[{"@type":"SearchAction","target":{"@type":"EntryPoint","urlTemplate":"https:\/\/www.visit-ulcinj.com\/blog\/?s={search_term_string}"},"query-input":"required name=search_term_string"}],"inLanguage":"en-US"},{"@type":"WebPage","@id":"https:\/\/www.visit-ulcinj.com\/blog\/2010\/09\/11\/ada-bojana-es-a-nudistak-paradicsoma\/#webpage","url":"https:\/\/www.visit-ulcinj.com\/blog\/2010\/09\/11\/ada-bojana-es-a-nudistak-paradicsoma\/","name":"Ada Bojana \u00e9s a nudist\u00e1k paradicsoma - Lajme nga Ulqini","isPartOf":{"@id":"https:\/\/www.visit-ulcinj.com\/blog\/#website"},"datePublished":"2010-09-11T06:22:49+00:00","dateModified":"2023-04-01T12:27:27+00:00","author":{"@id":"https:\/\/www.visit-ulcinj.com\/blog\/#\/schema\/person\/dcab619c614d3038751c63bc2aadc06d"},"description":"Le\u00edr\u00e1s Ada Bojana Mobil: Viber + Whatsapp: +382 69 335 534\u00a0 : +382 69 335 512 K\u00fcl\u00f6nleges mini-sziget (5 km2), a Velika Pla\u017ea folytat\u00e1sak\u00e9nt.","breadcrumb":{"@id":"https:\/\/www.visit-ulcinj.com\/blog\/2010\/09\/11\/ada-bojana-es-a-nudistak-paradicsoma\/#breadcrumb"},"inLanguage":"en-US","potentialAction":[{"@type":"ReadAction","target":["https:\/\/www.visit-ulcinj.com\/blog\/2010\/09\/11\/ada-bojana-es-a-nudistak-paradicsoma\/"]}]},{"@type":"BreadcrumbList","@id":"https:\/\/www.visit-ulcinj.com\/blog\/2010\/09\/11\/ada-bojana-es-a-nudistak-paradicsoma\/#breadcrumb","itemListElement":[{"@type":"ListItem","position":1,"name":"Ada Bojana \u00e9s a nudist\u00e1k paradicsoma"}]},{"@type":"Person","@id":"https:\/\/www.visit-ulcinj.com\/blog\/#\/schema\/person\/dcab619c614d3038751c63bc2aadc06d","name":"ulqini","sameAs":["http:\/\/www.visit-ulcinj.com"],"url":"https:\/\/www.visit-ulcinj.com\/blog\/author\/admin\/"}]}},"jetpack_featured_media_url":"","jetpack_sharing_enabled":true,"jetpack_shortlink":"https:\/\/wp.me\/pe6lTn-9DU","_links":{"self":[{"href":"https:\/\/www.visit-ulcinj.com\/blog\/wp-json\/wp\/v2\/posts\/37070"}],"collection":[{"href":"https:\/\/www.visit-ulcinj.com\/blog\/wp-json\/wp\/v2\/posts"}],"about":[{"href":"https:\/\/www.visit-ulcinj.com\/blog\/wp-json\/wp\/v2\/types\/post"}],"author":[{"embeddable":true,"href":"https:\/\/www.visit-ulcinj.com\/blog\/wp-json\/wp\/v2\/users\/1"}],"replies":[{"embeddable":true,"href":"https:\/\/www.visit-ulcinj.com\/blog\/wp-json\/wp\/v2\/comments?post=37070"}],"version-history":[{"count":2,"href":"https:\/\/www.visit-ulcinj.com\/blog\/wp-json\/wp\/v2\/posts\/37070\/revisions"}],"predecessor-version":[{"id":106899,"href":"https:\/\/www.visit-ulcinj.com\/blog\/wp-json\/wp\/v2\/posts\/37070\/revisions\/106899"}],"wp:attachment":[{"href":"https:\/\/www.visit-ulcinj.com\/blog\/wp-json\/wp\/v2\/media?parent=37070"}],"wp:term":[{"taxonomy":"category","embeddable":true,"href":"https:\/\/www.visit-ulcinj.com\/blog\/wp-json\/wp\/v2\/categories?post=37070"},{"taxonomy":"post_tag","embeddable":true,"href":"https:\/\/www.visit-ulcinj.com\/blog\/wp-json\/wp\/v2\/tags?post=37070"}],"curies":[{"name":"wp","href":"https:\/\/api.w.org\/{rel}","templated":true}]}}