{"id":37112,"date":"2010-09-11T16:12:51","date_gmt":"2010-09-11T14:12:51","guid":{"rendered":"http:\/\/www.visit-ulcinj.com\/blog\/?p=37112"},"modified":"2010-09-12T12:33:07","modified_gmt":"2010-09-12T10:33:07","slug":"hana-cakuli-kthehet-ne-bionde","status":"publish","type":"post","link":"https:\/\/www.visit-ulcinj.com\/blog\/2010\/09\/11\/hana-cakuli-kthehet-ne-bionde\/","title":{"rendered":"Hana Cakuli kthehet n\u00eb bionde"},"content":{"rendered":"<p><a href=\"http:\/\/www.visit-ulcinj.com\/blog\/wp-content\/uploads\/2010\/09\/Hana-Cakuli-bionde.jpg\"><img loading=\"lazy\" class=\"alignleft size-full wp-image-37114\" title=\"Hana Cakuli bionde\" src=\"http:\/\/www.visit-ulcinj.com\/blog\/wp-content\/uploads\/2010\/09\/Hana-Cakuli-bionde.jpg\" alt=\"\" width=\"490\" height=\"620\" \/><\/a>Bukuroshja nga Ulqini, Hana Cakuli shprehet shum\u00eb e k\u00ebnaqur me arritjet e saj n\u00eb fush\u00ebn muzikore. N\u00eb nj\u00eb intervist\u00eb p\u00ebr mediat, k\u00ebng\u00ebtarja e \u201cSimbol\u201d, ka treguar se n\u00eb fillim ishte skeptike n\u00eb do t\u00eb p\u00eblqehej nga publiku me k\u00ebng\u00ebt q\u00eb ka realizuar, duke qen\u00eb se ato nuk jan\u00eb shum\u00eb komerciale. \u201cUn\u00eb i fal\u00ebnderoj t\u00eb gjith\u00eb d\u00ebgjuesit e mi q\u00eb jan\u00eb aty p\u00ebr mua, m\u00eb p\u00ebrkrahin dhe i d\u00ebgjojn\u00eb k\u00ebng\u00ebt e mia. Jo vet\u00ebm p\u00ebr mua, por besoj se p\u00ebr \u00e7do k\u00ebng\u00ebtar, t\u00eb qenurit vetvetja t\u00eb b\u00ebn t\u00eb suksessh\u00ebm, apo t\u00eb suksesshme. Kjo \u00ebsht\u00eb ajo q\u00eb m\u00eb ndihmon t\u00eb arrij suksesin e d\u00ebshiruar, duke qen\u00eb vetvetja dhe duke b\u00ebr\u00eb gjithmon\u00eb at\u00eb q\u00eb m\u00eb p\u00eblqen dhe q\u00eb m\u00eb b\u00ebn t\u00eb ndihem mir\u00eb\u201d, thekson k\u00ebng\u00ebtarja, s\u00eb cil\u00ebs i p\u00eblqen t\u00eb k\u00ebndoj\u00eb gjith\u00e7ka, por q\u00eb t\u00ebrhiqet m\u00eb shum\u00eb jan\u00eb ato sfidueset, q\u00eb kan\u00eb shtrirje m\u00eb t\u00eb m\u00ebdha vokale dhe mund\u00ebsi improvizimi. Hana \u00ebsht\u00eb fituese e \u00e7mimit t\u00eb dyt\u00eb t\u00eb festivalit t\u00eb muzik\u00ebs popullore shqiptare, \u201cZambaku i Prizrenit\u201d vitin e kaluar. P\u00ebrve\u00e7 vendit t\u00eb dyt\u00eb ajo ka fituar dhe edhe \u00e7mimin e publikut si \u00e7mim tradicional q\u00eb jepet nga ana e shikuesve. N\u00eb baz\u00eb t\u00eb v\u00ebllimit t\u00eb votave t\u00eb arritura p\u00ebrmes \u201csms\u201d, at\u00eb \u00e7mim e ka fituar k\u00ebng\u00ebtarja Hana Cakuli, me k\u00ebng\u00ebn e kompozuar nga Valton Beqiri \u201cNj\u00eb fjal\u00eb\u201d. Duke qen\u00eb se Hana \u00ebsht\u00eb nga Ulqini, por prej koh\u00ebsh jeton dhe vepron n\u00eb Prishtin\u00eb, ajo \u00ebsht\u00eb shum\u00eb e njohur edhe n\u00eb Shqip\u00ebri. \u201cMendoj se duke qen\u00eb vetvetja dhe duke b\u00ebr\u00eb at\u00eb q\u00eb dua e m\u00eb p\u00eblqen, k\u00ebng\u00ebt q\u00eb m\u00eb p\u00eblqejn\u00eb, m\u00ebnyra e paraqitjes q\u00eb mua m\u00eb p\u00eblqen, un\u00eb jam k\u00ebtu ku jam sot\u201d. Ajo gjithashtu nuk fsheh se \u00ebsht\u00eb e dashuruar duke treguar se ka gjetur tashm\u00eb princin e \u00ebnd\u00ebrave t\u00eb saj. \u201cMendoj se e kam gjetur. \u00cbsht\u00eb i sjellsh\u00ebm, i k\u00ebndsh\u00ebm, i dashur, dhe e dua\u201d. Momentalisht \u00ebsht\u00eb e angazhuar duke k\u00ebnduar \u201clive\u201d tek \u201cMaroon Pub\u201d, nd\u00ebrkoh\u00eb q\u00eb nga ana tjet\u00ebr po p\u00ebrgatitet t\u00eb hedh\u00eb n\u00eb treg edhe nj\u00eb k\u00ebng\u00eb t\u00eb re t\u00eb punuar edhe me videoklip.<\/p>\n<p><strong>Bota Sot<br \/>\n\n\t\t<style type=\"text\/css\">\n\t\t\t#gallery-1 {\n\t\t\t\tmargin: auto;\n\t\t\t}\n\t\t\t#gallery-1 .gallery-item {\n\t\t\t\tfloat: left;\n\t\t\t\tmargin-top: 10px;\n\t\t\t\ttext-align: center;\n\t\t\t\twidth: 33%;\n\t\t\t}\n\t\t\t#gallery-1 img {\n\t\t\t\tborder: 2px solid #cfcfcf;\n\t\t\t}\n\t\t\t#gallery-1 .gallery-caption {\n\t\t\t\tmargin-left: 0;\n\t\t\t}\n\t\t\t\/* see gallery_shortcode() in wp-includes\/media.php *\/\n\t\t<\/style>\n\t\t<div id='gallery-1' class='gallery galleryid-37112 gallery-columns-3 gallery-size-thumbnail'><dl class='gallery-item'>\n\t\t\t<dt class='gallery-icon portrait'>\n\t\t\t\t<a href='https:\/\/www.visit-ulcinj.com\/blog\/wp-content\/uploads\/2010\/09\/Hana-Cakuli-bionde.jpg'><img width=\"150\" height=\"150\" src=\"https:\/\/www.visit-ulcinj.com\/blog\/wp-content\/uploads\/2010\/09\/Hana-Cakuli-bionde-150x150.jpg\" class=\"attachment-thumbnail size-thumbnail\" alt=\"\" loading=\"lazy\" \/><\/a>\n\t\t\t<\/dt><\/dl><dl class='gallery-item'>\n\t\t\t<dt class='gallery-icon landscape'>\n\t\t\t\t<a href='https:\/\/www.visit-ulcinj.com\/blog\/wp-content\/uploads\/2010\/09\/Hana-Cakuli-bionde.8.jpg'><img width=\"150\" height=\"150\" src=\"https:\/\/www.visit-ulcinj.com\/blog\/wp-content\/uploads\/2010\/09\/Hana-Cakuli-bionde.8-150x150.jpg\" class=\"attachment-thumbnail size-thumbnail\" alt=\"\" loading=\"lazy\" \/><\/a>\n\t\t\t<\/dt><\/dl><dl class='gallery-item'>\n\t\t\t<dt class='gallery-icon landscape'>\n\t\t\t\t<a href='https:\/\/www.visit-ulcinj.com\/blog\/wp-content\/uploads\/2010\/09\/Hana-Cakuli-bionde.7.jpg'><img width=\"150\" height=\"150\" src=\"https:\/\/www.visit-ulcinj.com\/blog\/wp-content\/uploads\/2010\/09\/Hana-Cakuli-bionde.7-150x150.jpg\" class=\"attachment-thumbnail size-thumbnail\" alt=\"\" loading=\"lazy\" \/><\/a>\n\t\t\t<\/dt><\/dl><br style=\"clear: both\" \/><dl class='gallery-item'>\n\t\t\t<dt class='gallery-icon portrait'>\n\t\t\t\t<a href='https:\/\/www.visit-ulcinj.com\/blog\/wp-content\/uploads\/2010\/09\/Hana-Cakuli-bionde.6.jpg'><img width=\"150\" height=\"150\" src=\"https:\/\/www.visit-ulcinj.com\/blog\/wp-content\/uploads\/2010\/09\/Hana-Cakuli-bionde.6-150x150.jpg\" class=\"attachment-thumbnail size-thumbnail\" alt=\"\" loading=\"lazy\" \/><\/a>\n\t\t\t<\/dt><\/dl><dl class='gallery-item'>\n\t\t\t<dt class='gallery-icon portrait'>\n\t\t\t\t<a href='https:\/\/www.visit-ulcinj.com\/blog\/wp-content\/uploads\/2010\/09\/Hana-Cakuli-bionde.5.jpg'><img width=\"150\" height=\"150\" src=\"https:\/\/www.visit-ulcinj.com\/blog\/wp-content\/uploads\/2010\/09\/Hana-Cakuli-bionde.5-150x150.jpg\" class=\"attachment-thumbnail size-thumbnail\" alt=\"\" loading=\"lazy\" \/><\/a>\n\t\t\t<\/dt><\/dl><dl class='gallery-item'>\n\t\t\t<dt class='gallery-icon landscape'>\n\t\t\t\t<a href='https:\/\/www.visit-ulcinj.com\/blog\/wp-content\/uploads\/2010\/09\/Hana-Cakuli-bionde.4.jpg'><img width=\"150\" height=\"150\" src=\"https:\/\/www.visit-ulcinj.com\/blog\/wp-content\/uploads\/2010\/09\/Hana-Cakuli-bionde.4-150x150.jpg\" class=\"attachment-thumbnail size-thumbnail\" alt=\"\" loading=\"lazy\" \/><\/a>\n\t\t\t<\/dt><\/dl><br style=\"clear: both\" \/><dl class='gallery-item'>\n\t\t\t<dt class='gallery-icon landscape'>\n\t\t\t\t<a href='https:\/\/www.visit-ulcinj.com\/blog\/wp-content\/uploads\/2010\/09\/Hana-Cakuli-bionde.3.jpg'><img width=\"150\" height=\"150\" src=\"https:\/\/www.visit-ulcinj.com\/blog\/wp-content\/uploads\/2010\/09\/Hana-Cakuli-bionde.3-150x150.jpg\" class=\"attachment-thumbnail size-thumbnail\" alt=\"\" loading=\"lazy\" \/><\/a>\n\t\t\t<\/dt><\/dl><dl class='gallery-item'>\n\t\t\t<dt class='gallery-icon landscape'>\n\t\t\t\t<a href='https:\/\/www.visit-ulcinj.com\/blog\/wp-content\/uploads\/2010\/09\/Hana-Cakuli-bionde.2.jpg'><img width=\"150\" height=\"150\" src=\"https:\/\/www.visit-ulcinj.com\/blog\/wp-content\/uploads\/2010\/09\/Hana-Cakuli-bionde.2-150x150.jpg\" class=\"attachment-thumbnail size-thumbnail\" alt=\"\" loading=\"lazy\" \/><\/a>\n\t\t\t<\/dt><\/dl><dl class='gallery-item'>\n\t\t\t<dt class='gallery-icon landscape'>\n\t\t\t\t<a href='https:\/\/www.visit-ulcinj.com\/blog\/wp-content\/uploads\/2010\/09\/Hana-Cakuli-bionde.1.jpg'><img width=\"150\" height=\"150\" src=\"https:\/\/www.visit-ulcinj.com\/blog\/wp-content\/uploads\/2010\/09\/Hana-Cakuli-bionde.1-150x150.jpg\" class=\"attachment-thumbnail size-thumbnail\" alt=\"\" loading=\"lazy\" \/><\/a>\n\t\t\t<\/dt><\/dl><br style=\"clear: both\" \/>\n\t\t<\/div>\n<br \/>\n<\/strong><strong><!--YouTube Error: bad URL entered--><\/strong><\/p>\n<p><strong> <\/strong><\/p>\n<p><strong> <\/strong><\/p>\n","protected":false},"excerpt":{"rendered":"<p>Bukuroshja nga Ulqini, Hana Cakuli shprehet shum\u00eb e k\u00ebnaqur me arritjet e saj n\u00eb fush\u00ebn muzikore. N\u00eb nj\u00eb intervist\u00eb p\u00ebr mediat, k\u00ebng\u00ebtarja e \u201cSimbol\u201d, ka treguar se n\u00eb fillim ishte skeptike n\u00eb do t\u00eb p\u00eblqehej nga publiku me k\u00ebng\u00ebt q\u00eb ka realizuar, duke qen\u00eb se ato nuk jan\u00eb shum\u00eb komerciale. \u201cUn\u00eb i fal\u00ebnderoj t\u00eb gjith\u00eb [&hellip;]<\/p>\n","protected":false},"author":1,"featured_media":0,"comment_status":"open","ping_status":"closed","sticky":false,"template":"","format":"standard","meta":{"spay_email":"","jetpack_publicize_message":"","jetpack_is_tweetstorm":false,"jetpack_publicize_feature_enabled":true},"categories":[1],"tags":[3201,200,18],"jetpack_publicize_connections":[],"yoast_head":"<!-- This site is optimized with the Yoast SEO plugin v19.1 - https:\/\/yoast.com\/wordpress\/plugins\/seo\/ -->\n<title>Hana Cakuli kthehet n\u00eb bionde - Lajme nga Ulqini<\/title>\n<meta name=\"description\" content=\"Bukuroshja nga Ulqini, Hana Cakuli shprehet shum\u00eb e k\u00ebnaqur me arritjet e saj n\u00eb fush\u00ebn muzikore. N\u00eb nj\u00eb intervist\u00eb p\u00ebr mediat, k\u00ebng\u00ebtarja e \u201cSimbol\u201d, ka\" \/>\n<meta name=\"robots\" content=\"index, follow, max-snippet:-1, max-image-preview:large, max-video-preview:-1\" \/>\n<link rel=\"canonical\" href=\"https:\/\/www.visit-ulcinj.com\/blog\/2010\/09\/11\/hana-cakuli-kthehet-ne-bionde\/\" \/>\n<meta property=\"og:locale\" content=\"en_US\" \/>\n<meta property=\"og:type\" content=\"article\" \/>\n<meta property=\"og:title\" content=\"Hana Cakuli kthehet n\u00eb bionde - Lajme nga Ulqini\" \/>\n<meta property=\"og:description\" content=\"Bukuroshja nga Ulqini, Hana Cakuli shprehet shum\u00eb e k\u00ebnaqur me arritjet e saj n\u00eb fush\u00ebn muzikore. N\u00eb nj\u00eb intervist\u00eb p\u00ebr mediat, k\u00ebng\u00ebtarja e \u201cSimbol\u201d, ka\" \/>\n<meta property=\"og:url\" content=\"https:\/\/www.visit-ulcinj.com\/blog\/2010\/09\/11\/hana-cakuli-kthehet-ne-bionde\/\" \/>\n<meta property=\"og:site_name\" content=\"Lajme nga Ulqini\" \/>\n<meta property=\"article:published_time\" content=\"2010-09-11T14:12:51+00:00\" \/>\n<meta property=\"article:modified_time\" content=\"2010-09-12T10:33:07+00:00\" \/>\n<meta property=\"og:image\" content=\"https:\/\/www.visit-ulcinj.com\/blog\/wp-content\/uploads\/2010\/09\/Hana-Cakuli-bionde-150x150.jpg\" \/>\n<meta name=\"twitter:label1\" content=\"Written by\" \/>\n\t<meta name=\"twitter:data1\" content=\"ulqini\" \/>\n\t<meta name=\"twitter:label2\" content=\"Est. reading time\" \/>\n\t<meta name=\"twitter:data2\" content=\"2 minutes\" \/>\n<script type=\"application\/ld+json\" class=\"yoast-schema-graph\">{\"@context\":\"https:\/\/schema.org\",\"@graph\":[{\"@type\":\"WebSite\",\"@id\":\"https:\/\/www.visit-ulcinj.com\/blog\/#website\",\"url\":\"https:\/\/www.visit-ulcinj.com\/blog\/\",\"name\":\"Lajme nga Ulqini\",\"description\":\"Lajme,Vijesti,Ulqini,Ulqin,Crna Gora,Mali i Zi\",\"potentialAction\":[{\"@type\":\"SearchAction\",\"target\":{\"@type\":\"EntryPoint\",\"urlTemplate\":\"https:\/\/www.visit-ulcinj.com\/blog\/?s={search_term_string}\"},\"query-input\":\"required name=search_term_string\"}],\"inLanguage\":\"en-US\"},{\"@type\":\"ImageObject\",\"inLanguage\":\"en-US\",\"@id\":\"https:\/\/www.visit-ulcinj.com\/blog\/2010\/09\/11\/hana-cakuli-kthehet-ne-bionde\/#primaryimage\",\"url\":\"https:\/\/www.visit-ulcinj.com\/blog\/wp-content\/uploads\/2010\/09\/Hana-Cakuli-bionde.jpg\",\"contentUrl\":\"https:\/\/www.visit-ulcinj.com\/blog\/wp-content\/uploads\/2010\/09\/Hana-Cakuli-bionde.jpg\",\"width\":\"540\",\"height\":\"720\"},{\"@type\":\"WebPage\",\"@id\":\"https:\/\/www.visit-ulcinj.com\/blog\/2010\/09\/11\/hana-cakuli-kthehet-ne-bionde\/#webpage\",\"url\":\"https:\/\/www.visit-ulcinj.com\/blog\/2010\/09\/11\/hana-cakuli-kthehet-ne-bionde\/\",\"name\":\"Hana Cakuli kthehet n\u00eb bionde - Lajme nga Ulqini\",\"isPartOf\":{\"@id\":\"https:\/\/www.visit-ulcinj.com\/blog\/#website\"},\"primaryImageOfPage\":{\"@id\":\"https:\/\/www.visit-ulcinj.com\/blog\/2010\/09\/11\/hana-cakuli-kthehet-ne-bionde\/#primaryimage\"},\"datePublished\":\"2010-09-11T14:12:51+00:00\",\"dateModified\":\"2010-09-12T10:33:07+00:00\",\"author\":{\"@id\":\"https:\/\/www.visit-ulcinj.com\/blog\/#\/schema\/person\/dcab619c614d3038751c63bc2aadc06d\"},\"description\":\"Bukuroshja nga Ulqini, Hana Cakuli shprehet shum\u00eb e k\u00ebnaqur me arritjet e saj n\u00eb fush\u00ebn muzikore. N\u00eb nj\u00eb intervist\u00eb p\u00ebr mediat, k\u00ebng\u00ebtarja e \u201cSimbol\u201d, ka\",\"breadcrumb\":{\"@id\":\"https:\/\/www.visit-ulcinj.com\/blog\/2010\/09\/11\/hana-cakuli-kthehet-ne-bionde\/#breadcrumb\"},\"inLanguage\":\"en-US\",\"potentialAction\":[{\"@type\":\"ReadAction\",\"target\":[\"https:\/\/www.visit-ulcinj.com\/blog\/2010\/09\/11\/hana-cakuli-kthehet-ne-bionde\/\"]}]},{\"@type\":\"BreadcrumbList\",\"@id\":\"https:\/\/www.visit-ulcinj.com\/blog\/2010\/09\/11\/hana-cakuli-kthehet-ne-bionde\/#breadcrumb\",\"itemListElement\":[{\"@type\":\"ListItem\",\"position\":1,\"name\":\"Hana Cakuli kthehet n\u00eb bionde\"}]},{\"@type\":\"Person\",\"@id\":\"https:\/\/www.visit-ulcinj.com\/blog\/#\/schema\/person\/dcab619c614d3038751c63bc2aadc06d\",\"name\":\"ulqini\",\"sameAs\":[\"http:\/\/www.visit-ulcinj.com\"],\"url\":\"https:\/\/www.visit-ulcinj.com\/blog\/author\/admin\/\"}]}<\/script>\n<!-- \/ Yoast SEO plugin. -->","yoast_head_json":{"title":"Hana Cakuli kthehet n\u00eb bionde - Lajme nga Ulqini","description":"Bukuroshja nga Ulqini, Hana Cakuli shprehet shum\u00eb e k\u00ebnaqur me arritjet e saj n\u00eb fush\u00ebn muzikore. N\u00eb nj\u00eb intervist\u00eb p\u00ebr mediat, k\u00ebng\u00ebtarja e \u201cSimbol\u201d, ka","robots":{"index":"index","follow":"follow","max-snippet":"max-snippet:-1","max-image-preview":"max-image-preview:large","max-video-preview":"max-video-preview:-1"},"canonical":"https:\/\/www.visit-ulcinj.com\/blog\/2010\/09\/11\/hana-cakuli-kthehet-ne-bionde\/","og_locale":"en_US","og_type":"article","og_title":"Hana Cakuli kthehet n\u00eb bionde - Lajme nga Ulqini","og_description":"Bukuroshja nga Ulqini, Hana Cakuli shprehet shum\u00eb e k\u00ebnaqur me arritjet e saj n\u00eb fush\u00ebn muzikore. N\u00eb nj\u00eb intervist\u00eb p\u00ebr mediat, k\u00ebng\u00ebtarja e \u201cSimbol\u201d, ka","og_url":"https:\/\/www.visit-ulcinj.com\/blog\/2010\/09\/11\/hana-cakuli-kthehet-ne-bionde\/","og_site_name":"Lajme nga Ulqini","article_published_time":"2010-09-11T14:12:51+00:00","article_modified_time":"2010-09-12T10:33:07+00:00","og_image":[{"url":"https:\/\/www.visit-ulcinj.com\/blog\/wp-content\/uploads\/2010\/09\/Hana-Cakuli-bionde-150x150.jpg"}],"twitter_misc":{"Written by":"ulqini","Est. reading time":"2 minutes"},"schema":{"@context":"https:\/\/schema.org","@graph":[{"@type":"WebSite","@id":"https:\/\/www.visit-ulcinj.com\/blog\/#website","url":"https:\/\/www.visit-ulcinj.com\/blog\/","name":"Lajme nga Ulqini","description":"Lajme,Vijesti,Ulqini,Ulqin,Crna Gora,Mali i Zi","potentialAction":[{"@type":"SearchAction","target":{"@type":"EntryPoint","urlTemplate":"https:\/\/www.visit-ulcinj.com\/blog\/?s={search_term_string}"},"query-input":"required name=search_term_string"}],"inLanguage":"en-US"},{"@type":"ImageObject","inLanguage":"en-US","@id":"https:\/\/www.visit-ulcinj.com\/blog\/2010\/09\/11\/hana-cakuli-kthehet-ne-bionde\/#primaryimage","url":"https:\/\/www.visit-ulcinj.com\/blog\/wp-content\/uploads\/2010\/09\/Hana-Cakuli-bionde.jpg","contentUrl":"https:\/\/www.visit-ulcinj.com\/blog\/wp-content\/uploads\/2010\/09\/Hana-Cakuli-bionde.jpg","width":"540","height":"720"},{"@type":"WebPage","@id":"https:\/\/www.visit-ulcinj.com\/blog\/2010\/09\/11\/hana-cakuli-kthehet-ne-bionde\/#webpage","url":"https:\/\/www.visit-ulcinj.com\/blog\/2010\/09\/11\/hana-cakuli-kthehet-ne-bionde\/","name":"Hana Cakuli kthehet n\u00eb bionde - Lajme nga Ulqini","isPartOf":{"@id":"https:\/\/www.visit-ulcinj.com\/blog\/#website"},"primaryImageOfPage":{"@id":"https:\/\/www.visit-ulcinj.com\/blog\/2010\/09\/11\/hana-cakuli-kthehet-ne-bionde\/#primaryimage"},"datePublished":"2010-09-11T14:12:51+00:00","dateModified":"2010-09-12T10:33:07+00:00","author":{"@id":"https:\/\/www.visit-ulcinj.com\/blog\/#\/schema\/person\/dcab619c614d3038751c63bc2aadc06d"},"description":"Bukuroshja nga Ulqini, Hana Cakuli shprehet shum\u00eb e k\u00ebnaqur me arritjet e saj n\u00eb fush\u00ebn muzikore. N\u00eb nj\u00eb intervist\u00eb p\u00ebr mediat, k\u00ebng\u00ebtarja e \u201cSimbol\u201d, ka","breadcrumb":{"@id":"https:\/\/www.visit-ulcinj.com\/blog\/2010\/09\/11\/hana-cakuli-kthehet-ne-bionde\/#breadcrumb"},"inLanguage":"en-US","potentialAction":[{"@type":"ReadAction","target":["https:\/\/www.visit-ulcinj.com\/blog\/2010\/09\/11\/hana-cakuli-kthehet-ne-bionde\/"]}]},{"@type":"BreadcrumbList","@id":"https:\/\/www.visit-ulcinj.com\/blog\/2010\/09\/11\/hana-cakuli-kthehet-ne-bionde\/#breadcrumb","itemListElement":[{"@type":"ListItem","position":1,"name":"Hana Cakuli kthehet n\u00eb bionde"}]},{"@type":"Person","@id":"https:\/\/www.visit-ulcinj.com\/blog\/#\/schema\/person\/dcab619c614d3038751c63bc2aadc06d","name":"ulqini","sameAs":["http:\/\/www.visit-ulcinj.com"],"url":"https:\/\/www.visit-ulcinj.com\/blog\/author\/admin\/"}]}},"jetpack_featured_media_url":"","jetpack_sharing_enabled":true,"jetpack_shortlink":"https:\/\/wp.me\/pe6lTn-9EA","_links":{"self":[{"href":"https:\/\/www.visit-ulcinj.com\/blog\/wp-json\/wp\/v2\/posts\/37112"}],"collection":[{"href":"https:\/\/www.visit-ulcinj.com\/blog\/wp-json\/wp\/v2\/posts"}],"about":[{"href":"https:\/\/www.visit-ulcinj.com\/blog\/wp-json\/wp\/v2\/types\/post"}],"author":[{"embeddable":true,"href":"https:\/\/www.visit-ulcinj.com\/blog\/wp-json\/wp\/v2\/users\/1"}],"replies":[{"embeddable":true,"href":"https:\/\/www.visit-ulcinj.com\/blog\/wp-json\/wp\/v2\/comments?post=37112"}],"version-history":[{"count":0,"href":"https:\/\/www.visit-ulcinj.com\/blog\/wp-json\/wp\/v2\/posts\/37112\/revisions"}],"wp:attachment":[{"href":"https:\/\/www.visit-ulcinj.com\/blog\/wp-json\/wp\/v2\/media?parent=37112"}],"wp:term":[{"taxonomy":"category","embeddable":true,"href":"https:\/\/www.visit-ulcinj.com\/blog\/wp-json\/wp\/v2\/categories?post=37112"},{"taxonomy":"post_tag","embeddable":true,"href":"https:\/\/www.visit-ulcinj.com\/blog\/wp-json\/wp\/v2\/tags?post=37112"}],"curies":[{"name":"wp","href":"https:\/\/api.w.org\/{rel}","templated":true}]}}