{"id":37130,"date":"2010-09-11T17:44:56","date_gmt":"2010-09-11T15:44:56","guid":{"rendered":"http:\/\/www.visit-ulcinj.com\/blog\/?p=37130"},"modified":"2010-09-16T22:00:00","modified_gmt":"2010-09-16T20:00:00","slug":"korab-shaqiri-veren-e-kaluar-ne-ulqin","status":"publish","type":"post","link":"https:\/\/www.visit-ulcinj.com\/blog\/2010\/09\/11\/korab-shaqiri-veren-e-kaluar-ne-ulqin\/","title":{"rendered":"Korab Shaqiri &#8211; Veren e Kaluar n\u00eb Ulqin&#8230;.."},"content":{"rendered":"<p><a href=\"http:\/\/www.visit-ulcinj.com\/blog\/wp-content\/uploads\/2010\/09\/Korab-Shaqiri.jpg\"><img loading=\"lazy\" class=\"alignleft size-full wp-image-37131\" title=\"Korab Shaqiri\" src=\"http:\/\/www.visit-ulcinj.com\/blog\/wp-content\/uploads\/2010\/09\/Korab-Shaqiri.jpg\" alt=\"\" width=\"490\" height=\"380\" \/><\/a>K\u00ebng\u00ebtari Korab Shaqiri, ka\u00a0 tre muaj q\u00eb promovoj\u00eb videoklipin e tij t\u00eb fundit \u201cVer\u00ebn e kaluar\u201d. Po ashtu, Korabi \u00ebsht\u00eb n\u00eb p\u00ebrgatitje t\u00eb albumit t\u00eb ri, i cili do t&#8217;i ket\u00eb 17 k\u00ebng\u00eb.<br \/>\nKorabi ka th\u00ebn\u00eb p\u00ebr Kosovapress se teksti i k\u00ebng\u00ebs s\u00eb videoklipit \u00ebsht\u00eb nj\u00eb ide e p\u00ebrbashk\u00ebt me babin e tij, Ilirin. Nd\u00ebrsa muzik\u00ebn dhe orkestrimin e ka b\u00ebr\u00eb Korabi.<br \/>\nAi shtoi se xhirimet e klipit jan\u00eb b\u00ebr\u00eb n\u00eb Ulqin dhe se ka dal nj\u00eb klip i bukur i realizuar nga kompania \u201cImedia\u201d, me t\u00eb cil\u00ebt ka dal i k\u00ebnaqur.<br \/>\n\u201cKjo \u00ebsht\u00eb nj\u00eb k\u00ebng\u00eb rinore, k\u00ebng\u00eb verore dhe ka nj\u00eb rit\u00ebm interesant, i cili besoj q\u00eb do t&#8217;i p\u00eblqej\u00eb t\u00eb gjith\u00ebve\u201d, ka th\u00ebn\u00eb Korabi.<br \/>\nKurse, sa i p\u00ebrket albumit, Korabi tha se ka mbaruar 17 k\u00ebng\u00eb, por paraprakisht d\u00ebshiron q\u00eb brenda k\u00ebtij viti t&#8217;i realizoj\u00eb tri apo kat\u00ebr klipe dhe pastaj t\u00eb nxjerr\u00eb albumin.<br \/>\nN\u00eb album pritet t\u00eb jen\u00eb tri hitet e tij t\u00eb k\u00ebnduara m\u00eb par\u00eb, kurse t\u00eb tjerat do t\u00eb jen\u00eb t\u00eb reja.<br \/>\nKorabi p\u00ebrve\u00e7 krijimeve t\u00eb tij, \u00ebsht\u00eb duke kompozuar edhe k\u00ebng\u00eb p\u00ebr k\u00ebng\u00ebtar\u00eb tjer\u00eb, nd\u00ebrsa nj\u00eb k\u00ebng\u00eb q\u00eb e ka b\u00ebr\u00eb p\u00ebr Nexhat Osmanin, p\u00ebr mendimin e tij do t\u00eb jet\u00eb nj\u00eb hit i v\u00ebrtet\u00eb.<br \/>\nVe\u00e7 muzik\u00ebs, k\u00ebng\u00ebtari nuk i ka l\u00ebn\u00eb anash as studimet e tij postdiplomike, ku \u00ebsht\u00eb duke vijuar vitin e par\u00eb t\u00eb magjistratur\u00ebs n\u00eb Tiran\u00eb p\u00ebr kompozim, ku shpreson se do t\u00eb arrij\u00eb rezultate t\u00eb mira.<\/p>\n<p><strong>Kosovapress<br \/>\n<!--YouTube Error: bad URL entered--><\/strong><\/p>\n","protected":false},"excerpt":{"rendered":"<p>K\u00ebng\u00ebtari Korab Shaqiri, ka\u00a0 tre muaj q\u00eb promovoj\u00eb videoklipin e tij t\u00eb fundit \u201cVer\u00ebn e kaluar\u201d. Po ashtu, Korabi \u00ebsht\u00eb n\u00eb p\u00ebrgatitje t\u00eb albumit t\u00eb ri, i cili do t&#8217;i ket\u00eb 17 k\u00ebng\u00eb. Korabi ka th\u00ebn\u00eb p\u00ebr Kosovapress se teksti i k\u00ebng\u00ebs s\u00eb videoklipit \u00ebsht\u00eb nj\u00eb ide e p\u00ebrbashk\u00ebt me babin e tij, Ilirin. Nd\u00ebrsa [&hellip;]<\/p>\n","protected":false},"author":1,"featured_media":0,"comment_status":"open","ping_status":"closed","sticky":false,"template":"","format":"standard","meta":{"spay_email":"","jetpack_publicize_message":"","jetpack_is_tweetstorm":false,"jetpack_publicize_feature_enabled":true},"categories":[1],"tags":[12215,49,2306,200,18],"jetpack_publicize_connections":[],"yoast_head":"<!-- This site is optimized with the Yoast SEO plugin v19.1 - https:\/\/yoast.com\/wordpress\/plugins\/seo\/ -->\n<title>Korab Shaqiri - Veren e Kaluar n\u00eb Ulqin..... - Lajme nga Ulqini<\/title>\n<meta name=\"description\" content=\"K\u00ebng\u00ebtari Korab Shaqiri, ka\u00a0 tre muaj q\u00eb promovoj\u00eb videoklipin e tij t\u00eb fundit \u201cVer\u00ebn e kaluar\u201d. Po ashtu, Korabi \u00ebsht\u00eb n\u00eb p\u00ebrgatitje t\u00eb albumit t\u00eb ri, i\" \/>\n<meta name=\"robots\" content=\"index, follow, max-snippet:-1, max-image-preview:large, max-video-preview:-1\" \/>\n<link rel=\"canonical\" href=\"https:\/\/www.visit-ulcinj.com\/blog\/2010\/09\/11\/korab-shaqiri-veren-e-kaluar-ne-ulqin\/\" \/>\n<meta property=\"og:locale\" content=\"en_US\" \/>\n<meta property=\"og:type\" content=\"article\" \/>\n<meta property=\"og:title\" content=\"Korab Shaqiri - Veren e Kaluar n\u00eb Ulqin..... - Lajme nga Ulqini\" \/>\n<meta property=\"og:description\" content=\"K\u00ebng\u00ebtari Korab Shaqiri, ka\u00a0 tre muaj q\u00eb promovoj\u00eb videoklipin e tij t\u00eb fundit \u201cVer\u00ebn e kaluar\u201d. Po ashtu, Korabi \u00ebsht\u00eb n\u00eb p\u00ebrgatitje t\u00eb albumit t\u00eb ri, i\" \/>\n<meta property=\"og:url\" content=\"https:\/\/www.visit-ulcinj.com\/blog\/2010\/09\/11\/korab-shaqiri-veren-e-kaluar-ne-ulqin\/\" \/>\n<meta property=\"og:site_name\" content=\"Lajme nga Ulqini\" \/>\n<meta property=\"article:published_time\" content=\"2010-09-11T15:44:56+00:00\" \/>\n<meta property=\"article:modified_time\" content=\"2010-09-16T20:00:00+00:00\" \/>\n<meta property=\"og:image\" content=\"http:\/\/www.visit-ulcinj.com\/blog\/wp-content\/uploads\/2010\/09\/Korab-Shaqiri.jpg\" \/>\n<meta name=\"twitter:label1\" content=\"Written by\" \/>\n\t<meta name=\"twitter:data1\" content=\"ulqini\" \/>\n\t<meta name=\"twitter:label2\" content=\"Est. reading time\" \/>\n\t<meta name=\"twitter:data2\" content=\"1 minute\" \/>\n<script type=\"application\/ld+json\" class=\"yoast-schema-graph\">{\"@context\":\"https:\/\/schema.org\",\"@graph\":[{\"@type\":\"WebSite\",\"@id\":\"https:\/\/www.visit-ulcinj.com\/blog\/#website\",\"url\":\"https:\/\/www.visit-ulcinj.com\/blog\/\",\"name\":\"Lajme nga Ulqini\",\"description\":\"Lajme,Vijesti,Ulqini,Ulqin,Crna Gora,Mali i Zi\",\"potentialAction\":[{\"@type\":\"SearchAction\",\"target\":{\"@type\":\"EntryPoint\",\"urlTemplate\":\"https:\/\/www.visit-ulcinj.com\/blog\/?s={search_term_string}\"},\"query-input\":\"required name=search_term_string\"}],\"inLanguage\":\"en-US\"},{\"@type\":\"ImageObject\",\"inLanguage\":\"en-US\",\"@id\":\"https:\/\/www.visit-ulcinj.com\/blog\/2010\/09\/11\/korab-shaqiri-veren-e-kaluar-ne-ulqin\/#primaryimage\",\"url\":\"https:\/\/www.visit-ulcinj.com\/blog\/wp-content\/uploads\/2010\/09\/Korab-Shaqiri.jpg\",\"contentUrl\":\"https:\/\/www.visit-ulcinj.com\/blog\/wp-content\/uploads\/2010\/09\/Korab-Shaqiri.jpg\",\"width\":\"600\",\"height\":\"450\"},{\"@type\":\"WebPage\",\"@id\":\"https:\/\/www.visit-ulcinj.com\/blog\/2010\/09\/11\/korab-shaqiri-veren-e-kaluar-ne-ulqin\/#webpage\",\"url\":\"https:\/\/www.visit-ulcinj.com\/blog\/2010\/09\/11\/korab-shaqiri-veren-e-kaluar-ne-ulqin\/\",\"name\":\"Korab Shaqiri - Veren e Kaluar n\u00eb Ulqin..... - Lajme nga Ulqini\",\"isPartOf\":{\"@id\":\"https:\/\/www.visit-ulcinj.com\/blog\/#website\"},\"primaryImageOfPage\":{\"@id\":\"https:\/\/www.visit-ulcinj.com\/blog\/2010\/09\/11\/korab-shaqiri-veren-e-kaluar-ne-ulqin\/#primaryimage\"},\"datePublished\":\"2010-09-11T15:44:56+00:00\",\"dateModified\":\"2010-09-16T20:00:00+00:00\",\"author\":{\"@id\":\"https:\/\/www.visit-ulcinj.com\/blog\/#\/schema\/person\/dcab619c614d3038751c63bc2aadc06d\"},\"description\":\"K\u00ebng\u00ebtari Korab Shaqiri, ka\u00a0 tre muaj q\u00eb promovoj\u00eb videoklipin e tij t\u00eb fundit \u201cVer\u00ebn e kaluar\u201d. Po ashtu, Korabi \u00ebsht\u00eb n\u00eb p\u00ebrgatitje t\u00eb albumit t\u00eb ri, i\",\"breadcrumb\":{\"@id\":\"https:\/\/www.visit-ulcinj.com\/blog\/2010\/09\/11\/korab-shaqiri-veren-e-kaluar-ne-ulqin\/#breadcrumb\"},\"inLanguage\":\"en-US\",\"potentialAction\":[{\"@type\":\"ReadAction\",\"target\":[\"https:\/\/www.visit-ulcinj.com\/blog\/2010\/09\/11\/korab-shaqiri-veren-e-kaluar-ne-ulqin\/\"]}]},{\"@type\":\"BreadcrumbList\",\"@id\":\"https:\/\/www.visit-ulcinj.com\/blog\/2010\/09\/11\/korab-shaqiri-veren-e-kaluar-ne-ulqin\/#breadcrumb\",\"itemListElement\":[{\"@type\":\"ListItem\",\"position\":1,\"name\":\"Korab Shaqiri &#8211; Veren e Kaluar n\u00eb Ulqin&#8230;..\"}]},{\"@type\":\"Person\",\"@id\":\"https:\/\/www.visit-ulcinj.com\/blog\/#\/schema\/person\/dcab619c614d3038751c63bc2aadc06d\",\"name\":\"ulqini\",\"sameAs\":[\"http:\/\/www.visit-ulcinj.com\"],\"url\":\"https:\/\/www.visit-ulcinj.com\/blog\/author\/admin\/\"}]}<\/script>\n<!-- \/ Yoast SEO plugin. -->","yoast_head_json":{"title":"Korab Shaqiri - Veren e Kaluar n\u00eb Ulqin..... - Lajme nga Ulqini","description":"K\u00ebng\u00ebtari Korab Shaqiri, ka\u00a0 tre muaj q\u00eb promovoj\u00eb videoklipin e tij t\u00eb fundit \u201cVer\u00ebn e kaluar\u201d. Po ashtu, Korabi \u00ebsht\u00eb n\u00eb p\u00ebrgatitje t\u00eb albumit t\u00eb ri, i","robots":{"index":"index","follow":"follow","max-snippet":"max-snippet:-1","max-image-preview":"max-image-preview:large","max-video-preview":"max-video-preview:-1"},"canonical":"https:\/\/www.visit-ulcinj.com\/blog\/2010\/09\/11\/korab-shaqiri-veren-e-kaluar-ne-ulqin\/","og_locale":"en_US","og_type":"article","og_title":"Korab Shaqiri - Veren e Kaluar n\u00eb Ulqin..... - Lajme nga Ulqini","og_description":"K\u00ebng\u00ebtari Korab Shaqiri, ka\u00a0 tre muaj q\u00eb promovoj\u00eb videoklipin e tij t\u00eb fundit \u201cVer\u00ebn e kaluar\u201d. Po ashtu, Korabi \u00ebsht\u00eb n\u00eb p\u00ebrgatitje t\u00eb albumit t\u00eb ri, i","og_url":"https:\/\/www.visit-ulcinj.com\/blog\/2010\/09\/11\/korab-shaqiri-veren-e-kaluar-ne-ulqin\/","og_site_name":"Lajme nga Ulqini","article_published_time":"2010-09-11T15:44:56+00:00","article_modified_time":"2010-09-16T20:00:00+00:00","og_image":[{"url":"http:\/\/www.visit-ulcinj.com\/blog\/wp-content\/uploads\/2010\/09\/Korab-Shaqiri.jpg"}],"twitter_misc":{"Written by":"ulqini","Est. reading time":"1 minute"},"schema":{"@context":"https:\/\/schema.org","@graph":[{"@type":"WebSite","@id":"https:\/\/www.visit-ulcinj.com\/blog\/#website","url":"https:\/\/www.visit-ulcinj.com\/blog\/","name":"Lajme nga Ulqini","description":"Lajme,Vijesti,Ulqini,Ulqin,Crna Gora,Mali i Zi","potentialAction":[{"@type":"SearchAction","target":{"@type":"EntryPoint","urlTemplate":"https:\/\/www.visit-ulcinj.com\/blog\/?s={search_term_string}"},"query-input":"required name=search_term_string"}],"inLanguage":"en-US"},{"@type":"ImageObject","inLanguage":"en-US","@id":"https:\/\/www.visit-ulcinj.com\/blog\/2010\/09\/11\/korab-shaqiri-veren-e-kaluar-ne-ulqin\/#primaryimage","url":"https:\/\/www.visit-ulcinj.com\/blog\/wp-content\/uploads\/2010\/09\/Korab-Shaqiri.jpg","contentUrl":"https:\/\/www.visit-ulcinj.com\/blog\/wp-content\/uploads\/2010\/09\/Korab-Shaqiri.jpg","width":"600","height":"450"},{"@type":"WebPage","@id":"https:\/\/www.visit-ulcinj.com\/blog\/2010\/09\/11\/korab-shaqiri-veren-e-kaluar-ne-ulqin\/#webpage","url":"https:\/\/www.visit-ulcinj.com\/blog\/2010\/09\/11\/korab-shaqiri-veren-e-kaluar-ne-ulqin\/","name":"Korab Shaqiri - Veren e Kaluar n\u00eb Ulqin..... - Lajme nga Ulqini","isPartOf":{"@id":"https:\/\/www.visit-ulcinj.com\/blog\/#website"},"primaryImageOfPage":{"@id":"https:\/\/www.visit-ulcinj.com\/blog\/2010\/09\/11\/korab-shaqiri-veren-e-kaluar-ne-ulqin\/#primaryimage"},"datePublished":"2010-09-11T15:44:56+00:00","dateModified":"2010-09-16T20:00:00+00:00","author":{"@id":"https:\/\/www.visit-ulcinj.com\/blog\/#\/schema\/person\/dcab619c614d3038751c63bc2aadc06d"},"description":"K\u00ebng\u00ebtari Korab Shaqiri, ka\u00a0 tre muaj q\u00eb promovoj\u00eb videoklipin e tij t\u00eb fundit \u201cVer\u00ebn e kaluar\u201d. Po ashtu, Korabi \u00ebsht\u00eb n\u00eb p\u00ebrgatitje t\u00eb albumit t\u00eb ri, i","breadcrumb":{"@id":"https:\/\/www.visit-ulcinj.com\/blog\/2010\/09\/11\/korab-shaqiri-veren-e-kaluar-ne-ulqin\/#breadcrumb"},"inLanguage":"en-US","potentialAction":[{"@type":"ReadAction","target":["https:\/\/www.visit-ulcinj.com\/blog\/2010\/09\/11\/korab-shaqiri-veren-e-kaluar-ne-ulqin\/"]}]},{"@type":"BreadcrumbList","@id":"https:\/\/www.visit-ulcinj.com\/blog\/2010\/09\/11\/korab-shaqiri-veren-e-kaluar-ne-ulqin\/#breadcrumb","itemListElement":[{"@type":"ListItem","position":1,"name":"Korab Shaqiri &#8211; Veren e Kaluar n\u00eb Ulqin&#8230;.."}]},{"@type":"Person","@id":"https:\/\/www.visit-ulcinj.com\/blog\/#\/schema\/person\/dcab619c614d3038751c63bc2aadc06d","name":"ulqini","sameAs":["http:\/\/www.visit-ulcinj.com"],"url":"https:\/\/www.visit-ulcinj.com\/blog\/author\/admin\/"}]}},"jetpack_featured_media_url":"","jetpack_sharing_enabled":true,"jetpack_shortlink":"https:\/\/wp.me\/pe6lTn-9ES","_links":{"self":[{"href":"https:\/\/www.visit-ulcinj.com\/blog\/wp-json\/wp\/v2\/posts\/37130"}],"collection":[{"href":"https:\/\/www.visit-ulcinj.com\/blog\/wp-json\/wp\/v2\/posts"}],"about":[{"href":"https:\/\/www.visit-ulcinj.com\/blog\/wp-json\/wp\/v2\/types\/post"}],"author":[{"embeddable":true,"href":"https:\/\/www.visit-ulcinj.com\/blog\/wp-json\/wp\/v2\/users\/1"}],"replies":[{"embeddable":true,"href":"https:\/\/www.visit-ulcinj.com\/blog\/wp-json\/wp\/v2\/comments?post=37130"}],"version-history":[{"count":0,"href":"https:\/\/www.visit-ulcinj.com\/blog\/wp-json\/wp\/v2\/posts\/37130\/revisions"}],"wp:attachment":[{"href":"https:\/\/www.visit-ulcinj.com\/blog\/wp-json\/wp\/v2\/media?parent=37130"}],"wp:term":[{"taxonomy":"category","embeddable":true,"href":"https:\/\/www.visit-ulcinj.com\/blog\/wp-json\/wp\/v2\/categories?post=37130"},{"taxonomy":"post_tag","embeddable":true,"href":"https:\/\/www.visit-ulcinj.com\/blog\/wp-json\/wp\/v2\/tags?post=37130"}],"curies":[{"name":"wp","href":"https:\/\/api.w.org\/{rel}","templated":true}]}}