{"id":37141,"date":"2010-09-12T11:14:26","date_gmt":"2010-09-12T09:14:26","guid":{"rendered":"http:\/\/www.visit-ulcinj.com\/blog\/?p=37141"},"modified":"2010-10-05T13:19:04","modified_gmt":"2010-10-05T11:19:04","slug":"koalicioni-bardhicungu-holli-ne-ulqinbisedimet-ne-shkoder","status":"publish","type":"post","link":"https:\/\/www.visit-ulcinj.com\/blog\/2010\/09\/12\/koalicioni-bardhicungu-holli-ne-ulqinbisedimet-ne-shkoder\/","title":{"rendered":"Koalicioni Bardhi,Cungu &#038; Holli n\u00eb Ulqin,bisedimet n\u00eb Shkoder"},"content":{"rendered":"<p><strong><a href=\"http:\/\/www.visit-ulcinj.com\/blog\/wp-content\/uploads\/2010\/09\/KOALICIONI-SHQIPTAR-ULQINAK.jpg\"><img loading=\"lazy\" class=\"alignleft size-full wp-image-37018\" title=\"KOALICIONI SHQIPTAR ULQINAK\" src=\"http:\/\/www.visit-ulcinj.com\/blog\/wp-content\/uploads\/2010\/09\/KOALICIONI-SHQIPTAR-ULQINAK.jpg\" alt=\"\" width=\"490\" height=\"520\" \/><\/a>Ulqini m\u00eb 17 tetor do t\u00eb dal\u00eb n\u00eb votime p\u00ebr parlamentin e ardhsh\u00ebm vendor<\/strong><br \/>\nK\u00ebshilli Qendror i Forc\u00ebs s\u00eb Re Demokratike &#8211; Forca n\u00eb mbledhjen e mbajtur\u00a0 fundjav\u00ebn q\u00eb lam\u00eb pas\u00a0 ka vendosur q\u00eb ky subjekt politik t\u00eb dal\u00eb me list\u00eb t\u00eb p\u00ebrbashk\u00ebt (Forca, Lidhja Demokratike dhe Perspektiva )n\u00eb zgjedhjet lokale n\u00eb Ulqin ku ende nuk ka vendim p\u00ebrfundimtar nga asnj\u00ebra parti shqiptare.<br \/>\nLider\u00ebt e partive opozitare shqiptare jan\u00eb takuar n\u00eb Shkod\u00ebr p\u00ebr t\u00eb biseduar rreth mund\u00ebsis\u00eb s\u00eb krijimit t\u00eb nj\u00eb koalicioni p\u00ebr zgjedhjet e tetorit. Takimi nuk ka qen\u00eb i paralajm\u00ebruar, dhe as nuk \u00ebsht\u00eb arritur nj\u00eb vendim p\u00ebrfundimtar, por duket se partit\u00eb Forca, Lidhja Demokratike dhe Perspektiva, do t\u00eb dalin n\u00eb zgjedhje me list\u00eb t\u00eb p\u00ebrbashk\u00ebt.<br \/>\nKryteari i k\u00ebsaj parti politike parlamentare, Nazif Cungu , thot\u00eb se n\u00eb baz\u00eb\u00a0 t\u00eb informatave\u00a0 q\u00eb poesdojn\u00eb\u00a0 kan\u00eb rritje t\u00eb dukshme t\u00eb an\u00ebtar\u00ebve dhe simpatizuesve dhe se dalja si subjekt i me list\u00eb t\u00eb p\u00ebrbashk\u00ebt (Forca, Lidhja Demokratike dhe Perspektiva )n\u00eb zgjedhjet e ardhshme siguron rezultate t\u00eb p\u00ebrfaq\u00ebsimit n\u00eb parlamentin lokal t\u00eb Ulqinit. Cungu megjithat\u00eb nuk p\u00ebrjashton mund\u00ebsin\u00eb\u00a0 e formimit t\u00eb\u00a0 nj\u00eb kolacioni me list\u00eb t\u00eb p\u00ebrbashk\u00ebt (Forca, Lidhja Demokratike dhe Perspektiva )me partit\u00eb politke shqiptare. Ai pohon se\u00a0 n\u00eb rast qe partit\u00eb\u00a0 nacionale shqiptare, propozojn\u00eb ofert\u00eb p\u00ebr koalicione parazgjedhore m\u00eb t\u00eb gjere, ato mund t\u00eb shqyrtohen edhe nj\u00eb\u00a0 her\u00eb n\u00eb K\u00ebshillin Qendror, n\u00eb rast se ato\u00a0 jan\u00eb n\u00eb p\u00ebrputhje me programin e Forc\u00ebs.<br \/>\nLidhja Demokratike n\u00eb Mal t\u00eb Zi \u00ebsht\u00eb duke u p\u00ebrgatitur p\u00ebr zgjedhjet e ardhshme lokale n\u00eb Ulqin t\u00eb dalin e pavarur me list\u00eb t\u00eb ve\u00e7ant\u00eb, edhe pse ajo \u00ebsht\u00eb e hapur p\u00ebr diskutim me opozit\u00ebn q\u00eb t\u00eb garojn\u00eb s\u00eb bashku por me kushte t\u00eb caktuara, ka kumtuar sot Mehmet Bardhi, lideri i partis\u00eb n\u00eb fjal\u00eb.<br \/>\nLidhja Demokratike nuk ka pasur ndonj\u00eb rezultat t\u00eb mir\u00eb n\u00eb raundin e par\u00eb t\u00eb zgjedhjeve n\u00eb Ulqin, megjithat\u00eb do t\u00eb vazhdoj\u00eb me organizim dhe veprim politik p\u00ebr zgjedhjet e 17 tetorit. Ai ka shtuar se LD n\u00eb MZ n\u00eb Ulqin \u00ebsht\u00eb e organizuar n\u00eb nivel t\u00eb degave, k\u00ebto organe kan\u00eb mbajtur nj\u00eb takim ku \u00e7do kush ka marr\u00eb obligimet dhe detyrat e veta partiake.<br \/>\nI kemi marr\u00eb t\u00eb gjitha obligimet dhe jemi t\u00eb p\u00ebrgatitur sikur t\u00eb dalim vet\u00eb n\u00eb zgjedhje por ne jemi k\u00ebtu p\u00ebr tu p\u00ebrpjekur t\u00eb folur me opozit\u00ebn dhe partit\u00eb tjera t\u00eb ngjajshme.<br \/>\nJemi t\u00eb mendimit se duhet formuar nj\u00eb koalicion t\u00eb gj\u00ebr\u00eb p\u00ebr t\u00eb marr\u00eb rezultate t\u00eb mira ,p\u00ebr t\u00eb arritur t\u00eb largojm\u00eb nga pushteti ata t\u00eb cil\u00ebt i kan\u00eb humbur besimin e votuesve.<br \/>\nBardhi ka th\u00ebn\u00eb se ka fituar ftes\u00eb nga Forca e Re Demokratike Forca p\u00ebr t\u00eb biseduar,duke shtuar se sot duhet t\u00eb mbahet takimi I par\u00eb ku do t\u00eb ishte diskutuar p\u00ebr zgjedhjet e ardhshme lokale .<br \/>\nDuke folur p\u00ebr platform\u00ebn nga partit\u00eb e opozit\u00ebs q\u00eb e ka d\u00ebrguar n\u00ebnkryetari I L\u00ebvizjes p\u00ebr Ndryshime Branko Radulloviq ,Bardhi tha se me p\u00ebrmbajtjen e k\u00ebsaj platform \u00ebsht\u00eb njohftuar p\u00ebrmes mediave.<br \/>\nT\u00eb gjith\u00eb e kan\u00eb t\u00eb qart\u00eb se askush vet\u00eb nuk mund ta marr\u00eb pushtetin.<br \/>\nBardhi ka th\u00ebn\u00eb se \u00ebsht\u00eb i hapur p\u00ebr bisedime edhe me partit\u00eb n\u00eb pushtet, por me kusht q\u00eb t\u00eb hatrohet nj\u00eb platform\u00eb e cila kishte n\u00ebnkuptuar nj\u00eb status m\u00eb t\u00eb mire t\u00eb shqiptar\u00ebve n\u00eb Mal t\u00eb Zi.<br \/>\nLideri i Lidhjes Demokratike tha se n\u00eb k\u00ebto zgjedhje do ket\u00eb nj\u00eb qasje tjet\u00ebr n\u00eb fushat\u00eb,p\u00ebr shkak t\u00eb munges\u00ebs s\u00eb mjeteve.Komuna e Ulqinit nuk i ka paguar partive politike n\u00eb komun\u00ebn e Ulqinit pjes\u00ebn q\u00eb \u00ebsht\u00eb e obliguar ti paguaj nga buxheti,por edhe nga buxhet parlamentar \u00ebsht\u00eb zvogluar buxheti q\u00eb i dedikohen partive parlamentare.<\/p>\n<p>Edhe deputeti i Koalicionit shqiptar \u201dPerspektiva\u201d Amir Hollaj \u00ebsht\u00eb deklaruar se mbeten t\u00eb hapur p\u00ebr bisedime me t\u00eb gjitha subjektet nacionale politke shqiptare p\u00ebr formimin e koalicioneve t\u00eb p\u00ebrbashk\u00ebta n\u00eb zgjedhjet lokale n\u00eb Ulqin me 17 tetor 2010.<br \/>\n<!--YouTube Error: bad URL entered--><br \/>\n<a name=\"pd_a_3816709\"><\/a>\n<div class=\"CSS_Poll PDS_Poll\" id=\"PDI_container3816709\" style=\"display:inline-block;\"><\/div>\n<div id=\"PD_superContainer\"><\/div>\n<script type=\"text\/javascript\" charset=\"UTF-8\" src=\"\/\/static.polldaddy.com\/p\/3816709.js\"><\/script>\n<noscript><a href=\"https:\/\/poll.fm\/3816709\">Take Our Poll<\/a><\/noscript><\/p>\n<p><strong><br \/>\n<\/strong><\/p>\n","protected":false},"excerpt":{"rendered":"<p>Ulqini m\u00eb 17 tetor do t\u00eb dal\u00eb n\u00eb votime p\u00ebr parlamentin e ardhsh\u00ebm vendor K\u00ebshilli Qendror i Forc\u00ebs s\u00eb Re Demokratike &#8211; Forca n\u00eb mbledhjen e mbajtur\u00a0 fundjav\u00ebn q\u00eb lam\u00eb pas\u00a0 ka vendosur q\u00eb ky subjekt politik t\u00eb dal\u00eb me list\u00eb t\u00eb p\u00ebrbashk\u00ebt (Forca, Lidhja Demokratike dhe Perspektiva )n\u00eb zgjedhjet lokale n\u00eb Ulqin ku ende [&hellip;]<\/p>\n","protected":false},"author":1,"featured_media":0,"comment_status":"open","ping_status":"closed","sticky":false,"template":"","format":"standard","meta":{"spay_email":"","jetpack_publicize_message":"","jetpack_is_tweetstorm":false,"jetpack_publicize_feature_enabled":true},"categories":[6],"tags":[1303,15342,117,15341,7363,347,118,11734,13461],"jetpack_publicize_connections":[],"yoast_head":"<!-- This site is optimized with the Yoast SEO plugin v19.1 - https:\/\/yoast.com\/wordpress\/plugins\/seo\/ -->\n<title>Koalicioni Bardhi,Cungu &amp; Holli n\u00eb Ulqin,bisedimet n\u00eb Shkoder - Lajme nga Ulqini<\/title>\n<meta name=\"description\" content=\"Ulqini m\u00eb 17 tetor do t\u00eb dal\u00eb n\u00eb votime p\u00ebr parlamentin e ardhsh\u00ebm vendor K\u00ebshilli Qendror i Forc\u00ebs s\u00eb Re Demokratike - Forca n\u00eb mbledhjen e mbajtur\u00a0\" \/>\n<meta name=\"robots\" content=\"index, follow, max-snippet:-1, max-image-preview:large, max-video-preview:-1\" \/>\n<link rel=\"canonical\" href=\"https:\/\/www.visit-ulcinj.com\/blog\/2010\/09\/12\/koalicioni-bardhicungu-holli-ne-ulqinbisedimet-ne-shkoder\/\" \/>\n<meta property=\"og:locale\" content=\"en_US\" \/>\n<meta property=\"og:type\" content=\"article\" \/>\n<meta property=\"og:title\" content=\"Koalicioni Bardhi,Cungu &amp; Holli n\u00eb Ulqin,bisedimet n\u00eb Shkoder - Lajme nga Ulqini\" \/>\n<meta property=\"og:description\" content=\"Ulqini m\u00eb 17 tetor do t\u00eb dal\u00eb n\u00eb votime p\u00ebr parlamentin e ardhsh\u00ebm vendor K\u00ebshilli Qendror i Forc\u00ebs s\u00eb Re Demokratike - Forca n\u00eb mbledhjen e mbajtur\u00a0\" \/>\n<meta property=\"og:url\" content=\"https:\/\/www.visit-ulcinj.com\/blog\/2010\/09\/12\/koalicioni-bardhicungu-holli-ne-ulqinbisedimet-ne-shkoder\/\" \/>\n<meta property=\"og:site_name\" content=\"Lajme nga Ulqini\" \/>\n<meta property=\"article:published_time\" content=\"2010-09-12T09:14:26+00:00\" \/>\n<meta property=\"article:modified_time\" content=\"2010-10-05T11:19:04+00:00\" \/>\n<meta property=\"og:image\" content=\"http:\/\/www.visit-ulcinj.com\/blog\/wp-content\/uploads\/2010\/09\/KOALICIONI-SHQIPTAR-ULQINAK.jpg\" \/>\n<meta name=\"twitter:label1\" content=\"Written by\" \/>\n\t<meta name=\"twitter:data1\" content=\"ulqini\" \/>\n\t<meta name=\"twitter:label2\" content=\"Est. reading time\" \/>\n\t<meta name=\"twitter:data2\" content=\"4 minutes\" \/>\n<script type=\"application\/ld+json\" class=\"yoast-schema-graph\">{\"@context\":\"https:\/\/schema.org\",\"@graph\":[{\"@type\":\"WebSite\",\"@id\":\"https:\/\/www.visit-ulcinj.com\/blog\/#website\",\"url\":\"https:\/\/www.visit-ulcinj.com\/blog\/\",\"name\":\"Lajme nga Ulqini\",\"description\":\"Lajme,Vijesti,Ulqini,Ulqin,Crna Gora,Mali i Zi\",\"potentialAction\":[{\"@type\":\"SearchAction\",\"target\":{\"@type\":\"EntryPoint\",\"urlTemplate\":\"https:\/\/www.visit-ulcinj.com\/blog\/?s={search_term_string}\"},\"query-input\":\"required name=search_term_string\"}],\"inLanguage\":\"en-US\"},{\"@type\":\"ImageObject\",\"inLanguage\":\"en-US\",\"@id\":\"https:\/\/www.visit-ulcinj.com\/blog\/2010\/09\/12\/koalicioni-bardhicungu-holli-ne-ulqinbisedimet-ne-shkoder\/#primaryimage\",\"url\":\"https:\/\/www.visit-ulcinj.com\/blog\/wp-content\/uploads\/2010\/09\/KOALICIONI-SHQIPTAR-ULQINAK.jpg\",\"contentUrl\":\"https:\/\/www.visit-ulcinj.com\/blog\/wp-content\/uploads\/2010\/09\/KOALICIONI-SHQIPTAR-ULQINAK.jpg\",\"width\":\"750\",\"height\":\"817\"},{\"@type\":\"WebPage\",\"@id\":\"https:\/\/www.visit-ulcinj.com\/blog\/2010\/09\/12\/koalicioni-bardhicungu-holli-ne-ulqinbisedimet-ne-shkoder\/#webpage\",\"url\":\"https:\/\/www.visit-ulcinj.com\/blog\/2010\/09\/12\/koalicioni-bardhicungu-holli-ne-ulqinbisedimet-ne-shkoder\/\",\"name\":\"Koalicioni Bardhi,Cungu & Holli n\u00eb Ulqin,bisedimet n\u00eb Shkoder - Lajme nga Ulqini\",\"isPartOf\":{\"@id\":\"https:\/\/www.visit-ulcinj.com\/blog\/#website\"},\"primaryImageOfPage\":{\"@id\":\"https:\/\/www.visit-ulcinj.com\/blog\/2010\/09\/12\/koalicioni-bardhicungu-holli-ne-ulqinbisedimet-ne-shkoder\/#primaryimage\"},\"datePublished\":\"2010-09-12T09:14:26+00:00\",\"dateModified\":\"2010-10-05T11:19:04+00:00\",\"author\":{\"@id\":\"https:\/\/www.visit-ulcinj.com\/blog\/#\/schema\/person\/dcab619c614d3038751c63bc2aadc06d\"},\"description\":\"Ulqini m\u00eb 17 tetor do t\u00eb dal\u00eb n\u00eb votime p\u00ebr parlamentin e ardhsh\u00ebm vendor K\u00ebshilli Qendror i Forc\u00ebs s\u00eb Re Demokratike - Forca n\u00eb mbledhjen e mbajtur\u00a0\",\"breadcrumb\":{\"@id\":\"https:\/\/www.visit-ulcinj.com\/blog\/2010\/09\/12\/koalicioni-bardhicungu-holli-ne-ulqinbisedimet-ne-shkoder\/#breadcrumb\"},\"inLanguage\":\"en-US\",\"potentialAction\":[{\"@type\":\"ReadAction\",\"target\":[\"https:\/\/www.visit-ulcinj.com\/blog\/2010\/09\/12\/koalicioni-bardhicungu-holli-ne-ulqinbisedimet-ne-shkoder\/\"]}]},{\"@type\":\"BreadcrumbList\",\"@id\":\"https:\/\/www.visit-ulcinj.com\/blog\/2010\/09\/12\/koalicioni-bardhicungu-holli-ne-ulqinbisedimet-ne-shkoder\/#breadcrumb\",\"itemListElement\":[{\"@type\":\"ListItem\",\"position\":1,\"name\":\"Koalicioni Bardhi,Cungu &#038; Holli n\u00eb Ulqin,bisedimet n\u00eb Shkoder\"}]},{\"@type\":\"Person\",\"@id\":\"https:\/\/www.visit-ulcinj.com\/blog\/#\/schema\/person\/dcab619c614d3038751c63bc2aadc06d\",\"name\":\"ulqini\",\"sameAs\":[\"http:\/\/www.visit-ulcinj.com\"],\"url\":\"https:\/\/www.visit-ulcinj.com\/blog\/author\/admin\/\"}]}<\/script>\n<!-- \/ Yoast SEO plugin. -->","yoast_head_json":{"title":"Koalicioni Bardhi,Cungu & Holli n\u00eb Ulqin,bisedimet n\u00eb Shkoder - Lajme nga Ulqini","description":"Ulqini m\u00eb 17 tetor do t\u00eb dal\u00eb n\u00eb votime p\u00ebr parlamentin e ardhsh\u00ebm vendor K\u00ebshilli Qendror i Forc\u00ebs s\u00eb Re Demokratike - Forca n\u00eb mbledhjen e mbajtur\u00a0","robots":{"index":"index","follow":"follow","max-snippet":"max-snippet:-1","max-image-preview":"max-image-preview:large","max-video-preview":"max-video-preview:-1"},"canonical":"https:\/\/www.visit-ulcinj.com\/blog\/2010\/09\/12\/koalicioni-bardhicungu-holli-ne-ulqinbisedimet-ne-shkoder\/","og_locale":"en_US","og_type":"article","og_title":"Koalicioni Bardhi,Cungu & Holli n\u00eb Ulqin,bisedimet n\u00eb Shkoder - Lajme nga Ulqini","og_description":"Ulqini m\u00eb 17 tetor do t\u00eb dal\u00eb n\u00eb votime p\u00ebr parlamentin e ardhsh\u00ebm vendor K\u00ebshilli Qendror i Forc\u00ebs s\u00eb Re Demokratike - Forca n\u00eb mbledhjen e mbajtur\u00a0","og_url":"https:\/\/www.visit-ulcinj.com\/blog\/2010\/09\/12\/koalicioni-bardhicungu-holli-ne-ulqinbisedimet-ne-shkoder\/","og_site_name":"Lajme nga Ulqini","article_published_time":"2010-09-12T09:14:26+00:00","article_modified_time":"2010-10-05T11:19:04+00:00","og_image":[{"url":"http:\/\/www.visit-ulcinj.com\/blog\/wp-content\/uploads\/2010\/09\/KOALICIONI-SHQIPTAR-ULQINAK.jpg"}],"twitter_misc":{"Written by":"ulqini","Est. reading time":"4 minutes"},"schema":{"@context":"https:\/\/schema.org","@graph":[{"@type":"WebSite","@id":"https:\/\/www.visit-ulcinj.com\/blog\/#website","url":"https:\/\/www.visit-ulcinj.com\/blog\/","name":"Lajme nga Ulqini","description":"Lajme,Vijesti,Ulqini,Ulqin,Crna Gora,Mali i Zi","potentialAction":[{"@type":"SearchAction","target":{"@type":"EntryPoint","urlTemplate":"https:\/\/www.visit-ulcinj.com\/blog\/?s={search_term_string}"},"query-input":"required name=search_term_string"}],"inLanguage":"en-US"},{"@type":"ImageObject","inLanguage":"en-US","@id":"https:\/\/www.visit-ulcinj.com\/blog\/2010\/09\/12\/koalicioni-bardhicungu-holli-ne-ulqinbisedimet-ne-shkoder\/#primaryimage","url":"https:\/\/www.visit-ulcinj.com\/blog\/wp-content\/uploads\/2010\/09\/KOALICIONI-SHQIPTAR-ULQINAK.jpg","contentUrl":"https:\/\/www.visit-ulcinj.com\/blog\/wp-content\/uploads\/2010\/09\/KOALICIONI-SHQIPTAR-ULQINAK.jpg","width":"750","height":"817"},{"@type":"WebPage","@id":"https:\/\/www.visit-ulcinj.com\/blog\/2010\/09\/12\/koalicioni-bardhicungu-holli-ne-ulqinbisedimet-ne-shkoder\/#webpage","url":"https:\/\/www.visit-ulcinj.com\/blog\/2010\/09\/12\/koalicioni-bardhicungu-holli-ne-ulqinbisedimet-ne-shkoder\/","name":"Koalicioni Bardhi,Cungu & Holli n\u00eb Ulqin,bisedimet n\u00eb Shkoder - Lajme nga Ulqini","isPartOf":{"@id":"https:\/\/www.visit-ulcinj.com\/blog\/#website"},"primaryImageOfPage":{"@id":"https:\/\/www.visit-ulcinj.com\/blog\/2010\/09\/12\/koalicioni-bardhicungu-holli-ne-ulqinbisedimet-ne-shkoder\/#primaryimage"},"datePublished":"2010-09-12T09:14:26+00:00","dateModified":"2010-10-05T11:19:04+00:00","author":{"@id":"https:\/\/www.visit-ulcinj.com\/blog\/#\/schema\/person\/dcab619c614d3038751c63bc2aadc06d"},"description":"Ulqini m\u00eb 17 tetor do t\u00eb dal\u00eb n\u00eb votime p\u00ebr parlamentin e ardhsh\u00ebm vendor K\u00ebshilli Qendror i Forc\u00ebs s\u00eb Re Demokratike - Forca n\u00eb mbledhjen e mbajtur\u00a0","breadcrumb":{"@id":"https:\/\/www.visit-ulcinj.com\/blog\/2010\/09\/12\/koalicioni-bardhicungu-holli-ne-ulqinbisedimet-ne-shkoder\/#breadcrumb"},"inLanguage":"en-US","potentialAction":[{"@type":"ReadAction","target":["https:\/\/www.visit-ulcinj.com\/blog\/2010\/09\/12\/koalicioni-bardhicungu-holli-ne-ulqinbisedimet-ne-shkoder\/"]}]},{"@type":"BreadcrumbList","@id":"https:\/\/www.visit-ulcinj.com\/blog\/2010\/09\/12\/koalicioni-bardhicungu-holli-ne-ulqinbisedimet-ne-shkoder\/#breadcrumb","itemListElement":[{"@type":"ListItem","position":1,"name":"Koalicioni Bardhi,Cungu &#038; Holli n\u00eb Ulqin,bisedimet n\u00eb Shkoder"}]},{"@type":"Person","@id":"https:\/\/www.visit-ulcinj.com\/blog\/#\/schema\/person\/dcab619c614d3038751c63bc2aadc06d","name":"ulqini","sameAs":["http:\/\/www.visit-ulcinj.com"],"url":"https:\/\/www.visit-ulcinj.com\/blog\/author\/admin\/"}]}},"jetpack_featured_media_url":"","jetpack_sharing_enabled":true,"jetpack_shortlink":"https:\/\/wp.me\/pe6lTn-9F3","_links":{"self":[{"href":"https:\/\/www.visit-ulcinj.com\/blog\/wp-json\/wp\/v2\/posts\/37141"}],"collection":[{"href":"https:\/\/www.visit-ulcinj.com\/blog\/wp-json\/wp\/v2\/posts"}],"about":[{"href":"https:\/\/www.visit-ulcinj.com\/blog\/wp-json\/wp\/v2\/types\/post"}],"author":[{"embeddable":true,"href":"https:\/\/www.visit-ulcinj.com\/blog\/wp-json\/wp\/v2\/users\/1"}],"replies":[{"embeddable":true,"href":"https:\/\/www.visit-ulcinj.com\/blog\/wp-json\/wp\/v2\/comments?post=37141"}],"version-history":[{"count":0,"href":"https:\/\/www.visit-ulcinj.com\/blog\/wp-json\/wp\/v2\/posts\/37141\/revisions"}],"wp:attachment":[{"href":"https:\/\/www.visit-ulcinj.com\/blog\/wp-json\/wp\/v2\/media?parent=37141"}],"wp:term":[{"taxonomy":"category","embeddable":true,"href":"https:\/\/www.visit-ulcinj.com\/blog\/wp-json\/wp\/v2\/categories?post=37141"},{"taxonomy":"post_tag","embeddable":true,"href":"https:\/\/www.visit-ulcinj.com\/blog\/wp-json\/wp\/v2\/tags?post=37141"}],"curies":[{"name":"wp","href":"https:\/\/api.w.org\/{rel}","templated":true}]}}