{"id":37147,"date":"2010-09-12T14:15:08","date_gmt":"2010-09-12T12:15:08","guid":{"rendered":"http:\/\/www.visit-ulcinj.com\/blog\/?p=37147"},"modified":"2010-09-12T14:15:08","modified_gmt":"2010-09-12T12:15:08","slug":"fatos-beqiraj-kalon-te-dinamo-e-zagrebit","status":"publish","type":"post","link":"https:\/\/www.visit-ulcinj.com\/blog\/2010\/09\/12\/fatos-beqiraj-kalon-te-dinamo-e-zagrebit\/","title":{"rendered":"Fatos Beqiraj kalon te Dinamo e Zagrebit"},"content":{"rendered":"<p><strong><a href=\"http:\/\/www.visit-ulcinj.com\/blog\/wp-content\/uploads\/2010\/09\/Fatos-Beqiraj-kalon-te-Dinamo-e-Zagrebit.1.jpg\"><img loading=\"lazy\" class=\"alignleft size-full wp-image-37149\" title=\"Fatos Beqiraj kalon te Dinamo e Zagrebit.1\" src=\"http:\/\/www.visit-ulcinj.com\/blog\/wp-content\/uploads\/2010\/09\/Fatos-Beqiraj-kalon-te-Dinamo-e-Zagrebit.1.jpg\" alt=\"\" width=\"490\" height=\"369\" \/><\/a>I gatsh\u00ebm p\u00ebr sfida t\u00eb reja<br \/>\n<em>\u201cP\u00ebr mua \u00ebsht\u00eb nj\u00eb nder i madh dhe\u00a0do t\u00eb jap \u00e7do gj\u00eb nga vetja q\u00eb t\u00eb mos <\/em><\/strong><strong><em>zhg\u00ebnjej as trajnerin, as drejtuesit e\u00a0Klubit, as tifoz\u00ebt. Do t\u00eb jet\u00eb kjo sigurisht\u00a0nj\u00eb vjesht\u00eb e nxeht\u00eb p\u00ebr klubin\u00a0tim t\u00eb ri sepse Dinamoja luan\u00a0edhe n\u00eb Evrop\u00eb, si dhe lufton p\u00ebr titullin\u00a0e kampionit dhe fitimin e kup\u00ebs\u00a0n\u00eb Kroaci. M\u00eb p\u00eblqen lufta dhe sfidat,\u00a0dhe kurr\u00eb nuk heq dor\u00eb.\u00a0Gjithmon\u00eb jap \u00e7do gj\u00eb nga vetja\u201d, ka\u00a0th\u00ebn\u00eb Beqiraj n\u00eb prezantimin e par\u00eb\u00a0te \u201cDinamo\u201d-ja.<br \/>\n<\/em><\/strong>Lojtari m\u00eb i mir\u00eb i \u201cBuduqnost\u201d-it t\u00eb Podgoric\u00ebs,\u00a022-vje\u00e7ari nga Kosova, Fatos Beqiraj, q\u00eb nga e\u00a0marta \u00ebsht\u00eb lojtar i \u201cDinamo\u201d-s s\u00eb Zagrebit.\u00a0Tashm\u00eb ish sulmuesi i \u201cBuduqnost\u201d-it dhe lojtari\u00a0i P\u00ebrfaq\u00ebsueses s\u00eb Malit t\u00eb Zi ka shprehur p\u00ebrshtypjet\u00a0e tij t\u00eb para p\u00ebr klubin e ri pas n\u00ebnshkrimit\u00a0t\u00eb kontrat\u00ebs dhe prezantimit t\u00eb tij zyrtar.\u00a0\u201cJam i gatsh\u00ebm p\u00ebr sfida t\u00eb reja me fanel\u00ebn e\u00a0Dinamos. P\u00ebr mua \u00ebsht\u00eb nj\u00eb nder i madh dhe do\u00a0t\u00eb jap \u00e7do gj\u00eb nga vetja q\u00eb t\u00eb mos zhg\u00ebnjej as trajnerin,\u00a0as drejtuesit e Klubit, as tifoz\u00ebt. Do t\u00eb jet\u00eb\u00a0kjo sigurisht nj\u00eb vjesht\u00eb e nxeht\u00eb p\u00ebr klubin tim\u00a0t\u00eb ri sepse Dinamoja luan edhe n\u00eb Evrop\u00eb, si dhe\u00a0lufton p\u00ebr titullin e kampionit dhe fitimin e\u00a0kup\u00ebs n\u00eb Kroaci.\u00a0M\u00eb p\u00eblqen lufta dhe sfidat dhe kurr\u00eb\u00a0nuk heq dor\u00eb. Gjithmon\u00eb jap \u00e7do gj\u00eb\u00a0nga vetja\u201d, ka th\u00ebn\u00eb Beqiraj.\u00a0Ai do t\u00eb ket\u00eb te Dinamoja fanel\u00ebn me\u00a0numrin 21, num\u00ebr t\u00eb cilin e ka mbajtur\u00a0Igor Cvitanoviq, gola sh\u00ebnuesi m\u00eb i\u00a0mir\u00eb n\u00eb historin\u00eb e k\u00ebtij klubi.\u00a0\u201cKarakteristikat e mia kryesore jan\u00eb\u00a0realizimi dhe shpejt\u00ebsia. Di t\u00eb sh\u00ebnoj\u00a0gola\u201d, ka th\u00ebn\u00eb Beqiraj i cili n\u00eb 80\u00a0ndeshje me \u201cBuduqnost\u201d-in ka sh\u00ebnuar\u00a040 gola.\u00a0Beqiraj ka theksuar se shpreson q\u00eb s\u00eb\u00a0shpejti do t\u2019ua tregoj\u00eb cil\u00ebsit\u00eb e tij\u00a0tifoz\u00ebve t\u00eb Dinamos.\u00a0\u201cShpresoj t\u00eb debutoj q\u00eb n\u00eb Split, n\u00eb\u00a0ndeshjen derbi kund\u00ebr \u201cHajduk\u201d-ut.\u00a0Do t\u00eb jap \u00e7do gj\u00eb nga vetja q\u00eb me pun\u00eb\u00a0dhe angazhim t\u00eb siguroj vendin n\u00eb ekip\u00a0dhe t\u00eb d\u00ebshmohem te trajneri\u00a0Halilhoxhiq\u201d, ka th\u00ebn\u00eb ai dhe ka shtuar\u00a0se \u00ebsht\u00eb profesionist dhe se nuk do t\u00eb\u00a0frik\u00ebsohej nga tribunat e mbushura plot\u00a0t\u00eb stadiumit \u201cPoljud\u201d n\u00eb Split.<\/p>\n<p><strong><br \/>\n<\/strong><strong>Kohapress<br \/>\n<!--YouTube Error: bad URL entered--><\/strong><\/p>\n","protected":false},"excerpt":{"rendered":"<p>I gatsh\u00ebm p\u00ebr sfida t\u00eb reja \u201cP\u00ebr mua \u00ebsht\u00eb nj\u00eb nder i madh dhe\u00a0do t\u00eb jap \u00e7do gj\u00eb nga vetja q\u00eb t\u00eb mos zhg\u00ebnjej as trajnerin, as drejtuesit e\u00a0Klubit, as tifoz\u00ebt. Do t\u00eb jet\u00eb kjo sigurisht\u00a0nj\u00eb vjesht\u00eb e nxeht\u00eb p\u00ebr klubin\u00a0tim t\u00eb ri sepse Dinamoja luan\u00a0edhe n\u00eb Evrop\u00eb, si dhe lufton p\u00ebr titullin\u00a0e kampionit dhe [&hellip;]<\/p>\n","protected":false},"author":1,"featured_media":0,"comment_status":"open","ping_status":"closed","sticky":false,"template":"","format":"standard","meta":{"spay_email":"","jetpack_publicize_message":"","jetpack_is_tweetstorm":false,"jetpack_publicize_feature_enabled":true},"categories":[3],"tags":[15345,15344,15343,2304,18],"jetpack_publicize_connections":[],"yoast_head":"<!-- This site is optimized with the Yoast SEO plugin v19.1 - https:\/\/yoast.com\/wordpress\/plugins\/seo\/ -->\n<title>Fatos Beqiraj kalon te Dinamo e Zagrebit - Lajme nga Ulqini<\/title>\n<meta name=\"description\" content=\"I gatsh\u00ebm p\u00ebr sfida t\u00eb reja \u201cP\u00ebr mua \u00ebsht\u00eb nj\u00eb nder i madh dhe\u00a0do t\u00eb jap \u00e7do gj\u00eb nga vetja q\u00eb t\u00eb mos zhg\u00ebnjej as trajnerin, as drejtuesit e\u00a0Klubit, as\" \/>\n<meta name=\"robots\" content=\"index, follow, max-snippet:-1, max-image-preview:large, max-video-preview:-1\" \/>\n<link rel=\"canonical\" href=\"https:\/\/www.visit-ulcinj.com\/blog\/2010\/09\/12\/fatos-beqiraj-kalon-te-dinamo-e-zagrebit\/\" \/>\n<meta property=\"og:locale\" content=\"en_US\" \/>\n<meta property=\"og:type\" content=\"article\" \/>\n<meta property=\"og:title\" content=\"Fatos Beqiraj kalon te Dinamo e Zagrebit - Lajme nga Ulqini\" \/>\n<meta property=\"og:description\" content=\"I gatsh\u00ebm p\u00ebr sfida t\u00eb reja \u201cP\u00ebr mua \u00ebsht\u00eb nj\u00eb nder i madh dhe\u00a0do t\u00eb jap \u00e7do gj\u00eb nga vetja q\u00eb t\u00eb mos zhg\u00ebnjej as trajnerin, as drejtuesit e\u00a0Klubit, as\" \/>\n<meta property=\"og:url\" content=\"https:\/\/www.visit-ulcinj.com\/blog\/2010\/09\/12\/fatos-beqiraj-kalon-te-dinamo-e-zagrebit\/\" \/>\n<meta property=\"og:site_name\" content=\"Lajme nga Ulqini\" \/>\n<meta property=\"article:published_time\" content=\"2010-09-12T12:15:08+00:00\" \/>\n<meta property=\"og:image\" content=\"http:\/\/www.visit-ulcinj.com\/blog\/wp-content\/uploads\/2010\/09\/Fatos-Beqiraj-kalon-te-Dinamo-e-Zagrebit.1.jpg\" \/>\n<meta name=\"twitter:label1\" content=\"Written by\" \/>\n\t<meta name=\"twitter:data1\" content=\"ulqini\" \/>\n\t<meta name=\"twitter:label2\" content=\"Est. reading time\" \/>\n\t<meta name=\"twitter:data2\" content=\"2 minutes\" \/>\n<script type=\"application\/ld+json\" class=\"yoast-schema-graph\">{\"@context\":\"https:\/\/schema.org\",\"@graph\":[{\"@type\":\"WebSite\",\"@id\":\"https:\/\/www.visit-ulcinj.com\/blog\/#website\",\"url\":\"https:\/\/www.visit-ulcinj.com\/blog\/\",\"name\":\"Lajme nga Ulqini\",\"description\":\"Lajme,Vijesti,Ulqini,Ulqin,Crna Gora,Mali i Zi\",\"potentialAction\":[{\"@type\":\"SearchAction\",\"target\":{\"@type\":\"EntryPoint\",\"urlTemplate\":\"https:\/\/www.visit-ulcinj.com\/blog\/?s={search_term_string}\"},\"query-input\":\"required name=search_term_string\"}],\"inLanguage\":\"en-US\"},{\"@type\":\"ImageObject\",\"inLanguage\":\"en-US\",\"@id\":\"https:\/\/www.visit-ulcinj.com\/blog\/2010\/09\/12\/fatos-beqiraj-kalon-te-dinamo-e-zagrebit\/#primaryimage\",\"url\":\"https:\/\/www.visit-ulcinj.com\/blog\/wp-content\/uploads\/2010\/09\/Fatos-Beqiraj-kalon-te-Dinamo-e-Zagrebit.1.jpg\",\"contentUrl\":\"https:\/\/www.visit-ulcinj.com\/blog\/wp-content\/uploads\/2010\/09\/Fatos-Beqiraj-kalon-te-Dinamo-e-Zagrebit.1.jpg\",\"width\":\"448\",\"height\":\"259\"},{\"@type\":\"WebPage\",\"@id\":\"https:\/\/www.visit-ulcinj.com\/blog\/2010\/09\/12\/fatos-beqiraj-kalon-te-dinamo-e-zagrebit\/#webpage\",\"url\":\"https:\/\/www.visit-ulcinj.com\/blog\/2010\/09\/12\/fatos-beqiraj-kalon-te-dinamo-e-zagrebit\/\",\"name\":\"Fatos Beqiraj kalon te Dinamo e Zagrebit - Lajme nga Ulqini\",\"isPartOf\":{\"@id\":\"https:\/\/www.visit-ulcinj.com\/blog\/#website\"},\"primaryImageOfPage\":{\"@id\":\"https:\/\/www.visit-ulcinj.com\/blog\/2010\/09\/12\/fatos-beqiraj-kalon-te-dinamo-e-zagrebit\/#primaryimage\"},\"datePublished\":\"2010-09-12T12:15:08+00:00\",\"dateModified\":\"2010-09-12T12:15:08+00:00\",\"author\":{\"@id\":\"https:\/\/www.visit-ulcinj.com\/blog\/#\/schema\/person\/dcab619c614d3038751c63bc2aadc06d\"},\"description\":\"I gatsh\u00ebm p\u00ebr sfida t\u00eb reja \u201cP\u00ebr mua \u00ebsht\u00eb nj\u00eb nder i madh dhe\u00a0do t\u00eb jap \u00e7do gj\u00eb nga vetja q\u00eb t\u00eb mos zhg\u00ebnjej as trajnerin, as drejtuesit e\u00a0Klubit, as\",\"breadcrumb\":{\"@id\":\"https:\/\/www.visit-ulcinj.com\/blog\/2010\/09\/12\/fatos-beqiraj-kalon-te-dinamo-e-zagrebit\/#breadcrumb\"},\"inLanguage\":\"en-US\",\"potentialAction\":[{\"@type\":\"ReadAction\",\"target\":[\"https:\/\/www.visit-ulcinj.com\/blog\/2010\/09\/12\/fatos-beqiraj-kalon-te-dinamo-e-zagrebit\/\"]}]},{\"@type\":\"BreadcrumbList\",\"@id\":\"https:\/\/www.visit-ulcinj.com\/blog\/2010\/09\/12\/fatos-beqiraj-kalon-te-dinamo-e-zagrebit\/#breadcrumb\",\"itemListElement\":[{\"@type\":\"ListItem\",\"position\":1,\"name\":\"Fatos Beqiraj kalon te Dinamo e Zagrebit\"}]},{\"@type\":\"Person\",\"@id\":\"https:\/\/www.visit-ulcinj.com\/blog\/#\/schema\/person\/dcab619c614d3038751c63bc2aadc06d\",\"name\":\"ulqini\",\"sameAs\":[\"http:\/\/www.visit-ulcinj.com\"],\"url\":\"https:\/\/www.visit-ulcinj.com\/blog\/author\/admin\/\"}]}<\/script>\n<!-- \/ Yoast SEO plugin. -->","yoast_head_json":{"title":"Fatos Beqiraj kalon te Dinamo e Zagrebit - Lajme nga Ulqini","description":"I gatsh\u00ebm p\u00ebr sfida t\u00eb reja \u201cP\u00ebr mua \u00ebsht\u00eb nj\u00eb nder i madh dhe\u00a0do t\u00eb jap \u00e7do gj\u00eb nga vetja q\u00eb t\u00eb mos zhg\u00ebnjej as trajnerin, as drejtuesit e\u00a0Klubit, as","robots":{"index":"index","follow":"follow","max-snippet":"max-snippet:-1","max-image-preview":"max-image-preview:large","max-video-preview":"max-video-preview:-1"},"canonical":"https:\/\/www.visit-ulcinj.com\/blog\/2010\/09\/12\/fatos-beqiraj-kalon-te-dinamo-e-zagrebit\/","og_locale":"en_US","og_type":"article","og_title":"Fatos Beqiraj kalon te Dinamo e Zagrebit - Lajme nga Ulqini","og_description":"I gatsh\u00ebm p\u00ebr sfida t\u00eb reja \u201cP\u00ebr mua \u00ebsht\u00eb nj\u00eb nder i madh dhe\u00a0do t\u00eb jap \u00e7do gj\u00eb nga vetja q\u00eb t\u00eb mos zhg\u00ebnjej as trajnerin, as drejtuesit e\u00a0Klubit, as","og_url":"https:\/\/www.visit-ulcinj.com\/blog\/2010\/09\/12\/fatos-beqiraj-kalon-te-dinamo-e-zagrebit\/","og_site_name":"Lajme nga Ulqini","article_published_time":"2010-09-12T12:15:08+00:00","og_image":[{"url":"http:\/\/www.visit-ulcinj.com\/blog\/wp-content\/uploads\/2010\/09\/Fatos-Beqiraj-kalon-te-Dinamo-e-Zagrebit.1.jpg"}],"twitter_misc":{"Written by":"ulqini","Est. reading time":"2 minutes"},"schema":{"@context":"https:\/\/schema.org","@graph":[{"@type":"WebSite","@id":"https:\/\/www.visit-ulcinj.com\/blog\/#website","url":"https:\/\/www.visit-ulcinj.com\/blog\/","name":"Lajme nga Ulqini","description":"Lajme,Vijesti,Ulqini,Ulqin,Crna Gora,Mali i Zi","potentialAction":[{"@type":"SearchAction","target":{"@type":"EntryPoint","urlTemplate":"https:\/\/www.visit-ulcinj.com\/blog\/?s={search_term_string}"},"query-input":"required name=search_term_string"}],"inLanguage":"en-US"},{"@type":"ImageObject","inLanguage":"en-US","@id":"https:\/\/www.visit-ulcinj.com\/blog\/2010\/09\/12\/fatos-beqiraj-kalon-te-dinamo-e-zagrebit\/#primaryimage","url":"https:\/\/www.visit-ulcinj.com\/blog\/wp-content\/uploads\/2010\/09\/Fatos-Beqiraj-kalon-te-Dinamo-e-Zagrebit.1.jpg","contentUrl":"https:\/\/www.visit-ulcinj.com\/blog\/wp-content\/uploads\/2010\/09\/Fatos-Beqiraj-kalon-te-Dinamo-e-Zagrebit.1.jpg","width":"448","height":"259"},{"@type":"WebPage","@id":"https:\/\/www.visit-ulcinj.com\/blog\/2010\/09\/12\/fatos-beqiraj-kalon-te-dinamo-e-zagrebit\/#webpage","url":"https:\/\/www.visit-ulcinj.com\/blog\/2010\/09\/12\/fatos-beqiraj-kalon-te-dinamo-e-zagrebit\/","name":"Fatos Beqiraj kalon te Dinamo e Zagrebit - Lajme nga Ulqini","isPartOf":{"@id":"https:\/\/www.visit-ulcinj.com\/blog\/#website"},"primaryImageOfPage":{"@id":"https:\/\/www.visit-ulcinj.com\/blog\/2010\/09\/12\/fatos-beqiraj-kalon-te-dinamo-e-zagrebit\/#primaryimage"},"datePublished":"2010-09-12T12:15:08+00:00","dateModified":"2010-09-12T12:15:08+00:00","author":{"@id":"https:\/\/www.visit-ulcinj.com\/blog\/#\/schema\/person\/dcab619c614d3038751c63bc2aadc06d"},"description":"I gatsh\u00ebm p\u00ebr sfida t\u00eb reja \u201cP\u00ebr mua \u00ebsht\u00eb nj\u00eb nder i madh dhe\u00a0do t\u00eb jap \u00e7do gj\u00eb nga vetja q\u00eb t\u00eb mos zhg\u00ebnjej as trajnerin, as drejtuesit e\u00a0Klubit, as","breadcrumb":{"@id":"https:\/\/www.visit-ulcinj.com\/blog\/2010\/09\/12\/fatos-beqiraj-kalon-te-dinamo-e-zagrebit\/#breadcrumb"},"inLanguage":"en-US","potentialAction":[{"@type":"ReadAction","target":["https:\/\/www.visit-ulcinj.com\/blog\/2010\/09\/12\/fatos-beqiraj-kalon-te-dinamo-e-zagrebit\/"]}]},{"@type":"BreadcrumbList","@id":"https:\/\/www.visit-ulcinj.com\/blog\/2010\/09\/12\/fatos-beqiraj-kalon-te-dinamo-e-zagrebit\/#breadcrumb","itemListElement":[{"@type":"ListItem","position":1,"name":"Fatos Beqiraj kalon te Dinamo e Zagrebit"}]},{"@type":"Person","@id":"https:\/\/www.visit-ulcinj.com\/blog\/#\/schema\/person\/dcab619c614d3038751c63bc2aadc06d","name":"ulqini","sameAs":["http:\/\/www.visit-ulcinj.com"],"url":"https:\/\/www.visit-ulcinj.com\/blog\/author\/admin\/"}]}},"jetpack_featured_media_url":"","jetpack_sharing_enabled":true,"jetpack_shortlink":"https:\/\/wp.me\/pe6lTn-9F9","_links":{"self":[{"href":"https:\/\/www.visit-ulcinj.com\/blog\/wp-json\/wp\/v2\/posts\/37147"}],"collection":[{"href":"https:\/\/www.visit-ulcinj.com\/blog\/wp-json\/wp\/v2\/posts"}],"about":[{"href":"https:\/\/www.visit-ulcinj.com\/blog\/wp-json\/wp\/v2\/types\/post"}],"author":[{"embeddable":true,"href":"https:\/\/www.visit-ulcinj.com\/blog\/wp-json\/wp\/v2\/users\/1"}],"replies":[{"embeddable":true,"href":"https:\/\/www.visit-ulcinj.com\/blog\/wp-json\/wp\/v2\/comments?post=37147"}],"version-history":[{"count":0,"href":"https:\/\/www.visit-ulcinj.com\/blog\/wp-json\/wp\/v2\/posts\/37147\/revisions"}],"wp:attachment":[{"href":"https:\/\/www.visit-ulcinj.com\/blog\/wp-json\/wp\/v2\/media?parent=37147"}],"wp:term":[{"taxonomy":"category","embeddable":true,"href":"https:\/\/www.visit-ulcinj.com\/blog\/wp-json\/wp\/v2\/categories?post=37147"},{"taxonomy":"post_tag","embeddable":true,"href":"https:\/\/www.visit-ulcinj.com\/blog\/wp-json\/wp\/v2\/tags?post=37147"}],"curies":[{"name":"wp","href":"https:\/\/api.w.org\/{rel}","templated":true}]}}