{"id":3722,"date":"2008-09-30T11:38:56","date_gmt":"2008-09-30T16:38:56","guid":{"rendered":"http:\/\/www.visit-ulcinj.com\/blog\/?p=3722"},"modified":"2008-10-17T13:52:01","modified_gmt":"2008-10-17T18:52:01","slug":"koment-i-ashper-i-gazetes-malazeze-per-kercenimet-e-tadiqit-ndaj-malit-te-zi-dhe-maqedonise","status":"publish","type":"post","link":"https:\/\/www.visit-ulcinj.com\/blog\/2008\/09\/30\/koment-i-ashper-i-gazetes-malazeze-per-kercenimet-e-tadiqit-ndaj-malit-te-zi-dhe-maqedonise\/","title":{"rendered":"Koment i ashp\u00ebr i gazet\u00ebs malazeze p\u00ebr k\u00ebrc\u00ebnimet e Tadiqit ndaj Malit t\u00eb Zi dhe Maqedonis\u00eb"},"content":{"rendered":"<p><a href=\"http:\/\/www.visit-ulcinj.com\/blog\/wp-content\/uploads\/2008\/09\/tadic.jpg\"><img loading=\"lazy\" class=\"alignleft size-medium wp-image-3723\" title=\"tadic\" src=\"http:\/\/www.visit-ulcinj.com\/blog\/wp-content\/uploads\/2008\/09\/tadic.jpg\" alt=\"\" width=\"252\" height=\"228\" \/><\/a>Ndaj Maqedonis\u00eb dhe Malit t\u00eb Zi, Serbia nuk do t\u00eb ket\u00eb mir\u00ebkuptim n\u00ebse e njohin e Kosov\u00ebn, dhe n\u00ebse k\u00ebt\u00eb e b\u00ebjn\u00eb at\u00ebher\u00eb duhet t\u00eb sanksioohen, thuhet n\u00eb nj\u00eb koment t\u00eb ashp\u00ebr t\u00eb gazet\u00ebs &#8220;Republika&#8221; t\u00eb Podgoric\u00ebs n\u00eb lidhje me k\u00ebrc\u00ebnimet e Presidentit serb Boris Tadiq ndaj Malit t\u00eb Zi dhe Maqedonis\u00eb q\u00eb t\u00eb mos marrin guximin p\u00ebr t\u00eb njohur pavar\u00ebsin\u00eb e Kosov\u00ebs.<br \/>\nTadiq ka mundur t&#8217;i kuptoj\u00eb t\u00eb gjith\u00eb t\u00eb tjer\u00ebt q\u00eb e kan\u00eb njohur Kosov\u00ebn, por k\u00ebto dy vende fqinje &#8220;nuk mundet&#8221;, ndoshta edhe p\u00ebr shkak se me decenie Beogradi ka qen\u00eb &#8220;padron politik&#8221; i tyre, thuhet n\u00eb k\u00ebt\u00eb koment. Pasi citon nj\u00eb proverb anglez &#8211; &#8220;n\u00ebse nuk mund t\u00eb kafshosh mos i trego dh\u00ebmb\u00ebt&#8221; &#8211; gazeta pohon se Tadiqit i mbeten pak masa efikase diplomatike q\u00eb t\u00eb nd\u00ebshkoj\u00eb Malin e Zi t\u00eb &#8220;pad\u00ebgjuesh\u00ebm&#8221;, e q\u00eb ato masa n\u00eb t\u00eb nj\u00ebjt\u00ebn koh\u00eb t\u00eb mos d\u00ebmtojn\u00eb m\u00eb shum\u00eb Serbin\u00eb sesa Malin e Zi. Autori i komentit konstaton se statusi i Kosov\u00ebs ka koh\u00eb q\u00eb nuk varet madje as nga Serbia, por elita politike e Serbis\u00eb k\u00ebrkon &#8220;kurban&#8221; p\u00ebr fajtorin q\u00eb me koh\u00eb ta d\u00ebmkosin Malin e Zi dhe Maqedonin\u00eb, p\u00ebr t\u00eb konkluduar se &#8220;k\u00ebndellja \u00ebsht\u00eb shum\u00eb e dhembshme dhe e pak\u00ebndshme, por e domosdoshme&#8221;. &#8220;Mali i Zi ka qen\u00eb shteti i ri i 23-t\u00eb n\u00eb Evrop\u00eb, Kosova \u00ebsht\u00eb e 24&#8243;. Kjo t\u00eb gjith\u00ebve u \u00ebsht\u00eb e qart\u00eb, \u00e7\u00ebshtje mbetet vet\u00ebm marketingu politik se kush dhe kur do ta thot\u00eb k\u00ebt\u00eb. K\u00ebt\u00eb e ka t\u00eb qart\u00eb edhe vet\u00eb Boris Tadiqi. Nisma diplamatike e Serbis\u00eb i ngjan estrad\u00ebs politike&#8230;&#8221;. &#8220;Rruga evropiane e Malit t\u00eb Zi dhe integrimet sa m\u00eb t\u00eb shpejta t\u00eb Malit t\u00eb Zi para s\u00eb gjithash n\u00eb NAT0 jan\u00eb urgjente dhe nuk kan\u00eb alternativ\u00eb. Forcimi i fuqis\u00eb ushtarake te fqinji, i cili k\u00ebrc\u00ebnon publikisht, nuk \u00ebsht\u00eb aspak nj\u00eb shenj\u00eb e bukur. Nuk guxon t\u00eb harrohet p\u00ebrvoja historike, Kuvendi i Podgoric\u00ebs duhet t\u00eb t\u00ebrheq\u00eb vemendjen&#8221;, thuhet n\u00eb fund komentit t\u00eb gazet\u00ebs s\u00eb Podgoric\u00ebs.<br \/>\n<strong>Burimi \/ QIK<\/strong><\/p>\n<p style=\"text-align: center;\"><a class=\"aligncenter\" title=\"???? ????,?????,Ulcinj,Montenegru,??????????,\u00c7ernoqoriya,Besplatni internet oglasi,Besplatni oglasi,besplatni mali oglasi,besplatni turisti?ki oglasi,oglasi, usluge, turizam,Turisti?ke usluge,Doma?i turizam,Besplatni Oglasnik,Brzi Oglasi Besplatno,Besplatno OglasavanjeTurizam,besplatni oglasi sa slikom,Turisticki informator besplatni,li?ni-oglasi,BESPLATNI Turisticki OGLASI SA SLIKAMA,BESPLATNI Turisticki Oglasi saVideom,turisticki smestaj oglasi,Turisti?ki vodi? balkana,BESPLATNA REZERVACIJA SMESTAJA,Postavite besplatno Vas oglas,FREE TOURIST GUIDES,Izdavanje-Turizam oglasi,Balkan Turisticki vodic,shpallje turistike falas,Shpallje Falas,Shpallje falas per Komplekse Turistike,Lajmerime,Njoftime,shpallje shqip per shqiptaret ne shqiperi kosova maqedoni,mal te zi,???????????,Montenegiro,?ern\u00e1 Hora,??????????,Cz\u00f4rnog\u00f3ra,Cz\u00f4rn\u00f4 G\u00f3ra,Carna G\u00f3ra,T\u0161ernogooria,\u00c7ernogoriya,Montain\u00e9agr\u00f3,Montenegwo,?orna Hora,Montenegr\u00f3,M?ntenigro,Chernogoriya ,\u00c7\u00earnogor\u00ee ,?????????,????????? ,??????? ,Montes Nigrae,Mons Niger,M\u00f4ntenegr\u00f4,Muntenegru,??????????,Czarnog\u00f3ra,Muntinigru,Muntenegro,&lt;br &gt;&lt;\/a&gt; Muntenegru,\t?ierna Hora,Cxerngora,????????,?rna gora,Moontineegro,?ornog?ra,\u00c7ernogori\u00fda,Chernogoriya,Mont\u00f5negro,????? ???? ,?r?na Gora,?r?nogorije,?ernogorija,?arnahoryja,??????????,???????????????????? ,?ern\u00f4g\u00f4riy\u00e2,M\u00fbnt\u00een\u00ee?r\u00fb,????? ?????? ,????????,??????????,???????????,M\u00e2nten\u00eegro,???? ????? ,????????,M\u00f4ntenegr\u00f4,????????????,???????????,????????????, ??????????? ,????????????,??????????? ,\u008d\u2022?R\/?K?R ,\u0192\u201a\u0192\u201c\u0192e\u0192l\u0192O\u0192\u008d,\u00b8???\u00b3?\u00b1?\u00b7? ,Muntenegru, ????? ????, Montenegr?,chambres ? louer ? ulcinj, location de vacance, location saisonni?res, louer villa,location de vacance, Locations vacance, h?bergements vacances, locations villa, logements de vacances, location maison avec piscine, Location vacance, locations de vacance, h?bergements de vacances, location villa, locations entre particulier, logements vacance, vacances ? Mont?n?gro - location ? Ulcinj ,location  de bigorre,Urlaub in Ulcinj -Montenegro,Hotelbewertungen Ulcinj,Reisen Ulcinj, Urlaub Ulcinj,Hotel in Serbien und Montenegro von Urlaubern bewertet,Billig Urlaub in Ulcinj,ferienh?user,ferienwohnung,Billige Ferienh?user,Ferienwohnung ULCINJ,Ferien an der Adria,Urlaub im Ferienhaus ulcinjBilligreisen Ulcinj,Pauschalreisen,FKK Strand Ada Bojana ulcinj,Last Minute Angebote ulcinj,Preise f?r Lastminute,Kleinanzeigen gratis,Ausflug nach Ulcinj,FKK-Reisen ada bojana,FKK-Urlaub ulcinj,Privatni smje?taj,rezervacija smje?taja,apartmani,sobe,ku?e,odmor,sobe za odmor ulcinj,Pretra?ivanje privatnog smje?taja,rooms rent accommodation ulcinj, rentail private accommodation ulcinj,?elite rezervirati privatni smje?taj,Private accommodation,Smje?taj ulcinj,Pushime Verore ulqin,pushime t? lira n? ulqin,Pushime ne plazh,Pushime te kendshme,dhoma per pushime ulqin,dhoma me qera ulqin,dhoma te lira ulqin,pushime te lira ulqin,mali i zi,kosova,maqedoni,shqiperi,Pushime ne det te ulqinit,godi?nji odmor u ulcinj,odmor u ulcinj,Ku?a za odmor,kuda na odmor,ljetovanje u ulcinj,slobodne sobe,dhoma te lira,ku?a uz more,turisti?ka ponuda,odmor i zabava,povolne cene,sobe,usluge,Mjesto za Va? odmor , Place for Your holiday,Odmor portal,putovanaja,Iznajmljivanje soba ulcinj,odmor ulcinj info,Va?e mjesto za odmor ulcinj,nudisticka plaza ada bojana,smjestaj ponuda ulcinj,lokacioni i dhomave ulqin,deti,plazhet e bukura,diskoteka,zbavitja,.\" href=\"http:\/\/www.visit-ulcinj.com\/tourism\/\" target=\"_blank\"><img loading=\"lazy\" class=\"aligncenter\" title=\"SHPALLJE TURISTIKE FALAS,FREE TOURIST GUIDES,BESPLATNI TURISTI?KI OGLASI,balkan holiday rentals,ALBANIJA,ALBANIA,SHQIPERIJA,CRNA GORA,HRVATSKA,KROACIA,SLOVENIJA,MAKEDONIJA,MAKEDONIA,SRBIJA,MONTENEGRO,MALI I ZI,\" src=\"http:\/\/www.visit-ulcinj.com\/blog\/wp-content\/uploads\/2008\/09\/balkanholidayrentals.gif\" alt=\"Apatin,  Aran?elovac,  ?uprija,  ?a?ak,  ?apljina,  ?itluk,  ?abac,  ?ipovo,  ?iroki Brijeg,  ?ep?e,  ?ivinice,  Ba?ka Palanka,  Banja Luka,  Banovi?i,  Be?ej,  beograd,  Biha?,  Bijeljina,  Bor,  Bor?a,  Bosanska Gradi?ka,  Bosanska Krupa,  Bosanski ?amac,  Bosanski Brod,  Bosanski Novi,  Br?ko,  Bu?im,  Bugojno,  Cazin,  Crna Gora,  Derventa,  Doboj,  Donji Vakuf,  Drvar,  Dubrovnik,  Fo?a,  Fojnica,  Glamo?,  Gora?de,  Gornji Milanovac,  Gornji Vakuf,  gostivar,  Gra?anica,  Grada?ac,  Gradiska,  Grahovo,  Had?i?i,  Ilid?a,  In?ija,  Jablanica,  Jagodina,  Jajce,  Kakanj,  Kalu?erica,  Kikinda,  Klju?,  Konjic,  Kotor Varo?,  Kragujevac,  Kraljevo,  Kru?evac,  Kula,  Kupres,  Lakta?i,  Lazarevac,  Leskovac,  Livno,  Ljubinje,  ljublana,  Ljubu?ki,  Loznica,  Lukavac,  Maglaj,  Mladenovac,  Modri?a,  montenegro erlajnz,  mostar,  Mrkonji? Grad,  Neum,  Ni?,  Novi Pazar,  Novi Sad,  Novi Travnik,  Obrenovac,  Od?ak,  ohrid,  Ora?je,  Pale,  Pan?evo,  Para?in,  Pirot,  Po?arevac,  Podgorica,  Priboj,  Prijedor,  Prokuplje,  Prozor,  pula,  rijeka,  Ruma,  Sanski Most,  Sarajevo,  Senta,  serbija,  sibenik,  skopje,  Smederevo,  Smederevska Palanka,  Sokolac,  Sombor,  split,  Srebrenica,  Srebrenik,  Sremska Mitrovica,  Stolac,  Struga,  Subotica,  Temerin,  Tesli?,  tetovo,  Travnik,  Trebinje,  tuzla,  U?ice,  ulcinj,  Valjevo,  Velika Kladu?a,  Vi?egrad,  Visoko,  Vitez,  Vogo??a,  vojvodina,  Vranje,  Vr?ac,  Vrbas,  zadar,  Zagreb,  Zaje?ar,  Zavidovi?i,  Zenica,  Zrenjanin,  Zvornik,copacabana ulcinj,  h?tels,  hotel ulqin,  Kosova,  Mali i Zi,  Maqedonija,  Montenegro,  montenegro tourisme plage,  montenegro ulcinj,  Shpallje Falas,  Shpallje Falas per shitjen e shtepis se juaj,  Shpallje Falas per villat e juaj,  Shpallje Falas Real Estate,  Shpallje Falas turistike,  shqiperija,  tourisme,  Ulci?,  ulcinj,  ulqin,  ulqin hotel,  ulqini,  ulqini 2007,Ada Bojana,  Alba?czyk,  Cita di Dolcino,  Copacabana,  Czarnog?ra,  Czarnog?rzec,  Don Kichota,  Ma\u00b3a Pla?a,  Mandra,  MIGUEL DE SERVANTES,  p?\u00b3wyspy Marjan,  Pla?a Valdanos,  Rzeka Bojana,  Shas \/ ?as \/ Sva?,  Ulci?,  Ulcinjsk\u00b9 Riwier?,  Wielka Pla?a,  Wyspa Bojana,GORA,??????????,???????,??????????, ?ern? Hora,TO ULCINJ \/ ULQIN,MONTENEGRO, Czarnog?ra, Muntenegru, ????? ????, Montenegr?,villa ? louer ? ulcinj, location de vacance, location saisonni?res, louer chambres,location de vacance, Locations vacance, h?bergements vacances, locations villa, logements de vacances, location maison avec piscine, Location vacance, locations de vacance, h?bergements de vacances, location, locations entre particulier, logements vacance, vacances ? Mont?n?gro - location ? Ulcinj ,location  de bigorre,Albaniku,  Artana,  Bujanoci,  Burimi,  Dardana,  Dardan?,  De?an,  Dibra,  Drenas,  Drenasi,  Ferizaj,  Ferizaji,  Fush? Kosova,Besplatni internet oglasi,Besplatni oglasi,besplatni mali oglasi,besplatni turisti?ki oglasi,oglasi, usluge, turizam,Turisti?ke usluge,Doma?i turizam,Besplatni Oglasnik,Brzi Oglasi Besplatno,Besplatno OglasavanjeTurizam,besplatni oglasi sa slikom,Turisticki informator besplatni,li?ni-oglasi,BESPLATNI Turisticki OGLASI SA SLIKAMA,BESPLATNI Turisticki Oglasi saVideom,turisticki smestaj oglasi,Turisti?ki vodi? balkana,BESPLATNA REZERVACIJA SMESTAJA,Postavite besplatno Vas oglas,FREE TOURIST GUIDES,Izdavanje-Turizam oglasi,Balkan Turisticki vodic,shpallje turistike falas,Shpallje Falas,Shpallje falas per Komplekse Turistike,Lajmerime,Njoftime,shpallje shqip per shqiptaret ne shqiperi kosova maqedoni,mal te zi,Fush? Kosov?,  Gjakova,  Gjakov?,  Gjilan,  Gjilani,  Gostivari,  Istog,  Istog\u00b7,  Ka?anik,  Ka?aniku,  Kastrioti,  K?r?ova,  Klina,  Klin?,  Kumanova,  Leposaviq,  Leskovci,  Likova,  Lipjan,  Lipjani,  Malisheva,  Malishev?,  Manastiri,  Medvegja,  Mitrovica,  Mitrovic?,  Novob?rd?,  Obiliq\u00b7 Rahovec,  Ohri,  Peja,  Pej?,  Podujeva,  Podujev?,  Presheva,  Prishtina,  Prishtin?,  Prizren,  Prizreni,  Rahoveci,  Sharri,  Sharri (Kosov?),  Shkupi,  Sht?rpca,  Sht?rpc?,  Shtime,  Sk?nderaj,  Struga,  Tetova,  Theranda,  Therand?,  Triumf Riza,  Veleshta,  Viti,  Vitia,  Vushtrri,  Vushtrria,  Zubin Potok,  Zubin Potoku,  Zve?an,  Zve?ani,Struga,Gostivari,Gostivar,Ker?ova,Tirana,Durr?si,Elbasani,Shkodra,Tuzi,Vlora, Kor?a,Fieri,Berati,Lushnja ,Kavaja,Pogradeci,La?i,Gjirokastra,Patosi,Kruja,Ku?ova,Kuk?si,Lezha,Saranda,Peshkopia,Burreli,C?rriku,?orovoda,Shijaku,Librazhdi,Tepelena,Gramshi,Poli?ani,Bulqiza,P?rmeti,Fush?Kruja,Kamza,Rr?sheni,Ballshi,Mamurrasi,BajramCurri,Erseka,Peqini,Divjaka,Selenica,Bilishti,Roskoveci,Puka,Memaliaj,Rrogozhina,Ura Vajgurore,Himara,Delvina,Vora,Kopliku,Maliqi,P?rrenjasi,Kruma, Libohova,Orikumi,Fush?-Arr?za,Sh?ngjini,Rubiku,Miloti, Leskoviku,Konispoli,K?lcyra,Krasta,K?rraba,Manastiri,Hara?ina,Likova,Prilepi,Zajazi,Vrap?ishti,Bogovin?,\" width=\"420\" height=\"120\" \/><\/a><\/p>\n","protected":false},"excerpt":{"rendered":"<p>Ndaj Maqedonis\u00eb dhe Malit t\u00eb Zi, Serbia nuk do t\u00eb ket\u00eb mir\u00ebkuptim n\u00ebse e njohin e Kosov\u00ebn, dhe n\u00ebse k\u00ebt\u00eb e b\u00ebjn\u00eb at\u00ebher\u00eb duhet t\u00eb sanksioohen, thuhet n\u00eb nj\u00eb koment t\u00eb ashp\u00ebr t\u00eb gazet\u00ebs &#8220;Republika&#8221; t\u00eb Podgoric\u00ebs n\u00eb lidhje me k\u00ebrc\u00ebnimet e Presidentit serb Boris Tadiq ndaj Malit t\u00eb Zi dhe Maqedonis\u00eb q\u00eb t\u00eb mos [&hellip;]<\/p>\n","protected":false},"author":1,"featured_media":0,"comment_status":"open","ping_status":"closed","sticky":false,"template":"","format":"standard","meta":{"spay_email":"","jetpack_publicize_message":"","jetpack_is_tweetstorm":false,"jetpack_publicize_feature_enabled":true},"categories":[6,12],"tags":[95,2477,4610],"jetpack_publicize_connections":[],"yoast_head":"<!-- This site is optimized with the Yoast SEO plugin v19.1 - https:\/\/yoast.com\/wordpress\/plugins\/seo\/ -->\n<title>Koment i ashp\u00ebr i gazet\u00ebs malazeze p\u00ebr k\u00ebrc\u00ebnimet e Tadiqit ndaj Malit t\u00eb Zi dhe Maqedonis\u00eb - Lajme nga Ulqini<\/title>\n<meta name=\"description\" content=\"Ndaj Maqedonis\u00eb dhe Malit t\u00eb Zi, Serbia nuk do t\u00eb ket\u00eb mir\u00ebkuptim n\u00ebse e njohin e Kosov\u00ebn, dhe n\u00ebse k\u00ebt\u00eb e b\u00ebjn\u00eb at\u00ebher\u00eb duhet t\u00eb sanksioohen, thuhet n\u00eb\" \/>\n<meta name=\"robots\" content=\"index, follow, max-snippet:-1, max-image-preview:large, max-video-preview:-1\" \/>\n<link rel=\"canonical\" href=\"https:\/\/www.visit-ulcinj.com\/blog\/2008\/09\/30\/koment-i-ashper-i-gazetes-malazeze-per-kercenimet-e-tadiqit-ndaj-malit-te-zi-dhe-maqedonise\/\" \/>\n<meta property=\"og:locale\" content=\"en_US\" \/>\n<meta property=\"og:type\" content=\"article\" \/>\n<meta property=\"og:title\" content=\"Koment i ashp\u00ebr i gazet\u00ebs malazeze p\u00ebr k\u00ebrc\u00ebnimet e Tadiqit ndaj Malit t\u00eb Zi dhe Maqedonis\u00eb - Lajme nga Ulqini\" \/>\n<meta property=\"og:description\" content=\"Ndaj Maqedonis\u00eb dhe Malit t\u00eb Zi, Serbia nuk do t\u00eb ket\u00eb mir\u00ebkuptim n\u00ebse e njohin e Kosov\u00ebn, dhe n\u00ebse k\u00ebt\u00eb e b\u00ebjn\u00eb at\u00ebher\u00eb duhet t\u00eb sanksioohen, thuhet n\u00eb\" \/>\n<meta property=\"og:url\" content=\"https:\/\/www.visit-ulcinj.com\/blog\/2008\/09\/30\/koment-i-ashper-i-gazetes-malazeze-per-kercenimet-e-tadiqit-ndaj-malit-te-zi-dhe-maqedonise\/\" \/>\n<meta property=\"og:site_name\" content=\"Lajme nga Ulqini\" \/>\n<meta property=\"article:published_time\" content=\"2008-09-30T16:38:56+00:00\" \/>\n<meta property=\"article:modified_time\" content=\"2008-10-17T18:52:01+00:00\" \/>\n<meta property=\"og:image\" content=\"http:\/\/www.visit-ulcinj.com\/blog\/wp-content\/uploads\/2008\/09\/tadic.jpg\" \/>\n<meta name=\"twitter:label1\" content=\"Written by\" \/>\n\t<meta name=\"twitter:data1\" content=\"ulqini\" \/>\n\t<meta name=\"twitter:label2\" content=\"Est. reading time\" \/>\n\t<meta name=\"twitter:data2\" content=\"2 minutes\" \/>\n<script type=\"application\/ld+json\" class=\"yoast-schema-graph\">{\"@context\":\"https:\/\/schema.org\",\"@graph\":[{\"@type\":\"WebSite\",\"@id\":\"https:\/\/www.visit-ulcinj.com\/blog\/#website\",\"url\":\"https:\/\/www.visit-ulcinj.com\/blog\/\",\"name\":\"Lajme nga Ulqini\",\"description\":\"Lajme,Vijesti,Ulqini,Ulqin,Crna Gora,Mali i Zi\",\"potentialAction\":[{\"@type\":\"SearchAction\",\"target\":{\"@type\":\"EntryPoint\",\"urlTemplate\":\"https:\/\/www.visit-ulcinj.com\/blog\/?s={search_term_string}\"},\"query-input\":\"required name=search_term_string\"}],\"inLanguage\":\"en-US\"},{\"@type\":\"ImageObject\",\"inLanguage\":\"en-US\",\"@id\":\"https:\/\/www.visit-ulcinj.com\/blog\/2008\/09\/30\/koment-i-ashper-i-gazetes-malazeze-per-kercenimet-e-tadiqit-ndaj-malit-te-zi-dhe-maqedonise\/#primaryimage\",\"url\":\"http:\/\/www.visit-ulcinj.com\/blog\/wp-content\/uploads\/2008\/09\/tadic.jpg\",\"contentUrl\":\"http:\/\/www.visit-ulcinj.com\/blog\/wp-content\/uploads\/2008\/09\/tadic.jpg\"},{\"@type\":\"WebPage\",\"@id\":\"https:\/\/www.visit-ulcinj.com\/blog\/2008\/09\/30\/koment-i-ashper-i-gazetes-malazeze-per-kercenimet-e-tadiqit-ndaj-malit-te-zi-dhe-maqedonise\/#webpage\",\"url\":\"https:\/\/www.visit-ulcinj.com\/blog\/2008\/09\/30\/koment-i-ashper-i-gazetes-malazeze-per-kercenimet-e-tadiqit-ndaj-malit-te-zi-dhe-maqedonise\/\",\"name\":\"Koment i ashp\u00ebr i gazet\u00ebs malazeze p\u00ebr k\u00ebrc\u00ebnimet e Tadiqit ndaj Malit t\u00eb Zi dhe Maqedonis\u00eb - Lajme nga Ulqini\",\"isPartOf\":{\"@id\":\"https:\/\/www.visit-ulcinj.com\/blog\/#website\"},\"primaryImageOfPage\":{\"@id\":\"https:\/\/www.visit-ulcinj.com\/blog\/2008\/09\/30\/koment-i-ashper-i-gazetes-malazeze-per-kercenimet-e-tadiqit-ndaj-malit-te-zi-dhe-maqedonise\/#primaryimage\"},\"datePublished\":\"2008-09-30T16:38:56+00:00\",\"dateModified\":\"2008-10-17T18:52:01+00:00\",\"author\":{\"@id\":\"https:\/\/www.visit-ulcinj.com\/blog\/#\/schema\/person\/dcab619c614d3038751c63bc2aadc06d\"},\"description\":\"Ndaj Maqedonis\u00eb dhe Malit t\u00eb Zi, Serbia nuk do t\u00eb ket\u00eb mir\u00ebkuptim n\u00ebse e njohin e Kosov\u00ebn, dhe n\u00ebse k\u00ebt\u00eb e b\u00ebjn\u00eb at\u00ebher\u00eb duhet t\u00eb sanksioohen, thuhet n\u00eb\",\"breadcrumb\":{\"@id\":\"https:\/\/www.visit-ulcinj.com\/blog\/2008\/09\/30\/koment-i-ashper-i-gazetes-malazeze-per-kercenimet-e-tadiqit-ndaj-malit-te-zi-dhe-maqedonise\/#breadcrumb\"},\"inLanguage\":\"en-US\",\"potentialAction\":[{\"@type\":\"ReadAction\",\"target\":[\"https:\/\/www.visit-ulcinj.com\/blog\/2008\/09\/30\/koment-i-ashper-i-gazetes-malazeze-per-kercenimet-e-tadiqit-ndaj-malit-te-zi-dhe-maqedonise\/\"]}]},{\"@type\":\"BreadcrumbList\",\"@id\":\"https:\/\/www.visit-ulcinj.com\/blog\/2008\/09\/30\/koment-i-ashper-i-gazetes-malazeze-per-kercenimet-e-tadiqit-ndaj-malit-te-zi-dhe-maqedonise\/#breadcrumb\",\"itemListElement\":[{\"@type\":\"ListItem\",\"position\":1,\"name\":\"Koment i ashp\u00ebr i gazet\u00ebs malazeze p\u00ebr k\u00ebrc\u00ebnimet e Tadiqit ndaj Malit t\u00eb Zi dhe Maqedonis\u00eb\"}]},{\"@type\":\"Person\",\"@id\":\"https:\/\/www.visit-ulcinj.com\/blog\/#\/schema\/person\/dcab619c614d3038751c63bc2aadc06d\",\"name\":\"ulqini\",\"sameAs\":[\"http:\/\/www.visit-ulcinj.com\"],\"url\":\"https:\/\/www.visit-ulcinj.com\/blog\/author\/admin\/\"}]}<\/script>\n<!-- \/ Yoast SEO plugin. -->","yoast_head_json":{"title":"Koment i ashp\u00ebr i gazet\u00ebs malazeze p\u00ebr k\u00ebrc\u00ebnimet e Tadiqit ndaj Malit t\u00eb Zi dhe Maqedonis\u00eb - Lajme nga Ulqini","description":"Ndaj Maqedonis\u00eb dhe Malit t\u00eb Zi, Serbia nuk do t\u00eb ket\u00eb mir\u00ebkuptim n\u00ebse e njohin e Kosov\u00ebn, dhe n\u00ebse k\u00ebt\u00eb e b\u00ebjn\u00eb at\u00ebher\u00eb duhet t\u00eb sanksioohen, thuhet n\u00eb","robots":{"index":"index","follow":"follow","max-snippet":"max-snippet:-1","max-image-preview":"max-image-preview:large","max-video-preview":"max-video-preview:-1"},"canonical":"https:\/\/www.visit-ulcinj.com\/blog\/2008\/09\/30\/koment-i-ashper-i-gazetes-malazeze-per-kercenimet-e-tadiqit-ndaj-malit-te-zi-dhe-maqedonise\/","og_locale":"en_US","og_type":"article","og_title":"Koment i ashp\u00ebr i gazet\u00ebs malazeze p\u00ebr k\u00ebrc\u00ebnimet e Tadiqit ndaj Malit t\u00eb Zi dhe Maqedonis\u00eb - Lajme nga Ulqini","og_description":"Ndaj Maqedonis\u00eb dhe Malit t\u00eb Zi, Serbia nuk do t\u00eb ket\u00eb mir\u00ebkuptim n\u00ebse e njohin e Kosov\u00ebn, dhe n\u00ebse k\u00ebt\u00eb e b\u00ebjn\u00eb at\u00ebher\u00eb duhet t\u00eb sanksioohen, thuhet n\u00eb","og_url":"https:\/\/www.visit-ulcinj.com\/blog\/2008\/09\/30\/koment-i-ashper-i-gazetes-malazeze-per-kercenimet-e-tadiqit-ndaj-malit-te-zi-dhe-maqedonise\/","og_site_name":"Lajme nga Ulqini","article_published_time":"2008-09-30T16:38:56+00:00","article_modified_time":"2008-10-17T18:52:01+00:00","og_image":[{"url":"http:\/\/www.visit-ulcinj.com\/blog\/wp-content\/uploads\/2008\/09\/tadic.jpg"}],"twitter_misc":{"Written by":"ulqini","Est. reading time":"2 minutes"},"schema":{"@context":"https:\/\/schema.org","@graph":[{"@type":"WebSite","@id":"https:\/\/www.visit-ulcinj.com\/blog\/#website","url":"https:\/\/www.visit-ulcinj.com\/blog\/","name":"Lajme nga Ulqini","description":"Lajme,Vijesti,Ulqini,Ulqin,Crna Gora,Mali i Zi","potentialAction":[{"@type":"SearchAction","target":{"@type":"EntryPoint","urlTemplate":"https:\/\/www.visit-ulcinj.com\/blog\/?s={search_term_string}"},"query-input":"required name=search_term_string"}],"inLanguage":"en-US"},{"@type":"ImageObject","inLanguage":"en-US","@id":"https:\/\/www.visit-ulcinj.com\/blog\/2008\/09\/30\/koment-i-ashper-i-gazetes-malazeze-per-kercenimet-e-tadiqit-ndaj-malit-te-zi-dhe-maqedonise\/#primaryimage","url":"http:\/\/www.visit-ulcinj.com\/blog\/wp-content\/uploads\/2008\/09\/tadic.jpg","contentUrl":"http:\/\/www.visit-ulcinj.com\/blog\/wp-content\/uploads\/2008\/09\/tadic.jpg"},{"@type":"WebPage","@id":"https:\/\/www.visit-ulcinj.com\/blog\/2008\/09\/30\/koment-i-ashper-i-gazetes-malazeze-per-kercenimet-e-tadiqit-ndaj-malit-te-zi-dhe-maqedonise\/#webpage","url":"https:\/\/www.visit-ulcinj.com\/blog\/2008\/09\/30\/koment-i-ashper-i-gazetes-malazeze-per-kercenimet-e-tadiqit-ndaj-malit-te-zi-dhe-maqedonise\/","name":"Koment i ashp\u00ebr i gazet\u00ebs malazeze p\u00ebr k\u00ebrc\u00ebnimet e Tadiqit ndaj Malit t\u00eb Zi dhe Maqedonis\u00eb - Lajme nga Ulqini","isPartOf":{"@id":"https:\/\/www.visit-ulcinj.com\/blog\/#website"},"primaryImageOfPage":{"@id":"https:\/\/www.visit-ulcinj.com\/blog\/2008\/09\/30\/koment-i-ashper-i-gazetes-malazeze-per-kercenimet-e-tadiqit-ndaj-malit-te-zi-dhe-maqedonise\/#primaryimage"},"datePublished":"2008-09-30T16:38:56+00:00","dateModified":"2008-10-17T18:52:01+00:00","author":{"@id":"https:\/\/www.visit-ulcinj.com\/blog\/#\/schema\/person\/dcab619c614d3038751c63bc2aadc06d"},"description":"Ndaj Maqedonis\u00eb dhe Malit t\u00eb Zi, Serbia nuk do t\u00eb ket\u00eb mir\u00ebkuptim n\u00ebse e njohin e Kosov\u00ebn, dhe n\u00ebse k\u00ebt\u00eb e b\u00ebjn\u00eb at\u00ebher\u00eb duhet t\u00eb sanksioohen, thuhet n\u00eb","breadcrumb":{"@id":"https:\/\/www.visit-ulcinj.com\/blog\/2008\/09\/30\/koment-i-ashper-i-gazetes-malazeze-per-kercenimet-e-tadiqit-ndaj-malit-te-zi-dhe-maqedonise\/#breadcrumb"},"inLanguage":"en-US","potentialAction":[{"@type":"ReadAction","target":["https:\/\/www.visit-ulcinj.com\/blog\/2008\/09\/30\/koment-i-ashper-i-gazetes-malazeze-per-kercenimet-e-tadiqit-ndaj-malit-te-zi-dhe-maqedonise\/"]}]},{"@type":"BreadcrumbList","@id":"https:\/\/www.visit-ulcinj.com\/blog\/2008\/09\/30\/koment-i-ashper-i-gazetes-malazeze-per-kercenimet-e-tadiqit-ndaj-malit-te-zi-dhe-maqedonise\/#breadcrumb","itemListElement":[{"@type":"ListItem","position":1,"name":"Koment i ashp\u00ebr i gazet\u00ebs malazeze p\u00ebr k\u00ebrc\u00ebnimet e Tadiqit ndaj Malit t\u00eb Zi dhe Maqedonis\u00eb"}]},{"@type":"Person","@id":"https:\/\/www.visit-ulcinj.com\/blog\/#\/schema\/person\/dcab619c614d3038751c63bc2aadc06d","name":"ulqini","sameAs":["http:\/\/www.visit-ulcinj.com"],"url":"https:\/\/www.visit-ulcinj.com\/blog\/author\/admin\/"}]}},"jetpack_featured_media_url":"","jetpack_sharing_enabled":true,"jetpack_shortlink":"https:\/\/wp.me\/pe6lTn-Y2","_links":{"self":[{"href":"https:\/\/www.visit-ulcinj.com\/blog\/wp-json\/wp\/v2\/posts\/3722"}],"collection":[{"href":"https:\/\/www.visit-ulcinj.com\/blog\/wp-json\/wp\/v2\/posts"}],"about":[{"href":"https:\/\/www.visit-ulcinj.com\/blog\/wp-json\/wp\/v2\/types\/post"}],"author":[{"embeddable":true,"href":"https:\/\/www.visit-ulcinj.com\/blog\/wp-json\/wp\/v2\/users\/1"}],"replies":[{"embeddable":true,"href":"https:\/\/www.visit-ulcinj.com\/blog\/wp-json\/wp\/v2\/comments?post=3722"}],"version-history":[{"count":0,"href":"https:\/\/www.visit-ulcinj.com\/blog\/wp-json\/wp\/v2\/posts\/3722\/revisions"}],"wp:attachment":[{"href":"https:\/\/www.visit-ulcinj.com\/blog\/wp-json\/wp\/v2\/media?parent=3722"}],"wp:term":[{"taxonomy":"category","embeddable":true,"href":"https:\/\/www.visit-ulcinj.com\/blog\/wp-json\/wp\/v2\/categories?post=3722"},{"taxonomy":"post_tag","embeddable":true,"href":"https:\/\/www.visit-ulcinj.com\/blog\/wp-json\/wp\/v2\/tags?post=3722"}],"curies":[{"name":"wp","href":"https:\/\/api.w.org\/{rel}","templated":true}]}}