{"id":37221,"date":"2010-09-13T21:04:17","date_gmt":"2010-09-13T19:04:17","guid":{"rendered":"http:\/\/www.visit-ulcinj.com\/blog\/?p=37221"},"modified":"2010-09-16T21:56:58","modified_gmt":"2010-09-16T19:56:58","slug":"ftese-per-perurimin-e-librit-per-ulqinin-dhe-ulqinaket","status":"publish","type":"post","link":"https:\/\/www.visit-ulcinj.com\/blog\/2010\/09\/13\/ftese-per-perurimin-e-librit-per-ulqinin-dhe-ulqinaket\/","title":{"rendered":"Ftes\u00eb p\u00ebr perurimin e librit p\u00ebr Ulqinin dhe Ulqinak\u00ebt &#8211; Foto"},"content":{"rendered":"<p><strong><a href=\"http:\/\/www.visit-ulcinj.com\/blog\/wp-content\/uploads\/2010\/09\/LIBRI-PER-ULQININ-Hajro-Ulqinaku.jpg\"><img loading=\"lazy\" class=\"alignleft size-large wp-image-37222\" title=\"LIBRI PER ULQININ-Hajro Ulqinaku\" src=\"http:\/\/www.visit-ulcinj.com\/blog\/wp-content\/uploads\/2010\/09\/LIBRI-PER-ULQININ-Hajro-Ulqinaku-639x1024.jpg\" alt=\"\" width=\"490\" height=\"620\" \/><\/a>Te nderuar<\/strong><\/p>\n<p><strong>Ju njoftojme se te maretn me 14 shtator 2010 me fillim ne ora 20, ne sallen e bibliotekes se qytetit behet perurimi i librit LIBRI PER ULQININ DHE ULQINAKET te autorit HAJRO ULQINAKU.<\/strong><\/p>\n<p>Per librin do te flase prof. dr. Maksut Haxhibrahimi.<\/p>\n<p><strong>Oragnizatore:<\/strong><\/p>\n<p>Qendra per kulture &#8211; Biblioteka e qytetit<\/p>\n<p>Bashkimi i krijuesve shqiptar ne MZ<\/p>\n<p>Asociacioni Ulqini<\/p>\n<p><strong>Jeni te mireseardhur<br \/>\n\n\t\t<style type=\"text\/css\">\n\t\t\t#gallery-1 {\n\t\t\t\tmargin: auto;\n\t\t\t}\n\t\t\t#gallery-1 .gallery-item {\n\t\t\t\tfloat: left;\n\t\t\t\tmargin-top: 10px;\n\t\t\t\ttext-align: center;\n\t\t\t\twidth: 33%;\n\t\t\t}\n\t\t\t#gallery-1 img {\n\t\t\t\tborder: 2px solid #cfcfcf;\n\t\t\t}\n\t\t\t#gallery-1 .gallery-caption {\n\t\t\t\tmargin-left: 0;\n\t\t\t}\n\t\t\t\/* see gallery_shortcode() in wp-includes\/media.php *\/\n\t\t<\/style>\n\t\t<div id='gallery-1' class='gallery galleryid-37221 gallery-columns-3 gallery-size-thumbnail'><dl class='gallery-item'>\n\t\t\t<dt class='gallery-icon portrait'>\n\t\t\t\t<a href='https:\/\/www.visit-ulcinj.com\/blog\/wp-content\/uploads\/2010\/09\/LIBRI-PER-ULQININ-Hajro-Ulqinaku.jpg'><img width=\"150\" height=\"150\" src=\"https:\/\/www.visit-ulcinj.com\/blog\/wp-content\/uploads\/2010\/09\/LIBRI-PER-ULQININ-Hajro-Ulqinaku-150x150.jpg\" class=\"attachment-thumbnail size-thumbnail\" alt=\"\" loading=\"lazy\" \/><\/a>\n\t\t\t<\/dt><\/dl><dl class='gallery-item'>\n\t\t\t<dt class='gallery-icon landscape'>\n\t\t\t\t<a href='https:\/\/www.visit-ulcinj.com\/blog\/wp-content\/uploads\/2010\/09\/HAJRO-ULQINAKU-LIBRI-PER-ULQININ-dhe-ULQINAKET.1.jpg'><img width=\"150\" height=\"150\" src=\"https:\/\/www.visit-ulcinj.com\/blog\/wp-content\/uploads\/2010\/09\/HAJRO-ULQINAKU-LIBRI-PER-ULQININ-dhe-ULQINAKET.1-150x150.jpg\" class=\"attachment-thumbnail size-thumbnail\" alt=\"\" loading=\"lazy\" \/><\/a>\n\t\t\t<\/dt><\/dl><dl class='gallery-item'>\n\t\t\t<dt class='gallery-icon portrait'>\n\t\t\t\t<a href='https:\/\/www.visit-ulcinj.com\/blog\/wp-content\/uploads\/2010\/09\/HAJRO-ULQINAKU-LIBRI-PER-ULQININ-dhe-ULQINAKET.2.jpg'><img width=\"150\" height=\"150\" src=\"https:\/\/www.visit-ulcinj.com\/blog\/wp-content\/uploads\/2010\/09\/HAJRO-ULQINAKU-LIBRI-PER-ULQININ-dhe-ULQINAKET.2-150x150.jpg\" class=\"attachment-thumbnail size-thumbnail\" alt=\"\" loading=\"lazy\" \/><\/a>\n\t\t\t<\/dt><\/dl><br style=\"clear: both\" \/><dl class='gallery-item'>\n\t\t\t<dt class='gallery-icon landscape'>\n\t\t\t\t<a href='https:\/\/www.visit-ulcinj.com\/blog\/wp-content\/uploads\/2010\/09\/HAJRO-ULQINAKU-LIBRI-PER-ULQININ-dhe-ULQINAKET.4.jpg'><img width=\"150\" height=\"150\" src=\"https:\/\/www.visit-ulcinj.com\/blog\/wp-content\/uploads\/2010\/09\/HAJRO-ULQINAKU-LIBRI-PER-ULQININ-dhe-ULQINAKET.4-150x150.jpg\" class=\"attachment-thumbnail size-thumbnail\" alt=\"\" loading=\"lazy\" \/><\/a>\n\t\t\t<\/dt><\/dl><dl class='gallery-item'>\n\t\t\t<dt class='gallery-icon landscape'>\n\t\t\t\t<a href='https:\/\/www.visit-ulcinj.com\/blog\/wp-content\/uploads\/2010\/09\/HAJRO-ULQINAKU-LIBRI-PER-ULQININ-dhe-ULQINAKET.5.jpg'><img width=\"150\" height=\"150\" src=\"https:\/\/www.visit-ulcinj.com\/blog\/wp-content\/uploads\/2010\/09\/HAJRO-ULQINAKU-LIBRI-PER-ULQININ-dhe-ULQINAKET.5-150x150.jpg\" class=\"attachment-thumbnail size-thumbnail\" alt=\"\" loading=\"lazy\" \/><\/a>\n\t\t\t<\/dt><\/dl><dl class='gallery-item'>\n\t\t\t<dt class='gallery-icon landscape'>\n\t\t\t\t<a href='https:\/\/www.visit-ulcinj.com\/blog\/wp-content\/uploads\/2010\/09\/HAJRO-ULQINAKU-LIBRI-PER-ULQININ-dhe-ULQINAKET.9.jpg'><img width=\"150\" height=\"150\" src=\"https:\/\/www.visit-ulcinj.com\/blog\/wp-content\/uploads\/2010\/09\/HAJRO-ULQINAKU-LIBRI-PER-ULQININ-dhe-ULQINAKET.9-150x150.jpg\" class=\"attachment-thumbnail size-thumbnail\" alt=\"\" loading=\"lazy\" \/><\/a>\n\t\t\t<\/dt><\/dl><br style=\"clear: both\" \/><dl class='gallery-item'>\n\t\t\t<dt class='gallery-icon landscape'>\n\t\t\t\t<a href='https:\/\/www.visit-ulcinj.com\/blog\/wp-content\/uploads\/2010\/09\/HAJRO-ULQINAKU-LIBRI-PER-ULQININ-dhe-ULQINAKET.6.jpg'><img width=\"150\" height=\"150\" src=\"https:\/\/www.visit-ulcinj.com\/blog\/wp-content\/uploads\/2010\/09\/HAJRO-ULQINAKU-LIBRI-PER-ULQININ-dhe-ULQINAKET.6-150x150.jpg\" class=\"attachment-thumbnail size-thumbnail\" alt=\"\" loading=\"lazy\" \/><\/a>\n\t\t\t<\/dt><\/dl><dl class='gallery-item'>\n\t\t\t<dt class='gallery-icon landscape'>\n\t\t\t\t<a href='https:\/\/www.visit-ulcinj.com\/blog\/wp-content\/uploads\/2010\/09\/HAJRO-ULQINAKU-LIBRI-PER-ULQININ-dhe-ULQINAKET.8.jpg'><img width=\"150\" height=\"150\" src=\"https:\/\/www.visit-ulcinj.com\/blog\/wp-content\/uploads\/2010\/09\/HAJRO-ULQINAKU-LIBRI-PER-ULQININ-dhe-ULQINAKET.8-150x150.jpg\" class=\"attachment-thumbnail size-thumbnail\" alt=\"\" loading=\"lazy\" \/><\/a>\n\t\t\t<\/dt><\/dl><dl class='gallery-item'>\n\t\t\t<dt class='gallery-icon landscape'>\n\t\t\t\t<a href='https:\/\/www.visit-ulcinj.com\/blog\/wp-content\/uploads\/2010\/09\/HAJRO-ULQINAKU-LIBRI-PER-ULQININ-dhe-ULQINAKET.7.jpg'><img width=\"150\" height=\"150\" src=\"https:\/\/www.visit-ulcinj.com\/blog\/wp-content\/uploads\/2010\/09\/HAJRO-ULQINAKU-LIBRI-PER-ULQININ-dhe-ULQINAKET.7-150x150.jpg\" class=\"attachment-thumbnail size-thumbnail\" alt=\"\" loading=\"lazy\" \/><\/a>\n\t\t\t<\/dt><\/dl><br style=\"clear: both\" \/>\n\t\t<\/div>\n<\/p>\n<p><\/strong><\/p>\n","protected":false},"excerpt":{"rendered":"<p>Te nderuar Ju njoftojme se te maretn me 14 shtator 2010 me fillim ne ora 20, ne sallen e bibliotekes se qytetit behet perurimi i librit LIBRI PER ULQININ DHE ULQINAKET te autorit HAJRO ULQINAKU. Per librin do te flase prof. dr. Maksut Haxhibrahimi. Oragnizatore: Qendra per kulture &#8211; Biblioteka e qytetit Bashkimi i krijuesve [&hellip;]<\/p>\n","protected":false},"author":1,"featured_media":0,"comment_status":"open","ping_status":"closed","sticky":false,"template":"","format":"standard","meta":{"spay_email":"","jetpack_publicize_message":"","jetpack_is_tweetstorm":false,"jetpack_publicize_feature_enabled":true},"categories":[6950],"tags":[961,6137,15373,13737,18],"jetpack_publicize_connections":[],"yoast_head":"<!-- This site is optimized with the Yoast SEO plugin v19.1 - https:\/\/yoast.com\/wordpress\/plugins\/seo\/ -->\n<title>Ftes\u00eb p\u00ebr perurimin e librit p\u00ebr Ulqinin dhe Ulqinak\u00ebt - Foto - Lajme nga Ulqini<\/title>\n<meta name=\"description\" content=\"Te nderuar Ju njoftojme se te maretn me 14 shtator 2010 me fillim ne ora 20, ne sallen e bibliotekes se qytetit behet perurimi i librit LIBRI PER ULQININ\" \/>\n<meta name=\"robots\" content=\"index, follow, max-snippet:-1, max-image-preview:large, max-video-preview:-1\" \/>\n<link rel=\"canonical\" href=\"https:\/\/www.visit-ulcinj.com\/blog\/2010\/09\/13\/ftese-per-perurimin-e-librit-per-ulqinin-dhe-ulqinaket\/\" \/>\n<meta property=\"og:locale\" content=\"en_US\" \/>\n<meta property=\"og:type\" content=\"article\" \/>\n<meta property=\"og:title\" content=\"Ftes\u00eb p\u00ebr perurimin e librit p\u00ebr Ulqinin dhe Ulqinak\u00ebt - Foto - Lajme nga Ulqini\" \/>\n<meta property=\"og:description\" content=\"Te nderuar Ju njoftojme se te maretn me 14 shtator 2010 me fillim ne ora 20, ne sallen e bibliotekes se qytetit behet perurimi i librit LIBRI PER ULQININ\" \/>\n<meta property=\"og:url\" content=\"https:\/\/www.visit-ulcinj.com\/blog\/2010\/09\/13\/ftese-per-perurimin-e-librit-per-ulqinin-dhe-ulqinaket\/\" \/>\n<meta property=\"og:site_name\" content=\"Lajme nga Ulqini\" \/>\n<meta property=\"article:published_time\" content=\"2010-09-13T19:04:17+00:00\" \/>\n<meta property=\"article:modified_time\" content=\"2010-09-16T19:56:58+00:00\" \/>\n<meta property=\"og:image\" content=\"https:\/\/www.visit-ulcinj.com\/blog\/wp-content\/uploads\/2010\/09\/LIBRI-PER-ULQININ-Hajro-Ulqinaku-150x150.jpg\" \/>\n<meta name=\"twitter:label1\" content=\"Written by\" \/>\n\t<meta name=\"twitter:data1\" content=\"ulqini\" \/>\n<script type=\"application\/ld+json\" class=\"yoast-schema-graph\">{\"@context\":\"https:\/\/schema.org\",\"@graph\":[{\"@type\":\"WebSite\",\"@id\":\"https:\/\/www.visit-ulcinj.com\/blog\/#website\",\"url\":\"https:\/\/www.visit-ulcinj.com\/blog\/\",\"name\":\"Lajme nga Ulqini\",\"description\":\"Lajme,Vijesti,Ulqini,Ulqin,Crna Gora,Mali i Zi\",\"potentialAction\":[{\"@type\":\"SearchAction\",\"target\":{\"@type\":\"EntryPoint\",\"urlTemplate\":\"https:\/\/www.visit-ulcinj.com\/blog\/?s={search_term_string}\"},\"query-input\":\"required name=search_term_string\"}],\"inLanguage\":\"en-US\"},{\"@type\":\"ImageObject\",\"inLanguage\":\"en-US\",\"@id\":\"https:\/\/www.visit-ulcinj.com\/blog\/2010\/09\/13\/ftese-per-perurimin-e-librit-per-ulqinin-dhe-ulqinaket\/#primaryimage\",\"url\":\"https:\/\/www.visit-ulcinj.com\/blog\/wp-content\/uploads\/2010\/09\/LIBRI-PER-ULQININ-Hajro-Ulqinaku.jpg\",\"contentUrl\":\"https:\/\/www.visit-ulcinj.com\/blog\/wp-content\/uploads\/2010\/09\/LIBRI-PER-ULQININ-Hajro-Ulqinaku.jpg\",\"width\":\"664\",\"height\":\"1063\"},{\"@type\":\"WebPage\",\"@id\":\"https:\/\/www.visit-ulcinj.com\/blog\/2010\/09\/13\/ftese-per-perurimin-e-librit-per-ulqinin-dhe-ulqinaket\/#webpage\",\"url\":\"https:\/\/www.visit-ulcinj.com\/blog\/2010\/09\/13\/ftese-per-perurimin-e-librit-per-ulqinin-dhe-ulqinaket\/\",\"name\":\"Ftes\u00eb p\u00ebr perurimin e librit p\u00ebr Ulqinin dhe Ulqinak\u00ebt - Foto - Lajme nga Ulqini\",\"isPartOf\":{\"@id\":\"https:\/\/www.visit-ulcinj.com\/blog\/#website\"},\"primaryImageOfPage\":{\"@id\":\"https:\/\/www.visit-ulcinj.com\/blog\/2010\/09\/13\/ftese-per-perurimin-e-librit-per-ulqinin-dhe-ulqinaket\/#primaryimage\"},\"datePublished\":\"2010-09-13T19:04:17+00:00\",\"dateModified\":\"2010-09-16T19:56:58+00:00\",\"author\":{\"@id\":\"https:\/\/www.visit-ulcinj.com\/blog\/#\/schema\/person\/dcab619c614d3038751c63bc2aadc06d\"},\"description\":\"Te nderuar Ju njoftojme se te maretn me 14 shtator 2010 me fillim ne ora 20, ne sallen e bibliotekes se qytetit behet perurimi i librit LIBRI PER ULQININ\",\"breadcrumb\":{\"@id\":\"https:\/\/www.visit-ulcinj.com\/blog\/2010\/09\/13\/ftese-per-perurimin-e-librit-per-ulqinin-dhe-ulqinaket\/#breadcrumb\"},\"inLanguage\":\"en-US\",\"potentialAction\":[{\"@type\":\"ReadAction\",\"target\":[\"https:\/\/www.visit-ulcinj.com\/blog\/2010\/09\/13\/ftese-per-perurimin-e-librit-per-ulqinin-dhe-ulqinaket\/\"]}]},{\"@type\":\"BreadcrumbList\",\"@id\":\"https:\/\/www.visit-ulcinj.com\/blog\/2010\/09\/13\/ftese-per-perurimin-e-librit-per-ulqinin-dhe-ulqinaket\/#breadcrumb\",\"itemListElement\":[{\"@type\":\"ListItem\",\"position\":1,\"name\":\"Ftes\u00eb p\u00ebr perurimin e librit p\u00ebr Ulqinin dhe Ulqinak\u00ebt &#8211; Foto\"}]},{\"@type\":\"Person\",\"@id\":\"https:\/\/www.visit-ulcinj.com\/blog\/#\/schema\/person\/dcab619c614d3038751c63bc2aadc06d\",\"name\":\"ulqini\",\"sameAs\":[\"http:\/\/www.visit-ulcinj.com\"],\"url\":\"https:\/\/www.visit-ulcinj.com\/blog\/author\/admin\/\"}]}<\/script>\n<!-- \/ Yoast SEO plugin. -->","yoast_head_json":{"title":"Ftes\u00eb p\u00ebr perurimin e librit p\u00ebr Ulqinin dhe Ulqinak\u00ebt - Foto - Lajme nga Ulqini","description":"Te nderuar Ju njoftojme se te maretn me 14 shtator 2010 me fillim ne ora 20, ne sallen e bibliotekes se qytetit behet perurimi i librit LIBRI PER ULQININ","robots":{"index":"index","follow":"follow","max-snippet":"max-snippet:-1","max-image-preview":"max-image-preview:large","max-video-preview":"max-video-preview:-1"},"canonical":"https:\/\/www.visit-ulcinj.com\/blog\/2010\/09\/13\/ftese-per-perurimin-e-librit-per-ulqinin-dhe-ulqinaket\/","og_locale":"en_US","og_type":"article","og_title":"Ftes\u00eb p\u00ebr perurimin e librit p\u00ebr Ulqinin dhe Ulqinak\u00ebt - Foto - Lajme nga Ulqini","og_description":"Te nderuar Ju njoftojme se te maretn me 14 shtator 2010 me fillim ne ora 20, ne sallen e bibliotekes se qytetit behet perurimi i librit LIBRI PER ULQININ","og_url":"https:\/\/www.visit-ulcinj.com\/blog\/2010\/09\/13\/ftese-per-perurimin-e-librit-per-ulqinin-dhe-ulqinaket\/","og_site_name":"Lajme nga Ulqini","article_published_time":"2010-09-13T19:04:17+00:00","article_modified_time":"2010-09-16T19:56:58+00:00","og_image":[{"url":"https:\/\/www.visit-ulcinj.com\/blog\/wp-content\/uploads\/2010\/09\/LIBRI-PER-ULQININ-Hajro-Ulqinaku-150x150.jpg"}],"twitter_misc":{"Written by":"ulqini"},"schema":{"@context":"https:\/\/schema.org","@graph":[{"@type":"WebSite","@id":"https:\/\/www.visit-ulcinj.com\/blog\/#website","url":"https:\/\/www.visit-ulcinj.com\/blog\/","name":"Lajme nga Ulqini","description":"Lajme,Vijesti,Ulqini,Ulqin,Crna Gora,Mali i Zi","potentialAction":[{"@type":"SearchAction","target":{"@type":"EntryPoint","urlTemplate":"https:\/\/www.visit-ulcinj.com\/blog\/?s={search_term_string}"},"query-input":"required name=search_term_string"}],"inLanguage":"en-US"},{"@type":"ImageObject","inLanguage":"en-US","@id":"https:\/\/www.visit-ulcinj.com\/blog\/2010\/09\/13\/ftese-per-perurimin-e-librit-per-ulqinin-dhe-ulqinaket\/#primaryimage","url":"https:\/\/www.visit-ulcinj.com\/blog\/wp-content\/uploads\/2010\/09\/LIBRI-PER-ULQININ-Hajro-Ulqinaku.jpg","contentUrl":"https:\/\/www.visit-ulcinj.com\/blog\/wp-content\/uploads\/2010\/09\/LIBRI-PER-ULQININ-Hajro-Ulqinaku.jpg","width":"664","height":"1063"},{"@type":"WebPage","@id":"https:\/\/www.visit-ulcinj.com\/blog\/2010\/09\/13\/ftese-per-perurimin-e-librit-per-ulqinin-dhe-ulqinaket\/#webpage","url":"https:\/\/www.visit-ulcinj.com\/blog\/2010\/09\/13\/ftese-per-perurimin-e-librit-per-ulqinin-dhe-ulqinaket\/","name":"Ftes\u00eb p\u00ebr perurimin e librit p\u00ebr Ulqinin dhe Ulqinak\u00ebt - Foto - Lajme nga Ulqini","isPartOf":{"@id":"https:\/\/www.visit-ulcinj.com\/blog\/#website"},"primaryImageOfPage":{"@id":"https:\/\/www.visit-ulcinj.com\/blog\/2010\/09\/13\/ftese-per-perurimin-e-librit-per-ulqinin-dhe-ulqinaket\/#primaryimage"},"datePublished":"2010-09-13T19:04:17+00:00","dateModified":"2010-09-16T19:56:58+00:00","author":{"@id":"https:\/\/www.visit-ulcinj.com\/blog\/#\/schema\/person\/dcab619c614d3038751c63bc2aadc06d"},"description":"Te nderuar Ju njoftojme se te maretn me 14 shtator 2010 me fillim ne ora 20, ne sallen e bibliotekes se qytetit behet perurimi i librit LIBRI PER ULQININ","breadcrumb":{"@id":"https:\/\/www.visit-ulcinj.com\/blog\/2010\/09\/13\/ftese-per-perurimin-e-librit-per-ulqinin-dhe-ulqinaket\/#breadcrumb"},"inLanguage":"en-US","potentialAction":[{"@type":"ReadAction","target":["https:\/\/www.visit-ulcinj.com\/blog\/2010\/09\/13\/ftese-per-perurimin-e-librit-per-ulqinin-dhe-ulqinaket\/"]}]},{"@type":"BreadcrumbList","@id":"https:\/\/www.visit-ulcinj.com\/blog\/2010\/09\/13\/ftese-per-perurimin-e-librit-per-ulqinin-dhe-ulqinaket\/#breadcrumb","itemListElement":[{"@type":"ListItem","position":1,"name":"Ftes\u00eb p\u00ebr perurimin e librit p\u00ebr Ulqinin dhe Ulqinak\u00ebt &#8211; Foto"}]},{"@type":"Person","@id":"https:\/\/www.visit-ulcinj.com\/blog\/#\/schema\/person\/dcab619c614d3038751c63bc2aadc06d","name":"ulqini","sameAs":["http:\/\/www.visit-ulcinj.com"],"url":"https:\/\/www.visit-ulcinj.com\/blog\/author\/admin\/"}]}},"jetpack_featured_media_url":"","jetpack_sharing_enabled":true,"jetpack_shortlink":"https:\/\/wp.me\/pe6lTn-9Gl","_links":{"self":[{"href":"https:\/\/www.visit-ulcinj.com\/blog\/wp-json\/wp\/v2\/posts\/37221"}],"collection":[{"href":"https:\/\/www.visit-ulcinj.com\/blog\/wp-json\/wp\/v2\/posts"}],"about":[{"href":"https:\/\/www.visit-ulcinj.com\/blog\/wp-json\/wp\/v2\/types\/post"}],"author":[{"embeddable":true,"href":"https:\/\/www.visit-ulcinj.com\/blog\/wp-json\/wp\/v2\/users\/1"}],"replies":[{"embeddable":true,"href":"https:\/\/www.visit-ulcinj.com\/blog\/wp-json\/wp\/v2\/comments?post=37221"}],"version-history":[{"count":0,"href":"https:\/\/www.visit-ulcinj.com\/blog\/wp-json\/wp\/v2\/posts\/37221\/revisions"}],"wp:attachment":[{"href":"https:\/\/www.visit-ulcinj.com\/blog\/wp-json\/wp\/v2\/media?parent=37221"}],"wp:term":[{"taxonomy":"category","embeddable":true,"href":"https:\/\/www.visit-ulcinj.com\/blog\/wp-json\/wp\/v2\/categories?post=37221"},{"taxonomy":"post_tag","embeddable":true,"href":"https:\/\/www.visit-ulcinj.com\/blog\/wp-json\/wp\/v2\/tags?post=37221"}],"curies":[{"name":"wp","href":"https:\/\/api.w.org\/{rel}","templated":true}]}}