{"id":37225,"date":"2010-09-13T21:25:32","date_gmt":"2010-09-13T19:25:32","guid":{"rendered":"http:\/\/www.visit-ulcinj.com\/blog\/?p=37225"},"modified":"2010-09-14T13:22:47","modified_gmt":"2010-09-14T11:22:47","slug":"opozita-ne-ulqin-negocion-per-koalicion","status":"publish","type":"post","link":"https:\/\/www.visit-ulcinj.com\/blog\/2010\/09\/13\/opozita-ne-ulqin-negocion-per-koalicion\/","title":{"rendered":"Opozita n\u00eb Ulqin negocion p\u00ebr koalicion"},"content":{"rendered":"<p><a href=\"http:\/\/www.visit-ulcinj.com\/blog\/wp-content\/uploads\/2010\/09\/Koalicioni-i-opozites-ulqin.jpg\"><img loading=\"lazy\" class=\"alignleft size-full wp-image-37226\" title=\"Koalicioni i opozites ulqin\" src=\"http:\/\/www.visit-ulcinj.com\/blog\/wp-content\/uploads\/2010\/09\/Koalicioni-i-opozites-ulqin.jpg\" alt=\"\" width=\"490\" height=\"224\" srcset=\"https:\/\/www.visit-ulcinj.com\/blog\/wp-content\/uploads\/2010\/09\/Koalicioni-i-opozites-ulqin.jpg 490w, https:\/\/www.visit-ulcinj.com\/blog\/wp-content\/uploads\/2010\/09\/Koalicioni-i-opozites-ulqin-300x137.jpg 300w\" sizes=\"(max-width: 490px) 100vw, 490px\" \/><\/a>Tri partit\u00eb parlamentare shqiptare, si Forca e Re Demokratike, Perspektiva dhe Lidhja Demokratike n\u00eb Mal t\u00eb Zi kan\u00eb nisur t\u00eb bisedojn\u00eb p\u00ebr t\u00eb b\u00ebr\u00eb koalicion edhe n\u00eb zgjedhjet e jasht\u00ebzakonshme lokale t\u00eb 17 tetorit n\u00eb Ulqin t\u00eb dalin me nj\u00eb list\u00eb, raporton KosovaLive.<\/p>\n<p>Takimin e para fest\u00ebs s\u00eb Bajramit t\u00eb Madh, me ftes\u00eb t\u00eb Forc\u00ebs s\u00eb Re Demokratike, n\u00eb hotelin \u201cEvropa\u201d n\u00eb Shkod\u00ebr, t\u00eb h\u00ebn\u00ebn e konfirmoi edhe lideri dhe deputeti i Perspektiv\u00ebs, Amir Hollaj.<\/p>\n<p>\u201cDuke u mb\u00ebshtetur n\u00eb takimin e par\u00eb q\u00eb kishim n\u00eb Shkod\u00ebr, jam optimist se sa m\u00eb par\u00eb do t\u00eb arrihet koalicioni, duke p\u00ebrfillur k\u00ebshtu edhe vullnetin e zgjedh\u00ebsve. Tash kaloi festa edhe negociatat do t\u00eb vazhdojn\u00eb mes tre subjekteve politike opozitare,\u201d shton Hollaj.<\/p>\n<p>Lideri i Forc\u00ebs s\u00eb Re Demokratike, partis\u00eb m\u00eb t\u00eb madhe shqiptare n\u00eb Mal t\u00eb Zi, Nazif Cungu thot\u00eb se K\u00ebshillit Qendror i saj ka vendosur q\u00eb ky subjekt politik t\u00eb dal\u00eb me list\u00eb t\u00eb p\u00ebrbashk\u00ebt me Perspektiv\u00ebn edhe Lidhja Demokratike n\u00eb zgjedhjet lokale n\u00eb Ulqin, por \u201cende nuk ka vendim p\u00ebrfundimtar nga asnj\u00ebra parti shqiptare.\u201d<\/p>\n<p>Forca n\u00eb zgjedhjet e 23 majit ka siguruar 11, Perspektiva 1 dhe Lidhja Demokratike 1 k\u00ebshilltar.<\/p>\n<p>Kryetari i Lidhjes Demokratike n\u00eb Mal t\u00eb Zi, Mehmet Bardhi citohet t\u00eb ket\u00eb th\u00ebn\u00eb se duhet formuar nj\u00eb koalicion t\u00eb gjer\u00eb p\u00ebr t\u00eb marr\u00eb rezultate t\u00eb mira e p\u00ebr t\u00eb arritur t\u00eb largojm\u00eb nga pushteti ata t\u00eb cil\u00ebt e kan\u00eb humbur besimin e votuesve.<\/p>\n<p><strong>Koha Net<br \/>\n<!--YouTube Error: bad URL entered--><\/strong><\/p>\n","protected":false},"excerpt":{"rendered":"<p>Tri partit\u00eb parlamentare shqiptare, si Forca e Re Demokratike, Perspektiva dhe Lidhja Demokratike n\u00eb Mal t\u00eb Zi kan\u00eb nisur t\u00eb bisedojn\u00eb p\u00ebr t\u00eb b\u00ebr\u00eb koalicion edhe n\u00eb zgjedhjet e jasht\u00ebzakonshme lokale t\u00eb 17 tetorit n\u00eb Ulqin t\u00eb dalin me nj\u00eb list\u00eb, raporton KosovaLive. Takimin e para fest\u00ebs s\u00eb Bajramit t\u00eb Madh, me ftes\u00eb t\u00eb Forc\u00ebs [&hellip;]<\/p>\n","protected":false},"author":1,"featured_media":0,"comment_status":"open","ping_status":"closed","sticky":false,"template":"","format":"standard","meta":{"spay_email":"","jetpack_publicize_message":"","jetpack_is_tweetstorm":false,"jetpack_publicize_feature_enabled":true},"categories":[8],"tags":[1303,347,118,15374,200,18],"jetpack_publicize_connections":[],"yoast_head":"<!-- This site is optimized with the Yoast SEO plugin v19.1 - https:\/\/yoast.com\/wordpress\/plugins\/seo\/ -->\n<title>Opozita n\u00eb Ulqin negocion p\u00ebr koalicion - Lajme nga Ulqini<\/title>\n<meta name=\"description\" content=\"Tri partit\u00eb parlamentare shqiptare, si Forca e Re Demokratike, Perspektiva dhe Lidhja Demokratike n\u00eb Mal t\u00eb Zi kan\u00eb nisur t\u00eb bisedojn\u00eb p\u00ebr t\u00eb b\u00ebr\u00eb\" \/>\n<meta name=\"robots\" content=\"index, follow, max-snippet:-1, max-image-preview:large, max-video-preview:-1\" \/>\n<link rel=\"canonical\" href=\"https:\/\/www.visit-ulcinj.com\/blog\/2010\/09\/13\/opozita-ne-ulqin-negocion-per-koalicion\/\" \/>\n<meta property=\"og:locale\" content=\"en_US\" \/>\n<meta property=\"og:type\" content=\"article\" \/>\n<meta property=\"og:title\" content=\"Opozita n\u00eb Ulqin negocion p\u00ebr koalicion - Lajme nga Ulqini\" \/>\n<meta property=\"og:description\" content=\"Tri partit\u00eb parlamentare shqiptare, si Forca e Re Demokratike, Perspektiva dhe Lidhja Demokratike n\u00eb Mal t\u00eb Zi kan\u00eb nisur t\u00eb bisedojn\u00eb p\u00ebr t\u00eb b\u00ebr\u00eb\" \/>\n<meta property=\"og:url\" content=\"https:\/\/www.visit-ulcinj.com\/blog\/2010\/09\/13\/opozita-ne-ulqin-negocion-per-koalicion\/\" \/>\n<meta property=\"og:site_name\" content=\"Lajme nga Ulqini\" \/>\n<meta property=\"article:published_time\" content=\"2010-09-13T19:25:32+00:00\" \/>\n<meta property=\"article:modified_time\" content=\"2010-09-14T11:22:47+00:00\" \/>\n<meta property=\"og:image\" content=\"http:\/\/www.visit-ulcinj.com\/blog\/wp-content\/uploads\/2010\/09\/Koalicioni-i-opozites-ulqin.jpg\" \/>\n<meta name=\"twitter:label1\" content=\"Written by\" \/>\n\t<meta name=\"twitter:data1\" content=\"ulqini\" \/>\n\t<meta name=\"twitter:label2\" content=\"Est. reading time\" \/>\n\t<meta name=\"twitter:data2\" content=\"1 minute\" \/>\n<script type=\"application\/ld+json\" class=\"yoast-schema-graph\">{\"@context\":\"https:\/\/schema.org\",\"@graph\":[{\"@type\":\"WebSite\",\"@id\":\"https:\/\/www.visit-ulcinj.com\/blog\/#website\",\"url\":\"https:\/\/www.visit-ulcinj.com\/blog\/\",\"name\":\"Lajme nga Ulqini\",\"description\":\"Lajme,Vijesti,Ulqini,Ulqin,Crna Gora,Mali i Zi\",\"potentialAction\":[{\"@type\":\"SearchAction\",\"target\":{\"@type\":\"EntryPoint\",\"urlTemplate\":\"https:\/\/www.visit-ulcinj.com\/blog\/?s={search_term_string}\"},\"query-input\":\"required name=search_term_string\"}],\"inLanguage\":\"en-US\"},{\"@type\":\"ImageObject\",\"inLanguage\":\"en-US\",\"@id\":\"https:\/\/www.visit-ulcinj.com\/blog\/2010\/09\/13\/opozita-ne-ulqin-negocion-per-koalicion\/#primaryimage\",\"url\":\"https:\/\/www.visit-ulcinj.com\/blog\/wp-content\/uploads\/2010\/09\/Koalicioni-i-opozites-ulqin.jpg\",\"contentUrl\":\"https:\/\/www.visit-ulcinj.com\/blog\/wp-content\/uploads\/2010\/09\/Koalicioni-i-opozites-ulqin.jpg\",\"width\":\"490\",\"height\":\"224\"},{\"@type\":\"WebPage\",\"@id\":\"https:\/\/www.visit-ulcinj.com\/blog\/2010\/09\/13\/opozita-ne-ulqin-negocion-per-koalicion\/#webpage\",\"url\":\"https:\/\/www.visit-ulcinj.com\/blog\/2010\/09\/13\/opozita-ne-ulqin-negocion-per-koalicion\/\",\"name\":\"Opozita n\u00eb Ulqin negocion p\u00ebr koalicion - Lajme nga Ulqini\",\"isPartOf\":{\"@id\":\"https:\/\/www.visit-ulcinj.com\/blog\/#website\"},\"primaryImageOfPage\":{\"@id\":\"https:\/\/www.visit-ulcinj.com\/blog\/2010\/09\/13\/opozita-ne-ulqin-negocion-per-koalicion\/#primaryimage\"},\"datePublished\":\"2010-09-13T19:25:32+00:00\",\"dateModified\":\"2010-09-14T11:22:47+00:00\",\"author\":{\"@id\":\"https:\/\/www.visit-ulcinj.com\/blog\/#\/schema\/person\/dcab619c614d3038751c63bc2aadc06d\"},\"description\":\"Tri partit\u00eb parlamentare shqiptare, si Forca e Re Demokratike, Perspektiva dhe Lidhja Demokratike n\u00eb Mal t\u00eb Zi kan\u00eb nisur t\u00eb bisedojn\u00eb p\u00ebr t\u00eb b\u00ebr\u00eb\",\"breadcrumb\":{\"@id\":\"https:\/\/www.visit-ulcinj.com\/blog\/2010\/09\/13\/opozita-ne-ulqin-negocion-per-koalicion\/#breadcrumb\"},\"inLanguage\":\"en-US\",\"potentialAction\":[{\"@type\":\"ReadAction\",\"target\":[\"https:\/\/www.visit-ulcinj.com\/blog\/2010\/09\/13\/opozita-ne-ulqin-negocion-per-koalicion\/\"]}]},{\"@type\":\"BreadcrumbList\",\"@id\":\"https:\/\/www.visit-ulcinj.com\/blog\/2010\/09\/13\/opozita-ne-ulqin-negocion-per-koalicion\/#breadcrumb\",\"itemListElement\":[{\"@type\":\"ListItem\",\"position\":1,\"name\":\"Opozita n\u00eb Ulqin negocion p\u00ebr koalicion\"}]},{\"@type\":\"Person\",\"@id\":\"https:\/\/www.visit-ulcinj.com\/blog\/#\/schema\/person\/dcab619c614d3038751c63bc2aadc06d\",\"name\":\"ulqini\",\"sameAs\":[\"http:\/\/www.visit-ulcinj.com\"],\"url\":\"https:\/\/www.visit-ulcinj.com\/blog\/author\/admin\/\"}]}<\/script>\n<!-- \/ Yoast SEO plugin. -->","yoast_head_json":{"title":"Opozita n\u00eb Ulqin negocion p\u00ebr koalicion - Lajme nga Ulqini","description":"Tri partit\u00eb parlamentare shqiptare, si Forca e Re Demokratike, Perspektiva dhe Lidhja Demokratike n\u00eb Mal t\u00eb Zi kan\u00eb nisur t\u00eb bisedojn\u00eb p\u00ebr t\u00eb b\u00ebr\u00eb","robots":{"index":"index","follow":"follow","max-snippet":"max-snippet:-1","max-image-preview":"max-image-preview:large","max-video-preview":"max-video-preview:-1"},"canonical":"https:\/\/www.visit-ulcinj.com\/blog\/2010\/09\/13\/opozita-ne-ulqin-negocion-per-koalicion\/","og_locale":"en_US","og_type":"article","og_title":"Opozita n\u00eb Ulqin negocion p\u00ebr koalicion - Lajme nga Ulqini","og_description":"Tri partit\u00eb parlamentare shqiptare, si Forca e Re Demokratike, Perspektiva dhe Lidhja Demokratike n\u00eb Mal t\u00eb Zi kan\u00eb nisur t\u00eb bisedojn\u00eb p\u00ebr t\u00eb b\u00ebr\u00eb","og_url":"https:\/\/www.visit-ulcinj.com\/blog\/2010\/09\/13\/opozita-ne-ulqin-negocion-per-koalicion\/","og_site_name":"Lajme nga Ulqini","article_published_time":"2010-09-13T19:25:32+00:00","article_modified_time":"2010-09-14T11:22:47+00:00","og_image":[{"url":"http:\/\/www.visit-ulcinj.com\/blog\/wp-content\/uploads\/2010\/09\/Koalicioni-i-opozites-ulqin.jpg"}],"twitter_misc":{"Written by":"ulqini","Est. reading time":"1 minute"},"schema":{"@context":"https:\/\/schema.org","@graph":[{"@type":"WebSite","@id":"https:\/\/www.visit-ulcinj.com\/blog\/#website","url":"https:\/\/www.visit-ulcinj.com\/blog\/","name":"Lajme nga Ulqini","description":"Lajme,Vijesti,Ulqini,Ulqin,Crna Gora,Mali i Zi","potentialAction":[{"@type":"SearchAction","target":{"@type":"EntryPoint","urlTemplate":"https:\/\/www.visit-ulcinj.com\/blog\/?s={search_term_string}"},"query-input":"required name=search_term_string"}],"inLanguage":"en-US"},{"@type":"ImageObject","inLanguage":"en-US","@id":"https:\/\/www.visit-ulcinj.com\/blog\/2010\/09\/13\/opozita-ne-ulqin-negocion-per-koalicion\/#primaryimage","url":"https:\/\/www.visit-ulcinj.com\/blog\/wp-content\/uploads\/2010\/09\/Koalicioni-i-opozites-ulqin.jpg","contentUrl":"https:\/\/www.visit-ulcinj.com\/blog\/wp-content\/uploads\/2010\/09\/Koalicioni-i-opozites-ulqin.jpg","width":"490","height":"224"},{"@type":"WebPage","@id":"https:\/\/www.visit-ulcinj.com\/blog\/2010\/09\/13\/opozita-ne-ulqin-negocion-per-koalicion\/#webpage","url":"https:\/\/www.visit-ulcinj.com\/blog\/2010\/09\/13\/opozita-ne-ulqin-negocion-per-koalicion\/","name":"Opozita n\u00eb Ulqin negocion p\u00ebr koalicion - Lajme nga Ulqini","isPartOf":{"@id":"https:\/\/www.visit-ulcinj.com\/blog\/#website"},"primaryImageOfPage":{"@id":"https:\/\/www.visit-ulcinj.com\/blog\/2010\/09\/13\/opozita-ne-ulqin-negocion-per-koalicion\/#primaryimage"},"datePublished":"2010-09-13T19:25:32+00:00","dateModified":"2010-09-14T11:22:47+00:00","author":{"@id":"https:\/\/www.visit-ulcinj.com\/blog\/#\/schema\/person\/dcab619c614d3038751c63bc2aadc06d"},"description":"Tri partit\u00eb parlamentare shqiptare, si Forca e Re Demokratike, Perspektiva dhe Lidhja Demokratike n\u00eb Mal t\u00eb Zi kan\u00eb nisur t\u00eb bisedojn\u00eb p\u00ebr t\u00eb b\u00ebr\u00eb","breadcrumb":{"@id":"https:\/\/www.visit-ulcinj.com\/blog\/2010\/09\/13\/opozita-ne-ulqin-negocion-per-koalicion\/#breadcrumb"},"inLanguage":"en-US","potentialAction":[{"@type":"ReadAction","target":["https:\/\/www.visit-ulcinj.com\/blog\/2010\/09\/13\/opozita-ne-ulqin-negocion-per-koalicion\/"]}]},{"@type":"BreadcrumbList","@id":"https:\/\/www.visit-ulcinj.com\/blog\/2010\/09\/13\/opozita-ne-ulqin-negocion-per-koalicion\/#breadcrumb","itemListElement":[{"@type":"ListItem","position":1,"name":"Opozita n\u00eb Ulqin negocion p\u00ebr koalicion"}]},{"@type":"Person","@id":"https:\/\/www.visit-ulcinj.com\/blog\/#\/schema\/person\/dcab619c614d3038751c63bc2aadc06d","name":"ulqini","sameAs":["http:\/\/www.visit-ulcinj.com"],"url":"https:\/\/www.visit-ulcinj.com\/blog\/author\/admin\/"}]}},"jetpack_featured_media_url":"","jetpack_sharing_enabled":true,"jetpack_shortlink":"https:\/\/wp.me\/pe6lTn-9Gp","_links":{"self":[{"href":"https:\/\/www.visit-ulcinj.com\/blog\/wp-json\/wp\/v2\/posts\/37225"}],"collection":[{"href":"https:\/\/www.visit-ulcinj.com\/blog\/wp-json\/wp\/v2\/posts"}],"about":[{"href":"https:\/\/www.visit-ulcinj.com\/blog\/wp-json\/wp\/v2\/types\/post"}],"author":[{"embeddable":true,"href":"https:\/\/www.visit-ulcinj.com\/blog\/wp-json\/wp\/v2\/users\/1"}],"replies":[{"embeddable":true,"href":"https:\/\/www.visit-ulcinj.com\/blog\/wp-json\/wp\/v2\/comments?post=37225"}],"version-history":[{"count":0,"href":"https:\/\/www.visit-ulcinj.com\/blog\/wp-json\/wp\/v2\/posts\/37225\/revisions"}],"wp:attachment":[{"href":"https:\/\/www.visit-ulcinj.com\/blog\/wp-json\/wp\/v2\/media?parent=37225"}],"wp:term":[{"taxonomy":"category","embeddable":true,"href":"https:\/\/www.visit-ulcinj.com\/blog\/wp-json\/wp\/v2\/categories?post=37225"},{"taxonomy":"post_tag","embeddable":true,"href":"https:\/\/www.visit-ulcinj.com\/blog\/wp-json\/wp\/v2\/tags?post=37225"}],"curies":[{"name":"wp","href":"https:\/\/api.w.org\/{rel}","templated":true}]}}