{"id":37256,"date":"2010-09-14T13:21:35","date_gmt":"2010-09-14T11:21:35","guid":{"rendered":"http:\/\/www.visit-ulcinj.com\/blog\/?p=37256"},"modified":"2010-09-15T15:41:51","modified_gmt":"2010-09-15T13:41:51","slug":"ne-kryporen-e-ulqinit-filloi-vjelja-e-krypes-2","status":"publish","type":"post","link":"https:\/\/www.visit-ulcinj.com\/blog\/2010\/09\/14\/ne-kryporen-e-ulqinit-filloi-vjelja-e-krypes-2\/","title":{"rendered":"N\u00eb Kryporen e Ulqinit filloi vjelja e kryp\u00ebs"},"content":{"rendered":"<p><a href=\"http:\/\/www.visit-ulcinj.com\/blog\/wp-content\/uploads\/2010\/09\/Kriporja-\u201c-Bajo-Sekuliq-Ulqin.jpg\"><img loading=\"lazy\" class=\"alignleft size-full wp-image-37257\" title=\"Kriporja \u201c Bajo Sekuliq -Ulqin\" src=\"http:\/\/www.visit-ulcinj.com\/blog\/wp-content\/uploads\/2010\/09\/Kriporja-\u201c-Bajo-Sekuliq-Ulqin.jpg\" alt=\"\" width=\"490\" height=\"380\" \/><\/a>Fillon grumbullimi i kryp\u00ebs n\u00eb m\u00ebnyr\u00eb klasike.T\u00eb gjith\u00eb 150 puntor\u00ebt n\u00eb mynyr\u00ebn sezonale angazhuar n\u00eb k\u00ebt\u00eb pun\u00eb po punojn pa nd\u00ebrperje dhe\u00a0 deri tani kan\u00eb grumbullua mbi 10.000 t. Vjelja e krip\u00ebs n\u00eb m\u00ebnyr\u00eb klasike \u00ebsht\u00eb jasht\u00ebzakonisht e v\u00ebshtir\u00eb.\u00a0Punohet n\u00eb dy nd\u00ebrrime.. Pritet q\u00eb sivjet, n\u00ebse lejojn\u00eb kushtet klimatike, t\u00eb mblidhen afro 25.000 ton kryp\u00eb.<br \/>\nMir\u00ebpo n\u00ebse bie shi n\u00eb Ulqin ,at\u00ebher si duket mundet t\u00eb ndikoj\u00eb n\u00eb realizimin e planit t\u00eb grumbullimit n\u00eb sasi prtej 25000 t..<br \/>\nKriporja \u201c Bajo Sekuliq eksporton 90 p\u00ebrqind t\u00eb produktit t\u00eb vet. Kripa m\u00eb shum\u00eb plasohet n\u00eb tregun n\u00eb rajon,por ka tendec\u00eb q\u00eb k\u00ebt\u00eb produkt \u201c Made in Montenegro\u201d ta plasojn\u00eb edhe n\u00eb tregun e Austris\u00eb dhe Sllovenis\u00eb.<\/p>\n\n\t\t<style type=\"text\/css\">\n\t\t\t#gallery-1 {\n\t\t\t\tmargin: auto;\n\t\t\t}\n\t\t\t#gallery-1 .gallery-item {\n\t\t\t\tfloat: left;\n\t\t\t\tmargin-top: 10px;\n\t\t\t\ttext-align: center;\n\t\t\t\twidth: 33%;\n\t\t\t}\n\t\t\t#gallery-1 img {\n\t\t\t\tborder: 2px solid #cfcfcf;\n\t\t\t}\n\t\t\t#gallery-1 .gallery-caption {\n\t\t\t\tmargin-left: 0;\n\t\t\t}\n\t\t\t\/* see gallery_shortcode() in wp-includes\/media.php *\/\n\t\t<\/style>\n\t\t<div id='gallery-1' class='gallery galleryid-37256 gallery-columns-3 gallery-size-thumbnail'><dl class='gallery-item'>\n\t\t\t<dt class='gallery-icon landscape'>\n\t\t\t\t<a href='https:\/\/www.visit-ulcinj.com\/blog\/wp-content\/uploads\/2010\/09\/Kriporja-\u201c-Bajo-Sekuliq-Ulqin.jpg'><img width=\"150\" height=\"150\" src=\"https:\/\/www.visit-ulcinj.com\/blog\/wp-content\/uploads\/2010\/09\/Kriporja-\u201c-Bajo-Sekuliq-Ulqin-150x150.jpg\" class=\"attachment-thumbnail size-thumbnail\" alt=\"\" loading=\"lazy\" \/><\/a>\n\t\t\t<\/dt><\/dl><dl class='gallery-item'>\n\t\t\t<dt class='gallery-icon landscape'>\n\t\t\t\t<a href='https:\/\/www.visit-ulcinj.com\/blog\/wp-content\/uploads\/2010\/09\/Kriporja-\u201c-Bajo-Sekuliq-Ulqin.1.jpg'><img width=\"150\" height=\"150\" src=\"https:\/\/www.visit-ulcinj.com\/blog\/wp-content\/uploads\/2010\/09\/Kriporja-\u201c-Bajo-Sekuliq-Ulqin.1-150x150.jpg\" class=\"attachment-thumbnail size-thumbnail\" alt=\"\" loading=\"lazy\" \/><\/a>\n\t\t\t<\/dt><\/dl><dl class='gallery-item'>\n\t\t\t<dt class='gallery-icon landscape'>\n\t\t\t\t<a href='https:\/\/www.visit-ulcinj.com\/blog\/wp-content\/uploads\/2010\/09\/Kriporja-\u201c-Bajo-Sekuliq-Ulqin.2.jpg'><img width=\"150\" height=\"150\" src=\"https:\/\/www.visit-ulcinj.com\/blog\/wp-content\/uploads\/2010\/09\/Kriporja-\u201c-Bajo-Sekuliq-Ulqin.2-150x150.jpg\" class=\"attachment-thumbnail size-thumbnail\" alt=\"\" loading=\"lazy\" \/><\/a>\n\t\t\t<\/dt><\/dl><br style=\"clear: both\" \/>\n\t\t<\/div>\n\n<!--YouTube Error: bad URL entered-->\n","protected":false},"excerpt":{"rendered":"<p>Fillon grumbullimi i kryp\u00ebs n\u00eb m\u00ebnyr\u00eb klasike.T\u00eb gjith\u00eb 150 puntor\u00ebt n\u00eb mynyr\u00ebn sezonale angazhuar n\u00eb k\u00ebt\u00eb pun\u00eb po punojn pa nd\u00ebrperje dhe\u00a0 deri tani kan\u00eb grumbullua mbi 10.000 t. Vjelja e krip\u00ebs n\u00eb m\u00ebnyr\u00eb klasike \u00ebsht\u00eb jasht\u00ebzakonisht e v\u00ebshtir\u00eb.\u00a0Punohet n\u00eb dy nd\u00ebrrime.. Pritet q\u00eb sivjet, n\u00ebse lejojn\u00eb kushtet klimatike, t\u00eb mblidhen afro 25.000 ton kryp\u00eb. [&hellip;]<\/p>\n","protected":false},"author":1,"featured_media":0,"comment_status":"open","ping_status":"closed","sticky":false,"template":"","format":"standard","meta":{"spay_email":"","jetpack_publicize_message":"","jetpack_is_tweetstorm":false,"jetpack_publicize_feature_enabled":true},"categories":[12],"tags":[28,8541,95,200,18],"jetpack_publicize_connections":[],"yoast_head":"<!-- This site is optimized with the Yoast SEO plugin v19.1 - https:\/\/yoast.com\/wordpress\/plugins\/seo\/ -->\n<title>N\u00eb Kryporen e Ulqinit filloi vjelja e kryp\u00ebs - Lajme nga Ulqini<\/title>\n<meta name=\"description\" content=\"Fillon grumbullimi i kryp\u00ebs n\u00eb m\u00ebnyr\u00eb klasike.T\u00eb gjith\u00eb 150 puntor\u00ebt n\u00eb mynyr\u00ebn sezonale angazhuar n\u00eb k\u00ebt\u00eb pun\u00eb po punojn pa nd\u00ebrperje dhe\u00a0 deri tani kan\u00eb\" \/>\n<meta name=\"robots\" content=\"index, follow, max-snippet:-1, max-image-preview:large, max-video-preview:-1\" \/>\n<link rel=\"canonical\" href=\"https:\/\/www.visit-ulcinj.com\/blog\/2010\/09\/14\/ne-kryporen-e-ulqinit-filloi-vjelja-e-krypes-2\/\" \/>\n<meta property=\"og:locale\" content=\"en_US\" \/>\n<meta property=\"og:type\" content=\"article\" \/>\n<meta property=\"og:title\" content=\"N\u00eb Kryporen e Ulqinit filloi vjelja e kryp\u00ebs - Lajme nga Ulqini\" \/>\n<meta property=\"og:description\" content=\"Fillon grumbullimi i kryp\u00ebs n\u00eb m\u00ebnyr\u00eb klasike.T\u00eb gjith\u00eb 150 puntor\u00ebt n\u00eb mynyr\u00ebn sezonale angazhuar n\u00eb k\u00ebt\u00eb pun\u00eb po punojn pa nd\u00ebrperje dhe\u00a0 deri tani kan\u00eb\" \/>\n<meta property=\"og:url\" content=\"https:\/\/www.visit-ulcinj.com\/blog\/2010\/09\/14\/ne-kryporen-e-ulqinit-filloi-vjelja-e-krypes-2\/\" \/>\n<meta property=\"og:site_name\" content=\"Lajme nga Ulqini\" \/>\n<meta property=\"article:published_time\" content=\"2010-09-14T11:21:35+00:00\" \/>\n<meta property=\"article:modified_time\" content=\"2010-09-15T13:41:51+00:00\" \/>\n<meta property=\"og:image\" content=\"https:\/\/www.visit-ulcinj.com\/blog\/wp-content\/uploads\/2010\/09\/Kriporja-\u201c-Bajo-Sekuliq-Ulqin-150x150.jpg\" \/>\n<meta name=\"twitter:label1\" content=\"Written by\" \/>\n\t<meta name=\"twitter:data1\" content=\"ulqini\" \/>\n\t<meta name=\"twitter:label2\" content=\"Est. reading time\" \/>\n\t<meta name=\"twitter:data2\" content=\"1 minute\" \/>\n<script type=\"application\/ld+json\" class=\"yoast-schema-graph\">{\"@context\":\"https:\/\/schema.org\",\"@graph\":[{\"@type\":\"WebSite\",\"@id\":\"https:\/\/www.visit-ulcinj.com\/blog\/#website\",\"url\":\"https:\/\/www.visit-ulcinj.com\/blog\/\",\"name\":\"Lajme nga Ulqini\",\"description\":\"Lajme,Vijesti,Ulqini,Ulqin,Crna Gora,Mali i Zi\",\"potentialAction\":[{\"@type\":\"SearchAction\",\"target\":{\"@type\":\"EntryPoint\",\"urlTemplate\":\"https:\/\/www.visit-ulcinj.com\/blog\/?s={search_term_string}\"},\"query-input\":\"required name=search_term_string\"}],\"inLanguage\":\"en-US\"},{\"@type\":\"WebPage\",\"@id\":\"https:\/\/www.visit-ulcinj.com\/blog\/2010\/09\/14\/ne-kryporen-e-ulqinit-filloi-vjelja-e-krypes-2\/#webpage\",\"url\":\"https:\/\/www.visit-ulcinj.com\/blog\/2010\/09\/14\/ne-kryporen-e-ulqinit-filloi-vjelja-e-krypes-2\/\",\"name\":\"N\u00eb Kryporen e Ulqinit filloi vjelja e kryp\u00ebs - Lajme nga Ulqini\",\"isPartOf\":{\"@id\":\"https:\/\/www.visit-ulcinj.com\/blog\/#website\"},\"datePublished\":\"2010-09-14T11:21:35+00:00\",\"dateModified\":\"2010-09-15T13:41:51+00:00\",\"author\":{\"@id\":\"https:\/\/www.visit-ulcinj.com\/blog\/#\/schema\/person\/dcab619c614d3038751c63bc2aadc06d\"},\"description\":\"Fillon grumbullimi i kryp\u00ebs n\u00eb m\u00ebnyr\u00eb klasike.T\u00eb gjith\u00eb 150 puntor\u00ebt n\u00eb mynyr\u00ebn sezonale angazhuar n\u00eb k\u00ebt\u00eb pun\u00eb po punojn pa nd\u00ebrperje dhe\u00a0 deri tani kan\u00eb\",\"breadcrumb\":{\"@id\":\"https:\/\/www.visit-ulcinj.com\/blog\/2010\/09\/14\/ne-kryporen-e-ulqinit-filloi-vjelja-e-krypes-2\/#breadcrumb\"},\"inLanguage\":\"en-US\",\"potentialAction\":[{\"@type\":\"ReadAction\",\"target\":[\"https:\/\/www.visit-ulcinj.com\/blog\/2010\/09\/14\/ne-kryporen-e-ulqinit-filloi-vjelja-e-krypes-2\/\"]}]},{\"@type\":\"BreadcrumbList\",\"@id\":\"https:\/\/www.visit-ulcinj.com\/blog\/2010\/09\/14\/ne-kryporen-e-ulqinit-filloi-vjelja-e-krypes-2\/#breadcrumb\",\"itemListElement\":[{\"@type\":\"ListItem\",\"position\":1,\"name\":\"N\u00eb Kryporen e Ulqinit filloi vjelja e kryp\u00ebs\"}]},{\"@type\":\"Person\",\"@id\":\"https:\/\/www.visit-ulcinj.com\/blog\/#\/schema\/person\/dcab619c614d3038751c63bc2aadc06d\",\"name\":\"ulqini\",\"sameAs\":[\"http:\/\/www.visit-ulcinj.com\"],\"url\":\"https:\/\/www.visit-ulcinj.com\/blog\/author\/admin\/\"}]}<\/script>\n<!-- \/ Yoast SEO plugin. -->","yoast_head_json":{"title":"N\u00eb Kryporen e Ulqinit filloi vjelja e kryp\u00ebs - Lajme nga Ulqini","description":"Fillon grumbullimi i kryp\u00ebs n\u00eb m\u00ebnyr\u00eb klasike.T\u00eb gjith\u00eb 150 puntor\u00ebt n\u00eb mynyr\u00ebn sezonale angazhuar n\u00eb k\u00ebt\u00eb pun\u00eb po punojn pa nd\u00ebrperje dhe\u00a0 deri tani kan\u00eb","robots":{"index":"index","follow":"follow","max-snippet":"max-snippet:-1","max-image-preview":"max-image-preview:large","max-video-preview":"max-video-preview:-1"},"canonical":"https:\/\/www.visit-ulcinj.com\/blog\/2010\/09\/14\/ne-kryporen-e-ulqinit-filloi-vjelja-e-krypes-2\/","og_locale":"en_US","og_type":"article","og_title":"N\u00eb Kryporen e Ulqinit filloi vjelja e kryp\u00ebs - Lajme nga Ulqini","og_description":"Fillon grumbullimi i kryp\u00ebs n\u00eb m\u00ebnyr\u00eb klasike.T\u00eb gjith\u00eb 150 puntor\u00ebt n\u00eb mynyr\u00ebn sezonale angazhuar n\u00eb k\u00ebt\u00eb pun\u00eb po punojn pa nd\u00ebrperje dhe\u00a0 deri tani kan\u00eb","og_url":"https:\/\/www.visit-ulcinj.com\/blog\/2010\/09\/14\/ne-kryporen-e-ulqinit-filloi-vjelja-e-krypes-2\/","og_site_name":"Lajme nga Ulqini","article_published_time":"2010-09-14T11:21:35+00:00","article_modified_time":"2010-09-15T13:41:51+00:00","og_image":[{"url":"https:\/\/www.visit-ulcinj.com\/blog\/wp-content\/uploads\/2010\/09\/Kriporja-\u201c-Bajo-Sekuliq-Ulqin-150x150.jpg"}],"twitter_misc":{"Written by":"ulqini","Est. reading time":"1 minute"},"schema":{"@context":"https:\/\/schema.org","@graph":[{"@type":"WebSite","@id":"https:\/\/www.visit-ulcinj.com\/blog\/#website","url":"https:\/\/www.visit-ulcinj.com\/blog\/","name":"Lajme nga Ulqini","description":"Lajme,Vijesti,Ulqini,Ulqin,Crna Gora,Mali i Zi","potentialAction":[{"@type":"SearchAction","target":{"@type":"EntryPoint","urlTemplate":"https:\/\/www.visit-ulcinj.com\/blog\/?s={search_term_string}"},"query-input":"required name=search_term_string"}],"inLanguage":"en-US"},{"@type":"WebPage","@id":"https:\/\/www.visit-ulcinj.com\/blog\/2010\/09\/14\/ne-kryporen-e-ulqinit-filloi-vjelja-e-krypes-2\/#webpage","url":"https:\/\/www.visit-ulcinj.com\/blog\/2010\/09\/14\/ne-kryporen-e-ulqinit-filloi-vjelja-e-krypes-2\/","name":"N\u00eb Kryporen e Ulqinit filloi vjelja e kryp\u00ebs - Lajme nga Ulqini","isPartOf":{"@id":"https:\/\/www.visit-ulcinj.com\/blog\/#website"},"datePublished":"2010-09-14T11:21:35+00:00","dateModified":"2010-09-15T13:41:51+00:00","author":{"@id":"https:\/\/www.visit-ulcinj.com\/blog\/#\/schema\/person\/dcab619c614d3038751c63bc2aadc06d"},"description":"Fillon grumbullimi i kryp\u00ebs n\u00eb m\u00ebnyr\u00eb klasike.T\u00eb gjith\u00eb 150 puntor\u00ebt n\u00eb mynyr\u00ebn sezonale angazhuar n\u00eb k\u00ebt\u00eb pun\u00eb po punojn pa nd\u00ebrperje dhe\u00a0 deri tani kan\u00eb","breadcrumb":{"@id":"https:\/\/www.visit-ulcinj.com\/blog\/2010\/09\/14\/ne-kryporen-e-ulqinit-filloi-vjelja-e-krypes-2\/#breadcrumb"},"inLanguage":"en-US","potentialAction":[{"@type":"ReadAction","target":["https:\/\/www.visit-ulcinj.com\/blog\/2010\/09\/14\/ne-kryporen-e-ulqinit-filloi-vjelja-e-krypes-2\/"]}]},{"@type":"BreadcrumbList","@id":"https:\/\/www.visit-ulcinj.com\/blog\/2010\/09\/14\/ne-kryporen-e-ulqinit-filloi-vjelja-e-krypes-2\/#breadcrumb","itemListElement":[{"@type":"ListItem","position":1,"name":"N\u00eb Kryporen e Ulqinit filloi vjelja e kryp\u00ebs"}]},{"@type":"Person","@id":"https:\/\/www.visit-ulcinj.com\/blog\/#\/schema\/person\/dcab619c614d3038751c63bc2aadc06d","name":"ulqini","sameAs":["http:\/\/www.visit-ulcinj.com"],"url":"https:\/\/www.visit-ulcinj.com\/blog\/author\/admin\/"}]}},"jetpack_featured_media_url":"","jetpack_sharing_enabled":true,"jetpack_shortlink":"https:\/\/wp.me\/pe6lTn-9GU","_links":{"self":[{"href":"https:\/\/www.visit-ulcinj.com\/blog\/wp-json\/wp\/v2\/posts\/37256"}],"collection":[{"href":"https:\/\/www.visit-ulcinj.com\/blog\/wp-json\/wp\/v2\/posts"}],"about":[{"href":"https:\/\/www.visit-ulcinj.com\/blog\/wp-json\/wp\/v2\/types\/post"}],"author":[{"embeddable":true,"href":"https:\/\/www.visit-ulcinj.com\/blog\/wp-json\/wp\/v2\/users\/1"}],"replies":[{"embeddable":true,"href":"https:\/\/www.visit-ulcinj.com\/blog\/wp-json\/wp\/v2\/comments?post=37256"}],"version-history":[{"count":0,"href":"https:\/\/www.visit-ulcinj.com\/blog\/wp-json\/wp\/v2\/posts\/37256\/revisions"}],"wp:attachment":[{"href":"https:\/\/www.visit-ulcinj.com\/blog\/wp-json\/wp\/v2\/media?parent=37256"}],"wp:term":[{"taxonomy":"category","embeddable":true,"href":"https:\/\/www.visit-ulcinj.com\/blog\/wp-json\/wp\/v2\/categories?post=37256"},{"taxonomy":"post_tag","embeddable":true,"href":"https:\/\/www.visit-ulcinj.com\/blog\/wp-json\/wp\/v2\/tags?post=37256"}],"curies":[{"name":"wp","href":"https:\/\/api.w.org\/{rel}","templated":true}]}}