{"id":37263,"date":"2010-09-14T13:34:22","date_gmt":"2010-09-14T11:34:22","guid":{"rendered":"http:\/\/www.visit-ulcinj.com\/blog\/?p=37263"},"modified":"2010-09-14T13:34:22","modified_gmt":"2010-09-14T11:34:22","slug":"na-bazenima-ulcinjske-solane-sjutra-pocinje-berba","status":"publish","type":"post","link":"https:\/\/www.visit-ulcinj.com\/blog\/2010\/09\/14\/na-bazenima-ulcinjske-solane-sjutra-pocinje-berba\/","title":{"rendered":"Na bazenima Ulcinjske solane sjutra po\u010dinje berba"},"content":{"rendered":"<p><strong><a href=\"http:\/\/www.visit-ulcinj.com\/blog\/wp-content\/uploads\/2009\/09\/Ulcinjska-Solana.7.jpg\"><img loading=\"lazy\" class=\"alignleft size-full wp-image-25318\" title=\"Ulcinjska Solana.7\" src=\"http:\/\/www.visit-ulcinj.com\/blog\/wp-content\/uploads\/2009\/09\/Ulcinjska-Solana.7.jpg\" alt=\"\" width=\"490\" height=\"380\" \/><\/a>U bitku sa vremenom kre\u0107e 150 sezonaca<br \/>\n<\/strong>Ulcinj &#8211; Berba soli, sedamdeset peta po redu od otvaranja fabrike, po\u010de\u0107e sjutra &#8211; potvr\u0111eno je \u201eVijestima\u201c u ulcinjskoj solani \u201eBajo Sekuli\u0107\u201c. Rukovodilac berbe Miodrag Radulovi\u0107 kazao je da \u0107e na berbi biti anga\u017eovano oko 150 sezonaca i 50 stalno uposlenih radnika Solane. Prema njegovim rije\u010dima, berba je trebalo da po\u010dne danas, ali uprava nije uspjela da na vrijeme sa svim sezoncima zaklju\u010di ugovore o djelu.<br \/>\n\u201cSezonaca je najvi\u0161e iz Ulcinja i okoline, ali ih dosta ima i sa sjevera Crne Gore, dok 25 njih dolazi iz susjedne Albanije. Po zakonu, sa svima moramo da zaklju\u010dimo ugovore o djelu, a to traje\u201d, kazao je Radulovi\u0107, dodav\u0161i da to nije razlog zbog \u010dega berba kasni.<br \/>\n\u201cU procesu kristalizacije na bazenima, odnosno u fazi proizvodnje u prolje\u0107u, imali smo obilne padavine. To je razlog kasnijeg po\u010detka berbe\u201d, kazao je Radulovi\u0107.<br \/>\nUprkos tome, kako je naveo, uprava o\u010dekuje prinos od blizu 20 hiljada tona slanih kristala.<br \/>\n\u201cDugori\u010dne prognoze nam govore da zna\u010dajnijih padavina ne\u0107e biti u narednih 20 dana. Poku\u0161a\u0107emo da u tom periodu prikupimo so sa pola bazena, ali treba znati da nama ne predstavlja problem ki\u0161a nego pojava podzemnih voda\u201d, istakao je Radulovi\u0107.<br \/>\nU upravi Solane o\u010dekuju da \u0107e berba trajati izme\u0111u 35 i 45 dana.<br \/>\nAutomatizaciju berbe i odlazak lopata u istoriju, \u0161to je bilo aktuelno do prije par godina, u Solani vi\u0161e niko i ne pominje.<\/p>\n<p><strong>S. A.<br \/>\n<a href=\"http:\/\/www.vijesti.me\/\" target=\"_blank\">Vijesti<br \/>\n<\/a><\/strong>[flv width=&#8221;490&#8243;    height=&#8221;390&#8243;]http:\/\/solana-ulcinj.com\/VTS_01_1.flv[\/flv]<a href=\"http:\/\/www.vijesti.me\/\" target=\"_blank\"><\/a><\/p>\n","protected":false},"excerpt":{"rendered":"<p>U bitku sa vremenom kre\u0107e 150 sezonaca Ulcinj &#8211; Berba soli, sedamdeset peta po redu od otvaranja fabrike, po\u010de\u0107e sjutra &#8211; potvr\u0111eno je \u201eVijestima\u201c u ulcinjskoj solani \u201eBajo Sekuli\u0107\u201c. Rukovodilac berbe Miodrag Radulovi\u0107 kazao je da \u0107e na berbi biti anga\u017eovano oko 150 sezonaca i 50 stalno uposlenih radnika Solane. Prema njegovim rije\u010dima, berba je [&hellip;]<\/p>\n","protected":false},"author":1,"featured_media":0,"comment_status":"open","ping_status":"closed","sticky":false,"template":"","format":"standard","meta":{"spay_email":"","jetpack_publicize_message":"","jetpack_is_tweetstorm":false,"jetpack_publicize_feature_enabled":true},"categories":[8337],"tags":[15383,1968,15088],"jetpack_publicize_connections":[],"yoast_head":"<!-- This site is optimized with the Yoast SEO plugin v19.1 - https:\/\/yoast.com\/wordpress\/plugins\/seo\/ -->\n<title>Na bazenima Ulcinjske solane sjutra po\u010dinje berba - Lajme nga Ulqini<\/title>\n<meta name=\"description\" content=\"U bitku sa vremenom kre\u0107e 150 sezonaca Ulcinj - Berba soli, sedamdeset peta po redu od otvaranja fabrike, po\u010de\u0107e sjutra - potvr\u0111eno je \u201eVijestima\u201c u\" \/>\n<meta name=\"robots\" content=\"index, follow, max-snippet:-1, max-image-preview:large, max-video-preview:-1\" \/>\n<link rel=\"canonical\" href=\"https:\/\/www.visit-ulcinj.com\/blog\/2010\/09\/14\/na-bazenima-ulcinjske-solane-sjutra-pocinje-berba\/\" \/>\n<meta property=\"og:locale\" content=\"en_US\" \/>\n<meta property=\"og:type\" content=\"article\" \/>\n<meta property=\"og:title\" content=\"Na bazenima Ulcinjske solane sjutra po\u010dinje berba - Lajme nga Ulqini\" \/>\n<meta property=\"og:description\" content=\"U bitku sa vremenom kre\u0107e 150 sezonaca Ulcinj - Berba soli, sedamdeset peta po redu od otvaranja fabrike, po\u010de\u0107e sjutra - potvr\u0111eno je \u201eVijestima\u201c u\" \/>\n<meta property=\"og:url\" content=\"https:\/\/www.visit-ulcinj.com\/blog\/2010\/09\/14\/na-bazenima-ulcinjske-solane-sjutra-pocinje-berba\/\" \/>\n<meta property=\"og:site_name\" content=\"Lajme nga Ulqini\" \/>\n<meta property=\"article:published_time\" content=\"2010-09-14T11:34:22+00:00\" \/>\n<meta property=\"og:image\" content=\"http:\/\/www.visit-ulcinj.com\/blog\/wp-content\/uploads\/2009\/09\/Ulcinjska-Solana.7.jpg\" \/>\n<meta name=\"twitter:label1\" content=\"Written by\" \/>\n\t<meta name=\"twitter:data1\" content=\"ulqini\" \/>\n\t<meta name=\"twitter:label2\" content=\"Est. reading time\" \/>\n\t<meta name=\"twitter:data2\" content=\"1 minute\" \/>\n<script type=\"application\/ld+json\" class=\"yoast-schema-graph\">{\"@context\":\"https:\/\/schema.org\",\"@graph\":[{\"@type\":\"WebSite\",\"@id\":\"https:\/\/www.visit-ulcinj.com\/blog\/#website\",\"url\":\"https:\/\/www.visit-ulcinj.com\/blog\/\",\"name\":\"Lajme nga Ulqini\",\"description\":\"Lajme,Vijesti,Ulqini,Ulqin,Crna Gora,Mali i Zi\",\"potentialAction\":[{\"@type\":\"SearchAction\",\"target\":{\"@type\":\"EntryPoint\",\"urlTemplate\":\"https:\/\/www.visit-ulcinj.com\/blog\/?s={search_term_string}\"},\"query-input\":\"required name=search_term_string\"}],\"inLanguage\":\"en-US\"},{\"@type\":\"ImageObject\",\"inLanguage\":\"en-US\",\"@id\":\"https:\/\/www.visit-ulcinj.com\/blog\/2010\/09\/14\/na-bazenima-ulcinjske-solane-sjutra-pocinje-berba\/#primaryimage\",\"url\":\"https:\/\/www.visit-ulcinj.com\/blog\/wp-content\/uploads\/2009\/09\/Ulcinjska-Solana.7.jpg\",\"contentUrl\":\"https:\/\/www.visit-ulcinj.com\/blog\/wp-content\/uploads\/2009\/09\/Ulcinjska-Solana.7.jpg\",\"width\":\"758\",\"height\":\"371\"},{\"@type\":\"WebPage\",\"@id\":\"https:\/\/www.visit-ulcinj.com\/blog\/2010\/09\/14\/na-bazenima-ulcinjske-solane-sjutra-pocinje-berba\/#webpage\",\"url\":\"https:\/\/www.visit-ulcinj.com\/blog\/2010\/09\/14\/na-bazenima-ulcinjske-solane-sjutra-pocinje-berba\/\",\"name\":\"Na bazenima Ulcinjske solane sjutra po\u010dinje berba - Lajme nga Ulqini\",\"isPartOf\":{\"@id\":\"https:\/\/www.visit-ulcinj.com\/blog\/#website\"},\"primaryImageOfPage\":{\"@id\":\"https:\/\/www.visit-ulcinj.com\/blog\/2010\/09\/14\/na-bazenima-ulcinjske-solane-sjutra-pocinje-berba\/#primaryimage\"},\"datePublished\":\"2010-09-14T11:34:22+00:00\",\"dateModified\":\"2010-09-14T11:34:22+00:00\",\"author\":{\"@id\":\"https:\/\/www.visit-ulcinj.com\/blog\/#\/schema\/person\/dcab619c614d3038751c63bc2aadc06d\"},\"description\":\"U bitku sa vremenom kre\u0107e 150 sezonaca Ulcinj - Berba soli, sedamdeset peta po redu od otvaranja fabrike, po\u010de\u0107e sjutra - potvr\u0111eno je \u201eVijestima\u201c u\",\"breadcrumb\":{\"@id\":\"https:\/\/www.visit-ulcinj.com\/blog\/2010\/09\/14\/na-bazenima-ulcinjske-solane-sjutra-pocinje-berba\/#breadcrumb\"},\"inLanguage\":\"en-US\",\"potentialAction\":[{\"@type\":\"ReadAction\",\"target\":[\"https:\/\/www.visit-ulcinj.com\/blog\/2010\/09\/14\/na-bazenima-ulcinjske-solane-sjutra-pocinje-berba\/\"]}]},{\"@type\":\"BreadcrumbList\",\"@id\":\"https:\/\/www.visit-ulcinj.com\/blog\/2010\/09\/14\/na-bazenima-ulcinjske-solane-sjutra-pocinje-berba\/#breadcrumb\",\"itemListElement\":[{\"@type\":\"ListItem\",\"position\":1,\"name\":\"Na bazenima Ulcinjske solane sjutra po\u010dinje berba\"}]},{\"@type\":\"Person\",\"@id\":\"https:\/\/www.visit-ulcinj.com\/blog\/#\/schema\/person\/dcab619c614d3038751c63bc2aadc06d\",\"name\":\"ulqini\",\"sameAs\":[\"http:\/\/www.visit-ulcinj.com\"],\"url\":\"https:\/\/www.visit-ulcinj.com\/blog\/author\/admin\/\"}]}<\/script>\n<!-- \/ Yoast SEO plugin. -->","yoast_head_json":{"title":"Na bazenima Ulcinjske solane sjutra po\u010dinje berba - Lajme nga Ulqini","description":"U bitku sa vremenom kre\u0107e 150 sezonaca Ulcinj - Berba soli, sedamdeset peta po redu od otvaranja fabrike, po\u010de\u0107e sjutra - potvr\u0111eno je \u201eVijestima\u201c u","robots":{"index":"index","follow":"follow","max-snippet":"max-snippet:-1","max-image-preview":"max-image-preview:large","max-video-preview":"max-video-preview:-1"},"canonical":"https:\/\/www.visit-ulcinj.com\/blog\/2010\/09\/14\/na-bazenima-ulcinjske-solane-sjutra-pocinje-berba\/","og_locale":"en_US","og_type":"article","og_title":"Na bazenima Ulcinjske solane sjutra po\u010dinje berba - Lajme nga Ulqini","og_description":"U bitku sa vremenom kre\u0107e 150 sezonaca Ulcinj - Berba soli, sedamdeset peta po redu od otvaranja fabrike, po\u010de\u0107e sjutra - potvr\u0111eno je \u201eVijestima\u201c u","og_url":"https:\/\/www.visit-ulcinj.com\/blog\/2010\/09\/14\/na-bazenima-ulcinjske-solane-sjutra-pocinje-berba\/","og_site_name":"Lajme nga Ulqini","article_published_time":"2010-09-14T11:34:22+00:00","og_image":[{"url":"http:\/\/www.visit-ulcinj.com\/blog\/wp-content\/uploads\/2009\/09\/Ulcinjska-Solana.7.jpg"}],"twitter_misc":{"Written by":"ulqini","Est. reading time":"1 minute"},"schema":{"@context":"https:\/\/schema.org","@graph":[{"@type":"WebSite","@id":"https:\/\/www.visit-ulcinj.com\/blog\/#website","url":"https:\/\/www.visit-ulcinj.com\/blog\/","name":"Lajme nga Ulqini","description":"Lajme,Vijesti,Ulqini,Ulqin,Crna Gora,Mali i Zi","potentialAction":[{"@type":"SearchAction","target":{"@type":"EntryPoint","urlTemplate":"https:\/\/www.visit-ulcinj.com\/blog\/?s={search_term_string}"},"query-input":"required name=search_term_string"}],"inLanguage":"en-US"},{"@type":"ImageObject","inLanguage":"en-US","@id":"https:\/\/www.visit-ulcinj.com\/blog\/2010\/09\/14\/na-bazenima-ulcinjske-solane-sjutra-pocinje-berba\/#primaryimage","url":"https:\/\/www.visit-ulcinj.com\/blog\/wp-content\/uploads\/2009\/09\/Ulcinjska-Solana.7.jpg","contentUrl":"https:\/\/www.visit-ulcinj.com\/blog\/wp-content\/uploads\/2009\/09\/Ulcinjska-Solana.7.jpg","width":"758","height":"371"},{"@type":"WebPage","@id":"https:\/\/www.visit-ulcinj.com\/blog\/2010\/09\/14\/na-bazenima-ulcinjske-solane-sjutra-pocinje-berba\/#webpage","url":"https:\/\/www.visit-ulcinj.com\/blog\/2010\/09\/14\/na-bazenima-ulcinjske-solane-sjutra-pocinje-berba\/","name":"Na bazenima Ulcinjske solane sjutra po\u010dinje berba - Lajme nga Ulqini","isPartOf":{"@id":"https:\/\/www.visit-ulcinj.com\/blog\/#website"},"primaryImageOfPage":{"@id":"https:\/\/www.visit-ulcinj.com\/blog\/2010\/09\/14\/na-bazenima-ulcinjske-solane-sjutra-pocinje-berba\/#primaryimage"},"datePublished":"2010-09-14T11:34:22+00:00","dateModified":"2010-09-14T11:34:22+00:00","author":{"@id":"https:\/\/www.visit-ulcinj.com\/blog\/#\/schema\/person\/dcab619c614d3038751c63bc2aadc06d"},"description":"U bitku sa vremenom kre\u0107e 150 sezonaca Ulcinj - Berba soli, sedamdeset peta po redu od otvaranja fabrike, po\u010de\u0107e sjutra - potvr\u0111eno je \u201eVijestima\u201c u","breadcrumb":{"@id":"https:\/\/www.visit-ulcinj.com\/blog\/2010\/09\/14\/na-bazenima-ulcinjske-solane-sjutra-pocinje-berba\/#breadcrumb"},"inLanguage":"en-US","potentialAction":[{"@type":"ReadAction","target":["https:\/\/www.visit-ulcinj.com\/blog\/2010\/09\/14\/na-bazenima-ulcinjske-solane-sjutra-pocinje-berba\/"]}]},{"@type":"BreadcrumbList","@id":"https:\/\/www.visit-ulcinj.com\/blog\/2010\/09\/14\/na-bazenima-ulcinjske-solane-sjutra-pocinje-berba\/#breadcrumb","itemListElement":[{"@type":"ListItem","position":1,"name":"Na bazenima Ulcinjske solane sjutra po\u010dinje berba"}]},{"@type":"Person","@id":"https:\/\/www.visit-ulcinj.com\/blog\/#\/schema\/person\/dcab619c614d3038751c63bc2aadc06d","name":"ulqini","sameAs":["http:\/\/www.visit-ulcinj.com"],"url":"https:\/\/www.visit-ulcinj.com\/blog\/author\/admin\/"}]}},"jetpack_featured_media_url":"","jetpack_sharing_enabled":true,"jetpack_shortlink":"https:\/\/wp.me\/pe6lTn-9H1","_links":{"self":[{"href":"https:\/\/www.visit-ulcinj.com\/blog\/wp-json\/wp\/v2\/posts\/37263"}],"collection":[{"href":"https:\/\/www.visit-ulcinj.com\/blog\/wp-json\/wp\/v2\/posts"}],"about":[{"href":"https:\/\/www.visit-ulcinj.com\/blog\/wp-json\/wp\/v2\/types\/post"}],"author":[{"embeddable":true,"href":"https:\/\/www.visit-ulcinj.com\/blog\/wp-json\/wp\/v2\/users\/1"}],"replies":[{"embeddable":true,"href":"https:\/\/www.visit-ulcinj.com\/blog\/wp-json\/wp\/v2\/comments?post=37263"}],"version-history":[{"count":0,"href":"https:\/\/www.visit-ulcinj.com\/blog\/wp-json\/wp\/v2\/posts\/37263\/revisions"}],"wp:attachment":[{"href":"https:\/\/www.visit-ulcinj.com\/blog\/wp-json\/wp\/v2\/media?parent=37263"}],"wp:term":[{"taxonomy":"category","embeddable":true,"href":"https:\/\/www.visit-ulcinj.com\/blog\/wp-json\/wp\/v2\/categories?post=37263"},{"taxonomy":"post_tag","embeddable":true,"href":"https:\/\/www.visit-ulcinj.com\/blog\/wp-json\/wp\/v2\/tags?post=37263"}],"curies":[{"name":"wp","href":"https:\/\/api.w.org\/{rel}","templated":true}]}}