{"id":3727,"date":"2008-09-30T13:05:16","date_gmt":"2008-09-30T18:05:16","guid":{"rendered":"http:\/\/www.visit-ulcinj.com\/blog\/?p=3727"},"modified":"2008-10-17T13:51:31","modified_gmt":"2008-10-17T18:51:31","slug":"interviste-me-kryetarin-e-kuvendit-te-komunes-se-ulqinit-muhamet-nika","status":"publish","type":"post","link":"https:\/\/www.visit-ulcinj.com\/blog\/2008\/09\/30\/interviste-me-kryetarin-e-kuvendit-te-komunes-se-ulqinit-muhamet-nika\/","title":{"rendered":"Intervist\u00eb me kryetarin e kuvendit t\u00eb komun\u00ebs s\u00eb Ulqinit, Muhamet Nika"},"content":{"rendered":"<p><a href=\"http:\/\/www.visit-ulcinj.com\/blog\/wp-content\/uploads\/2008\/09\/muhamet-nika_ulqin.jpg\"><img loading=\"lazy\" class=\"alignleft size-medium wp-image-3728\" title=\"muhamet-nika_ulqin\" src=\"http:\/\/www.visit-ulcinj.com\/blog\/wp-content\/uploads\/2008\/09\/muhamet-nika_ulqin.jpg\" alt=\"\" width=\"348\" height=\"261\" \/><\/a><strong>Kuvendi ka krijuar tradit\u00eb pozitive<\/strong><br \/>\n<strong>Koha javore:<\/strong> Sa i ka plot\u00ebsuar shumica aktuale premtimet dhe pritjet e opinionit qoft\u00eb n\u00eb Kuvend, por edhe n\u00eb pushtetin ekzekutiv? Juve shpesh u kan\u00eb akuzuar se keni b\u00ebr\u00eb koalicion p\u00ebr interesa personale?<br \/>\n<strong>M. Nika: <\/strong>Kur b\u00ebhet fjal\u00eb p\u00ebr interesa personale, fillimisht m\u00eb duhet t\u00eb them se askush nuk angazhohet politikisht p\u00ebr t\u00eb r\u00ebn\u00eb n\u00eb pus, pra p\u00ebr t\u00eb punuar kund\u00ebr vetvetes. Mir\u00ebpo duhet ta shikojm\u00eb se \u00e7far\u00eb \u00ebsht\u00eb interes personal dhe \u00e7far\u00eb \u00ebsht\u00eb interes i p\u00ebrgjithsh\u00ebm?<br \/>\nPPD v\u00ebrtet ka pasur nj\u00eb koalicion parazgjedhor me LD n\u00eb MZ, mir\u00ebpo duhet t\u00eb them q\u00eb ky koalicion d\u00ebshtoi sepse nuk arrit\u00ebm q\u00eb t\u00eb implementojm\u00eb Marr\u00ebveshjen. Prit\u00ebm diku rreth tet\u00eb muaj q\u00eb t\u00eb implementohej marr\u00ebveshja e arritur n\u00eb nivel t\u00eb partive shqiptare dhe at\u00ebher\u00eb kur u pa q\u00eb nuk ka marr\u00ebveshje, u kemi ofruar zgjedhje t\u00eb parakohshme, por nuk kan\u00eb dashur zgjedhje t\u00eb parakohshme. \u00cbsht\u00eb praktik\u00eb e p\u00ebrgjithshme q\u00eb kur ekziston kriz\u00eb n\u00eb pushtet, at\u00ebher\u00eb partia q\u00eb ka pushtet, q\u00eb ka shumic\u00ebn, t\u00eb ofroj\u00eb zgjedhje t\u00eb parakohshme. Ne p\u00ebr k\u00ebt\u00eb kemi edhe d\u00ebshmi materiale. Prandaj ne vendos\u00ebm q\u00eb t\u00eb shkojm\u00eb n\u00eb Kuvend dhe t\u00eb votojm\u00eb ato pika t\u00eb cilat jan\u00eb n\u00eb interes t\u00eb qytetar\u00ebve. K\u00ebshtu q\u00eb nisur nga ky aspekt duhet t\u00eb them q\u00eb ne jemi, po them numri 15, 16 dhe 17. Pra, jemi p\u00ebr t\u00eb votuar ato pika t\u00eb cilat jan\u00eb me interes p\u00ebr qytetar\u00ebt e Ulqinit dhe t\u00eb cilat kandidohen nga Koalicioni &#8220;P\u00ebr Ulqinin Evropian&#8221;. K\u00ebshtu q\u00eb nes\u00ebr ta z\u00ebm\u00eb n\u00eb zgjedhje Koalicioni &#8220;P\u00ebr Ulqinin Evropian&#8221; nuk mund t\u00eb thot\u00eb ose nuk mund t\u00eb qahet q\u00eb nuk ka mundur ta kaloj\u00eb nj\u00eb pik\u00eb t\u00eb rendit t\u00eb dit\u00ebs sepse nuk e ka pasur shumic\u00ebn n\u00eb Kuvend.<br \/>\nNe nuk diktojm\u00eb politik\u00ebn brenda Koalicionit &#8220;P\u00ebr Ulqinin Evropian&#8221;, por kuptohet q\u00eb as nuk lejojm\u00eb q\u00eb me gishtat ton\u00eb t\u00eb b\u00ebhet politik\u00eb, n\u00eb fakt t\u00eb votohet kund\u00ebr interesave t\u00eb qytetit t\u00eb Ulqinit.<br \/>\nKjo form\u00eb alternative e funksionimit t\u00eb pushtetit mendoj se \u00ebsht\u00eb duke u treguar produktive dhe ajo q\u00eb m\u00eb vjen mir\u00eb \u00ebsht\u00eb fakti se tre k\u00ebshilltar\u00ebt e PPD-s\u00eb kan\u00eb b\u00ebr\u00eb nj\u00eb risi, nj\u00eb di\u00e7ka t\u00eb re n\u00eb Komun\u00ebn e Ulqinit. Edhe ai kryetar i Kuvendit q\u00eb do t\u00eb zgjedhet pas meje nuk do t\u00eb jet\u00eb shum\u00eb i sigurt sepse mund t\u00eb dal\u00eb menj\u00ebher\u00eb nj\u00eb person tjet\u00ebr i cili mund tzi fitoj\u00eb 17 gishta dhe ta rr\u00ebzoj\u00eb kryetarin e m\u00ebparsh\u00ebm. Pra, kemi nj\u00eb emancipim t\u00eb sken\u00ebs politike n\u00eb Ulqin.<br \/>\n<strong>Koha javore: <\/strong>Pavar\u00ebsisht se jeni tre k\u00ebshilltar\u00eb t\u00eb PPD-s\u00eb q\u00eb keni b\u00ebr\u00eb shumic\u00ebn, Ju personalisht u kan\u00eb akuzuar nga opozita, por m\u00eb z\u00ebsh\u00ebm nga LD n\u00eb MZ, se keni tradhtuar k\u00ebt\u00eb koalicion? N\u00eb k\u00ebt\u00eb aspekt, sa e keni tradhtuar veprimtarin\u00eb Tuaj t\u00eb m\u00ebparshme politike?<br \/>\n<strong>M. Nika:<\/strong> N\u00ebse jan\u00eb b\u00ebr\u00eb tradh\u00ebti, ato kan\u00eb filluar m\u00eb heret. Pra, u tradh\u00ebtua n\u00eb vitin 1996 kur u b\u00eb koalicion me liberal\u00ebt. Duat tzju rikujtoj se un\u00eb p\u00ebr k\u00ebt\u00eb edhe jam larguar nga LD n\u00eb MZ dhe kam dh\u00ebn\u00eb dor\u00ebheqje n\u00eb at\u00eb koh\u00eb. U tradh\u00ebtua p\u00ebrs\u00ebri n\u00eb vitin 1998 n\u00eb Plav\u00eb kur p\u00ebr t\u00eb l\u00ebn\u00eb UDSH-n\u00eb anash, u b\u00eb koalicion me SNP-n\u00eb dhe partit\u00eb radikale. U tradh\u00ebtua n\u00eb Tuz duke krijuar koalicion me SNP-n\u00eb. Po tradhtohet edhe sot e k\u00ebsaj dite.<br \/>\nAta q\u00eb m\u00eb akuzojn\u00eb dua tzi rikujtoj q\u00eb patriotizmi nuk fillon n\u00eb vitin 2007. Tani \u00ebsht\u00eb tep\u00ebr von\u00eb. Mbase dikush do t\u00eb d\u00ebshironte t\u00eb fillonte patriotizmi n\u00eb vitin 2007, por ai fillon n\u00eb vitin 1981. Shumic\u00ebn nga ata q\u00eb m\u00eb kan\u00eb akuzuar, sipas pik\u00ebpamjes sime, i vret nd\u00ebrgjegjja p\u00ebr at\u00eb \u00e7far\u00eb kan\u00eb b\u00ebr\u00eb n\u00eb vitin 1981.<br \/>\nUn\u00eb vet\u00ebm i rikujtoj q\u00eb n\u00eb vitin 1981 kur disa profesor\u00eb u larguan nga puna duke u etiketuar si nacionalist\u00eb e irredentist\u00eb, persona t\u00eb pap\u00ebrshtatsh\u00ebm, ata apo familjar\u00ebt e tyre zun\u00eb vendet e profesor\u00ebve t\u00eb nderuar duke dh\u00ebn\u00eb l\u00ebnd\u00ebt t\u00eb cilat i japin edhe sot. Un\u00eb mendoj se nuk ka turp m\u00eb t\u00eb madh sesa n\u00eb koh\u00ebn e diferencimeve politike t\u00eb jesh me an\u00ebn tjet\u00ebr.<br \/>\nSipas tyre, un\u00eb kam tradh\u00ebtuar q\u00eb n\u00eb momentin kur kam dh\u00ebn\u00eb dor\u00ebheqje nga LD n\u00eb MZ. Arsyet e dh\u00ebnies s\u00eb dor\u00ebheqjes jan\u00eb t\u00eb qarta dhe jan\u00eb t\u00eb njohura p\u00ebr opinionin dhe i kam botuar edhe n\u00eb lib\u00ebr, por dua t\u00eb them se ata faktikisht na p\u00ebrjashtuan nga Koalicioni shqiptar dhe p\u00ebr t\u00eb qen\u00eb sa m\u00eb konkret dua t\u00eb them q\u00eb ata i prishen simbolet e PPD-s\u00eb sepse PPD-ja u formua duke shfryt\u00ebzuar pak\u00ebnaq\u00ebsin\u00eb popullore n\u00eb Komun\u00ebn e Ulqinit me rastin e keqp\u00ebrdorimit t\u00eb mjeteve t\u00eb BE-s\u00eb. Ne n\u00eb tham\u00eb q\u00eb n\u00ebse vijm\u00eb n\u00eb pushtet do t\u00eb b\u00ebjm\u00eb p\u00ebrpjekje p\u00ebr kthimin e mjeteve t\u00eb BE-s\u00eb. Mir\u00ebpo me ardhjen ton\u00eb n\u00eb pushtet nuk lejuan q\u00eb t\u00eb b\u00ebjm\u00eb revidimin e mjeteve t\u00eb BE-s\u00eb, pastaj nuk na lejuan q\u00eb ta \u00e7ojm\u00eb interpelanc\u00ebn deri n\u00eb fund, pra t\u00eb b\u00ebjm\u00eb kontrollin e pushtetit dhe nuk na lejuan edhe shum\u00eb pun\u00eb t\u00eb tjera. Ata preken n\u00eb simbolet e PPD-s\u00eb dhe ne u detyruam q\u00eb t\u00eb t\u00ebrhiqemi.<br \/>\nKur jemi te politika shqiptare, mua mjerisht m\u00eb duket se te subjektet politike shqiptare n\u00eb Mal t\u00eb Zi ekzistojn\u00eb dy ndarje t\u00eb m\u00ebdha: nga nj\u00ebra an\u00eb jan\u00eb ato parti t\u00eb cilat p\u00ebrkrahin politik\u00ebn zyrtare t\u00eb Qeveris\u00eb s\u00eb Malit t\u00eb Zi dhe angazhohen p\u00ebr Malin e Zi shtet t\u00eb pavarur, kurse nga ana tjet\u00ebr jan\u00eb ato parti politike t\u00eb cilat jan\u00eb t\u00eb lidhura me politik\u00ebn serbe dhe proserbe e t\u00eb cilat nuk i pengon as ajo q\u00eb i thon\u00eb Union Serbi &#8211; Mali i Zi.<br \/>\nUn\u00eb mendoj se \u00ebsht\u00eb duke na u p\u00ebrs\u00ebritur historia sepse gjithmon\u00eb ne shqiptar\u00ebt kemi pasur njer\u00ebz t\u00eb cil\u00ebt kan\u00eb qen\u00eb t\u00eb lidhur me Beogradin n\u00eb vend se me Podgoric\u00ebn, por un\u00eb mendoj se n\u00eb qoft\u00eb se deri tani ata kan\u00eb qen\u00eb t\u00eb d\u00ebmsh\u00ebm, tani kan\u00eb filluar t\u00eb b\u00ebhen edhe t\u00eb rreziksh\u00ebm. Mua m\u00eb duket se \u00ebsht\u00eb lajthitje q\u00eb n\u00eb k\u00ebt\u00eb koh\u00eb kur Serbia e mohon shtet\u00ebsin\u00eb e Kosov\u00ebs dhe po mundohet me \u00e7do kusht q\u00eb t\u00eb kaloj\u00eb rezolut\u00ebn e saj n\u00eb Kombet e Bashkuara duke b\u00ebr\u00eb presion, disa udh\u00ebheq\u00ebs t\u00eb partive shqiptare zhvillojn\u00eb bisedime me opozit\u00ebn serbe apo proserbe, e cila nj\u00eb dit\u00eb m\u00eb par\u00eb proteston n\u00eb Beograd kund\u00ebr arrestimit dhe d\u00ebrgimit n\u00eb Hag\u00eb t\u00eb Radovan Karaxhiqit, kurse t\u00eb nes\u00ebrmen zhvillojn\u00eb me to bisedime p\u00ebr p\u00ebrmir\u00ebsimin e pozit\u00ebs s\u00eb shqiptar\u00ebve.<br \/>\nN\u00eb programin e PPD-s\u00eb q\u00eb n\u00eb vitin 2000, pra q\u00eb me formimin e saj, kemi futur n\u00eb statutin ton\u00eb se partia bashk\u00ebpunon me ato subjekte politike t\u00eb cilat e njohin pavar\u00ebsin\u00eb e Malit t\u00eb Zi dhe angazhohen p\u00ebr t\u00eb. K\u00ebshtu q\u00eb sipas statutit ton\u00eb, ne e kemi t\u00eb ndaluar bashk\u00ebpunimin me partit\u00eb serbe dhe proserbe t\u00eb cilat jo q\u00eb nuk e njohin pavar\u00ebsin\u00eb e Kosov\u00ebs, por q\u00eb nuk e njohin as pavar\u00ebsin\u00eb e shtetit t\u00eb Malit t\u00eb Zi. Sipas mendimit tim k\u00ebsaj i thon\u00eb tradhti e programit partiak apo tradhti politike.<br \/>\n<strong>Koha javore: <\/strong>Pavar\u00ebsisht se potencuat, sipas Jush, tradit\u00ebn e mir\u00eb t\u00eb Kuvendit t\u00eb Komun\u00ebs s\u00eb Ulqinit, n\u00eb t\u00eb kan\u00eb ndodhur shpesh skena komike saq\u00eb nganj\u00ebher\u00eb \u00ebsht\u00eb krahasuar me cirkun. Sa ka arritur Kuvendi i Komun\u00ebs s\u00eb Ulqinit t\u00eb jet\u00eb n\u00eb nivelin e tij si organ i p\u00ebrfaq\u00ebsuesve t\u00eb zgjedhur nga populli?<br \/>\n<strong>M. Nika:<\/strong> \u00cbsht\u00eb e v\u00ebrtet\u00eb q\u00eb Kuvendi i Komun\u00ebs s\u00eb Ulqinit \u00ebsht\u00eb shnd\u00ebrruar n\u00eb nj\u00eb cirk, por mendoj q\u00eb ne si popull i vog\u00ebl q\u00eb jemi k\u00ebtu, edhe si pakic\u00eb n\u00eb Ulqin, jetojm\u00eb n\u00eb bot\u00ebn e mostrave. Kam p\u00ebrshtypjen se disa k\u00ebshilltar\u00eb d\u00ebshirojn\u00eb t\u00eb imitojn\u00eb disa deputet\u00eb t\u00eb disa parlamenteve fqinje ose t\u00eb disa koh\u00ebve t\u00eb shkuara, k\u00ebshtu q\u00eb njer\u00ebzit tani e gjejn\u00eb momentin p\u00ebr t\u00eb treguar patriotizmin apo at\u00eb filozofin\u00eb e tyre. Pra, ata vetvetiu jan\u00eb duke hetuar q\u00eb ka kaluar koha e k\u00ebtyre imitimeve, mostrave, dhe duhet t\u00eb merren me probleme qen\u00ebsore. \u00cbsht\u00eb e v\u00ebrtet\u00eb kjo q\u00eb thoni ju, por un\u00eb hetoj q\u00eb ato sharje, ofendime, etj., t\u00eb cilat bien ndesh edhe me etik\u00ebn komb\u00ebtare, jan\u00eb disi n\u00eb r\u00ebnie, k\u00ebshtu q\u00eb Kuvendi i Ulqinit \u00ebsht\u00eb duke iu kthyer normalitetit.<br \/>\nNdoshta k\u00ebsaj i kontribuon edhe transmetimi televiziv t\u00eb cilin un\u00eb e kam v\u00ebn\u00eb si kusht dhe pa televizion as q\u00eb kam pranuar t\u00eb ulem n\u00eb Kuvend duke pasur parasysh se mund t\u00eb krijohen edhe thashetheme. Mir\u00ebpo prania e mediave i qart\u00ebson t\u00eb gjitha k\u00ebto.<br \/>\n\u00c7\u00ebsht\u00eb e v\u00ebrteta, un\u00eb nuk jam ngutur. Kam p\u00ebrjetuar akuza, mir\u00ebpo ia kam l\u00ebn\u00eb koh\u00ebs dhe koha po d\u00ebshmon q\u00eb kemi qen\u00eb n\u00eb rrug\u00eb t\u00eb mbar\u00eb, t\u00eb pakt\u00ebn n\u00eb disa segmente, q\u00eb kemi krijuar nj\u00eb praktik\u00eb t\u00eb re, e segmenti par\u00ebsor \u00ebsht\u00eb ai q\u00eb nuk jemi marr\u00eb me pun\u00eb &#8220;boshe&#8221;, por jemi duke u marr\u00eb me pun\u00eb t\u00eb cilat kan\u00eb t\u00eb b\u00ebjn\u00eb me funksionimin e pushtetit dhe k\u00ebt\u00eb e tregon rritja nj\u00ebqind p\u00ebr qind e buxhetit t\u00eb Komun\u00ebs s\u00eb Ulqinit. K\u00ebto ligje q\u00eb sot jan\u00eb n\u00eb fuqi, kan\u00eb qen\u00eb n\u00eb fuqi edhe para tre viteve kur me zi kishim nj\u00eb buxhet prej dy milion\u00eb eurosh, kurse tani n\u00eb k\u00ebt\u00eb koh\u00eb kemi arritur q\u00eb t\u00eb realizojm\u00eb buxhetin n\u00eb shum\u00ebn prej pes\u00eb milion\u00eb eurosh. Deri n\u00eb fund t\u00eb vitit me siguri do t\u00eb arrijm\u00eb ta realizojm\u00eb buxhetin n\u00eb mas\u00ebn nj\u00ebqind p\u00ebr qind.<br \/>\n<strong>Koha javore:<\/strong> Sa u keni kontribuar Ju k\u00ebtyre skenave komike duke ditur q\u00eb shpesh u kan\u00eb akuzuar se me komentet Tuaja i keni nxitur k\u00ebshilltar\u00ebt dhe keni krijuar skena t\u00eb tilla?<br \/>\n<strong>M. Nika: <\/strong>Ka mund\u00ebsi q\u00eb deri diku \u00ebsht\u00eb kontributi im, por ata q\u00eb kan\u00eb pasur rast ta p\u00ebrcjellin pun\u00ebn e Kuvendit p\u00ebrmes val\u00ebve t\u00eb Radio Ulqinit apo p\u00ebrmes Televizionit &#8220;Teuta&#8221; gjithnj\u00eb kan\u00eb hetuar q\u00eb un\u00eb asnj\u00ebher\u00eb nuk kam provokuar i pari. Mir\u00ebpo disi vijn\u00eb n\u00eb shprehje ato rregullat aksion &#8211; reaksion. Un\u00eb kam pasur reaksion n\u00eb aksionet e t\u00eb tjer\u00ebve.<br \/>\nDua t\u00eb ju rikujtoj n\u00eb nj\u00eb fjal\u00eb t\u00eb urt\u00eb popullore, e cila ndoshta nuk \u00ebsht\u00eb fort e p\u00eblqyeshme, por thot\u00eb q\u00eb vet\u00ebm ajo kafsha e trash\u00eb nuk reagon kur e provokojn\u00eb. Andaj reagimet e mia kan\u00eb qen\u00eb p\u00ebr momentin ose un\u00eb mendoj se jan\u00eb t\u00eb justifikueshme sepse nuk kam arsye pse duhet t\u00eb duroj apo t\u00eb marr mbi vete akuza t\u00eb cilat nuk q\u00ebndrojn\u00eb.<br \/>\n<strong>Bisedoi: I. Kallaba<br \/>\nKoha Javore<\/strong><\/p>\n<p style=\"text-align: center;\"><a class=\"aligncenter\" title=\"???? ????,?????,Ulcinj,Montenegru,??????????,\u00c7ernoqoriya,Besplatni internet oglasi,Besplatni oglasi,besplatni mali oglasi,besplatni turisti?ki oglasi,oglasi, usluge, turizam,Turisti?ke usluge,Doma?i turizam,Besplatni Oglasnik,Brzi Oglasi Besplatno,Besplatno OglasavanjeTurizam,besplatni oglasi sa slikom,Turisticki informator besplatni,li?ni-oglasi,BESPLATNI Turisticki OGLASI SA SLIKAMA,BESPLATNI Turisticki Oglasi saVideom,turisticki smestaj oglasi,Turisti?ki vodi? balkana,BESPLATNA REZERVACIJA SMESTAJA,Postavite besplatno Vas oglas,FREE TOURIST GUIDES,Izdavanje-Turizam oglasi,Balkan Turisticki vodic,shpallje turistike falas,Shpallje Falas,Shpallje falas per Komplekse Turistike,Lajmerime,Njoftime,shpallje shqip per shqiptaret ne shqiperi kosova maqedoni,mal te zi,???????????,Montenegiro,?ern\u00e1 Hora,??????????,Cz\u00f4rnog\u00f3ra,Cz\u00f4rn\u00f4 G\u00f3ra,Carna G\u00f3ra,T\u0161ernogooria,\u00c7ernogoriya,Montain\u00e9agr\u00f3,Montenegwo,?orna Hora,Montenegr\u00f3,M?ntenigro,Chernogoriya ,\u00c7\u00earnogor\u00ee ,?????????,????????? ,??????? ,Montes Nigrae,Mons Niger,M\u00f4ntenegr\u00f4,Muntenegru,??????????,Czarnog\u00f3ra,Muntinigru,Muntenegro,&lt;br &gt;&lt;\/a&gt; Muntenegru,\t?ierna Hora,Cxerngora,????????,?rna gora,Moontineegro,?ornog?ra,\u00c7ernogori\u00fda,Chernogoriya,Mont\u00f5negro,????? ???? ,?r?na Gora,?r?nogorije,?ernogorija,?arnahoryja,??????????,???????????????????? ,?ern\u00f4g\u00f4riy\u00e2,M\u00fbnt\u00een\u00ee?r\u00fb,????? ?????? ,????????,??????????,???????????,M\u00e2nten\u00eegro,???? ????? ,????????,M\u00f4ntenegr\u00f4,????????????,???????????,????????????, ??????????? ,????????????,??????????? ,\u008d\u2022?R\/?K?R ,\u0192\u201a\u0192\u201c\u0192e\u0192l\u0192O\u0192\u008d,\u00b8???\u00b3?\u00b1?\u00b7? ,Muntenegru, ????? ????, Montenegr?,chambres ? louer ? ulcinj, location de vacance, location saisonni?res, louer villa,location de vacance, Locations vacance, h?bergements vacances, locations villa, logements de vacances, location maison avec piscine, Location vacance, locations de vacance, h?bergements de vacances, location villa, locations entre particulier, logements vacance, vacances ? Mont?n?gro - location ? Ulcinj ,location  de bigorre,Urlaub in Ulcinj -Montenegro,Hotelbewertungen Ulcinj,Reisen Ulcinj, Urlaub Ulcinj,Hotel in Serbien und Montenegro von Urlaubern bewertet,Billig Urlaub in Ulcinj,ferienh?user,ferienwohnung,Billige Ferienh?user,Ferienwohnung ULCINJ,Ferien an der Adria,Urlaub im Ferienhaus ulcinjBilligreisen Ulcinj,Pauschalreisen,FKK Strand Ada Bojana ulcinj,Last Minute Angebote ulcinj,Preise f?r Lastminute,Kleinanzeigen gratis,Ausflug nach Ulcinj,FKK-Reisen ada bojana,FKK-Urlaub ulcinj,Privatni smje?taj,rezervacija smje?taja,apartmani,sobe,ku?e,odmor,sobe za odmor ulcinj,Pretra?ivanje privatnog smje?taja,rooms rent accommodation ulcinj, rentail private accommodation ulcinj,?elite rezervirati privatni smje?taj,Private accommodation,Smje?taj ulcinj,Pushime Verore ulqin,pushime t? lira n? ulqin,Pushime ne plazh,Pushime te kendshme,dhoma per pushime ulqin,dhoma me qera ulqin,dhoma te lira ulqin,pushime te lira ulqin,mali i zi,kosova,maqedoni,shqiperi,Pushime ne det te ulqinit,godi?nji odmor u ulcinj,odmor u ulcinj,Ku?a za odmor,kuda na odmor,ljetovanje u ulcinj,slobodne sobe,dhoma te lira,ku?a uz more,turisti?ka ponuda,odmor i zabava,povolne cene,sobe,usluge,Mjesto za Va? odmor , Place for Your holiday,Odmor portal,putovanaja,Iznajmljivanje soba ulcinj,odmor ulcinj info,Va?e mjesto za odmor ulcinj,nudisticka plaza ada bojana,smjestaj ponuda ulcinj,lokacioni i dhomave ulqin,deti,plazhet e bukura,diskoteka,zbavitja,.\" href=\"http:\/\/www.visit-ulcinj.com\/tourism\/\" target=\"_blank\"><img loading=\"lazy\" class=\"aligncenter\" title=\"SHPALLJE TURISTIKE FALAS,FREE TOURIST GUIDES,BESPLATNI TURISTI?KI OGLASI,balkan holiday rentals,ALBANIJA,ALBANIA,SHQIPERIJA,CRNA GORA,HRVATSKA,KROACIA,SLOVENIJA,MAKEDONIJA,MAKEDONIA,SRBIJA,MONTENEGRO,MALI I ZI,\" src=\"http:\/\/www.visit-ulcinj.com\/blog\/wp-content\/uploads\/2008\/09\/balkanholidayrentals.gif\" alt=\"Apatin,  Aran?elovac,  ?uprija,  ?a?ak,  ?apljina,  ?itluk,  ?abac,  ?ipovo,  ?iroki Brijeg,  ?ep?e,  ?ivinice,  Ba?ka Palanka,  Banja Luka,  Banovi?i,  Be?ej,  beograd,  Biha?,  Bijeljina,  Bor,  Bor?a,  Bosanska Gradi?ka,  Bosanska Krupa,  Bosanski ?amac,  Bosanski Brod,  Bosanski Novi,  Br?ko,  Bu?im,  Bugojno,  Cazin,  Crna Gora,  Derventa,  Doboj,  Donji Vakuf,  Drvar,  Dubrovnik,  Fo?a,  Fojnica,  Glamo?,  Gora?de,  Gornji Milanovac,  Gornji Vakuf,  gostivar,  Gra?anica,  Grada?ac,  Gradiska,  Grahovo,  Had?i?i,  Ilid?a,  In?ija,  Jablanica,  Jagodina,  Jajce,  Kakanj,  Kalu?erica,  Kikinda,  Klju?,  Konjic,  Kotor Varo?,  Kragujevac,  Kraljevo,  Kru?evac,  Kula,  Kupres,  Lakta?i,  Lazarevac,  Leskovac,  Livno,  Ljubinje,  ljublana,  Ljubu?ki,  Loznica,  Lukavac,  Maglaj,  Mladenovac,  Modri?a,  montenegro erlajnz,  mostar,  Mrkonji? Grad,  Neum,  Ni?,  Novi Pazar,  Novi Sad,  Novi Travnik,  Obrenovac,  Od?ak,  ohrid,  Ora?je,  Pale,  Pan?evo,  Para?in,  Pirot,  Po?arevac,  Podgorica,  Priboj,  Prijedor,  Prokuplje,  Prozor,  pula,  rijeka,  Ruma,  Sanski Most,  Sarajevo,  Senta,  serbija,  sibenik,  skopje,  Smederevo,  Smederevska Palanka,  Sokolac,  Sombor,  split,  Srebrenica,  Srebrenik,  Sremska Mitrovica,  Stolac,  Struga,  Subotica,  Temerin,  Tesli?,  tetovo,  Travnik,  Trebinje,  tuzla,  U?ice,  ulcinj,  Valjevo,  Velika Kladu?a,  Vi?egrad,  Visoko,  Vitez,  Vogo??a,  vojvodina,  Vranje,  Vr?ac,  Vrbas,  zadar,  Zagreb,  Zaje?ar,  Zavidovi?i,  Zenica,  Zrenjanin,  Zvornik,copacabana ulcinj,  h?tels,  hotel ulqin,  Kosova,  Mali i Zi,  Maqedonija,  Montenegro,  montenegro tourisme plage,  montenegro ulcinj,  Shpallje Falas,  Shpallje Falas per shitjen e shtepis se juaj,  Shpallje Falas per villat e juaj,  Shpallje Falas Real Estate,  Shpallje Falas turistike,  shqiperija,  tourisme,  Ulci?,  ulcinj,  ulqin,  ulqin hotel,  ulqini,  ulqini 2007,Ada Bojana,  Alba?czyk,  Cita di Dolcino,  Copacabana,  Czarnog?ra,  Czarnog?rzec,  Don Kichota,  Ma\u00b3a Pla?a,  Mandra,  MIGUEL DE SERVANTES,  p?\u00b3wyspy Marjan,  Pla?a Valdanos,  Rzeka Bojana,  Shas \/ ?as \/ Sva?,  Ulci?,  Ulcinjsk\u00b9 Riwier?,  Wielka Pla?a,  Wyspa Bojana,GORA,??????????,???????,??????????, ?ern? Hora,TO ULCINJ \/ ULQIN,MONTENEGRO, Czarnog?ra, Muntenegru, ????? ????, Montenegr?,villa ? louer ? ulcinj, location de vacance, location saisonni?res, louer chambres,location de vacance, Locations vacance, h?bergements vacances, locations villa, logements de vacances, location maison avec piscine, Location vacance, locations de vacance, h?bergements de vacances, location, locations entre particulier, logements vacance, vacances ? Mont?n?gro - location ? Ulcinj ,location  de bigorre,Albaniku,  Artana,  Bujanoci,  Burimi,  Dardana,  Dardan?,  De?an,  Dibra,  Drenas,  Drenasi,  Ferizaj,  Ferizaji,  Fush? Kosova,Besplatni internet oglasi,Besplatni oglasi,besplatni mali oglasi,besplatni turisti?ki oglasi,oglasi, usluge, turizam,Turisti?ke usluge,Doma?i turizam,Besplatni Oglasnik,Brzi Oglasi Besplatno,Besplatno OglasavanjeTurizam,besplatni oglasi sa slikom,Turisticki informator besplatni,li?ni-oglasi,BESPLATNI Turisticki OGLASI SA SLIKAMA,BESPLATNI Turisticki Oglasi saVideom,turisticki smestaj oglasi,Turisti?ki vodi? balkana,BESPLATNA REZERVACIJA SMESTAJA,Postavite besplatno Vas oglas,FREE TOURIST GUIDES,Izdavanje-Turizam oglasi,Balkan Turisticki vodic,shpallje turistike falas,Shpallje Falas,Shpallje falas per Komplekse Turistike,Lajmerime,Njoftime,shpallje shqip per shqiptaret ne shqiperi kosova maqedoni,mal te zi,Fush? Kosov?,  Gjakova,  Gjakov?,  Gjilan,  Gjilani,  Gostivari,  Istog,  Istog\u00b7,  Ka?anik,  Ka?aniku,  Kastrioti,  K?r?ova,  Klina,  Klin?,  Kumanova,  Leposaviq,  Leskovci,  Likova,  Lipjan,  Lipjani,  Malisheva,  Malishev?,  Manastiri,  Medvegja,  Mitrovica,  Mitrovic?,  Novob?rd?,  Obiliq\u00b7 Rahovec,  Ohri,  Peja,  Pej?,  Podujeva,  Podujev?,  Presheva,  Prishtina,  Prishtin?,  Prizren,  Prizreni,  Rahoveci,  Sharri,  Sharri (Kosov?),  Shkupi,  Sht?rpca,  Sht?rpc?,  Shtime,  Sk?nderaj,  Struga,  Tetova,  Theranda,  Therand?,  Triumf Riza,  Veleshta,  Viti,  Vitia,  Vushtrri,  Vushtrria,  Zubin Potok,  Zubin Potoku,  Zve?an,  Zve?ani,Struga,Gostivari,Gostivar,Ker?ova,Tirana,Durr?si,Elbasani,Shkodra,Tuzi,Vlora, Kor?a,Fieri,Berati,Lushnja ,Kavaja,Pogradeci,La?i,Gjirokastra,Patosi,Kruja,Ku?ova,Kuk?si,Lezha,Saranda,Peshkopia,Burreli,C?rriku,?orovoda,Shijaku,Librazhdi,Tepelena,Gramshi,Poli?ani,Bulqiza,P?rmeti,Fush?Kruja,Kamza,Rr?sheni,Ballshi,Mamurrasi,BajramCurri,Erseka,Peqini,Divjaka,Selenica,Bilishti,Roskoveci,Puka,Memaliaj,Rrogozhina,Ura Vajgurore,Himara,Delvina,Vora,Kopliku,Maliqi,P?rrenjasi,Kruma, Libohova,Orikumi,Fush?-Arr?za,Sh?ngjini,Rubiku,Miloti, Leskoviku,Konispoli,K?lcyra,Krasta,K?rraba,Manastiri,Hara?ina,Likova,Prilepi,Zajazi,Vrap?ishti,Bogovin?,\" width=\"420\" height=\"120\" \/><\/a><\/p>\n","protected":false},"excerpt":{"rendered":"<p>Kuvendi ka krijuar tradit\u00eb pozitive Koha javore: Sa i ka plot\u00ebsuar shumica aktuale premtimet dhe pritjet e opinionit qoft\u00eb n\u00eb Kuvend, por edhe n\u00eb pushtetin ekzekutiv? Juve shpesh u kan\u00eb akuzuar se keni b\u00ebr\u00eb koalicion p\u00ebr interesa personale? M. Nika: Kur b\u00ebhet fjal\u00eb p\u00ebr interesa personale, fillimisht m\u00eb duhet t\u00eb them se askush nuk angazhohet [&hellip;]<\/p>\n","protected":false},"author":1,"featured_media":0,"comment_status":"open","ping_status":"closed","sticky":false,"template":"","format":"standard","meta":{"spay_email":"","jetpack_publicize_message":"","jetpack_is_tweetstorm":false,"jetpack_publicize_feature_enabled":true},"categories":[13,12],"tags":[944,200],"jetpack_publicize_connections":[],"yoast_head":"<!-- This site is optimized with the Yoast SEO plugin v19.1 - https:\/\/yoast.com\/wordpress\/plugins\/seo\/ -->\n<title>Intervist\u00eb me kryetarin e kuvendit t\u00eb komun\u00ebs s\u00eb Ulqinit, Muhamet Nika - Lajme nga Ulqini<\/title>\n<meta name=\"description\" content=\"Kuvendi ka krijuar tradit\u00eb pozitive Koha javore: Sa i ka plot\u00ebsuar shumica aktuale premtimet dhe pritjet e opinionit qoft\u00eb n\u00eb Kuvend, por edhe n\u00eb\" \/>\n<meta name=\"robots\" content=\"index, follow, max-snippet:-1, max-image-preview:large, max-video-preview:-1\" \/>\n<link rel=\"canonical\" href=\"https:\/\/www.visit-ulcinj.com\/blog\/2008\/09\/30\/interviste-me-kryetarin-e-kuvendit-te-komunes-se-ulqinit-muhamet-nika\/\" \/>\n<meta property=\"og:locale\" content=\"en_US\" \/>\n<meta property=\"og:type\" content=\"article\" \/>\n<meta property=\"og:title\" content=\"Intervist\u00eb me kryetarin e kuvendit t\u00eb komun\u00ebs s\u00eb Ulqinit, Muhamet Nika - Lajme nga Ulqini\" \/>\n<meta property=\"og:description\" content=\"Kuvendi ka krijuar tradit\u00eb pozitive Koha javore: Sa i ka plot\u00ebsuar shumica aktuale premtimet dhe pritjet e opinionit qoft\u00eb n\u00eb Kuvend, por edhe n\u00eb\" \/>\n<meta property=\"og:url\" content=\"https:\/\/www.visit-ulcinj.com\/blog\/2008\/09\/30\/interviste-me-kryetarin-e-kuvendit-te-komunes-se-ulqinit-muhamet-nika\/\" \/>\n<meta property=\"og:site_name\" content=\"Lajme nga Ulqini\" \/>\n<meta property=\"article:published_time\" content=\"2008-09-30T18:05:16+00:00\" \/>\n<meta property=\"article:modified_time\" content=\"2008-10-17T18:51:31+00:00\" \/>\n<meta property=\"og:image\" content=\"http:\/\/www.visit-ulcinj.com\/blog\/wp-content\/uploads\/2008\/09\/muhamet-nika_ulqin.jpg\" \/>\n<meta name=\"twitter:label1\" content=\"Written by\" \/>\n\t<meta name=\"twitter:data1\" content=\"ulqini\" \/>\n\t<meta name=\"twitter:label2\" content=\"Est. reading time\" \/>\n\t<meta name=\"twitter:data2\" content=\"9 minutes\" \/>\n<script type=\"application\/ld+json\" class=\"yoast-schema-graph\">{\"@context\":\"https:\/\/schema.org\",\"@graph\":[{\"@type\":\"WebSite\",\"@id\":\"https:\/\/www.visit-ulcinj.com\/blog\/#website\",\"url\":\"https:\/\/www.visit-ulcinj.com\/blog\/\",\"name\":\"Lajme nga Ulqini\",\"description\":\"Lajme,Vijesti,Ulqini,Ulqin,Crna Gora,Mali i Zi\",\"potentialAction\":[{\"@type\":\"SearchAction\",\"target\":{\"@type\":\"EntryPoint\",\"urlTemplate\":\"https:\/\/www.visit-ulcinj.com\/blog\/?s={search_term_string}\"},\"query-input\":\"required name=search_term_string\"}],\"inLanguage\":\"en-US\"},{\"@type\":\"ImageObject\",\"inLanguage\":\"en-US\",\"@id\":\"https:\/\/www.visit-ulcinj.com\/blog\/2008\/09\/30\/interviste-me-kryetarin-e-kuvendit-te-komunes-se-ulqinit-muhamet-nika\/#primaryimage\",\"url\":\"http:\/\/www.visit-ulcinj.com\/blog\/wp-content\/uploads\/2008\/09\/muhamet-nika_ulqin.jpg\",\"contentUrl\":\"http:\/\/www.visit-ulcinj.com\/blog\/wp-content\/uploads\/2008\/09\/muhamet-nika_ulqin.jpg\"},{\"@type\":\"WebPage\",\"@id\":\"https:\/\/www.visit-ulcinj.com\/blog\/2008\/09\/30\/interviste-me-kryetarin-e-kuvendit-te-komunes-se-ulqinit-muhamet-nika\/#webpage\",\"url\":\"https:\/\/www.visit-ulcinj.com\/blog\/2008\/09\/30\/interviste-me-kryetarin-e-kuvendit-te-komunes-se-ulqinit-muhamet-nika\/\",\"name\":\"Intervist\u00eb me kryetarin e kuvendit t\u00eb komun\u00ebs s\u00eb Ulqinit, Muhamet Nika - Lajme nga Ulqini\",\"isPartOf\":{\"@id\":\"https:\/\/www.visit-ulcinj.com\/blog\/#website\"},\"primaryImageOfPage\":{\"@id\":\"https:\/\/www.visit-ulcinj.com\/blog\/2008\/09\/30\/interviste-me-kryetarin-e-kuvendit-te-komunes-se-ulqinit-muhamet-nika\/#primaryimage\"},\"datePublished\":\"2008-09-30T18:05:16+00:00\",\"dateModified\":\"2008-10-17T18:51:31+00:00\",\"author\":{\"@id\":\"https:\/\/www.visit-ulcinj.com\/blog\/#\/schema\/person\/dcab619c614d3038751c63bc2aadc06d\"},\"description\":\"Kuvendi ka krijuar tradit\u00eb pozitive Koha javore: Sa i ka plot\u00ebsuar shumica aktuale premtimet dhe pritjet e opinionit qoft\u00eb n\u00eb Kuvend, por edhe n\u00eb\",\"breadcrumb\":{\"@id\":\"https:\/\/www.visit-ulcinj.com\/blog\/2008\/09\/30\/interviste-me-kryetarin-e-kuvendit-te-komunes-se-ulqinit-muhamet-nika\/#breadcrumb\"},\"inLanguage\":\"en-US\",\"potentialAction\":[{\"@type\":\"ReadAction\",\"target\":[\"https:\/\/www.visit-ulcinj.com\/blog\/2008\/09\/30\/interviste-me-kryetarin-e-kuvendit-te-komunes-se-ulqinit-muhamet-nika\/\"]}]},{\"@type\":\"BreadcrumbList\",\"@id\":\"https:\/\/www.visit-ulcinj.com\/blog\/2008\/09\/30\/interviste-me-kryetarin-e-kuvendit-te-komunes-se-ulqinit-muhamet-nika\/#breadcrumb\",\"itemListElement\":[{\"@type\":\"ListItem\",\"position\":1,\"name\":\"Intervist\u00eb me kryetarin e kuvendit t\u00eb komun\u00ebs s\u00eb Ulqinit, Muhamet Nika\"}]},{\"@type\":\"Person\",\"@id\":\"https:\/\/www.visit-ulcinj.com\/blog\/#\/schema\/person\/dcab619c614d3038751c63bc2aadc06d\",\"name\":\"ulqini\",\"sameAs\":[\"http:\/\/www.visit-ulcinj.com\"],\"url\":\"https:\/\/www.visit-ulcinj.com\/blog\/author\/admin\/\"}]}<\/script>\n<!-- \/ Yoast SEO plugin. -->","yoast_head_json":{"title":"Intervist\u00eb me kryetarin e kuvendit t\u00eb komun\u00ebs s\u00eb Ulqinit, Muhamet Nika - Lajme nga Ulqini","description":"Kuvendi ka krijuar tradit\u00eb pozitive Koha javore: Sa i ka plot\u00ebsuar shumica aktuale premtimet dhe pritjet e opinionit qoft\u00eb n\u00eb Kuvend, por edhe n\u00eb","robots":{"index":"index","follow":"follow","max-snippet":"max-snippet:-1","max-image-preview":"max-image-preview:large","max-video-preview":"max-video-preview:-1"},"canonical":"https:\/\/www.visit-ulcinj.com\/blog\/2008\/09\/30\/interviste-me-kryetarin-e-kuvendit-te-komunes-se-ulqinit-muhamet-nika\/","og_locale":"en_US","og_type":"article","og_title":"Intervist\u00eb me kryetarin e kuvendit t\u00eb komun\u00ebs s\u00eb Ulqinit, Muhamet Nika - Lajme nga Ulqini","og_description":"Kuvendi ka krijuar tradit\u00eb pozitive Koha javore: Sa i ka plot\u00ebsuar shumica aktuale premtimet dhe pritjet e opinionit qoft\u00eb n\u00eb Kuvend, por edhe n\u00eb","og_url":"https:\/\/www.visit-ulcinj.com\/blog\/2008\/09\/30\/interviste-me-kryetarin-e-kuvendit-te-komunes-se-ulqinit-muhamet-nika\/","og_site_name":"Lajme nga Ulqini","article_published_time":"2008-09-30T18:05:16+00:00","article_modified_time":"2008-10-17T18:51:31+00:00","og_image":[{"url":"http:\/\/www.visit-ulcinj.com\/blog\/wp-content\/uploads\/2008\/09\/muhamet-nika_ulqin.jpg"}],"twitter_misc":{"Written by":"ulqini","Est. reading time":"9 minutes"},"schema":{"@context":"https:\/\/schema.org","@graph":[{"@type":"WebSite","@id":"https:\/\/www.visit-ulcinj.com\/blog\/#website","url":"https:\/\/www.visit-ulcinj.com\/blog\/","name":"Lajme nga Ulqini","description":"Lajme,Vijesti,Ulqini,Ulqin,Crna Gora,Mali i Zi","potentialAction":[{"@type":"SearchAction","target":{"@type":"EntryPoint","urlTemplate":"https:\/\/www.visit-ulcinj.com\/blog\/?s={search_term_string}"},"query-input":"required name=search_term_string"}],"inLanguage":"en-US"},{"@type":"ImageObject","inLanguage":"en-US","@id":"https:\/\/www.visit-ulcinj.com\/blog\/2008\/09\/30\/interviste-me-kryetarin-e-kuvendit-te-komunes-se-ulqinit-muhamet-nika\/#primaryimage","url":"http:\/\/www.visit-ulcinj.com\/blog\/wp-content\/uploads\/2008\/09\/muhamet-nika_ulqin.jpg","contentUrl":"http:\/\/www.visit-ulcinj.com\/blog\/wp-content\/uploads\/2008\/09\/muhamet-nika_ulqin.jpg"},{"@type":"WebPage","@id":"https:\/\/www.visit-ulcinj.com\/blog\/2008\/09\/30\/interviste-me-kryetarin-e-kuvendit-te-komunes-se-ulqinit-muhamet-nika\/#webpage","url":"https:\/\/www.visit-ulcinj.com\/blog\/2008\/09\/30\/interviste-me-kryetarin-e-kuvendit-te-komunes-se-ulqinit-muhamet-nika\/","name":"Intervist\u00eb me kryetarin e kuvendit t\u00eb komun\u00ebs s\u00eb Ulqinit, Muhamet Nika - Lajme nga Ulqini","isPartOf":{"@id":"https:\/\/www.visit-ulcinj.com\/blog\/#website"},"primaryImageOfPage":{"@id":"https:\/\/www.visit-ulcinj.com\/blog\/2008\/09\/30\/interviste-me-kryetarin-e-kuvendit-te-komunes-se-ulqinit-muhamet-nika\/#primaryimage"},"datePublished":"2008-09-30T18:05:16+00:00","dateModified":"2008-10-17T18:51:31+00:00","author":{"@id":"https:\/\/www.visit-ulcinj.com\/blog\/#\/schema\/person\/dcab619c614d3038751c63bc2aadc06d"},"description":"Kuvendi ka krijuar tradit\u00eb pozitive Koha javore: Sa i ka plot\u00ebsuar shumica aktuale premtimet dhe pritjet e opinionit qoft\u00eb n\u00eb Kuvend, por edhe n\u00eb","breadcrumb":{"@id":"https:\/\/www.visit-ulcinj.com\/blog\/2008\/09\/30\/interviste-me-kryetarin-e-kuvendit-te-komunes-se-ulqinit-muhamet-nika\/#breadcrumb"},"inLanguage":"en-US","potentialAction":[{"@type":"ReadAction","target":["https:\/\/www.visit-ulcinj.com\/blog\/2008\/09\/30\/interviste-me-kryetarin-e-kuvendit-te-komunes-se-ulqinit-muhamet-nika\/"]}]},{"@type":"BreadcrumbList","@id":"https:\/\/www.visit-ulcinj.com\/blog\/2008\/09\/30\/interviste-me-kryetarin-e-kuvendit-te-komunes-se-ulqinit-muhamet-nika\/#breadcrumb","itemListElement":[{"@type":"ListItem","position":1,"name":"Intervist\u00eb me kryetarin e kuvendit t\u00eb komun\u00ebs s\u00eb Ulqinit, Muhamet Nika"}]},{"@type":"Person","@id":"https:\/\/www.visit-ulcinj.com\/blog\/#\/schema\/person\/dcab619c614d3038751c63bc2aadc06d","name":"ulqini","sameAs":["http:\/\/www.visit-ulcinj.com"],"url":"https:\/\/www.visit-ulcinj.com\/blog\/author\/admin\/"}]}},"jetpack_featured_media_url":"","jetpack_sharing_enabled":true,"jetpack_shortlink":"https:\/\/wp.me\/pe6lTn-Y7","_links":{"self":[{"href":"https:\/\/www.visit-ulcinj.com\/blog\/wp-json\/wp\/v2\/posts\/3727"}],"collection":[{"href":"https:\/\/www.visit-ulcinj.com\/blog\/wp-json\/wp\/v2\/posts"}],"about":[{"href":"https:\/\/www.visit-ulcinj.com\/blog\/wp-json\/wp\/v2\/types\/post"}],"author":[{"embeddable":true,"href":"https:\/\/www.visit-ulcinj.com\/blog\/wp-json\/wp\/v2\/users\/1"}],"replies":[{"embeddable":true,"href":"https:\/\/www.visit-ulcinj.com\/blog\/wp-json\/wp\/v2\/comments?post=3727"}],"version-history":[{"count":0,"href":"https:\/\/www.visit-ulcinj.com\/blog\/wp-json\/wp\/v2\/posts\/3727\/revisions"}],"wp:attachment":[{"href":"https:\/\/www.visit-ulcinj.com\/blog\/wp-json\/wp\/v2\/media?parent=3727"}],"wp:term":[{"taxonomy":"category","embeddable":true,"href":"https:\/\/www.visit-ulcinj.com\/blog\/wp-json\/wp\/v2\/categories?post=3727"},{"taxonomy":"post_tag","embeddable":true,"href":"https:\/\/www.visit-ulcinj.com\/blog\/wp-json\/wp\/v2\/tags?post=3727"}],"curies":[{"name":"wp","href":"https:\/\/api.w.org\/{rel}","templated":true}]}}