{"id":37272,"date":"2010-09-14T13:55:57","date_gmt":"2010-09-14T11:55:57","guid":{"rendered":"http:\/\/www.visit-ulcinj.com\/blog\/?p=37272"},"modified":"2010-09-14T13:57:19","modified_gmt":"2010-09-14T11:57:19","slug":"prof-dr-ruzhdi-ushaku-krijues-i-etnicitetit-kombetar","status":"publish","type":"post","link":"https:\/\/www.visit-ulcinj.com\/blog\/2010\/09\/14\/prof-dr-ruzhdi-ushaku-krijues-i-etnicitetit-kombetar\/","title":{"rendered":"Prof.dr.Ruzhdi Ushaku krijues i etnicitetit komb\u00ebtar"},"content":{"rendered":"<p><a href=\"http:\/\/www.visit-ulcinj.com\/blog\/wp-content\/uploads\/2010\/09\/Ruzhdi-Ushaku.jpg\"><img loading=\"lazy\" class=\"alignleft size-full wp-image-37273\" title=\"Ruzhdi Ushaku\" src=\"http:\/\/www.visit-ulcinj.com\/blog\/wp-content\/uploads\/2010\/09\/Ruzhdi-Ushaku.jpg\" alt=\"\" width=\"490\" height=\"380\" \/><\/a>P\u00ebrurimi i nj\u00eb libri \u00ebsht\u00eb nj\u00eb proces, nj\u00eb\u00a0m\u00ebnyr\u00eb identifikimi, pasaportizimi i autorit\u00a0dhe subtanc\u00ebs, i dy individualiteteve n\u00eb nj\u00eb\u00a0sintez\u00eb gjith\u00ebp\u00ebrfshir\u00ebse: i nj\u00eb qyteti t\u00eb st\u00ebrlasht\u00eb,\u00a0mbijetues, dhe i birit qytetar q\u00eb e rishpirt\u00ebron\u00a0historin\u00eb e k\u00ebtij qyteti t\u00eb famsh\u00ebm.\u00a0Libri i Ruzhdi Ushakut \u201cULQINI n\u00eb p\u00ebrmasa\u00a0k\u00ebrkimi dhe frym\u00ebzimi\u201d si botim i\u00a0Fondacionit \u201cLika\u201d, Ulqin 2010, \u00ebsht\u00eb p\u00ebrpara\u00a0nesh p\u00ebr t\u00eb mos qen\u00eb i mbyllur, por\u00a0p\u00ebrher\u00eb i hapur. Se s\u2019ka si t\u00eb ndodh\u00eb ndryshe!<br \/>\n<img loading=\"lazy\" class=\"alignleft\" title=\"Dr. Moikom Zeqo\" src=\"http:\/\/www.visit-ulcinj.com\/blog\/wp-content\/uploads\/2010\/09\/U-p%C3%ABrurua-libri-i-Prof.-Dr.-Ruzhdi-Ushakut-ulqini.15.jpg\" alt=\"\" width=\"320\" height=\"520\" \/>Libri e ka nj\u00eb Parath\u00ebnie dhe Hyrje \u201cMbi t\u00eb\u00a0kaluar\u00ebn e Ulqinit\u201d, si dhe dy pjes\u00eb: Pjesa e\u00a0par\u00eb &#8211; \u201cGjuha\u201d e monumenteve dhe Pjesa e\u00a0dyt\u00eb \u2013 Reflekse gjuh\u00ebsore \u2013 artistike dhe\u00a0finalizohet me nj\u00eb Shtojc\u00eb: Gjuh\u00eb e p\u00ebrmasa\u00a0patronimike dhe Prof. dr. Ruzhdi Ushaku krijues\u00a0i etnicitetit komb\u00ebtar. E pra, kjo hap\u00ebsir\u00eb\u00a0tipografike e artit grafik t\u00eb librit, me referencat\u00a0e pasura dhe ilustrimet tipologjike e ka nj\u00eb\u00a0frym\u00ebzim t\u00eb mrekulluesh\u00ebm dhe t\u00eb\u00a0pashterrsh\u00ebm dhe dend\u00ebsi kohe afro gjysm\u00eb\u00a0shekulli t\u00eb njeriut hulumtues i nj\u00eb bibliografie\u00a0shkencore dhe koleksioni mitesh, krijues,\u00a0diturak, me nj\u00eb v\u00ebmendje t\u00eb pakrahasueshme,\u00a0me nj\u00eb akribi t\u00eb admirueshme, me nj\u00eb koncentrim\u00a0t\u00eb koh\u00ebrave kujtesore t\u00eb Ulqinit dhe t\u00eb\u00a0hinterlandit, me nj\u00eb stil t\u00eb gjall\u00eb, zhbirues,\u00a0inteligjent, t\u00eb ndritsh\u00ebm, simbiologjik dhe\u00a0semantik.\u00a0Dijetari m\u00eb i shquar i dal\u00eb nga Ulqini q\u00eb nga\u00a0origjinat e deri m\u00eb sot, me nj\u00eb mbiem\u00ebr admiral\u00ebsh,\u00a0por i specializuar n\u00eb detarin\u00eb e shkrimit,\u00a0Ruzhdi Ushaku, miku im i ve\u00e7ant\u00eb, i nderuar,\u00a0e ka b\u00ebr\u00eb k\u00ebt\u00eb lib\u00ebr portretizues, q\u00eb s\u2019e ka\u00a0b\u00ebr\u00eb askush deri tani, pra, q\u00eb e ka b\u00ebr\u00eb substancialisht\u00a0vet\u00ebm ai. Kjo nuk \u00ebsht\u00eb pak,\u00a0p\u00ebrkundrazi \u00ebsht\u00eb shum\u00eb. Ky \u00ebsht\u00eb nj\u00eb lib\u00ebr\u00a0potencial me nj\u00eb cik\u00ebl b\u00ebrthamash subjektore,\u00a0me mund\u00ebsi shum\u00ebfishimesh t\u00eb pambarimta,\u00a0q\u00eb jan\u00eb grishje t\u00eb brendshme, frym\u00ebzime t\u00eb\u00a0thella, dlir\u00ebsuese, me estetika t\u00eb nd\u00ebrlikuara\u00a0njohjeje shpirt\u00ebrore, plot rip\u00ebrt\u00ebritje t\u00eb pashmangshme,\u00a0nd\u00ebrdisiplinore, polifonike.\u00a0Ky lib\u00ebr e tregon Ushakun nj\u00eb dijetar\u00a0sinkretik dhe mjesht\u00ebr sinkronik e diakronik,\u00a0krah\u00ebsimtar, filolog race, i dashuruar me arkeologjin\u00eb,\u00a0kronikat, mitologjin\u00eb ilire,\u00a0antikitetin, mesjet\u00ebn, koreografin\u00eb, muzik\u00ebn,\u00a0skulptur\u00ebn, grafik\u00ebn, folklorin, p\u00ebr t\u00eb prer\u00eb,\u00a0skalitur, nj\u00eb profil t\u00eb p\u00ebrve\u00e7\u00ebm t\u00eb nj\u00eb\u00a0antropologjie kulturore t\u00eb Ulqinit historik. Se\u00a0sa e mundimshme \u00ebsht\u00eb t\u00eb arrihet nj\u00eb gj\u00eb e\u00a0till\u00eb, k\u00ebt\u00eb e di m\u00eb mir\u00eb vet\u00eb ai; ne t\u00eb tjer\u00ebt e\u00a0kemi m\u00eb t\u00eb leht\u00eb ta lexojm\u00eb dhe ta kuptojm\u00eb.\u00a0Kjo \u00ebsht\u00eb paradigma!\u00a0Pa k\u00ebt\u00eb lib\u00ebr Ulqinit dhe kultur\u00ebs shqiptare do\u00a0t\u2019i mungonte pafund\u00ebsisht di\u00e7ka e patjet\u00ebrsueshme,\u00a0sidomos n\u00eb epok\u00ebn e sotme globale,\u00a0p\u00ebr t\u00eb cil\u00ebn filozofi Jean Baudrillard n\u00eb librin\u00a0e tij trondit\u00ebs \u201cCool memories IV\u201d profetizon\u00a0edhe paradoksin e rrezikut t\u00eb zbehjes s\u00eb identiteteve\u00a0kulturore t\u00eb popujve t\u00eb vegj\u00ebl, p\u00ebr\u00a0shkak t\u00eb autoritarizmit t\u00eb kulturave perandorake\u00a0moderne.\u00a0P\u00ebrmenda detarin\u00eb e shkrimit. Librat jan\u00eb anijet\u00a0e \u201cpiratit\u201d dhe zbulimtarit Ruzhdi Ushaku\u00a0mbi dallg\u00ebt e err\u00ebta t\u00eb t\u00eb panjohurave, n\u00eb k\u00ebt\u00eb\u00a0kuptim metaforik ekuipazhi i tij jan\u00eb lexuesit\u00a0e tij. S\u00eb bashku lundrohet, jo ve\u00e7 e ve\u00e7. Jasht\u00eb\u00a0k\u00ebtij kuptimi s\u2019ka asnj\u00eb lundrim t\u00eb v\u00ebrtet\u00eb t\u00eb\u00a0njohjes dhe t\u00eb dashuris\u00eb q\u00eb nuk vdes. Thelbi i\u00a0k\u00ebtij lundrimi sinoptik \u00ebsht\u00eb si k\u00ebrkimi etimologjik\u00a0i kuptimshm\u00ebris\u00eb dhe formimit t\u00eb\u00a0fjal\u00ebve. Ushaku k\u00ebrkon \u201cetimologjit\u00eb e\u00a0pashkruara\u201d t\u00eb monumenteve, t\u00eb misterit t\u00eb\u00a0malit t\u00eb Sum\u00ebs, t\u00eb ublave q\u00eb sfidojn\u00eb Bindin,\u00a0t\u00eb Gjirit t\u00eb Nausik\u00ebs, t\u00eb \u201cGusharavelit\u201d enigmatik\u00a0dhe tharmit t\u00eb valles pirrike, si dhe zbulimit\u00a0t\u00eb dimensionit muzikor, t\u00eb alfabetit\u00a0solfezhor p\u00ebr Ulqinin e tij dhe tonin. K\u00ebshtu\u00a0shum\u00ebdimensionaliteti nj\u00ebsohet! Ja si etimologjit\u00eb\u00a0e fjal\u00ebve b\u00ebhen etimologji e\u00a0sendeve, etimologjit\u00eb e t\u00eb vdekurve b\u00ebhen etimologji\u00a0e t\u00eb gjall\u00ebve! Ky \u00ebsht\u00eb sekreti, p\u00ebr t\u00eb\u00a0arritur nj\u00eb qet\u00ebsi t\u00eb \u00ebnd\u00ebrruar!<\/p>\n<p><strong>Dr. Moikom Zeqo<br \/>\nKoha Javore<br \/>\n<!--YouTube Error: bad URL entered--><\/strong><\/p>\n","protected":false},"excerpt":{"rendered":"<p>P\u00ebrurimi i nj\u00eb libri \u00ebsht\u00eb nj\u00eb proces, nj\u00eb\u00a0m\u00ebnyr\u00eb identifikimi, pasaportizimi i autorit\u00a0dhe subtanc\u00ebs, i dy individualiteteve n\u00eb nj\u00eb\u00a0sintez\u00eb gjith\u00ebp\u00ebrfshir\u00ebse: i nj\u00eb qyteti t\u00eb st\u00ebrlasht\u00eb,\u00a0mbijetues, dhe i birit qytetar q\u00eb e rishpirt\u00ebron\u00a0historin\u00eb e k\u00ebtij qyteti t\u00eb famsh\u00ebm.\u00a0Libri i Ruzhdi Ushakut \u201cULQINI n\u00eb p\u00ebrmasa\u00a0k\u00ebrkimi dhe frym\u00ebzimi\u201d si botim i\u00a0Fondacionit \u201cLika\u201d, Ulqin 2010, \u00ebsht\u00eb p\u00ebrpara\u00a0nesh p\u00ebr t\u00eb mos [&hellip;]<\/p>\n","protected":false},"author":1,"featured_media":0,"comment_status":"open","ping_status":"closed","sticky":false,"template":"","format":"standard","meta":{"spay_email":"","jetpack_publicize_message":"","jetpack_is_tweetstorm":false,"jetpack_publicize_feature_enabled":true},"categories":[14249],"tags":[3492,14099],"jetpack_publicize_connections":[],"yoast_head":"<!-- This site is optimized with the Yoast SEO plugin v19.1 - https:\/\/yoast.com\/wordpress\/plugins\/seo\/ -->\n<title>Prof.dr.Ruzhdi Ushaku krijues i etnicitetit komb\u00ebtar - Lajme nga Ulqini<\/title>\n<meta name=\"description\" content=\"P\u00ebrurimi i nj\u00eb libri \u00ebsht\u00eb nj\u00eb proces, nj\u00eb\u00a0m\u00ebnyr\u00eb identifikimi, pasaportizimi i autorit\u00a0dhe subtanc\u00ebs, i dy individualiteteve n\u00eb nj\u00eb\u00a0sintez\u00eb\" \/>\n<meta name=\"robots\" content=\"index, follow, max-snippet:-1, max-image-preview:large, max-video-preview:-1\" \/>\n<link rel=\"canonical\" href=\"https:\/\/www.visit-ulcinj.com\/blog\/2010\/09\/14\/prof-dr-ruzhdi-ushaku-krijues-i-etnicitetit-kombetar\/\" \/>\n<meta property=\"og:locale\" content=\"en_US\" \/>\n<meta property=\"og:type\" content=\"article\" \/>\n<meta property=\"og:title\" content=\"Prof.dr.Ruzhdi Ushaku krijues i etnicitetit komb\u00ebtar - Lajme nga Ulqini\" \/>\n<meta property=\"og:description\" content=\"P\u00ebrurimi i nj\u00eb libri \u00ebsht\u00eb nj\u00eb proces, nj\u00eb\u00a0m\u00ebnyr\u00eb identifikimi, pasaportizimi i autorit\u00a0dhe subtanc\u00ebs, i dy individualiteteve n\u00eb nj\u00eb\u00a0sintez\u00eb\" \/>\n<meta property=\"og:url\" content=\"https:\/\/www.visit-ulcinj.com\/blog\/2010\/09\/14\/prof-dr-ruzhdi-ushaku-krijues-i-etnicitetit-kombetar\/\" \/>\n<meta property=\"og:site_name\" content=\"Lajme nga Ulqini\" \/>\n<meta property=\"article:published_time\" content=\"2010-09-14T11:55:57+00:00\" \/>\n<meta property=\"article:modified_time\" content=\"2010-09-14T11:57:19+00:00\" \/>\n<meta property=\"og:image\" content=\"http:\/\/www.visit-ulcinj.com\/blog\/wp-content\/uploads\/2010\/09\/Ruzhdi-Ushaku.jpg\" \/>\n<meta name=\"twitter:label1\" content=\"Written by\" \/>\n\t<meta name=\"twitter:data1\" content=\"ulqini\" \/>\n\t<meta name=\"twitter:label2\" content=\"Est. reading time\" \/>\n\t<meta name=\"twitter:data2\" content=\"3 minutes\" \/>\n<script type=\"application\/ld+json\" class=\"yoast-schema-graph\">{\"@context\":\"https:\/\/schema.org\",\"@graph\":[{\"@type\":\"WebSite\",\"@id\":\"https:\/\/www.visit-ulcinj.com\/blog\/#website\",\"url\":\"https:\/\/www.visit-ulcinj.com\/blog\/\",\"name\":\"Lajme nga Ulqini\",\"description\":\"Lajme,Vijesti,Ulqini,Ulqin,Crna Gora,Mali i Zi\",\"potentialAction\":[{\"@type\":\"SearchAction\",\"target\":{\"@type\":\"EntryPoint\",\"urlTemplate\":\"https:\/\/www.visit-ulcinj.com\/blog\/?s={search_term_string}\"},\"query-input\":\"required name=search_term_string\"}],\"inLanguage\":\"en-US\"},{\"@type\":\"ImageObject\",\"inLanguage\":\"en-US\",\"@id\":\"https:\/\/www.visit-ulcinj.com\/blog\/2010\/09\/14\/prof-dr-ruzhdi-ushaku-krijues-i-etnicitetit-kombetar\/#primaryimage\",\"url\":\"https:\/\/www.visit-ulcinj.com\/blog\/wp-content\/uploads\/2010\/09\/Ruzhdi-Ushaku.jpg\",\"contentUrl\":\"https:\/\/www.visit-ulcinj.com\/blog\/wp-content\/uploads\/2010\/09\/Ruzhdi-Ushaku.jpg\",\"width\":\"655\",\"height\":\"453\"},{\"@type\":\"WebPage\",\"@id\":\"https:\/\/www.visit-ulcinj.com\/blog\/2010\/09\/14\/prof-dr-ruzhdi-ushaku-krijues-i-etnicitetit-kombetar\/#webpage\",\"url\":\"https:\/\/www.visit-ulcinj.com\/blog\/2010\/09\/14\/prof-dr-ruzhdi-ushaku-krijues-i-etnicitetit-kombetar\/\",\"name\":\"Prof.dr.Ruzhdi Ushaku krijues i etnicitetit komb\u00ebtar - Lajme nga Ulqini\",\"isPartOf\":{\"@id\":\"https:\/\/www.visit-ulcinj.com\/blog\/#website\"},\"primaryImageOfPage\":{\"@id\":\"https:\/\/www.visit-ulcinj.com\/blog\/2010\/09\/14\/prof-dr-ruzhdi-ushaku-krijues-i-etnicitetit-kombetar\/#primaryimage\"},\"datePublished\":\"2010-09-14T11:55:57+00:00\",\"dateModified\":\"2010-09-14T11:57:19+00:00\",\"author\":{\"@id\":\"https:\/\/www.visit-ulcinj.com\/blog\/#\/schema\/person\/dcab619c614d3038751c63bc2aadc06d\"},\"description\":\"P\u00ebrurimi i nj\u00eb libri \u00ebsht\u00eb nj\u00eb proces, nj\u00eb\u00a0m\u00ebnyr\u00eb identifikimi, pasaportizimi i autorit\u00a0dhe subtanc\u00ebs, i dy individualiteteve n\u00eb nj\u00eb\u00a0sintez\u00eb\",\"breadcrumb\":{\"@id\":\"https:\/\/www.visit-ulcinj.com\/blog\/2010\/09\/14\/prof-dr-ruzhdi-ushaku-krijues-i-etnicitetit-kombetar\/#breadcrumb\"},\"inLanguage\":\"en-US\",\"potentialAction\":[{\"@type\":\"ReadAction\",\"target\":[\"https:\/\/www.visit-ulcinj.com\/blog\/2010\/09\/14\/prof-dr-ruzhdi-ushaku-krijues-i-etnicitetit-kombetar\/\"]}]},{\"@type\":\"BreadcrumbList\",\"@id\":\"https:\/\/www.visit-ulcinj.com\/blog\/2010\/09\/14\/prof-dr-ruzhdi-ushaku-krijues-i-etnicitetit-kombetar\/#breadcrumb\",\"itemListElement\":[{\"@type\":\"ListItem\",\"position\":1,\"name\":\"Prof.dr.Ruzhdi Ushaku krijues i etnicitetit komb\u00ebtar\"}]},{\"@type\":\"Person\",\"@id\":\"https:\/\/www.visit-ulcinj.com\/blog\/#\/schema\/person\/dcab619c614d3038751c63bc2aadc06d\",\"name\":\"ulqini\",\"sameAs\":[\"http:\/\/www.visit-ulcinj.com\"],\"url\":\"https:\/\/www.visit-ulcinj.com\/blog\/author\/admin\/\"}]}<\/script>\n<!-- \/ Yoast SEO plugin. -->","yoast_head_json":{"title":"Prof.dr.Ruzhdi Ushaku krijues i etnicitetit komb\u00ebtar - Lajme nga Ulqini","description":"P\u00ebrurimi i nj\u00eb libri \u00ebsht\u00eb nj\u00eb proces, nj\u00eb\u00a0m\u00ebnyr\u00eb identifikimi, pasaportizimi i autorit\u00a0dhe subtanc\u00ebs, i dy individualiteteve n\u00eb nj\u00eb\u00a0sintez\u00eb","robots":{"index":"index","follow":"follow","max-snippet":"max-snippet:-1","max-image-preview":"max-image-preview:large","max-video-preview":"max-video-preview:-1"},"canonical":"https:\/\/www.visit-ulcinj.com\/blog\/2010\/09\/14\/prof-dr-ruzhdi-ushaku-krijues-i-etnicitetit-kombetar\/","og_locale":"en_US","og_type":"article","og_title":"Prof.dr.Ruzhdi Ushaku krijues i etnicitetit komb\u00ebtar - Lajme nga Ulqini","og_description":"P\u00ebrurimi i nj\u00eb libri \u00ebsht\u00eb nj\u00eb proces, nj\u00eb\u00a0m\u00ebnyr\u00eb identifikimi, pasaportizimi i autorit\u00a0dhe subtanc\u00ebs, i dy individualiteteve n\u00eb nj\u00eb\u00a0sintez\u00eb","og_url":"https:\/\/www.visit-ulcinj.com\/blog\/2010\/09\/14\/prof-dr-ruzhdi-ushaku-krijues-i-etnicitetit-kombetar\/","og_site_name":"Lajme nga Ulqini","article_published_time":"2010-09-14T11:55:57+00:00","article_modified_time":"2010-09-14T11:57:19+00:00","og_image":[{"url":"http:\/\/www.visit-ulcinj.com\/blog\/wp-content\/uploads\/2010\/09\/Ruzhdi-Ushaku.jpg"}],"twitter_misc":{"Written by":"ulqini","Est. reading time":"3 minutes"},"schema":{"@context":"https:\/\/schema.org","@graph":[{"@type":"WebSite","@id":"https:\/\/www.visit-ulcinj.com\/blog\/#website","url":"https:\/\/www.visit-ulcinj.com\/blog\/","name":"Lajme nga Ulqini","description":"Lajme,Vijesti,Ulqini,Ulqin,Crna Gora,Mali i Zi","potentialAction":[{"@type":"SearchAction","target":{"@type":"EntryPoint","urlTemplate":"https:\/\/www.visit-ulcinj.com\/blog\/?s={search_term_string}"},"query-input":"required name=search_term_string"}],"inLanguage":"en-US"},{"@type":"ImageObject","inLanguage":"en-US","@id":"https:\/\/www.visit-ulcinj.com\/blog\/2010\/09\/14\/prof-dr-ruzhdi-ushaku-krijues-i-etnicitetit-kombetar\/#primaryimage","url":"https:\/\/www.visit-ulcinj.com\/blog\/wp-content\/uploads\/2010\/09\/Ruzhdi-Ushaku.jpg","contentUrl":"https:\/\/www.visit-ulcinj.com\/blog\/wp-content\/uploads\/2010\/09\/Ruzhdi-Ushaku.jpg","width":"655","height":"453"},{"@type":"WebPage","@id":"https:\/\/www.visit-ulcinj.com\/blog\/2010\/09\/14\/prof-dr-ruzhdi-ushaku-krijues-i-etnicitetit-kombetar\/#webpage","url":"https:\/\/www.visit-ulcinj.com\/blog\/2010\/09\/14\/prof-dr-ruzhdi-ushaku-krijues-i-etnicitetit-kombetar\/","name":"Prof.dr.Ruzhdi Ushaku krijues i etnicitetit komb\u00ebtar - Lajme nga Ulqini","isPartOf":{"@id":"https:\/\/www.visit-ulcinj.com\/blog\/#website"},"primaryImageOfPage":{"@id":"https:\/\/www.visit-ulcinj.com\/blog\/2010\/09\/14\/prof-dr-ruzhdi-ushaku-krijues-i-etnicitetit-kombetar\/#primaryimage"},"datePublished":"2010-09-14T11:55:57+00:00","dateModified":"2010-09-14T11:57:19+00:00","author":{"@id":"https:\/\/www.visit-ulcinj.com\/blog\/#\/schema\/person\/dcab619c614d3038751c63bc2aadc06d"},"description":"P\u00ebrurimi i nj\u00eb libri \u00ebsht\u00eb nj\u00eb proces, nj\u00eb\u00a0m\u00ebnyr\u00eb identifikimi, pasaportizimi i autorit\u00a0dhe subtanc\u00ebs, i dy individualiteteve n\u00eb nj\u00eb\u00a0sintez\u00eb","breadcrumb":{"@id":"https:\/\/www.visit-ulcinj.com\/blog\/2010\/09\/14\/prof-dr-ruzhdi-ushaku-krijues-i-etnicitetit-kombetar\/#breadcrumb"},"inLanguage":"en-US","potentialAction":[{"@type":"ReadAction","target":["https:\/\/www.visit-ulcinj.com\/blog\/2010\/09\/14\/prof-dr-ruzhdi-ushaku-krijues-i-etnicitetit-kombetar\/"]}]},{"@type":"BreadcrumbList","@id":"https:\/\/www.visit-ulcinj.com\/blog\/2010\/09\/14\/prof-dr-ruzhdi-ushaku-krijues-i-etnicitetit-kombetar\/#breadcrumb","itemListElement":[{"@type":"ListItem","position":1,"name":"Prof.dr.Ruzhdi Ushaku krijues i etnicitetit komb\u00ebtar"}]},{"@type":"Person","@id":"https:\/\/www.visit-ulcinj.com\/blog\/#\/schema\/person\/dcab619c614d3038751c63bc2aadc06d","name":"ulqini","sameAs":["http:\/\/www.visit-ulcinj.com"],"url":"https:\/\/www.visit-ulcinj.com\/blog\/author\/admin\/"}]}},"jetpack_featured_media_url":"","jetpack_sharing_enabled":true,"jetpack_shortlink":"https:\/\/wp.me\/pe6lTn-9Ha","_links":{"self":[{"href":"https:\/\/www.visit-ulcinj.com\/blog\/wp-json\/wp\/v2\/posts\/37272"}],"collection":[{"href":"https:\/\/www.visit-ulcinj.com\/blog\/wp-json\/wp\/v2\/posts"}],"about":[{"href":"https:\/\/www.visit-ulcinj.com\/blog\/wp-json\/wp\/v2\/types\/post"}],"author":[{"embeddable":true,"href":"https:\/\/www.visit-ulcinj.com\/blog\/wp-json\/wp\/v2\/users\/1"}],"replies":[{"embeddable":true,"href":"https:\/\/www.visit-ulcinj.com\/blog\/wp-json\/wp\/v2\/comments?post=37272"}],"version-history":[{"count":0,"href":"https:\/\/www.visit-ulcinj.com\/blog\/wp-json\/wp\/v2\/posts\/37272\/revisions"}],"wp:attachment":[{"href":"https:\/\/www.visit-ulcinj.com\/blog\/wp-json\/wp\/v2\/media?parent=37272"}],"wp:term":[{"taxonomy":"category","embeddable":true,"href":"https:\/\/www.visit-ulcinj.com\/blog\/wp-json\/wp\/v2\/categories?post=37272"},{"taxonomy":"post_tag","embeddable":true,"href":"https:\/\/www.visit-ulcinj.com\/blog\/wp-json\/wp\/v2\/tags?post=37272"}],"curies":[{"name":"wp","href":"https:\/\/api.w.org\/{rel}","templated":true}]}}