{"id":37280,"date":"2010-09-14T20:03:57","date_gmt":"2010-09-14T18:03:57","guid":{"rendered":"http:\/\/www.visit-ulcinj.com\/blog\/?p=37280"},"modified":"2010-09-15T15:41:18","modified_gmt":"2010-09-15T13:41:18","slug":"autostrada-e-afroi-kosoven-edhe-me-ulqinin","status":"publish","type":"post","link":"https:\/\/www.visit-ulcinj.com\/blog\/2010\/09\/14\/autostrada-e-afroi-kosoven-edhe-me-ulqinin\/","title":{"rendered":"Autostrada e afroi Kosov\u00ebn edhe me Ulqinin"},"content":{"rendered":"<p><a href=\"http:\/\/www.visit-ulcinj.com\/blog\/wp-content\/uploads\/2010\/09\/kufini-ne-Sukubin_Muriqan.3.jpg\"><img loading=\"lazy\" class=\"alignleft size-full wp-image-37287\" title=\"kufini ne Sukubin_Muriqan.3\" src=\"http:\/\/www.visit-ulcinj.com\/blog\/wp-content\/uploads\/2010\/09\/kufini-ne-Sukubin_Muriqan.3.jpg\" alt=\"\" width=\"490\" height=\"390\" \/><\/a>Ulqin, 14 shtator &#8211; Fal\u00eb Autostrad\u00ebs Durr\u00ebs-Kuk\u00ebs, sivjet Shqip\u00ebria dhe Kosova jan\u00eb m\u00eb pran\u00eb Ulqinit dhe sipas autoriteteve t\u00eb k\u00ebsaj komune, stina e sivjetme turistike \u00ebsht\u00eb m\u00eb e suksesshmja e nj\u00ebzet vjet\u00ebve t\u00eb fundit, raporton KosovaLive.<\/p>\n<p>Rivier\u00ebn e k\u00ebtij qyteti bregdetar sivjet e kan\u00eb zgjedhur p\u00ebr pushime verore 100.512 turist\u00eb t\u00eb regjistruar, t\u00eb cil\u00ebt kan\u00eb realizuar 684.412 bujtje.<\/p>\n<p>Ndon\u00ebse tash shum\u00eb t\u00eb rrall\u00eb, autobus\u00ebt dhe makinat nga Republika e Kosov\u00ebs, t\u00eb cilat kan\u00eb hyr\u00eb n\u00ebp\u00ebrmjet pik\u00ebs kufitare t\u00eb Kull\u00ebs p\u00ebr n\u00eb Ulqin, sivjet nuk jan\u00eb q\u00eblluar m\u00eb me gur\u00eb sikur m\u00eb par\u00eb.<\/p>\n<p>\u201c\u00cbsht\u00eb konstatim i p\u00ebrgjithsh\u00ebm, jo vet\u00ebm i yni si pushtet lokal, por edhe i p\u00ebrfaq\u00ebsuesve t\u00eb hoteleve, plazheve, biznesit, i vet\u00eb pushuesve, si dhe i njoh\u00ebsve t\u00eb rrethanave turistike se sezoni i k\u00ebtij viti cil\u00ebsohet si sezoni m\u00eb i suksessh\u00ebm n\u00eb dy dekadat e fundit,\u201d thot\u00eb kryetari i Komun\u00ebs s\u00eb Ulqinit, G\u00ebzim Hajdinaga.<\/p>\n<p>Hajdinaga si element pozitiv p\u00ebrmend shtimin e numrit t\u00eb pushuesve nga vendet e huaja, ndon\u00ebse \u201c\u00ebsht\u00eb koh\u00eb e kriz\u00ebs universale, ata Ulqinin e kan\u00eb zgjedhur si destinacion t\u00eb tyrin\u201d.<\/p>\n<p>Kryetari i Komun\u00ebs s\u00eb Ulqinit fal\u00ebnderon Elektrodistribucionin, Nd\u00ebrmarjen Publike Komunale, Sht\u00ebpin\u00eb e Sh\u00ebndetit, Sh\u00ebrbimin e Zjarrfik\u00ebsve, policin\u00eb dhe drejtuesit e tyre q\u00eb kan\u00eb kontribuar n\u00eb mbar\u00ebvajtjen dhe suksesin e k\u00ebtij sezoni.<\/p>\n<p>Edhe drejtori i Organizat\u00ebs Turistike Komunale, Ali Rexha thot\u00eb se struktura e mysafir\u00ebve tregon se \u00ebsht\u00eb ruajtur tregu tradicional nga Kosova, Maqedonia dhe Shqip\u00ebria t\u00eb cil\u00ebt p\u00ebrb\u00ebjn\u00eb 71.4 p\u00ebr qind t\u00eb pushuesve si dhe nga Mali i Zi me 12 p\u00ebr qind.<\/p>\n<p>Ai n\u00ebnvizon se kan\u00eb kthyer mysafir\u00eb nga rajonet e af\u00ebrta \u2013 Bosnja, Serbia, si dhe nga Evropa Lindore e Qendrore.<\/p>\n<p>Autoritetet e pushtetit vendor t\u00eb Ulqinit vler\u00ebsojn\u00eb se rezultati i k\u00ebtij sezoni turistik nuk ka qen\u00eb i rast\u00ebsish\u00ebm, por \u00ebsht\u00eb fryt i aktiviteteve t\u00eb planifikuara dhe t\u00eb realizuara mir\u00eb n\u00eb p\u00ebrgatitjen e sezonit turistik t\u00eb cilat kan\u00eb filluar q\u00eb n\u00eb shtator t\u00eb vitit t\u00eb kaluar.<\/p>\n<p><strong>KOHA NET<\/strong>\n\t\t<style type=\"text\/css\">\n\t\t\t#gallery-1 {\n\t\t\t\tmargin: auto;\n\t\t\t}\n\t\t\t#gallery-1 .gallery-item {\n\t\t\t\tfloat: left;\n\t\t\t\tmargin-top: 10px;\n\t\t\t\ttext-align: center;\n\t\t\t\twidth: 33%;\n\t\t\t}\n\t\t\t#gallery-1 img {\n\t\t\t\tborder: 2px solid #cfcfcf;\n\t\t\t}\n\t\t\t#gallery-1 .gallery-caption {\n\t\t\t\tmargin-left: 0;\n\t\t\t}\n\t\t\t\/* see gallery_shortcode() in wp-includes\/media.php *\/\n\t\t<\/style>\n\t\t<div id='gallery-1' class='gallery galleryid-37280 gallery-columns-3 gallery-size-thumbnail'><dl class='gallery-item'>\n\t\t\t<dt class='gallery-icon landscape'>\n\t\t\t\t<a href='https:\/\/www.visit-ulcinj.com\/blog\/wp-content\/uploads\/2010\/09\/kufini-ne-Sukubin_Muriqan.jpg'><img width=\"150\" height=\"150\" src=\"https:\/\/www.visit-ulcinj.com\/blog\/wp-content\/uploads\/2010\/09\/kufini-ne-Sukubin_Muriqan-150x150.jpg\" class=\"attachment-thumbnail size-thumbnail\" alt=\"\" loading=\"lazy\" \/><\/a>\n\t\t\t<\/dt><\/dl><dl class='gallery-item'>\n\t\t\t<dt class='gallery-icon landscape'>\n\t\t\t\t<a href='https:\/\/www.visit-ulcinj.com\/blog\/wp-content\/uploads\/2010\/09\/kufini-ne-Sukubin_Muriqan.1.jpg'><img width=\"150\" height=\"150\" src=\"https:\/\/www.visit-ulcinj.com\/blog\/wp-content\/uploads\/2010\/09\/kufini-ne-Sukubin_Muriqan.1-150x150.jpg\" class=\"attachment-thumbnail size-thumbnail\" alt=\"\" loading=\"lazy\" \/><\/a>\n\t\t\t<\/dt><\/dl><dl class='gallery-item'>\n\t\t\t<dt class='gallery-icon landscape'>\n\t\t\t\t<a href='https:\/\/www.visit-ulcinj.com\/blog\/wp-content\/uploads\/2010\/09\/kufini-ne-Sukubin_Muriqan.2.jpg'><img width=\"150\" height=\"150\" src=\"https:\/\/www.visit-ulcinj.com\/blog\/wp-content\/uploads\/2010\/09\/kufini-ne-Sukubin_Muriqan.2-150x150.jpg\" class=\"attachment-thumbnail size-thumbnail\" alt=\"\" loading=\"lazy\" \/><\/a>\n\t\t\t<\/dt><\/dl><br style=\"clear: both\" \/><dl class='gallery-item'>\n\t\t\t<dt class='gallery-icon landscape'>\n\t\t\t\t<a href='https:\/\/www.visit-ulcinj.com\/blog\/wp-content\/uploads\/2010\/09\/kufini-ne-Sukubin_Muriqan.3.jpg'><img width=\"150\" height=\"150\" src=\"https:\/\/www.visit-ulcinj.com\/blog\/wp-content\/uploads\/2010\/09\/kufini-ne-Sukubin_Muriqan.3-150x150.jpg\" class=\"attachment-thumbnail size-thumbnail\" alt=\"\" loading=\"lazy\" \/><\/a>\n\t\t\t<\/dt><\/dl><dl class='gallery-item'>\n\t\t\t<dt class='gallery-icon landscape'>\n\t\t\t\t<a href='https:\/\/www.visit-ulcinj.com\/blog\/wp-content\/uploads\/2010\/09\/Zbritje-cmimi-ne-rivieren-e-ulqinit.jpg'><img width=\"150\" height=\"150\" src=\"https:\/\/www.visit-ulcinj.com\/blog\/wp-content\/uploads\/2010\/09\/Zbritje-cmimi-ne-rivieren-e-ulqinit-150x150.jpg\" class=\"attachment-thumbnail size-thumbnail\" alt=\"\" loading=\"lazy\" \/><\/a>\n\t\t\t<\/dt><\/dl><dl class='gallery-item'>\n\t\t\t<dt class='gallery-icon landscape'>\n\t\t\t\t<a href='https:\/\/www.visit-ulcinj.com\/blog\/wp-content\/uploads\/2010\/09\/Fluksi-turistik-Ulqin-2010.21.jpg'><img width=\"150\" height=\"150\" src=\"https:\/\/www.visit-ulcinj.com\/blog\/wp-content\/uploads\/2010\/09\/Fluksi-turistik-Ulqin-2010.21-150x150.jpg\" class=\"attachment-thumbnail size-thumbnail\" alt=\"\" loading=\"lazy\" \/><\/a>\n\t\t\t<\/dt><\/dl><br style=\"clear: both\" \/>\n\t\t<\/div>\n<\/p>\n<!--YouTube Error: bad URL entered-->\n","protected":false},"excerpt":{"rendered":"<p>Ulqin, 14 shtator &#8211; Fal\u00eb Autostrad\u00ebs Durr\u00ebs-Kuk\u00ebs, sivjet Shqip\u00ebria dhe Kosova jan\u00eb m\u00eb pran\u00eb Ulqinit dhe sipas autoriteteve t\u00eb k\u00ebsaj komune, stina e sivjetme turistike \u00ebsht\u00eb m\u00eb e suksesshmja e nj\u00ebzet vjet\u00ebve t\u00eb fundit, raporton KosovaLive. Rivier\u00ebn e k\u00ebtij qyteti bregdetar sivjet e kan\u00eb zgjedhur p\u00ebr pushime verore 100.512 turist\u00eb t\u00eb regjistruar, t\u00eb cil\u00ebt kan\u00eb [&hellip;]<\/p>\n","protected":false},"author":1,"featured_media":0,"comment_status":"open","ping_status":"closed","sticky":false,"template":"","format":"standard","meta":{"spay_email":"","jetpack_publicize_message":"","jetpack_is_tweetstorm":false,"jetpack_publicize_feature_enabled":true},"categories":[10],"tags":[222,49,2515,2801,41,213,18],"jetpack_publicize_connections":[],"yoast_head":"<!-- This site is optimized with the Yoast SEO plugin v19.1 - https:\/\/yoast.com\/wordpress\/plugins\/seo\/ -->\n<title>Autostrada e afroi Kosov\u00ebn edhe me Ulqinin - Lajme nga Ulqini<\/title>\n<meta name=\"description\" content=\"Ulqin, 14 shtator - Fal\u00eb Autostrad\u00ebs Durr\u00ebs-Kuk\u00ebs, sivjet Shqip\u00ebria dhe Kosova jan\u00eb m\u00eb pran\u00eb Ulqinit dhe sipas autoriteteve t\u00eb k\u00ebsaj komune, stina e\" \/>\n<meta name=\"robots\" content=\"index, follow, max-snippet:-1, max-image-preview:large, max-video-preview:-1\" \/>\n<link rel=\"canonical\" href=\"https:\/\/www.visit-ulcinj.com\/blog\/2010\/09\/14\/autostrada-e-afroi-kosoven-edhe-me-ulqinin\/\" \/>\n<meta property=\"og:locale\" content=\"en_US\" \/>\n<meta property=\"og:type\" content=\"article\" \/>\n<meta property=\"og:title\" content=\"Autostrada e afroi Kosov\u00ebn edhe me Ulqinin - Lajme nga Ulqini\" \/>\n<meta property=\"og:description\" content=\"Ulqin, 14 shtator - Fal\u00eb Autostrad\u00ebs Durr\u00ebs-Kuk\u00ebs, sivjet Shqip\u00ebria dhe Kosova jan\u00eb m\u00eb pran\u00eb Ulqinit dhe sipas autoriteteve t\u00eb k\u00ebsaj komune, stina e\" \/>\n<meta property=\"og:url\" content=\"https:\/\/www.visit-ulcinj.com\/blog\/2010\/09\/14\/autostrada-e-afroi-kosoven-edhe-me-ulqinin\/\" \/>\n<meta property=\"og:site_name\" content=\"Lajme nga Ulqini\" \/>\n<meta property=\"article:published_time\" content=\"2010-09-14T18:03:57+00:00\" \/>\n<meta property=\"article:modified_time\" content=\"2010-09-15T13:41:18+00:00\" \/>\n<meta property=\"og:image\" content=\"https:\/\/www.visit-ulcinj.com\/blog\/wp-content\/uploads\/2010\/09\/kufini-ne-Sukubin_Muriqan-150x150.jpg\" \/>\n<meta name=\"twitter:label1\" content=\"Written by\" \/>\n\t<meta name=\"twitter:data1\" content=\"ulqini\" \/>\n\t<meta name=\"twitter:label2\" content=\"Est. reading time\" \/>\n\t<meta name=\"twitter:data2\" content=\"2 minutes\" \/>\n<script type=\"application\/ld+json\" class=\"yoast-schema-graph\">{\"@context\":\"https:\/\/schema.org\",\"@graph\":[{\"@type\":\"WebSite\",\"@id\":\"https:\/\/www.visit-ulcinj.com\/blog\/#website\",\"url\":\"https:\/\/www.visit-ulcinj.com\/blog\/\",\"name\":\"Lajme nga Ulqini\",\"description\":\"Lajme,Vijesti,Ulqini,Ulqin,Crna Gora,Mali i Zi\",\"potentialAction\":[{\"@type\":\"SearchAction\",\"target\":{\"@type\":\"EntryPoint\",\"urlTemplate\":\"https:\/\/www.visit-ulcinj.com\/blog\/?s={search_term_string}\"},\"query-input\":\"required name=search_term_string\"}],\"inLanguage\":\"en-US\"},{\"@type\":\"ImageObject\",\"inLanguage\":\"en-US\",\"@id\":\"https:\/\/www.visit-ulcinj.com\/blog\/2010\/09\/14\/autostrada-e-afroi-kosoven-edhe-me-ulqinin\/#primaryimage\",\"url\":\"https:\/\/www.visit-ulcinj.com\/blog\/wp-content\/uploads\/2010\/09\/kufini-ne-Sukubin_Muriqan.3.jpg\",\"contentUrl\":\"https:\/\/www.visit-ulcinj.com\/blog\/wp-content\/uploads\/2010\/09\/kufini-ne-Sukubin_Muriqan.3.jpg\",\"width\":\"640\",\"height\":\"425\"},{\"@type\":\"WebPage\",\"@id\":\"https:\/\/www.visit-ulcinj.com\/blog\/2010\/09\/14\/autostrada-e-afroi-kosoven-edhe-me-ulqinin\/#webpage\",\"url\":\"https:\/\/www.visit-ulcinj.com\/blog\/2010\/09\/14\/autostrada-e-afroi-kosoven-edhe-me-ulqinin\/\",\"name\":\"Autostrada e afroi Kosov\u00ebn edhe me Ulqinin - Lajme nga Ulqini\",\"isPartOf\":{\"@id\":\"https:\/\/www.visit-ulcinj.com\/blog\/#website\"},\"primaryImageOfPage\":{\"@id\":\"https:\/\/www.visit-ulcinj.com\/blog\/2010\/09\/14\/autostrada-e-afroi-kosoven-edhe-me-ulqinin\/#primaryimage\"},\"datePublished\":\"2010-09-14T18:03:57+00:00\",\"dateModified\":\"2010-09-15T13:41:18+00:00\",\"author\":{\"@id\":\"https:\/\/www.visit-ulcinj.com\/blog\/#\/schema\/person\/dcab619c614d3038751c63bc2aadc06d\"},\"description\":\"Ulqin, 14 shtator - Fal\u00eb Autostrad\u00ebs Durr\u00ebs-Kuk\u00ebs, sivjet Shqip\u00ebria dhe Kosova jan\u00eb m\u00eb pran\u00eb Ulqinit dhe sipas autoriteteve t\u00eb k\u00ebsaj komune, stina e\",\"breadcrumb\":{\"@id\":\"https:\/\/www.visit-ulcinj.com\/blog\/2010\/09\/14\/autostrada-e-afroi-kosoven-edhe-me-ulqinin\/#breadcrumb\"},\"inLanguage\":\"en-US\",\"potentialAction\":[{\"@type\":\"ReadAction\",\"target\":[\"https:\/\/www.visit-ulcinj.com\/blog\/2010\/09\/14\/autostrada-e-afroi-kosoven-edhe-me-ulqinin\/\"]}]},{\"@type\":\"BreadcrumbList\",\"@id\":\"https:\/\/www.visit-ulcinj.com\/blog\/2010\/09\/14\/autostrada-e-afroi-kosoven-edhe-me-ulqinin\/#breadcrumb\",\"itemListElement\":[{\"@type\":\"ListItem\",\"position\":1,\"name\":\"Autostrada e afroi Kosov\u00ebn edhe me Ulqinin\"}]},{\"@type\":\"Person\",\"@id\":\"https:\/\/www.visit-ulcinj.com\/blog\/#\/schema\/person\/dcab619c614d3038751c63bc2aadc06d\",\"name\":\"ulqini\",\"sameAs\":[\"http:\/\/www.visit-ulcinj.com\"],\"url\":\"https:\/\/www.visit-ulcinj.com\/blog\/author\/admin\/\"}]}<\/script>\n<!-- \/ Yoast SEO plugin. -->","yoast_head_json":{"title":"Autostrada e afroi Kosov\u00ebn edhe me Ulqinin - Lajme nga Ulqini","description":"Ulqin, 14 shtator - Fal\u00eb Autostrad\u00ebs Durr\u00ebs-Kuk\u00ebs, sivjet Shqip\u00ebria dhe Kosova jan\u00eb m\u00eb pran\u00eb Ulqinit dhe sipas autoriteteve t\u00eb k\u00ebsaj komune, stina e","robots":{"index":"index","follow":"follow","max-snippet":"max-snippet:-1","max-image-preview":"max-image-preview:large","max-video-preview":"max-video-preview:-1"},"canonical":"https:\/\/www.visit-ulcinj.com\/blog\/2010\/09\/14\/autostrada-e-afroi-kosoven-edhe-me-ulqinin\/","og_locale":"en_US","og_type":"article","og_title":"Autostrada e afroi Kosov\u00ebn edhe me Ulqinin - Lajme nga Ulqini","og_description":"Ulqin, 14 shtator - Fal\u00eb Autostrad\u00ebs Durr\u00ebs-Kuk\u00ebs, sivjet Shqip\u00ebria dhe Kosova jan\u00eb m\u00eb pran\u00eb Ulqinit dhe sipas autoriteteve t\u00eb k\u00ebsaj komune, stina e","og_url":"https:\/\/www.visit-ulcinj.com\/blog\/2010\/09\/14\/autostrada-e-afroi-kosoven-edhe-me-ulqinin\/","og_site_name":"Lajme nga Ulqini","article_published_time":"2010-09-14T18:03:57+00:00","article_modified_time":"2010-09-15T13:41:18+00:00","og_image":[{"url":"https:\/\/www.visit-ulcinj.com\/blog\/wp-content\/uploads\/2010\/09\/kufini-ne-Sukubin_Muriqan-150x150.jpg"}],"twitter_misc":{"Written by":"ulqini","Est. reading time":"2 minutes"},"schema":{"@context":"https:\/\/schema.org","@graph":[{"@type":"WebSite","@id":"https:\/\/www.visit-ulcinj.com\/blog\/#website","url":"https:\/\/www.visit-ulcinj.com\/blog\/","name":"Lajme nga Ulqini","description":"Lajme,Vijesti,Ulqini,Ulqin,Crna Gora,Mali i Zi","potentialAction":[{"@type":"SearchAction","target":{"@type":"EntryPoint","urlTemplate":"https:\/\/www.visit-ulcinj.com\/blog\/?s={search_term_string}"},"query-input":"required name=search_term_string"}],"inLanguage":"en-US"},{"@type":"ImageObject","inLanguage":"en-US","@id":"https:\/\/www.visit-ulcinj.com\/blog\/2010\/09\/14\/autostrada-e-afroi-kosoven-edhe-me-ulqinin\/#primaryimage","url":"https:\/\/www.visit-ulcinj.com\/blog\/wp-content\/uploads\/2010\/09\/kufini-ne-Sukubin_Muriqan.3.jpg","contentUrl":"https:\/\/www.visit-ulcinj.com\/blog\/wp-content\/uploads\/2010\/09\/kufini-ne-Sukubin_Muriqan.3.jpg","width":"640","height":"425"},{"@type":"WebPage","@id":"https:\/\/www.visit-ulcinj.com\/blog\/2010\/09\/14\/autostrada-e-afroi-kosoven-edhe-me-ulqinin\/#webpage","url":"https:\/\/www.visit-ulcinj.com\/blog\/2010\/09\/14\/autostrada-e-afroi-kosoven-edhe-me-ulqinin\/","name":"Autostrada e afroi Kosov\u00ebn edhe me Ulqinin - Lajme nga Ulqini","isPartOf":{"@id":"https:\/\/www.visit-ulcinj.com\/blog\/#website"},"primaryImageOfPage":{"@id":"https:\/\/www.visit-ulcinj.com\/blog\/2010\/09\/14\/autostrada-e-afroi-kosoven-edhe-me-ulqinin\/#primaryimage"},"datePublished":"2010-09-14T18:03:57+00:00","dateModified":"2010-09-15T13:41:18+00:00","author":{"@id":"https:\/\/www.visit-ulcinj.com\/blog\/#\/schema\/person\/dcab619c614d3038751c63bc2aadc06d"},"description":"Ulqin, 14 shtator - Fal\u00eb Autostrad\u00ebs Durr\u00ebs-Kuk\u00ebs, sivjet Shqip\u00ebria dhe Kosova jan\u00eb m\u00eb pran\u00eb Ulqinit dhe sipas autoriteteve t\u00eb k\u00ebsaj komune, stina e","breadcrumb":{"@id":"https:\/\/www.visit-ulcinj.com\/blog\/2010\/09\/14\/autostrada-e-afroi-kosoven-edhe-me-ulqinin\/#breadcrumb"},"inLanguage":"en-US","potentialAction":[{"@type":"ReadAction","target":["https:\/\/www.visit-ulcinj.com\/blog\/2010\/09\/14\/autostrada-e-afroi-kosoven-edhe-me-ulqinin\/"]}]},{"@type":"BreadcrumbList","@id":"https:\/\/www.visit-ulcinj.com\/blog\/2010\/09\/14\/autostrada-e-afroi-kosoven-edhe-me-ulqinin\/#breadcrumb","itemListElement":[{"@type":"ListItem","position":1,"name":"Autostrada e afroi Kosov\u00ebn edhe me Ulqinin"}]},{"@type":"Person","@id":"https:\/\/www.visit-ulcinj.com\/blog\/#\/schema\/person\/dcab619c614d3038751c63bc2aadc06d","name":"ulqini","sameAs":["http:\/\/www.visit-ulcinj.com"],"url":"https:\/\/www.visit-ulcinj.com\/blog\/author\/admin\/"}]}},"jetpack_featured_media_url":"","jetpack_sharing_enabled":true,"jetpack_shortlink":"https:\/\/wp.me\/pe6lTn-9Hi","_links":{"self":[{"href":"https:\/\/www.visit-ulcinj.com\/blog\/wp-json\/wp\/v2\/posts\/37280"}],"collection":[{"href":"https:\/\/www.visit-ulcinj.com\/blog\/wp-json\/wp\/v2\/posts"}],"about":[{"href":"https:\/\/www.visit-ulcinj.com\/blog\/wp-json\/wp\/v2\/types\/post"}],"author":[{"embeddable":true,"href":"https:\/\/www.visit-ulcinj.com\/blog\/wp-json\/wp\/v2\/users\/1"}],"replies":[{"embeddable":true,"href":"https:\/\/www.visit-ulcinj.com\/blog\/wp-json\/wp\/v2\/comments?post=37280"}],"version-history":[{"count":0,"href":"https:\/\/www.visit-ulcinj.com\/blog\/wp-json\/wp\/v2\/posts\/37280\/revisions"}],"wp:attachment":[{"href":"https:\/\/www.visit-ulcinj.com\/blog\/wp-json\/wp\/v2\/media?parent=37280"}],"wp:term":[{"taxonomy":"category","embeddable":true,"href":"https:\/\/www.visit-ulcinj.com\/blog\/wp-json\/wp\/v2\/categories?post=37280"},{"taxonomy":"post_tag","embeddable":true,"href":"https:\/\/www.visit-ulcinj.com\/blog\/wp-json\/wp\/v2\/tags?post=37280"}],"curies":[{"name":"wp","href":"https:\/\/api.w.org\/{rel}","templated":true}]}}