{"id":37307,"date":"2010-09-15T15:32:11","date_gmt":"2010-09-15T13:32:11","guid":{"rendered":"http:\/\/www.visit-ulcinj.com\/blog\/?p=37307"},"modified":"2010-09-15T19:36:58","modified_gmt":"2010-09-15T17:36:58","slug":"ana-malit-arsimimi-i-popullsise","status":"publish","type":"post","link":"https:\/\/www.visit-ulcinj.com\/blog\/2010\/09\/15\/ana-malit-arsimimi-i-popullsise\/","title":{"rendered":"Ana Malit: Arsimimi i popullsis\u00eb"},"content":{"rendered":"<div id=\"attachment_37308\" style=\"width: 500px\" class=\"wp-caption alignleft\"><a href=\"http:\/\/www.visit-ulcinj.com\/blog\/wp-content\/uploads\/2010\/09\/Ne-nji-darke-mesuesit-e-Katerkolles-me-ish-drejtorin-e-shkolles-Jenuz-Divanin1.jpg\"><img aria-describedby=\"caption-attachment-37308\" loading=\"lazy\" class=\"size-full wp-image-37308\" title=\"Ne nji darke mesuesit e Katerkolles me ish drejtorin e shkolles Jenuz Divanin,Avdulla Kurti, Musa Gjoni, Xhavdet Holli, Bajram Rexha, Riza Rexha, Hata Salaj-Gjoni, Feride Salaj-Gjoni, Mine Holli, Zenepe Rexha, Jenuz Divani\" src=\"http:\/\/www.visit-ulcinj.com\/blog\/wp-content\/uploads\/2010\/09\/Ne-nji-darke-mesuesit-e-Katerkolles-me-ish-drejtorin-e-shkolles-Jenuz-Divanin1.jpg\" alt=\"Avdulla Kurti, Musa Gjoni, Xhavdet Holli, Bajram Rexha, Riza Rexha, Hata Salaj-Gjoni, Feride Salaj-Gjoni, Mine Holli, Zenepe Rexha, Jenuz Divani\" width=\"490\" height=\"380\" \/><\/a><p id=\"caption-attachment-37308\" class=\"wp-caption-text\">Foto nga Arkivi i Haxhi Zenelit<\/p><\/div>\n<div id=\"attachment_37309\" style=\"width: 500px\" class=\"wp-caption alignleft\"><a href=\"http:\/\/www.visit-ulcinj.com\/blog\/wp-content\/uploads\/2010\/09\/M\u00ebsuesit-e-An\u00ebs-Malit.jpg\"><img aria-describedby=\"caption-attachment-37309\" loading=\"lazy\" class=\"size-full wp-image-37309\" title=\"M\u00ebsuesit e An\u00ebs Malit,Rexhep Lleshi, Musa Gjoni, Kasem Ceka, kasem ceka, Sabri Holli, Ferit Kurti, Xhevdet Astafa, Mustaf Mustafa, Haxhi Taipi, Tom Ndreu, Musa Maxharri, sadik shaba, Sadik Shaba\" src=\"http:\/\/www.visit-ulcinj.com\/blog\/wp-content\/uploads\/2010\/09\/M\u00ebsuesit-e-An\u00ebs-Malit.jpg\" alt=\"Rexhep Lleshi, Musa Gjoni, Kasem Ceka, kasem ceka, Sabri Holli, Ferit Kurti, Xhevdet Astafa, Mustaf Mustafa, Haxhi Taipi, Tom Ndreu, Musa Maxharri, sadik shaba, Sadik Shaba\" width=\"490\" height=\"380\" \/><\/a><p id=\"caption-attachment-37309\" class=\"wp-caption-text\">Foto - ARB Arhiva nga Dino Zeneli<\/p><\/div>\n<p>N\u00eb vitin shkollor 1958\/59 shkoll\u00ebn fillore\u00a0me tet\u00eb klas\u00eb e kryen nx\u00ebn\u00ebsja Rrukije Lika,\u00a0e cila n\u00eb vitin shkollor 1964\/65 b\u00ebhet\u00a0m\u00ebsuesja e par\u00eb vendase n\u00eb shkoll\u00eb. Prej\u00a0dhjetorit t\u00eb vitit 1961, shkolla mban emrin e\u00a0d\u00ebshmorit Bedri Elezaga nga Ulqini, N\u00eb\u00a0vitin 1962\/63 \u00ebsht\u00eb \u00e7elur shkolla fillore n\u00eb\u00a0Shtod\u00ebr, me 4 klas\u00eb, 71 nx\u00ebn\u00ebs, m\u00ebsuesit:\u00a0Halit Avdiqi dhe Hasan Salaj. N\u00eb vitin 1964.\u00a0n\u00eb shkoll\u00eb formohet organi i par\u00eb vet\u00ebqeveris\u00ebs\u00a0K\u00ebshilli i shkoll\u00ebs, kryetar i t\u00eb cilit\u00a0\u00ebsht\u00eb Faik Ceka.\u00a0N\u00eb vitin 1966 pensionohet drejtori i shkoll\u00ebs\u00a0Junuz Divanoviqi, i cili me pun\u00eb,p\u00ebrpjekje,\u00a0pasion dhe angazhim t\u00eb gjithansh\u00ebm dha\u00a0ndihmes\u00eb t\u00eb jasht\u00ebzakonshme n\u00eb arsimimin\u00a0e popullsis\u00eb s\u00eb An\u00ebs s\u00eb Malit.<\/p>\n<div id=\"attachment_37310\" style=\"width: 500px\" class=\"wp-caption alignleft\"><a href=\"http:\/\/www.visit-ulcinj.com\/blog\/wp-content\/uploads\/2010\/09\/Mesuesit-e-shkolles-fillore-ne-Katerkolle.1.jpg\"><img aria-describedby=\"caption-attachment-37310\" loading=\"lazy\" class=\"size-full wp-image-37310\" title=\"Mesuesit e shkolles fillore ne Katerkolle.1,Sylo Kurti, Hatixhe Alaj-Maxharri, Idriz Kallaba, Sabri Holli, Musa Maxharri, Tom Ndreu, Hata Salaj-Gjoni, Qamil Kurti, Xhemal Hoxha\" src=\"http:\/\/www.visit-ulcinj.com\/blog\/wp-content\/uploads\/2010\/09\/Mesuesit-e-shkolles-fillore-ne-Katerkolle.1.jpg\" alt=\"Sylo Kurti, Hatixhe Alaj-Maxharri, Idriz Kallaba, Sabri Holli, Musa Maxharri, Tom Ndreu, Hata Salaj-Gjoni, Qamil Kurti, Xhemal Hoxha\" width=\"490\" height=\"380\" \/><\/a><p id=\"caption-attachment-37310\" class=\"wp-caption-text\">Foto nga Arkivi i Haxhi Zenelit<\/p><\/div>\n<p>Drejtor\u00ebt e\u00a0tjer\u00eb t\u00eb shkoll\u00ebs kan\u00eb qen\u00eb: Sabri Hollaj\u00a01966 -1970, Elez Mu\u00e7aj 1970 &#8211; 1973 dhe\u00a01982 &#8211; 1985, Faik Ceka 1973, Xhevdet\u00a0Hollaj 1973 &#8211; 1977, Rexhep Kokaj 1977 &#8211;\u00a01981, Idriz Kallaba 1981, Rexhep Lleshi\u00a01985 &#8211; 1998, Nail Draga 1998 &#8211; 2003, Ali\u00a0Mu\u00e7aj 2003-2007, Nail Draga 2007&#8230;\u00a0N\u00eb vitin shkollor 1967\/68 \u00ebsht\u00eb \u00e7elur shkolla\u00a0e ndar\u00eb kat\u00ebrklas\u00ebshe n\u00eb Fraskanjel, me 24\u00a0nx\u00ebn\u00ebs me m\u00ebsues Mehmet Peraj. M\u00ebsimi\u00a0n\u00eb objektin e shkoll\u00ebs s\u00eb vjet\u00ebr p\u00ebrfundimisht\u00a0merr fund n\u00eb vitin shkollor\u00a01971\/72, nd\u00ebrsa nga viti shkollor 1972\/73\u00a0l\u00ebshohet n\u00eb p\u00ebrdorim objekti e ri, dhurat\u00eb\u00a0nga Republika e Kroacis\u00eb. N\u00eb shkoll\u00ebn e re,\u00a0p\u00ebr t\u00eb par\u00ebn her\u00eb m\u00ebsimi organizohet\u00a0n\u00eb kabinete. Po ashtu, n\u00eb k\u00ebt\u00eb\u00a0vit shkollor filloi pun\u00ebn paralelja 4\u00a0klas\u00ebshe n\u00eb Rashtish\u00eb.\u00a0P\u00ebr t\u00eb par\u00ebn her\u00eb, duke filluar nga\u00a0viti shkollor 1975\/76, organizohet\u00a0transporti i nx\u00ebn\u00ebsve me autobus\u00a0deri n\u00eb shkoll\u00eb dhe anasjelltas. Si\u00a0gjuh\u00eb e dyt\u00eb e huaj anglishta vendoset\u00a0n\u00eb vitin shkollor 1977\/78.\u00a0Prej vitit 1979, Dita e shkoll\u00ebs festohet\u00a0m\u00eb 15 maj. N\u00eb vitin shkollor\u00a01981\/82 ka filluar pun\u00ebn pedagogu\u00a0i shkoll\u00ebs. N\u00eb vitin shkollor\u00a01982\/83 n\u00eb shkoll\u00eb zbatohet java e\u00a0pun\u00ebs 5 dit\u00ebshe.\u00a0N\u00eb vitin 1992. shkolla b\u00ebhet institucion\u00a0publik dhe mban emrin: IP\u00a0SHF \u201cBedri Elezaga\u201d n\u00eb\u00a0Kat\u00ebrkoll\u00eb.<br \/>\nN\u00eb vitin shkollor\u00a01992\/93, n\u00eb shkoll\u00eb vihet gjermanishtja\u00a0si gjuh\u00eb e huaj e dyt\u00eb. Nga\u00a0viti shkollor 1993\/94 n\u00eb shkoll\u00eb, me\u00a0t\u00eb drejt\u00eb t\u00eb plot\u00eb, punon bibliotekisti\u00a0i shkoll\u00ebs, nd\u00ebrsa nga viti 1998\u00a0edhe llogaritari.\u00a0N\u00eb organizim t\u00eb Shoqat\u00ebs s\u00eb Art\u00a0Clubit, me 12 shtator 1997, n\u00eb\u00a0shkoll\u00eb \u00ebsht\u00eb mbajtur Akademia\u00a0solemne me rastin e 50 &#8211; vjetorit t\u00eb\u00a0ardhjes s\u00eb ish drejtorit t\u00eb shkoll\u00ebs\u00a0Junuz Divanoviqit n\u00eb Kat\u00ebrkoll\u00eb,\u00a0duke vendosur bustin e tij n\u00eb hyrje\u00a0t\u00eb objektit t\u00eb shkoll\u00ebs s\u00eb vjet\u00ebr.\u00a0N\u00eb vitin shkollor 2005\/06 n\u00eb shkoll\u00eb\u00a0filloi programi arsimor i shkoll\u00ebs\u00a0fillore n\u00ebnt\u00ebvje\u00e7are t\u00eb reformuar. IP\u00a0Shkolla fillore \u201cBedri Elezaga\u201d n\u00eb\u00a0Kat\u00ebrkoll\u00eb, ka shkoll\u00ebn am\u00eb dhe 8\u00a0paralele t\u00eb ndara n\u00eb fshatrat:\u00a0Kryth\u00eb, Sukubin\u00eb, Rashtish\u00eb, Mill\u00eb,\u00a0Kravar, Shtod\u00ebr, Kllez\u00ebn dhe\u00a0Fraskanjel. Sa i p\u00ebrket numrit t\u00eb\u00a0nx\u00ebn\u00ebsve, m\u00eb s\u00eb shumti ka pasur n\u00eb\u00a0vitin shkollor 1981\/82 1143 nx\u00ebn\u00ebs,\u00a0nd\u00ebrsa n\u00eb vitin shkollor 2009\/2010\u00a0ka gjithsej 591 nx\u00ebn\u00ebs, 33 paralele\u00a0dhe 68 individ\u00eb t\u00eb pun\u00ebsuar. ( sh\u00ebnim\u00a0i dr. Nail Draga).<\/p>\n<p><strong>Gjek\u00eb Gjonaj<br \/>\nKoha Javore<br \/>\n<\/strong><strong>Si posedoni ndonji fotografi t\u00eb asaj kohe na dergoni dhe ne do i  publikom.Faliminderit<\/strong><\/p>\n<p><strong> <\/strong><\/p>\n<p><strong>\n\t\t<style type=\"text\/css\">\n\t\t\t#gallery-1 {\n\t\t\t\tmargin: auto;\n\t\t\t}\n\t\t\t#gallery-1 .gallery-item {\n\t\t\t\tfloat: left;\n\t\t\t\tmargin-top: 10px;\n\t\t\t\ttext-align: center;\n\t\t\t\twidth: 33%;\n\t\t\t}\n\t\t\t#gallery-1 img {\n\t\t\t\tborder: 2px solid #cfcfcf;\n\t\t\t}\n\t\t\t#gallery-1 .gallery-caption {\n\t\t\t\tmargin-left: 0;\n\t\t\t}\n\t\t\t\/* see gallery_shortcode() in wp-includes\/media.php *\/\n\t\t<\/style>\n\t\t<div id='gallery-1' class='gallery galleryid-37307 gallery-columns-3 gallery-size-thumbnail'><dl class='gallery-item'>\n\t\t\t<dt class='gallery-icon landscape'>\n\t\t\t\t<a href='https:\/\/www.visit-ulcinj.com\/blog\/wp-content\/uploads\/2010\/09\/Ne-nji-darke-mesuesit-e-Katerkolles-me-ish-drejtorin-e-shkolles-Jenuz-Divanin1.jpg'><img width=\"150\" height=\"150\" src=\"https:\/\/www.visit-ulcinj.com\/blog\/wp-content\/uploads\/2010\/09\/Ne-nji-darke-mesuesit-e-Katerkolles-me-ish-drejtorin-e-shkolles-Jenuz-Divanin1-150x150.jpg\" class=\"attachment-thumbnail size-thumbnail\" alt=\"Avdulla Kurti, Musa Gjoni, Xhavdet Holli, Bajram Rexha, Riza Rexha, Hata Salaj-Gjoni, Feride Salaj-Gjoni, Mine Holli, Zenepe Rexha, Jenuz Divani\" loading=\"lazy\" \/><\/a>\n\t\t\t<\/dt><\/dl><dl class='gallery-item'>\n\t\t\t<dt class='gallery-icon landscape'>\n\t\t\t\t<a href='https:\/\/www.visit-ulcinj.com\/blog\/wp-content\/uploads\/2010\/09\/M\u00ebsuesit-e-An\u00ebs-Malit.jpg'><img width=\"150\" height=\"150\" src=\"https:\/\/www.visit-ulcinj.com\/blog\/wp-content\/uploads\/2010\/09\/M\u00ebsuesit-e-An\u00ebs-Malit-150x150.jpg\" class=\"attachment-thumbnail size-thumbnail\" alt=\"Rexhep Lleshi, Musa Gjoni, Kasem Ceka, kasem ceka, Sabri Holli, Ferit Kurti, Xhevdet Astafa, Mustaf Mustafa, Haxhi Taipi, Tom Ndreu, Musa Maxharri, sadik shaba, Sadik Shaba\" loading=\"lazy\" \/><\/a>\n\t\t\t<\/dt><\/dl><dl class='gallery-item'>\n\t\t\t<dt class='gallery-icon landscape'>\n\t\t\t\t<a href='https:\/\/www.visit-ulcinj.com\/blog\/wp-content\/uploads\/2010\/09\/Mesuesit-e-shkolles-fillore-ne-Katerkolle.1.jpg'><img width=\"150\" height=\"150\" src=\"https:\/\/www.visit-ulcinj.com\/blog\/wp-content\/uploads\/2010\/09\/Mesuesit-e-shkolles-fillore-ne-Katerkolle.1-150x150.jpg\" class=\"attachment-thumbnail size-thumbnail\" alt=\"Sylo Kurti, Hatixhe Alaj-Maxharri, Idriz Kallaba, Sabri Holli, Musa Maxharri, Tom Ndreu, Hata Salaj-Gjoni, Qamil Kurti, Xhemal Hoxha\" loading=\"lazy\" \/><\/a>\n\t\t\t<\/dt><\/dl><br style=\"clear: both\" \/><dl class='gallery-item'>\n\t\t\t<dt class='gallery-icon landscape'>\n\t\t\t\t<a href='https:\/\/www.visit-ulcinj.com\/blog\/wp-content\/uploads\/2010\/09\/Sabri-Holli-Dul-Selimi-Zeneli-Dul-Holli-1971.jpg'><img width=\"150\" height=\"150\" src=\"https:\/\/www.visit-ulcinj.com\/blog\/wp-content\/uploads\/2010\/09\/Sabri-Holli-Dul-Selimi-Zeneli-Dul-Holli-1971-150x150.jpg\" class=\"attachment-thumbnail size-thumbnail\" alt=\"\" loading=\"lazy\" \/><\/a>\n\t\t\t<\/dt><\/dl><dl class='gallery-item'>\n\t\t\t<dt class='gallery-icon landscape'>\n\t\t\t\t<a href='https:\/\/www.visit-ulcinj.com\/blog\/wp-content\/uploads\/2010\/09\/Idriz-Kallaba.jpg'><img width=\"150\" height=\"150\" src=\"https:\/\/www.visit-ulcinj.com\/blog\/wp-content\/uploads\/2010\/09\/Idriz-Kallaba-150x150.jpg\" class=\"attachment-thumbnail size-thumbnail\" alt=\"\" loading=\"lazy\" \/><\/a>\n\t\t\t<\/dt><\/dl><dl class='gallery-item'>\n\t\t\t<dt class='gallery-icon landscape'>\n\t\t\t\t<a href='https:\/\/www.visit-ulcinj.com\/blog\/wp-content\/uploads\/2010\/09\/NAIL-DRAGA.gif'><img width=\"150\" height=\"150\" src=\"https:\/\/www.visit-ulcinj.com\/blog\/wp-content\/uploads\/2010\/09\/NAIL-DRAGA-150x150.gif\" class=\"attachment-thumbnail size-thumbnail\" alt=\"\" loading=\"lazy\" \/><\/a>\n\t\t\t<\/dt><\/dl><br style=\"clear: both\" \/><dl class='gallery-item'>\n\t\t\t<dt class='gallery-icon landscape'>\n\t\t\t\t<a href='https:\/\/www.visit-ulcinj.com\/blog\/wp-content\/uploads\/2010\/09\/Shkolla-fillore-Bedri-Elezaga-Katerkoll\u00eb.jpg'><img width=\"150\" height=\"150\" src=\"https:\/\/www.visit-ulcinj.com\/blog\/wp-content\/uploads\/2010\/09\/Shkolla-fillore-Bedri-Elezaga-Katerkoll\u00eb-150x150.jpg\" class=\"attachment-thumbnail size-thumbnail\" alt=\"\" loading=\"lazy\" \/><\/a>\n\t\t\t<\/dt><\/dl><dl class='gallery-item'>\n\t\t\t<dt class='gallery-icon portrait'>\n\t\t\t\t<a href='https:\/\/www.visit-ulcinj.com\/blog\/wp-content\/uploads\/2010\/09\/Busti-i-Junuz-Divanoviqit.jpg'><img width=\"150\" height=\"150\" src=\"https:\/\/www.visit-ulcinj.com\/blog\/wp-content\/uploads\/2010\/09\/Busti-i-Junuz-Divanoviqit-150x150.jpg\" class=\"attachment-thumbnail size-thumbnail\" alt=\"\" loading=\"lazy\" \/><\/a>\n\t\t\t<\/dt><\/dl><dl class='gallery-item'>\n\t\t\t<dt class='gallery-icon landscape'>\n\t\t\t\t<a href='https:\/\/www.visit-ulcinj.com\/blog\/wp-content\/uploads\/2010\/09\/Shkolla-fillore-Bedri-Elezaga-Katerkoll\u00eb.2.jpg'><img width=\"150\" height=\"150\" src=\"https:\/\/www.visit-ulcinj.com\/blog\/wp-content\/uploads\/2010\/09\/Shkolla-fillore-Bedri-Elezaga-Katerkoll\u00eb.2-150x150.jpg\" class=\"attachment-thumbnail size-thumbnail\" alt=\"\" loading=\"lazy\" \/><\/a>\n\t\t\t<\/dt><\/dl><br style=\"clear: both\" \/>\n\t\t<\/div>\n<\/p>\n<p><\/strong><\/p>\n<p><strong> <\/strong><!--YouTube Error: bad URL entered--><\/p>\n","protected":false},"excerpt":{"rendered":"<p>N\u00eb vitin shkollor 1958\/59 shkoll\u00ebn fillore\u00a0me tet\u00eb klas\u00eb e kryen nx\u00ebn\u00ebsja Rrukije Lika,\u00a0e cila n\u00eb vitin shkollor 1964\/65 b\u00ebhet\u00a0m\u00ebsuesja e par\u00eb vendase n\u00eb shkoll\u00eb. Prej\u00a0dhjetorit t\u00eb vitit 1961, shkolla mban emrin e\u00a0d\u00ebshmorit Bedri Elezaga nga Ulqini, N\u00eb\u00a0vitin 1962\/63 \u00ebsht\u00eb \u00e7elur shkolla fillore n\u00eb\u00a0Shtod\u00ebr, me 4 klas\u00eb, 71 nx\u00ebn\u00ebs, m\u00ebsuesit:\u00a0Halit Avdiqi dhe Hasan Salaj. N\u00eb vitin [&hellip;]<\/p>\n","protected":false},"author":1,"featured_media":0,"comment_status":"open","ping_status":"closed","sticky":false,"template":"","format":"standard","meta":{"spay_email":"","jetpack_publicize_message":"","jetpack_is_tweetstorm":false,"jetpack_publicize_feature_enabled":true},"categories":[13],"tags":[212,15348,15359,15360,15349,15347,15351,15391,15352,15363,15388,15386,15361,15346,15354,15390,15356,15387,5804,15353,15392,15350,15355,18,15358,15357,15389,15362],"jetpack_publicize_connections":[],"yoast_head":"<!-- This site is optimized with the Yoast SEO plugin v19.1 - https:\/\/yoast.com\/wordpress\/plugins\/seo\/ -->\n<title>Ana Malit: Arsimimi i popullsis\u00eb - Lajme nga Ulqini<\/title>\n<meta name=\"description\" content=\"N\u00eb vitin shkollor 1958\/59 shkoll\u00ebn fillore\u00a0me tet\u00eb klas\u00eb e kryen nx\u00ebn\u00ebsja Rrukije Lika,\u00a0e cila n\u00eb vitin shkollor 1964\/65 b\u00ebhet\u00a0m\u00ebsuesja e par\u00eb vendase n\u00eb\" \/>\n<meta name=\"robots\" content=\"index, follow, max-snippet:-1, max-image-preview:large, max-video-preview:-1\" \/>\n<link rel=\"canonical\" href=\"https:\/\/www.visit-ulcinj.com\/blog\/2010\/09\/15\/ana-malit-arsimimi-i-popullsise\/\" \/>\n<meta property=\"og:locale\" content=\"en_US\" \/>\n<meta property=\"og:type\" content=\"article\" \/>\n<meta property=\"og:title\" content=\"Ana Malit: Arsimimi i popullsis\u00eb - Lajme nga Ulqini\" \/>\n<meta property=\"og:description\" content=\"N\u00eb vitin shkollor 1958\/59 shkoll\u00ebn fillore\u00a0me tet\u00eb klas\u00eb e kryen nx\u00ebn\u00ebsja Rrukije Lika,\u00a0e cila n\u00eb vitin shkollor 1964\/65 b\u00ebhet\u00a0m\u00ebsuesja e par\u00eb vendase n\u00eb\" \/>\n<meta property=\"og:url\" content=\"https:\/\/www.visit-ulcinj.com\/blog\/2010\/09\/15\/ana-malit-arsimimi-i-popullsise\/\" \/>\n<meta property=\"og:site_name\" content=\"Lajme nga Ulqini\" \/>\n<meta property=\"article:published_time\" content=\"2010-09-15T13:32:11+00:00\" \/>\n<meta property=\"article:modified_time\" content=\"2010-09-15T17:36:58+00:00\" \/>\n<meta property=\"og:image\" content=\"https:\/\/www.visit-ulcinj.com\/blog\/wp-content\/uploads\/2010\/09\/Ne-nji-darke-mesuesit-e-Katerkolles-me-ish-drejtorin-e-shkolles-Jenuz-Divanin1-150x150.jpg\" \/>\n<meta name=\"twitter:label1\" content=\"Written by\" \/>\n\t<meta name=\"twitter:data1\" content=\"ulqini\" \/>\n\t<meta name=\"twitter:label2\" content=\"Est. reading time\" \/>\n\t<meta name=\"twitter:data2\" content=\"3 minutes\" \/>\n<script type=\"application\/ld+json\" class=\"yoast-schema-graph\">{\"@context\":\"https:\/\/schema.org\",\"@graph\":[{\"@type\":\"WebSite\",\"@id\":\"https:\/\/www.visit-ulcinj.com\/blog\/#website\",\"url\":\"https:\/\/www.visit-ulcinj.com\/blog\/\",\"name\":\"Lajme nga Ulqini\",\"description\":\"Lajme,Vijesti,Ulqini,Ulqin,Crna Gora,Mali i Zi\",\"potentialAction\":[{\"@type\":\"SearchAction\",\"target\":{\"@type\":\"EntryPoint\",\"urlTemplate\":\"https:\/\/www.visit-ulcinj.com\/blog\/?s={search_term_string}\"},\"query-input\":\"required name=search_term_string\"}],\"inLanguage\":\"en-US\"},{\"@type\":\"ImageObject\",\"inLanguage\":\"en-US\",\"@id\":\"https:\/\/www.visit-ulcinj.com\/blog\/2010\/09\/15\/ana-malit-arsimimi-i-popullsise\/#primaryimage\",\"url\":\"https:\/\/www.visit-ulcinj.com\/blog\/wp-content\/uploads\/2010\/09\/Ne-nji-darke-mesuesit-e-Katerkolles-me-ish-drejtorin-e-shkolles-Jenuz-Divanin1.jpg\",\"contentUrl\":\"https:\/\/www.visit-ulcinj.com\/blog\/wp-content\/uploads\/2010\/09\/Ne-nji-darke-mesuesit-e-Katerkolles-me-ish-drejtorin-e-shkolles-Jenuz-Divanin1.jpg\",\"width\":\"720\",\"height\":\"458\",\"caption\":\"Avdulla Kurti, Musa Gjoni, Xhavdet Holli, Bajram Rexha, Riza Rexha, Hata Salaj-Gjoni, Feride Salaj-Gjoni, Mine Holli, Zenepe Rexha, Jenuz Divani\"},{\"@type\":\"WebPage\",\"@id\":\"https:\/\/www.visit-ulcinj.com\/blog\/2010\/09\/15\/ana-malit-arsimimi-i-popullsise\/#webpage\",\"url\":\"https:\/\/www.visit-ulcinj.com\/blog\/2010\/09\/15\/ana-malit-arsimimi-i-popullsise\/\",\"name\":\"Ana Malit: Arsimimi i popullsis\u00eb - Lajme nga Ulqini\",\"isPartOf\":{\"@id\":\"https:\/\/www.visit-ulcinj.com\/blog\/#website\"},\"primaryImageOfPage\":{\"@id\":\"https:\/\/www.visit-ulcinj.com\/blog\/2010\/09\/15\/ana-malit-arsimimi-i-popullsise\/#primaryimage\"},\"datePublished\":\"2010-09-15T13:32:11+00:00\",\"dateModified\":\"2010-09-15T17:36:58+00:00\",\"author\":{\"@id\":\"https:\/\/www.visit-ulcinj.com\/blog\/#\/schema\/person\/dcab619c614d3038751c63bc2aadc06d\"},\"description\":\"N\u00eb vitin shkollor 1958\/59 shkoll\u00ebn fillore\u00a0me tet\u00eb klas\u00eb e kryen nx\u00ebn\u00ebsja Rrukije Lika,\u00a0e cila n\u00eb vitin shkollor 1964\/65 b\u00ebhet\u00a0m\u00ebsuesja e par\u00eb vendase n\u00eb\",\"breadcrumb\":{\"@id\":\"https:\/\/www.visit-ulcinj.com\/blog\/2010\/09\/15\/ana-malit-arsimimi-i-popullsise\/#breadcrumb\"},\"inLanguage\":\"en-US\",\"potentialAction\":[{\"@type\":\"ReadAction\",\"target\":[\"https:\/\/www.visit-ulcinj.com\/blog\/2010\/09\/15\/ana-malit-arsimimi-i-popullsise\/\"]}]},{\"@type\":\"BreadcrumbList\",\"@id\":\"https:\/\/www.visit-ulcinj.com\/blog\/2010\/09\/15\/ana-malit-arsimimi-i-popullsise\/#breadcrumb\",\"itemListElement\":[{\"@type\":\"ListItem\",\"position\":1,\"name\":\"Ana Malit: Arsimimi i popullsis\u00eb\"}]},{\"@type\":\"Person\",\"@id\":\"https:\/\/www.visit-ulcinj.com\/blog\/#\/schema\/person\/dcab619c614d3038751c63bc2aadc06d\",\"name\":\"ulqini\",\"sameAs\":[\"http:\/\/www.visit-ulcinj.com\"],\"url\":\"https:\/\/www.visit-ulcinj.com\/blog\/author\/admin\/\"}]}<\/script>\n<!-- \/ Yoast SEO plugin. -->","yoast_head_json":{"title":"Ana Malit: Arsimimi i popullsis\u00eb - Lajme nga Ulqini","description":"N\u00eb vitin shkollor 1958\/59 shkoll\u00ebn fillore\u00a0me tet\u00eb klas\u00eb e kryen nx\u00ebn\u00ebsja Rrukije Lika,\u00a0e cila n\u00eb vitin shkollor 1964\/65 b\u00ebhet\u00a0m\u00ebsuesja e par\u00eb vendase n\u00eb","robots":{"index":"index","follow":"follow","max-snippet":"max-snippet:-1","max-image-preview":"max-image-preview:large","max-video-preview":"max-video-preview:-1"},"canonical":"https:\/\/www.visit-ulcinj.com\/blog\/2010\/09\/15\/ana-malit-arsimimi-i-popullsise\/","og_locale":"en_US","og_type":"article","og_title":"Ana Malit: Arsimimi i popullsis\u00eb - Lajme nga Ulqini","og_description":"N\u00eb vitin shkollor 1958\/59 shkoll\u00ebn fillore\u00a0me tet\u00eb klas\u00eb e kryen nx\u00ebn\u00ebsja Rrukije Lika,\u00a0e cila n\u00eb vitin shkollor 1964\/65 b\u00ebhet\u00a0m\u00ebsuesja e par\u00eb vendase n\u00eb","og_url":"https:\/\/www.visit-ulcinj.com\/blog\/2010\/09\/15\/ana-malit-arsimimi-i-popullsise\/","og_site_name":"Lajme nga Ulqini","article_published_time":"2010-09-15T13:32:11+00:00","article_modified_time":"2010-09-15T17:36:58+00:00","og_image":[{"url":"https:\/\/www.visit-ulcinj.com\/blog\/wp-content\/uploads\/2010\/09\/Ne-nji-darke-mesuesit-e-Katerkolles-me-ish-drejtorin-e-shkolles-Jenuz-Divanin1-150x150.jpg"}],"twitter_misc":{"Written by":"ulqini","Est. reading time":"3 minutes"},"schema":{"@context":"https:\/\/schema.org","@graph":[{"@type":"WebSite","@id":"https:\/\/www.visit-ulcinj.com\/blog\/#website","url":"https:\/\/www.visit-ulcinj.com\/blog\/","name":"Lajme nga Ulqini","description":"Lajme,Vijesti,Ulqini,Ulqin,Crna Gora,Mali i Zi","potentialAction":[{"@type":"SearchAction","target":{"@type":"EntryPoint","urlTemplate":"https:\/\/www.visit-ulcinj.com\/blog\/?s={search_term_string}"},"query-input":"required name=search_term_string"}],"inLanguage":"en-US"},{"@type":"ImageObject","inLanguage":"en-US","@id":"https:\/\/www.visit-ulcinj.com\/blog\/2010\/09\/15\/ana-malit-arsimimi-i-popullsise\/#primaryimage","url":"https:\/\/www.visit-ulcinj.com\/blog\/wp-content\/uploads\/2010\/09\/Ne-nji-darke-mesuesit-e-Katerkolles-me-ish-drejtorin-e-shkolles-Jenuz-Divanin1.jpg","contentUrl":"https:\/\/www.visit-ulcinj.com\/blog\/wp-content\/uploads\/2010\/09\/Ne-nji-darke-mesuesit-e-Katerkolles-me-ish-drejtorin-e-shkolles-Jenuz-Divanin1.jpg","width":"720","height":"458","caption":"Avdulla Kurti, Musa Gjoni, Xhavdet Holli, Bajram Rexha, Riza Rexha, Hata Salaj-Gjoni, Feride Salaj-Gjoni, Mine Holli, Zenepe Rexha, Jenuz Divani"},{"@type":"WebPage","@id":"https:\/\/www.visit-ulcinj.com\/blog\/2010\/09\/15\/ana-malit-arsimimi-i-popullsise\/#webpage","url":"https:\/\/www.visit-ulcinj.com\/blog\/2010\/09\/15\/ana-malit-arsimimi-i-popullsise\/","name":"Ana Malit: Arsimimi i popullsis\u00eb - Lajme nga Ulqini","isPartOf":{"@id":"https:\/\/www.visit-ulcinj.com\/blog\/#website"},"primaryImageOfPage":{"@id":"https:\/\/www.visit-ulcinj.com\/blog\/2010\/09\/15\/ana-malit-arsimimi-i-popullsise\/#primaryimage"},"datePublished":"2010-09-15T13:32:11+00:00","dateModified":"2010-09-15T17:36:58+00:00","author":{"@id":"https:\/\/www.visit-ulcinj.com\/blog\/#\/schema\/person\/dcab619c614d3038751c63bc2aadc06d"},"description":"N\u00eb vitin shkollor 1958\/59 shkoll\u00ebn fillore\u00a0me tet\u00eb klas\u00eb e kryen nx\u00ebn\u00ebsja Rrukije Lika,\u00a0e cila n\u00eb vitin shkollor 1964\/65 b\u00ebhet\u00a0m\u00ebsuesja e par\u00eb vendase n\u00eb","breadcrumb":{"@id":"https:\/\/www.visit-ulcinj.com\/blog\/2010\/09\/15\/ana-malit-arsimimi-i-popullsise\/#breadcrumb"},"inLanguage":"en-US","potentialAction":[{"@type":"ReadAction","target":["https:\/\/www.visit-ulcinj.com\/blog\/2010\/09\/15\/ana-malit-arsimimi-i-popullsise\/"]}]},{"@type":"BreadcrumbList","@id":"https:\/\/www.visit-ulcinj.com\/blog\/2010\/09\/15\/ana-malit-arsimimi-i-popullsise\/#breadcrumb","itemListElement":[{"@type":"ListItem","position":1,"name":"Ana Malit: Arsimimi i popullsis\u00eb"}]},{"@type":"Person","@id":"https:\/\/www.visit-ulcinj.com\/blog\/#\/schema\/person\/dcab619c614d3038751c63bc2aadc06d","name":"ulqini","sameAs":["http:\/\/www.visit-ulcinj.com"],"url":"https:\/\/www.visit-ulcinj.com\/blog\/author\/admin\/"}]}},"jetpack_featured_media_url":"","jetpack_sharing_enabled":true,"jetpack_shortlink":"https:\/\/wp.me\/pe6lTn-9HJ","_links":{"self":[{"href":"https:\/\/www.visit-ulcinj.com\/blog\/wp-json\/wp\/v2\/posts\/37307"}],"collection":[{"href":"https:\/\/www.visit-ulcinj.com\/blog\/wp-json\/wp\/v2\/posts"}],"about":[{"href":"https:\/\/www.visit-ulcinj.com\/blog\/wp-json\/wp\/v2\/types\/post"}],"author":[{"embeddable":true,"href":"https:\/\/www.visit-ulcinj.com\/blog\/wp-json\/wp\/v2\/users\/1"}],"replies":[{"embeddable":true,"href":"https:\/\/www.visit-ulcinj.com\/blog\/wp-json\/wp\/v2\/comments?post=37307"}],"version-history":[{"count":0,"href":"https:\/\/www.visit-ulcinj.com\/blog\/wp-json\/wp\/v2\/posts\/37307\/revisions"}],"wp:attachment":[{"href":"https:\/\/www.visit-ulcinj.com\/blog\/wp-json\/wp\/v2\/media?parent=37307"}],"wp:term":[{"taxonomy":"category","embeddable":true,"href":"https:\/\/www.visit-ulcinj.com\/blog\/wp-json\/wp\/v2\/categories?post=37307"},{"taxonomy":"post_tag","embeddable":true,"href":"https:\/\/www.visit-ulcinj.com\/blog\/wp-json\/wp\/v2\/tags?post=37307"}],"curies":[{"name":"wp","href":"https:\/\/api.w.org\/{rel}","templated":true}]}}