{"id":37323,"date":"2010-09-15T19:36:18","date_gmt":"2010-09-15T17:36:18","guid":{"rendered":"http:\/\/www.visit-ulcinj.com\/blog\/?p=37323"},"modified":"2010-09-16T10:41:47","modified_gmt":"2010-09-16T08:41:47","slug":"pds-ne-ulqin-do-te-marr-pjese-ne-zgjedhjet-lokale-vetem","status":"publish","type":"post","link":"https:\/\/www.visit-ulcinj.com\/blog\/2010\/09\/15\/pds-ne-ulqin-do-te-marr-pjese-ne-zgjedhjet-lokale-vetem\/","title":{"rendered":"PDS n\u00eb Ulqin do t\u00eb marr pjes\u00eb n\u00eb zgjedhjet lokale vet\u00ebm"},"content":{"rendered":"<p><a href=\"http:\/\/www.visit-ulcinj.com\/blog\/wp-content\/uploads\/2010\/09\/Luigj-Lui-Shkrela.jpg\"><img loading=\"lazy\" class=\"alignleft size-full wp-image-37324\" title=\"Luigj Lui Shkrela\" src=\"http:\/\/www.visit-ulcinj.com\/blog\/wp-content\/uploads\/2010\/09\/Luigj-Lui-Shkrela.jpg\" alt=\"\" width=\"490\" height=\"380\" \/><\/a>N\u00eb zgjedhjet lokale n\u00eb Ulqin asnj\u00eb parti nuk do t\u00eb arrij\u00eb t\u00eb marr pushtetin, vler\u00ebsoi sot kryetari i K\u00ebshillit t\u00eb PDS p\u00ebr Ulqinin Luigj Shkreli.<\/p>\n<p>Logjika imponon se as PDS dhe asnj\u00eb parti tjet\u00ebr nuk mund t\u00eb marr pushtetin absolut n\u00eb Ulqin, pa hyr\u00eb n\u00eb koalicion. Ne n\u00eb nivelin lokal tash disa vjet jemi partner me UDSH, deklaroi Shkreli.<\/p>\n<p>Ai theksoi se me vendimin q\u00eb PDS t\u00eb marr pjes\u00eb vet\u00ebm n\u00eb zgjedhjet n\u00eb Ulqin nuk do t\u00eb thot\u00eb edhe shp\u00ebrb\u00ebrje e koalicionit me ask\u00ebnd. Shkreli theksoi se nuk p\u00ebrjashton asnj\u00eb parti e cila do t\u00eb gjendet n\u00eb rrug\u00eb t\u00eb nj\u00ebjt\u00eb, p\u00ebr stabilizimin e sken\u00ebs politike n\u00eb Ulqin dhe valorizimin e t\u00eb gjith\u00eb faktor\u00ebve t\u00eb cil\u00ebt e b\u00ebjn\u00eb Ulqinin destinacion t\u00eb njohur dhe t\u00eb pranuar.<\/p>\n<p>Ai theksoi k\u00ebtu se n\u00ebnkupton infrastruktur\u00ebn dhe valorizimin e Ad\u00ebs n\u00eb Bun\u00eb dhe t\u00eb Plazhit t\u00eb Madh.<\/p>\n<p><strong>RTCG<\/strong><\/p>\n","protected":false},"excerpt":{"rendered":"<p>N\u00eb zgjedhjet lokale n\u00eb Ulqin asnj\u00eb parti nuk do t\u00eb arrij\u00eb t\u00eb marr pushtetin, vler\u00ebsoi sot kryetari i K\u00ebshillit t\u00eb PDS p\u00ebr Ulqinin Luigj Shkreli. Logjika imponon se as PDS dhe asnj\u00eb parti tjet\u00ebr nuk mund t\u00eb marr pushtetin absolut n\u00eb Ulqin, pa hyr\u00eb n\u00eb koalicion. Ne n\u00eb nivelin lokal tash disa vjet jemi partner [&hellip;]<\/p>\n","protected":false},"author":1,"featured_media":0,"comment_status":"open","ping_status":"closed","sticky":false,"template":"","format":"standard","meta":{"spay_email":"","jetpack_publicize_message":"","jetpack_is_tweetstorm":false,"jetpack_publicize_feature_enabled":true},"categories":[12],"tags":[15394,729,15393],"jetpack_publicize_connections":[],"yoast_head":"<!-- This site is optimized with the Yoast SEO plugin v19.1 - https:\/\/yoast.com\/wordpress\/plugins\/seo\/ -->\n<title>PDS n\u00eb Ulqin do t\u00eb marr pjes\u00eb n\u00eb zgjedhjet lokale vet\u00ebm - Lajme nga Ulqini<\/title>\n<meta name=\"description\" content=\"N\u00eb zgjedhjet lokale n\u00eb Ulqin asnj\u00eb parti nuk do t\u00eb arrij\u00eb t\u00eb marr pushtetin, vler\u00ebsoi sot kryetari i K\u00ebshillit t\u00eb PDS p\u00ebr Ulqinin Luigj Shkreli. Logjika\" \/>\n<meta name=\"robots\" content=\"index, follow, max-snippet:-1, max-image-preview:large, max-video-preview:-1\" \/>\n<link rel=\"canonical\" href=\"https:\/\/www.visit-ulcinj.com\/blog\/2010\/09\/15\/pds-ne-ulqin-do-te-marr-pjese-ne-zgjedhjet-lokale-vetem\/\" \/>\n<meta property=\"og:locale\" content=\"en_US\" \/>\n<meta property=\"og:type\" content=\"article\" \/>\n<meta property=\"og:title\" content=\"PDS n\u00eb Ulqin do t\u00eb marr pjes\u00eb n\u00eb zgjedhjet lokale vet\u00ebm - Lajme nga Ulqini\" \/>\n<meta property=\"og:description\" content=\"N\u00eb zgjedhjet lokale n\u00eb Ulqin asnj\u00eb parti nuk do t\u00eb arrij\u00eb t\u00eb marr pushtetin, vler\u00ebsoi sot kryetari i K\u00ebshillit t\u00eb PDS p\u00ebr Ulqinin Luigj Shkreli. Logjika\" \/>\n<meta property=\"og:url\" content=\"https:\/\/www.visit-ulcinj.com\/blog\/2010\/09\/15\/pds-ne-ulqin-do-te-marr-pjese-ne-zgjedhjet-lokale-vetem\/\" \/>\n<meta property=\"og:site_name\" content=\"Lajme nga Ulqini\" \/>\n<meta property=\"article:published_time\" content=\"2010-09-15T17:36:18+00:00\" \/>\n<meta property=\"article:modified_time\" content=\"2010-09-16T08:41:47+00:00\" \/>\n<meta property=\"og:image\" content=\"http:\/\/www.visit-ulcinj.com\/blog\/wp-content\/uploads\/2010\/09\/Luigj-Lui-Shkrela.jpg\" \/>\n<meta name=\"twitter:label1\" content=\"Written by\" \/>\n\t<meta name=\"twitter:data1\" content=\"ulqini\" \/>\n\t<meta name=\"twitter:label2\" content=\"Est. reading time\" \/>\n\t<meta name=\"twitter:data2\" content=\"1 minute\" \/>\n<script type=\"application\/ld+json\" class=\"yoast-schema-graph\">{\"@context\":\"https:\/\/schema.org\",\"@graph\":[{\"@type\":\"WebSite\",\"@id\":\"https:\/\/www.visit-ulcinj.com\/blog\/#website\",\"url\":\"https:\/\/www.visit-ulcinj.com\/blog\/\",\"name\":\"Lajme nga Ulqini\",\"description\":\"Lajme,Vijesti,Ulqini,Ulqin,Crna Gora,Mali i Zi\",\"potentialAction\":[{\"@type\":\"SearchAction\",\"target\":{\"@type\":\"EntryPoint\",\"urlTemplate\":\"https:\/\/www.visit-ulcinj.com\/blog\/?s={search_term_string}\"},\"query-input\":\"required name=search_term_string\"}],\"inLanguage\":\"en-US\"},{\"@type\":\"ImageObject\",\"inLanguage\":\"en-US\",\"@id\":\"https:\/\/www.visit-ulcinj.com\/blog\/2010\/09\/15\/pds-ne-ulqin-do-te-marr-pjese-ne-zgjedhjet-lokale-vetem\/#primaryimage\",\"url\":\"https:\/\/www.visit-ulcinj.com\/blog\/wp-content\/uploads\/2010\/09\/Luigj-Lui-Shkrela.jpg\",\"contentUrl\":\"https:\/\/www.visit-ulcinj.com\/blog\/wp-content\/uploads\/2010\/09\/Luigj-Lui-Shkrela.jpg\",\"width\":\"604\",\"height\":\"402\"},{\"@type\":\"WebPage\",\"@id\":\"https:\/\/www.visit-ulcinj.com\/blog\/2010\/09\/15\/pds-ne-ulqin-do-te-marr-pjese-ne-zgjedhjet-lokale-vetem\/#webpage\",\"url\":\"https:\/\/www.visit-ulcinj.com\/blog\/2010\/09\/15\/pds-ne-ulqin-do-te-marr-pjese-ne-zgjedhjet-lokale-vetem\/\",\"name\":\"PDS n\u00eb Ulqin do t\u00eb marr pjes\u00eb n\u00eb zgjedhjet lokale vet\u00ebm - Lajme nga Ulqini\",\"isPartOf\":{\"@id\":\"https:\/\/www.visit-ulcinj.com\/blog\/#website\"},\"primaryImageOfPage\":{\"@id\":\"https:\/\/www.visit-ulcinj.com\/blog\/2010\/09\/15\/pds-ne-ulqin-do-te-marr-pjese-ne-zgjedhjet-lokale-vetem\/#primaryimage\"},\"datePublished\":\"2010-09-15T17:36:18+00:00\",\"dateModified\":\"2010-09-16T08:41:47+00:00\",\"author\":{\"@id\":\"https:\/\/www.visit-ulcinj.com\/blog\/#\/schema\/person\/dcab619c614d3038751c63bc2aadc06d\"},\"description\":\"N\u00eb zgjedhjet lokale n\u00eb Ulqin asnj\u00eb parti nuk do t\u00eb arrij\u00eb t\u00eb marr pushtetin, vler\u00ebsoi sot kryetari i K\u00ebshillit t\u00eb PDS p\u00ebr Ulqinin Luigj Shkreli. Logjika\",\"breadcrumb\":{\"@id\":\"https:\/\/www.visit-ulcinj.com\/blog\/2010\/09\/15\/pds-ne-ulqin-do-te-marr-pjese-ne-zgjedhjet-lokale-vetem\/#breadcrumb\"},\"inLanguage\":\"en-US\",\"potentialAction\":[{\"@type\":\"ReadAction\",\"target\":[\"https:\/\/www.visit-ulcinj.com\/blog\/2010\/09\/15\/pds-ne-ulqin-do-te-marr-pjese-ne-zgjedhjet-lokale-vetem\/\"]}]},{\"@type\":\"BreadcrumbList\",\"@id\":\"https:\/\/www.visit-ulcinj.com\/blog\/2010\/09\/15\/pds-ne-ulqin-do-te-marr-pjese-ne-zgjedhjet-lokale-vetem\/#breadcrumb\",\"itemListElement\":[{\"@type\":\"ListItem\",\"position\":1,\"name\":\"PDS n\u00eb Ulqin do t\u00eb marr pjes\u00eb n\u00eb zgjedhjet lokale vet\u00ebm\"}]},{\"@type\":\"Person\",\"@id\":\"https:\/\/www.visit-ulcinj.com\/blog\/#\/schema\/person\/dcab619c614d3038751c63bc2aadc06d\",\"name\":\"ulqini\",\"sameAs\":[\"http:\/\/www.visit-ulcinj.com\"],\"url\":\"https:\/\/www.visit-ulcinj.com\/blog\/author\/admin\/\"}]}<\/script>\n<!-- \/ Yoast SEO plugin. -->","yoast_head_json":{"title":"PDS n\u00eb Ulqin do t\u00eb marr pjes\u00eb n\u00eb zgjedhjet lokale vet\u00ebm - Lajme nga Ulqini","description":"N\u00eb zgjedhjet lokale n\u00eb Ulqin asnj\u00eb parti nuk do t\u00eb arrij\u00eb t\u00eb marr pushtetin, vler\u00ebsoi sot kryetari i K\u00ebshillit t\u00eb PDS p\u00ebr Ulqinin Luigj Shkreli. Logjika","robots":{"index":"index","follow":"follow","max-snippet":"max-snippet:-1","max-image-preview":"max-image-preview:large","max-video-preview":"max-video-preview:-1"},"canonical":"https:\/\/www.visit-ulcinj.com\/blog\/2010\/09\/15\/pds-ne-ulqin-do-te-marr-pjese-ne-zgjedhjet-lokale-vetem\/","og_locale":"en_US","og_type":"article","og_title":"PDS n\u00eb Ulqin do t\u00eb marr pjes\u00eb n\u00eb zgjedhjet lokale vet\u00ebm - Lajme nga Ulqini","og_description":"N\u00eb zgjedhjet lokale n\u00eb Ulqin asnj\u00eb parti nuk do t\u00eb arrij\u00eb t\u00eb marr pushtetin, vler\u00ebsoi sot kryetari i K\u00ebshillit t\u00eb PDS p\u00ebr Ulqinin Luigj Shkreli. Logjika","og_url":"https:\/\/www.visit-ulcinj.com\/blog\/2010\/09\/15\/pds-ne-ulqin-do-te-marr-pjese-ne-zgjedhjet-lokale-vetem\/","og_site_name":"Lajme nga Ulqini","article_published_time":"2010-09-15T17:36:18+00:00","article_modified_time":"2010-09-16T08:41:47+00:00","og_image":[{"url":"http:\/\/www.visit-ulcinj.com\/blog\/wp-content\/uploads\/2010\/09\/Luigj-Lui-Shkrela.jpg"}],"twitter_misc":{"Written by":"ulqini","Est. reading time":"1 minute"},"schema":{"@context":"https:\/\/schema.org","@graph":[{"@type":"WebSite","@id":"https:\/\/www.visit-ulcinj.com\/blog\/#website","url":"https:\/\/www.visit-ulcinj.com\/blog\/","name":"Lajme nga Ulqini","description":"Lajme,Vijesti,Ulqini,Ulqin,Crna Gora,Mali i Zi","potentialAction":[{"@type":"SearchAction","target":{"@type":"EntryPoint","urlTemplate":"https:\/\/www.visit-ulcinj.com\/blog\/?s={search_term_string}"},"query-input":"required name=search_term_string"}],"inLanguage":"en-US"},{"@type":"ImageObject","inLanguage":"en-US","@id":"https:\/\/www.visit-ulcinj.com\/blog\/2010\/09\/15\/pds-ne-ulqin-do-te-marr-pjese-ne-zgjedhjet-lokale-vetem\/#primaryimage","url":"https:\/\/www.visit-ulcinj.com\/blog\/wp-content\/uploads\/2010\/09\/Luigj-Lui-Shkrela.jpg","contentUrl":"https:\/\/www.visit-ulcinj.com\/blog\/wp-content\/uploads\/2010\/09\/Luigj-Lui-Shkrela.jpg","width":"604","height":"402"},{"@type":"WebPage","@id":"https:\/\/www.visit-ulcinj.com\/blog\/2010\/09\/15\/pds-ne-ulqin-do-te-marr-pjese-ne-zgjedhjet-lokale-vetem\/#webpage","url":"https:\/\/www.visit-ulcinj.com\/blog\/2010\/09\/15\/pds-ne-ulqin-do-te-marr-pjese-ne-zgjedhjet-lokale-vetem\/","name":"PDS n\u00eb Ulqin do t\u00eb marr pjes\u00eb n\u00eb zgjedhjet lokale vet\u00ebm - Lajme nga Ulqini","isPartOf":{"@id":"https:\/\/www.visit-ulcinj.com\/blog\/#website"},"primaryImageOfPage":{"@id":"https:\/\/www.visit-ulcinj.com\/blog\/2010\/09\/15\/pds-ne-ulqin-do-te-marr-pjese-ne-zgjedhjet-lokale-vetem\/#primaryimage"},"datePublished":"2010-09-15T17:36:18+00:00","dateModified":"2010-09-16T08:41:47+00:00","author":{"@id":"https:\/\/www.visit-ulcinj.com\/blog\/#\/schema\/person\/dcab619c614d3038751c63bc2aadc06d"},"description":"N\u00eb zgjedhjet lokale n\u00eb Ulqin asnj\u00eb parti nuk do t\u00eb arrij\u00eb t\u00eb marr pushtetin, vler\u00ebsoi sot kryetari i K\u00ebshillit t\u00eb PDS p\u00ebr Ulqinin Luigj Shkreli. Logjika","breadcrumb":{"@id":"https:\/\/www.visit-ulcinj.com\/blog\/2010\/09\/15\/pds-ne-ulqin-do-te-marr-pjese-ne-zgjedhjet-lokale-vetem\/#breadcrumb"},"inLanguage":"en-US","potentialAction":[{"@type":"ReadAction","target":["https:\/\/www.visit-ulcinj.com\/blog\/2010\/09\/15\/pds-ne-ulqin-do-te-marr-pjese-ne-zgjedhjet-lokale-vetem\/"]}]},{"@type":"BreadcrumbList","@id":"https:\/\/www.visit-ulcinj.com\/blog\/2010\/09\/15\/pds-ne-ulqin-do-te-marr-pjese-ne-zgjedhjet-lokale-vetem\/#breadcrumb","itemListElement":[{"@type":"ListItem","position":1,"name":"PDS n\u00eb Ulqin do t\u00eb marr pjes\u00eb n\u00eb zgjedhjet lokale vet\u00ebm"}]},{"@type":"Person","@id":"https:\/\/www.visit-ulcinj.com\/blog\/#\/schema\/person\/dcab619c614d3038751c63bc2aadc06d","name":"ulqini","sameAs":["http:\/\/www.visit-ulcinj.com"],"url":"https:\/\/www.visit-ulcinj.com\/blog\/author\/admin\/"}]}},"jetpack_featured_media_url":"","jetpack_sharing_enabled":true,"jetpack_shortlink":"https:\/\/wp.me\/pe6lTn-9HZ","_links":{"self":[{"href":"https:\/\/www.visit-ulcinj.com\/blog\/wp-json\/wp\/v2\/posts\/37323"}],"collection":[{"href":"https:\/\/www.visit-ulcinj.com\/blog\/wp-json\/wp\/v2\/posts"}],"about":[{"href":"https:\/\/www.visit-ulcinj.com\/blog\/wp-json\/wp\/v2\/types\/post"}],"author":[{"embeddable":true,"href":"https:\/\/www.visit-ulcinj.com\/blog\/wp-json\/wp\/v2\/users\/1"}],"replies":[{"embeddable":true,"href":"https:\/\/www.visit-ulcinj.com\/blog\/wp-json\/wp\/v2\/comments?post=37323"}],"version-history":[{"count":0,"href":"https:\/\/www.visit-ulcinj.com\/blog\/wp-json\/wp\/v2\/posts\/37323\/revisions"}],"wp:attachment":[{"href":"https:\/\/www.visit-ulcinj.com\/blog\/wp-json\/wp\/v2\/media?parent=37323"}],"wp:term":[{"taxonomy":"category","embeddable":true,"href":"https:\/\/www.visit-ulcinj.com\/blog\/wp-json\/wp\/v2\/categories?post=37323"},{"taxonomy":"post_tag","embeddable":true,"href":"https:\/\/www.visit-ulcinj.com\/blog\/wp-json\/wp\/v2\/tags?post=37323"}],"curies":[{"name":"wp","href":"https:\/\/api.w.org\/{rel}","templated":true}]}}