{"id":37328,"date":"2010-09-15T19:51:01","date_gmt":"2010-09-15T17:51:01","guid":{"rendered":"http:\/\/www.visit-ulcinj.com\/blog\/?p=37328"},"modified":"2010-09-15T19:51:01","modified_gmt":"2010-09-15T17:51:01","slug":"dps-proba-u-ulcinju","status":"publish","type":"post","link":"https:\/\/www.visit-ulcinj.com\/blog\/2010\/09\/15\/dps-proba-u-ulcinju\/","title":{"rendered":"DPS: Proba u Ulcinju"},"content":{"rendered":"<p><a href=\"http:\/\/www.visit-ulcinj.com\/blog\/wp-content\/uploads\/2010\/04\/Luigj-Lubo-Shkrela.jpg\"><img loading=\"lazy\" class=\"alignleft size-full wp-image-31691\" title=\"Luigj Lubo Shkrela\" src=\"http:\/\/www.visit-ulcinj.com\/blog\/wp-content\/uploads\/2010\/04\/Luigj-Lubo-Shkrela.jpg\" alt=\"\" width=\"490\" height=\"383\" \/><\/a>Na lokalnim izborima u Ulcinju nijedna stranka ne\u0107e mo\u0107i samostalno, tj bez koalicije, osvojiti apsolutnu vlast, ocijenio je predsjednik ulcinjskog odbora Demokratske partije socijalista Ljui\u0111 \u0160krelja.\u00a0 On je agenciji MINA kazao da odlukom da samostalno nastupi na izborima u Ulcinju DPS nije raskinuo koaliciju ni sa kim. &#8220;Samo ho\u0107emo da se sa sopstvenim snagama isprobamo i damo doprinos konsolidaciji politi\u010dke scene u op\u0161tini Ulcinj&#8221;, kazao je \u0160krelja.<\/p>\n<p>On je rekao da su o\u010dekivanja DPS od izbora \u201epozitivna&#8221;, kao i da \u0107e posti\u0107i dobar rezultat koji \u0107e im omogu\u0107iti da budu stabilan i korektan partner u budu\u0107oj organizaciji i vladanju na lokalnom nivou sa partnerima koji budu htjeli da sara\u0111uju u op\u0161tem interesu gra\u0111ana Ulcinja i Crne Gore.<\/p>\n<p>\u0160krelja je kazao da \u201ene isklju\u010duje svaku stranku koja \u0107e se na\u0107i na istom putu stabilizacije politi\u010dke scene u Ulcinju i valorizacije svega onoga \u0161to \u010dini Ulcinj poznatom i priznatom destinacijom&#8221;.<\/p>\n<p>\u0160krelja je naveo da su to putna infrastruktura i valorizacija Ade Bojane i Velike pla\u017ee.<\/p>\n<p>Prema njegovim rije\u010dima, putna infrastruktura nije na onom nivou koji zaslu\u017euje taj grad.<\/p>\n<p>\u201eUlcinj se tokom dva mjeseca uve\u0107ava petostruko. Sa 100 hiljada posjetilaca, koji mogu u jednom danu da borave u Ulcinju, putna infrastruktura ne zadovoljava potrebe tih gostiju koji ho\u0107e da se odmaraju na prelijepim pla\u017eama&#8221;, kazao je \u0160krelja.<\/p>\n<p><strong>RTCG<\/strong><\/p>\n","protected":false},"excerpt":{"rendered":"<p>Na lokalnim izborima u Ulcinju nijedna stranka ne\u0107e mo\u0107i samostalno, tj bez koalicije, osvojiti apsolutnu vlast, ocijenio je predsjednik ulcinjskog odbora Demokratske partije socijalista Ljui\u0111 \u0160krelja.\u00a0 On je agenciji MINA kazao da odlukom da samostalno nastupi na izborima u Ulcinju DPS nije raskinuo koaliciju ni sa kim. &#8220;Samo ho\u0107emo da se sa sopstvenim snagama isprobamo [&hellip;]<\/p>\n","protected":false},"author":1,"featured_media":0,"comment_status":"open","ping_status":"closed","sticky":false,"template":"","format":"standard","meta":{"spay_email":"","jetpack_publicize_message":"","jetpack_is_tweetstorm":false,"jetpack_publicize_feature_enabled":true},"categories":[8337],"tags":[14736,19],"jetpack_publicize_connections":[],"yoast_head":"<!-- This site is optimized with the Yoast SEO plugin v19.1 - https:\/\/yoast.com\/wordpress\/plugins\/seo\/ -->\n<title>DPS: Proba u Ulcinju - Lajme nga Ulqini<\/title>\n<meta name=\"description\" content=\"Na lokalnim izborima u Ulcinju nijedna stranka ne\u0107e mo\u0107i samostalno, tj bez koalicije, osvojiti apsolutnu vlast, ocijenio je predsjednik ulcinjskog odbora\" \/>\n<meta name=\"robots\" content=\"index, follow, max-snippet:-1, max-image-preview:large, max-video-preview:-1\" \/>\n<link rel=\"canonical\" href=\"https:\/\/www.visit-ulcinj.com\/blog\/2010\/09\/15\/dps-proba-u-ulcinju\/\" \/>\n<meta property=\"og:locale\" content=\"en_US\" \/>\n<meta property=\"og:type\" content=\"article\" \/>\n<meta property=\"og:title\" content=\"DPS: Proba u Ulcinju - Lajme nga Ulqini\" \/>\n<meta property=\"og:description\" content=\"Na lokalnim izborima u Ulcinju nijedna stranka ne\u0107e mo\u0107i samostalno, tj bez koalicije, osvojiti apsolutnu vlast, ocijenio je predsjednik ulcinjskog odbora\" \/>\n<meta property=\"og:url\" content=\"https:\/\/www.visit-ulcinj.com\/blog\/2010\/09\/15\/dps-proba-u-ulcinju\/\" \/>\n<meta property=\"og:site_name\" content=\"Lajme nga Ulqini\" \/>\n<meta property=\"article:published_time\" content=\"2010-09-15T17:51:01+00:00\" \/>\n<meta property=\"og:image\" content=\"http:\/\/www.visit-ulcinj.com\/blog\/wp-content\/uploads\/2010\/04\/Luigj-Lubo-Shkrela.jpg\" \/>\n<meta name=\"twitter:label1\" content=\"Written by\" \/>\n\t<meta name=\"twitter:data1\" content=\"ulqini\" \/>\n\t<meta name=\"twitter:label2\" content=\"Est. reading time\" \/>\n\t<meta name=\"twitter:data2\" content=\"1 minute\" \/>\n<script type=\"application\/ld+json\" class=\"yoast-schema-graph\">{\"@context\":\"https:\/\/schema.org\",\"@graph\":[{\"@type\":\"WebSite\",\"@id\":\"https:\/\/www.visit-ulcinj.com\/blog\/#website\",\"url\":\"https:\/\/www.visit-ulcinj.com\/blog\/\",\"name\":\"Lajme nga Ulqini\",\"description\":\"Lajme,Vijesti,Ulqini,Ulqin,Crna Gora,Mali i Zi\",\"potentialAction\":[{\"@type\":\"SearchAction\",\"target\":{\"@type\":\"EntryPoint\",\"urlTemplate\":\"https:\/\/www.visit-ulcinj.com\/blog\/?s={search_term_string}\"},\"query-input\":\"required name=search_term_string\"}],\"inLanguage\":\"en-US\"},{\"@type\":\"ImageObject\",\"inLanguage\":\"en-US\",\"@id\":\"https:\/\/www.visit-ulcinj.com\/blog\/2010\/09\/15\/dps-proba-u-ulcinju\/#primaryimage\",\"url\":\"https:\/\/www.visit-ulcinj.com\/blog\/wp-content\/uploads\/2010\/04\/Luigj-Lubo-Shkrela.jpg\",\"contentUrl\":\"https:\/\/www.visit-ulcinj.com\/blog\/wp-content\/uploads\/2010\/04\/Luigj-Lubo-Shkrela.jpg\",\"width\":\"720\",\"height\":\"483\"},{\"@type\":\"WebPage\",\"@id\":\"https:\/\/www.visit-ulcinj.com\/blog\/2010\/09\/15\/dps-proba-u-ulcinju\/#webpage\",\"url\":\"https:\/\/www.visit-ulcinj.com\/blog\/2010\/09\/15\/dps-proba-u-ulcinju\/\",\"name\":\"DPS: Proba u Ulcinju - Lajme nga Ulqini\",\"isPartOf\":{\"@id\":\"https:\/\/www.visit-ulcinj.com\/blog\/#website\"},\"primaryImageOfPage\":{\"@id\":\"https:\/\/www.visit-ulcinj.com\/blog\/2010\/09\/15\/dps-proba-u-ulcinju\/#primaryimage\"},\"datePublished\":\"2010-09-15T17:51:01+00:00\",\"dateModified\":\"2010-09-15T17:51:01+00:00\",\"author\":{\"@id\":\"https:\/\/www.visit-ulcinj.com\/blog\/#\/schema\/person\/dcab619c614d3038751c63bc2aadc06d\"},\"description\":\"Na lokalnim izborima u Ulcinju nijedna stranka ne\u0107e mo\u0107i samostalno, tj bez koalicije, osvojiti apsolutnu vlast, ocijenio je predsjednik ulcinjskog odbora\",\"breadcrumb\":{\"@id\":\"https:\/\/www.visit-ulcinj.com\/blog\/2010\/09\/15\/dps-proba-u-ulcinju\/#breadcrumb\"},\"inLanguage\":\"en-US\",\"potentialAction\":[{\"@type\":\"ReadAction\",\"target\":[\"https:\/\/www.visit-ulcinj.com\/blog\/2010\/09\/15\/dps-proba-u-ulcinju\/\"]}]},{\"@type\":\"BreadcrumbList\",\"@id\":\"https:\/\/www.visit-ulcinj.com\/blog\/2010\/09\/15\/dps-proba-u-ulcinju\/#breadcrumb\",\"itemListElement\":[{\"@type\":\"ListItem\",\"position\":1,\"name\":\"DPS: Proba u Ulcinju\"}]},{\"@type\":\"Person\",\"@id\":\"https:\/\/www.visit-ulcinj.com\/blog\/#\/schema\/person\/dcab619c614d3038751c63bc2aadc06d\",\"name\":\"ulqini\",\"sameAs\":[\"http:\/\/www.visit-ulcinj.com\"],\"url\":\"https:\/\/www.visit-ulcinj.com\/blog\/author\/admin\/\"}]}<\/script>\n<!-- \/ Yoast SEO plugin. -->","yoast_head_json":{"title":"DPS: Proba u Ulcinju - Lajme nga Ulqini","description":"Na lokalnim izborima u Ulcinju nijedna stranka ne\u0107e mo\u0107i samostalno, tj bez koalicije, osvojiti apsolutnu vlast, ocijenio je predsjednik ulcinjskog odbora","robots":{"index":"index","follow":"follow","max-snippet":"max-snippet:-1","max-image-preview":"max-image-preview:large","max-video-preview":"max-video-preview:-1"},"canonical":"https:\/\/www.visit-ulcinj.com\/blog\/2010\/09\/15\/dps-proba-u-ulcinju\/","og_locale":"en_US","og_type":"article","og_title":"DPS: Proba u Ulcinju - Lajme nga Ulqini","og_description":"Na lokalnim izborima u Ulcinju nijedna stranka ne\u0107e mo\u0107i samostalno, tj bez koalicije, osvojiti apsolutnu vlast, ocijenio je predsjednik ulcinjskog odbora","og_url":"https:\/\/www.visit-ulcinj.com\/blog\/2010\/09\/15\/dps-proba-u-ulcinju\/","og_site_name":"Lajme nga Ulqini","article_published_time":"2010-09-15T17:51:01+00:00","og_image":[{"url":"http:\/\/www.visit-ulcinj.com\/blog\/wp-content\/uploads\/2010\/04\/Luigj-Lubo-Shkrela.jpg"}],"twitter_misc":{"Written by":"ulqini","Est. reading time":"1 minute"},"schema":{"@context":"https:\/\/schema.org","@graph":[{"@type":"WebSite","@id":"https:\/\/www.visit-ulcinj.com\/blog\/#website","url":"https:\/\/www.visit-ulcinj.com\/blog\/","name":"Lajme nga Ulqini","description":"Lajme,Vijesti,Ulqini,Ulqin,Crna Gora,Mali i Zi","potentialAction":[{"@type":"SearchAction","target":{"@type":"EntryPoint","urlTemplate":"https:\/\/www.visit-ulcinj.com\/blog\/?s={search_term_string}"},"query-input":"required name=search_term_string"}],"inLanguage":"en-US"},{"@type":"ImageObject","inLanguage":"en-US","@id":"https:\/\/www.visit-ulcinj.com\/blog\/2010\/09\/15\/dps-proba-u-ulcinju\/#primaryimage","url":"https:\/\/www.visit-ulcinj.com\/blog\/wp-content\/uploads\/2010\/04\/Luigj-Lubo-Shkrela.jpg","contentUrl":"https:\/\/www.visit-ulcinj.com\/blog\/wp-content\/uploads\/2010\/04\/Luigj-Lubo-Shkrela.jpg","width":"720","height":"483"},{"@type":"WebPage","@id":"https:\/\/www.visit-ulcinj.com\/blog\/2010\/09\/15\/dps-proba-u-ulcinju\/#webpage","url":"https:\/\/www.visit-ulcinj.com\/blog\/2010\/09\/15\/dps-proba-u-ulcinju\/","name":"DPS: Proba u Ulcinju - Lajme nga Ulqini","isPartOf":{"@id":"https:\/\/www.visit-ulcinj.com\/blog\/#website"},"primaryImageOfPage":{"@id":"https:\/\/www.visit-ulcinj.com\/blog\/2010\/09\/15\/dps-proba-u-ulcinju\/#primaryimage"},"datePublished":"2010-09-15T17:51:01+00:00","dateModified":"2010-09-15T17:51:01+00:00","author":{"@id":"https:\/\/www.visit-ulcinj.com\/blog\/#\/schema\/person\/dcab619c614d3038751c63bc2aadc06d"},"description":"Na lokalnim izborima u Ulcinju nijedna stranka ne\u0107e mo\u0107i samostalno, tj bez koalicije, osvojiti apsolutnu vlast, ocijenio je predsjednik ulcinjskog odbora","breadcrumb":{"@id":"https:\/\/www.visit-ulcinj.com\/blog\/2010\/09\/15\/dps-proba-u-ulcinju\/#breadcrumb"},"inLanguage":"en-US","potentialAction":[{"@type":"ReadAction","target":["https:\/\/www.visit-ulcinj.com\/blog\/2010\/09\/15\/dps-proba-u-ulcinju\/"]}]},{"@type":"BreadcrumbList","@id":"https:\/\/www.visit-ulcinj.com\/blog\/2010\/09\/15\/dps-proba-u-ulcinju\/#breadcrumb","itemListElement":[{"@type":"ListItem","position":1,"name":"DPS: Proba u Ulcinju"}]},{"@type":"Person","@id":"https:\/\/www.visit-ulcinj.com\/blog\/#\/schema\/person\/dcab619c614d3038751c63bc2aadc06d","name":"ulqini","sameAs":["http:\/\/www.visit-ulcinj.com"],"url":"https:\/\/www.visit-ulcinj.com\/blog\/author\/admin\/"}]}},"jetpack_featured_media_url":"","jetpack_sharing_enabled":true,"jetpack_shortlink":"https:\/\/wp.me\/pe6lTn-9I4","_links":{"self":[{"href":"https:\/\/www.visit-ulcinj.com\/blog\/wp-json\/wp\/v2\/posts\/37328"}],"collection":[{"href":"https:\/\/www.visit-ulcinj.com\/blog\/wp-json\/wp\/v2\/posts"}],"about":[{"href":"https:\/\/www.visit-ulcinj.com\/blog\/wp-json\/wp\/v2\/types\/post"}],"author":[{"embeddable":true,"href":"https:\/\/www.visit-ulcinj.com\/blog\/wp-json\/wp\/v2\/users\/1"}],"replies":[{"embeddable":true,"href":"https:\/\/www.visit-ulcinj.com\/blog\/wp-json\/wp\/v2\/comments?post=37328"}],"version-history":[{"count":0,"href":"https:\/\/www.visit-ulcinj.com\/blog\/wp-json\/wp\/v2\/posts\/37328\/revisions"}],"wp:attachment":[{"href":"https:\/\/www.visit-ulcinj.com\/blog\/wp-json\/wp\/v2\/media?parent=37328"}],"wp:term":[{"taxonomy":"category","embeddable":true,"href":"https:\/\/www.visit-ulcinj.com\/blog\/wp-json\/wp\/v2\/categories?post=37328"},{"taxonomy":"post_tag","embeddable":true,"href":"https:\/\/www.visit-ulcinj.com\/blog\/wp-json\/wp\/v2\/tags?post=37328"}],"curies":[{"name":"wp","href":"https:\/\/api.w.org\/{rel}","templated":true}]}}