{"id":3733,"date":"2008-10-01T12:25:32","date_gmt":"2008-10-01T17:25:32","guid":{"rendered":"http:\/\/www.visit-ulcinj.com\/blog\/?p=3733"},"modified":"2008-10-17T13:50:09","modified_gmt":"2008-10-17T18:50:09","slug":"liderizmi-ne-politikepa-alternativa-te-reja","status":"publish","type":"post","link":"https:\/\/www.visit-ulcinj.com\/blog\/2008\/10\/01\/liderizmi-ne-politikepa-alternativa-te-reja\/","title":{"rendered":"Liderizmi n\u00eb politik\u00eb,pa alternativa t\u00eb reja"},"content":{"rendered":"<p><a href=\"http:\/\/www.visit-ulcinj.com\/blog\/wp-content\/uploads\/2008\/01\/partit-shqiptare.jpg\"><img loading=\"lazy\" class=\"alignleft size-medium wp-image-157\" title=\"Partit shqiptare ne Mal te Zi\" src=\"http:\/\/www.visit-ulcinj.com\/blog\/wp-content\/uploads\/2008\/01\/partit-shqiptare.jpg\" alt=\"\" width=\"280\" height=\"140\" \/><\/a>Me nj\u00eb struktur\u00eb t\u00eb till\u00eb udh\u00ebheq\u00ebse \u00e7far\u00eb kemi n\u00eb sot, me nj\u00eb kuad\u00ebr e udh\u00ebheqje t\u00eb paq\u00eb n\u00eb, shqiptar\u00ebt n\u00eb Mal t\u00eb Zi sot ndodh\u00ebn n\u00eb nj\u00eb gjendje p\u00ebr t\u00eb ardhur keq, jo m\u00eb fajin e pushtetit q\u00ebndror sa t\u00eb atyre q\u00eb I kan\u00eb dal\u00eb zot vetes p\u00ebr t\u00eb udh\u00ebhequr shqiptar\u00ebt n\u00eb Mal t\u00eb Zi.<br \/>\nNe shoq\u00ebrin\u00eb shqiptare n\u00eb Mal t\u00eb Zi ka deformime n\u00eb jet\u00ebn politike, por edhe jasht\u00eb saj. Nisur nga ky fakt sot n\u00eb Mal t\u00eb Zi ka shum\u00eb parti politike shqiptare (nejse, kjo \u00ebsht\u00eb mod\u00eb shqiptare) p\u00ebr at\u00eb \u00e7far\u00eb ndodh\u00eb sot n\u00eb trojet shqiptare, krer\u00ebt e t\u00eb cilave vazhdojn\u00eb t\u00eb nxisin konflikte politike me akuza e deklarata jo t\u00eb dobishme p\u00ebr qytetarin, votuesin, \u00e7far\u00eb \u00ebsht\u00eb krijuar nj\u00eb enigm\u00eb m\u00eb shum\u00eb pik\u00ebpyetje ku ai (qytetari) nuk e di kujt t`i besoj\u00eb n\u00eb k\u00ebto momente. K\u00ebtu prijn\u00eb edhe debate t\u00eb nj\u00ebkahshme q\u00eb zhvillojn\u00eb televizionet private. Aty mund t\u00eb degjohen fjal\u00eb e retorika patriotike duke u thirrur se do t\u00eb b\u00ebjn\u00eb k\u00ebt\u00eb e at\u00eb po t\u00eb ishin n\u00eb pushtet e duke lidh\u00eb rrug\u00eb komunikimi e bashk\u00ebveprimi me parti t\u00eb tjera (por joshqiptare) me \u00e7ka tregojn\u00eb se nuk kan\u00eb fuqi politike t\u00eb veprimit si parti n\u00eb k\u00ebt\u00eb sistem nga ku marrin goditje t\u00eb r\u00ebnd\u00eb nga pushteti qendror.<br \/>\nTrojet shqiptar\u00eb n\u00eb Mal t\u00eb Zi jan\u00eb n\u00eb nj\u00eb gjendje t\u00eb mjeruar ekonomike, arsimore, kulturore e sociale, k\u00ebshtu edhe politika q\u00eb b\u00ebhet nga subjektet politike shqiptare \u00ebsht\u00eb e mjeruar. Esht\u00eb po aq e v\u00ebshtir\u00eb t\u00eb gjendet rrug\u00ebdalje pasi nuk ka kush t`i b\u00ebj\u00eb gj\u00ebrat q\u00eb duhet b\u00ebr\u00eb, sepse subjekteve tona u mungon vullneti, ndaj grinden, konfliktuohen n\u00eb mes veti, para syve t\u00eb qytetar\u00ebve. Por, kur kan\u00eb p\u00ebrball\u00eb pushtetin qendror n\u00eb raste t\u00eb tilla merren vesh menj\u00ebher\u00eb me \u00e7ka d\u00ebshmojne s\u00eb tjet\u00ebr flasin e tjet\u00ebr veprojn\u00eb. Nuk ka si t\u00eb ndodh\u00eb ndryshe kur te \u00e7do parti n\u00eb rreshtin e par\u00eb rreshtohen &#8220;themeluesit e partive politike&#8221; dhe t\u00eb njejtit v\u00ebshtir\u00eb t\u00eb l\u00ebshojn\u00eb rrug\u00eb p\u00ebr gjeneratat e reja e p\u00ebr t\u00eb lejuar mendimin ndryshe me alternativa t\u00eb reja. \u00e7`\u00ebsht\u00eb edhe m\u00eb keq, disa nga k\u00ebta &#8220;themelues t\u00eb partive politik\u00eb&#8221; nuk e ndjejn\u00eb fare munges\u00ebn e moralit politik gj\u00eb q\u00eb s\u2019b\u00ebn t\u00eb veprojn\u00eb k\u00ebshtu. Po \u00e7ka se deri dje ishin me flamuj malazez\u00eb ku brohoritnin p\u00ebr Krajl Nikoll\u00ebn, nd\u00ebrsa sot paraqiten si shp\u00ebtimtar\u00eb t\u00eb shqiptarve n\u00eb Mal t\u00eb Zi.<br \/>\nT\u00eb nj\u00ebjtit shfaqen me &#8220;kostum t\u00eb ri&#8221; p\u00ebr t\u00eb pasur jet\u00eb t\u00eb gjat\u00eb n\u00eb politik\u00eb, premtojn\u00eb e nuk heqin dor\u00eb nga k\u00ebrsherit\u00eb p\u00ebr t\u00eb mbajtur nj\u00eb post. Ka nga ata q\u00eb l\u00ebvizin nga e majta n\u00eb t\u00eb djatht\u00eb e q\u00eb m\u00eb par\u00eb kishin b\u00ebr\u00eb me dhjetra premtime t\u00eb bujshme, tani nuk e kan\u00eb p\u00ebr turp t`i kthejn\u00eb n\u00eb t\u00eb kund\u00ebrt\u00ebn. Duket se ne me k\u00ebso situatash jemi m\u00ebsuar, ndaj \u00ebsht\u00eb e domosdoshme njohja e k\u00ebtyre personaliteteve p\u00ebr t\u00eb njohur shkall\u00ebn e kredibilitetit t\u00eb tyre politik, por edhe p\u00ebr t\u00eb parashikuar suksesin apo d\u00ebshtimin e tyre. Duket sikur t\u00eb till\u00ebt p\u00ebrdorin t\u00eb gjitha m\u00ebnyrat q\u00eb mund t:u vijn\u00eb nd\u00ebrmend p\u00ebr t\u00eb tejkaluar munges\u00ebn e aft\u00ebsive profesionale n\u00ebse ndonj\u00ebher\u00eb e kan\u00eb v\u00ebn\u00eb n\u00eb veprim profesionin e tyre.<br \/>\nProblemet q\u00eb lidhen me shqiptar\u00ebt n\u00eb Mal t\u00eb Zi jan\u00eb t\u00eb trash\u00ebguara shum\u00eb m\u00eb her\u00ebt se\u00e7 u paraqit\u00ebn partit\u00eb politike shqiptare dhe nuk mund t\u00eb anashkalohen, ndaj diskriminimi ndaj shqiptar\u00ebve vazhdon duke mohuar arsimimin n\u00eb gjuh\u00ebn amtare, pun\u00ebsimin n\u00eb organet shtet\u00ebrore, papun\u00ebsin\u00eb, p\u00ebr cka krer\u00ebt e subjekteve politike shqiptare \u00ebsht\u00eb dashur t\u00eb angazhohen shum\u00eb m\u00eb tep\u00ebr dhe jo t\u00eb dalin n\u00eb piramid\u00ebn politike sikur \u00e7do gj\u00eb \u00ebsht\u00eb n\u00eb rregull p\u00ebr t\u00eb mos e l\u00ebn\u00eb q\u00eb k\u00ebt\u00eb pun\u00eb ta zgjidh\u00eb shteti ku b\u00ebjn\u00eb pjes\u00eb edhe vet\u00eb shqiptar\u00ebt.<br \/>\nEsht\u00eb gjithmon\u00eb m\u00eb s\u00eb lehti t\u00eb k\u00ebrkohet fajtori p\u00ebr t\u00eb metat e t\u00eb tjer\u00ebve, t\u00eb projektohen fjal\u00eb jasht\u00eb nesh, por m\u00eb s\u00eb v\u00ebshtiri \u00ebsht\u00eb t\u00eb ndalesh dhe t\u00eb v\u00ebshtrosh brenda vetvetes. T\u00eb nj\u00ebjtit asnj\u00ebher\u00eb nuk kritikuan veten, pun\u00ebn q\u00eb b\u00ebjn\u00eb, qoft\u00eb p\u00ebr t&#8221;u arsyetuar para atyre q\u00eb u dhan\u00eb besimin, gjithmon\u00eb p\u00ebr ta fajtori \u00ebsht\u00eb person i tret\u00eb me cka t\u00eb bindin t\u00eb mos besohet n\u00eb sinqeritetin e tyre. Kjo t\u00eb mos besohet nga fakti se t\u00eb nj\u00ebjtit deri tani kan\u00eb d\u00ebshmuar se po e p\u00ebrdorin politik\u00ebn si instrument t\u00eb nj\u00eb koncepti t\u00eb pap\u00ebrgjegjshm\u00ebris\u00eb e q\u00eb i ka sjellur d\u00ebm t\u00eb madh shoq\u00ebris\u00eb. Po t\u00eb ishin t\u00eb sinqert\u00eb n\u00eb pun\u00ebt e tyre si\u00e7 deklarojn\u00eb, kan\u00eb pasur dhe kan\u00eb shum\u00eb mekanizma p\u00ebr t&#8221;ju kund\u00ebrv\u00ebn\u00eb pushtetit qendror qoft\u00eb p\u00ebr zhvillimin ekonomik, arsimor e social t\u00eb trojeve shqiptare n\u00eb Mal t\u00eb Zi e jo p\u00ebr t`u marr\u00eb me tema boshe e akuza t\u00eb nd\u00ebrsjella ndaj nj\u00ebri-tjetrit. Me fjal\u00eb boshe jan\u00eb ngopur t\u00eb gjith\u00eb dhe askush nuk do ta besojn\u00eb se brenda vetvetes kan\u00eb p\u00ebrmbajtje v\u00ebrtet politike. Sa e sa raste ka kur t\u00eb nj\u00ebjtit i kan\u00eb hyr\u00eb nj\u00eb pune pa e menduar mir\u00eb e pa hedhur asnj\u00eb hap p\u00ebrpara dhe jan\u00eb mbyllur n\u00eb vetvete me humbjen e besimit q\u00eb u dhan\u00eb votuesit. K\u00ebt\u00eb e d\u00ebshmuan edhe debatet q\u00eb kan\u00eb zhvilluar gjat\u00eb fushat\u00ebs parazgjedhore, p\u00ebr \u00e7far\u00eb u premtuan qytetar\u00ebve e cfar\u00eb po realizohet gjat\u00eb k\u00ebtij mandati!?<br \/>\nN\u00eb k\u00ebt\u00eb sens qytetar\u00ebt shqiptar\u00eb n\u00eb Mal t\u00eb Zi k\u00ebrkojn\u00eb ritme t\u00eb tjera nga ajo q\u00eb u \u00ebsht\u00eb premtuar, andaj ka nevoje q\u00eb t\u00eb d\u00ebgjohet nj\u00eb z\u00eb ndryshe (k\u00ebt\u00eb v\u00ebshtir\u00eb p\u00ebr ta gjetur) p\u00ebr t\u00eb mos d\u00ebgjuar \u00e7doher\u00eb t\u00eb nj\u00ebjtit duke th\u00ebn\u00eb: &#8220;Amin&#8221;. P\u00ebr fatin ton\u00eb t\u00eb keq shihet nj\u00ebfar\u00eb ngopje n\u00eb mesin e qytetar\u00ebve duke u zhg\u00ebnjyer nga udh\u00ebheq\u00ebsit aktual\u00eb.<a href=\"http:\/\/www.visit-ulcinj.com\/blog\/wp-content\/uploads\/2008\/10\/shperthimi-i-loalicionit.jpg\"><img loading=\"lazy\" class=\"alignright size-medium wp-image-3735\" title=\"shperthimi-i-loalicionit\" src=\"http:\/\/www.visit-ulcinj.com\/blog\/wp-content\/uploads\/2008\/10\/shperthimi-i-loalicionit.jpg\" alt=\"\" width=\"240\" height=\"180\" \/><\/a><br \/>\nTani besojm\u00eb se e kuptuan lider\u00ebt tan\u00eb se flaka e entuziazmit ton\u00eb s&#8221;\u00ebsht\u00eb gj\u00eb tjet\u00ebr ve\u00e7se nj\u00eb pamje e rreme e d\u00ebshirave tona personale. Tani ata e kuptuan se jemi patriot t\u00eb flak\u00ebt p\u00ebr sa koh\u00eb shpresojn\u00eb p\u00ebr nj\u00eb shp\u00ebrblim p\u00ebr patriotizmin ton\u00eb. Prij\u00ebsit tan\u00eb le t\u00eb pushojn\u00eb s\u00eb \u00ebnd\u00ebrruari p\u00ebr poste, le t\u00eb mendohen m\u00eb mir\u00eb se n\u00eb k\u00ebto koh\u00eb asgj\u00eb s`na treguan dhe asnj\u00eb p\u00ebrmir\u00ebsim nuk e b\u00ebn\u00eb n\u00eb t\u00eb mir\u00eb t\u00eb qytetar\u00ebve. T\u00eb p\u00ebrballur me nj\u00eb gjendjeje t\u00eb till\u00eb, tema e p\u00ebrcarjes n\u00eb dit\u00ebt tona \u00ebsht\u00eb m\u00eb aktualja dhe del para t\u00eb gjitha \u00e7\u00ebshtjeve shoq\u00ebrore. K\u00ebt\u00eb fatur\u00eb po e paguan populli dhe sensibiliteti ka arritur n\u00eb p\u00ebrmasa t\u00eb rrezikshme. Me nj\u00eb struktur\u00eb t\u00eb till\u00eb udh\u00ebheq\u00ebse \u00e7far\u00eb kemi sot ne, me nj\u00eb kuad\u00ebr e udh\u00ebheqje t\u00eb paqen\u00eb, shqiptar\u00ebt n\u00eb Mal t\u00eb Zi sot ndodhen n\u00eb nj\u00eb gjendje p\u00ebr t\u00eb ardhur keq, jo me fajin e pushtetit qendror, por pik\u00ebrisht me ata q\u00eb i kan\u00eb dal\u00eb zot vetes p\u00ebr t\u00eb udh\u00ebhequr shqiptar\u00ebt n\u00eb Mal t\u00eb Zi. Ata q\u00eb s`jan\u00eb t\u00eb zot\u00ebt p\u00ebr tjet\u00ebr gj\u00eb, ve\u00e7se p\u00ebr intriga e duke u filtruar p\u00ebrmes subjekteve politike shqiptare, le t\u00eb japin dor\u00ebheqjen. Ky do t\u00eb ishte sh\u00ebrbimi m\u00eb i madh q\u00eb do t`u sjell lirin\u00eb votuesve e mir\u00ebqenien qytetar\u00ebve.<br \/>\n<strong>Shaban Peraj<br \/>\nKoha Javore<\/strong><\/p>\n<p style=\"text-align: center;\"><a class=\"aligncenter\" title=\"???? ????,?????,Ulcinj,Montenegru,??????????,\u00c7ernoqoriya,Besplatni internet oglasi,Besplatni oglasi,besplatni mali oglasi,besplatni turisti?ki oglasi,oglasi, usluge, turizam,Turisti?ke usluge,Doma?i turizam,Besplatni Oglasnik,Brzi Oglasi Besplatno,Besplatno OglasavanjeTurizam,besplatni oglasi sa slikom,Turisticki informator besplatni,li?ni-oglasi,BESPLATNI Turisticki OGLASI SA SLIKAMA,BESPLATNI Turisticki Oglasi saVideom,turisticki smestaj oglasi,Turisti?ki vodi? balkana,BESPLATNA REZERVACIJA SMESTAJA,Postavite besplatno Vas oglas,FREE TOURIST GUIDES,Izdavanje-Turizam oglasi,Balkan Turisticki vodic,shpallje turistike falas,Shpallje Falas,Shpallje falas per Komplekse Turistike,Lajmerime,Njoftime,shpallje shqip per shqiptaret ne shqiperi kosova maqedoni,mal te zi,???????????,Montenegiro,?ern\u00e1 Hora,??????????,Cz\u00f4rnog\u00f3ra,Cz\u00f4rn\u00f4 G\u00f3ra,Carna G\u00f3ra,T\u0161ernogooria,\u00c7ernogoriya,Montain\u00e9agr\u00f3,Montenegwo,?orna Hora,Montenegr\u00f3,M?ntenigro,Chernogoriya ,\u00c7\u00earnogor\u00ee ,?????????,????????? ,??????? ,Montes Nigrae,Mons Niger,M\u00f4ntenegr\u00f4,Muntenegru,??????????,Czarnog\u00f3ra,Muntinigru,Muntenegro,&lt;br &gt;&lt;\/a&gt; Muntenegru,\t?ierna Hora,Cxerngora,????????,?rna gora,Moontineegro,?ornog?ra,\u00c7ernogori\u00fda,Chernogoriya,Mont\u00f5negro,????? ???? ,?r?na Gora,?r?nogorije,?ernogorija,?arnahoryja,??????????,???????????????????? ,?ern\u00f4g\u00f4riy\u00e2,M\u00fbnt\u00een\u00ee?r\u00fb,????? ?????? ,????????,??????????,???????????,M\u00e2nten\u00eegro,???? ????? ,????????,M\u00f4ntenegr\u00f4,????????????,???????????,????????????, ??????????? ,????????????,??????????? ,\u008d\u2022?R\/?K?R ,\u0192\u201a\u0192\u201c\u0192e\u0192l\u0192O\u0192\u008d,\u00b8???\u00b3?\u00b1?\u00b7? ,Muntenegru, ????? ????, Montenegr?,chambres ? louer ? ulcinj, location de vacance, location saisonni?res, louer villa,location de vacance, Locations vacance, h?bergements vacances, locations villa, logements de vacances, location maison avec piscine, Location vacance, locations de vacance, h?bergements de vacances, location villa, locations entre particulier, logements vacance, vacances ? Mont?n?gro - location ? Ulcinj ,location  de bigorre,Urlaub in Ulcinj -Montenegro,Hotelbewertungen Ulcinj,Reisen Ulcinj, Urlaub Ulcinj,Hotel in Serbien und Montenegro von Urlaubern bewertet,Billig Urlaub in Ulcinj,ferienh?user,ferienwohnung,Billige Ferienh?user,Ferienwohnung ULCINJ,Ferien an der Adria,Urlaub im Ferienhaus ulcinjBilligreisen Ulcinj,Pauschalreisen,FKK Strand Ada Bojana ulcinj,Last Minute Angebote ulcinj,Preise f?r Lastminute,Kleinanzeigen gratis,Ausflug nach Ulcinj,FKK-Reisen ada bojana,FKK-Urlaub ulcinj,Privatni smje?taj,rezervacija smje?taja,apartmani,sobe,ku?e,odmor,sobe za odmor ulcinj,Pretra?ivanje privatnog smje?taja,rooms rent accommodation ulcinj, rentail private accommodation ulcinj,?elite rezervirati privatni smje?taj,Private accommodation,Smje?taj ulcinj,Pushime Verore ulqin,pushime t? lira n? ulqin,Pushime ne plazh,Pushime te kendshme,dhoma per pushime ulqin,dhoma me qera ulqin,dhoma te lira ulqin,pushime te lira ulqin,mali i zi,kosova,maqedoni,shqiperi,Pushime ne det te ulqinit,godi?nji odmor u ulcinj,odmor u ulcinj,Ku?a za odmor,kuda na odmor,ljetovanje u ulcinj,slobodne sobe,dhoma te lira,ku?a uz more,turisti?ka ponuda,odmor i zabava,povolne cene,sobe,usluge,Mjesto za Va? odmor , Place for Your holiday,Odmor portal,putovanaja,Iznajmljivanje soba ulcinj,odmor ulcinj info,Va?e mjesto za odmor ulcinj,nudisticka plaza ada bojana,smjestaj ponuda ulcinj,lokacioni i dhomave ulqin,deti,plazhet e bukura,diskoteka,zbavitja,.\" href=\"http:\/\/www.visit-ulcinj.com\/tourism\/\" target=\"_blank\"><img loading=\"lazy\" class=\"aligncenter\" title=\"SHPALLJE TURISTIKE FALAS,FREE TOURIST GUIDES,BESPLATNI TURISTI?KI OGLASI,balkan holiday rentals,ALBANIJA,ALBANIA,SHQIPERIJA,CRNA GORA,HRVATSKA,KROACIA,SLOVENIJA,MAKEDONIJA,MAKEDONIA,SRBIJA,MONTENEGRO,MALI I ZI,\" src=\"http:\/\/www.visit-ulcinj.com\/blog\/wp-content\/uploads\/2008\/09\/balkanholidayrentals.gif\" alt=\"Apatin,  Aran?elovac,  ?uprija,  ?a?ak,  ?apljina,  ?itluk,  ?abac,  ?ipovo,  ?iroki Brijeg,  ?ep?e,  ?ivinice,  Ba?ka Palanka,  Banja Luka,  Banovi?i,  Be?ej,  beograd,  Biha?,  Bijeljina,  Bor,  Bor?a,  Bosanska Gradi?ka,  Bosanska Krupa,  Bosanski ?amac,  Bosanski Brod,  Bosanski Novi,  Br?ko,  Bu?im,  Bugojno,  Cazin,  Crna Gora,  Derventa,  Doboj,  Donji Vakuf,  Drvar,  Dubrovnik,  Fo?a,  Fojnica,  Glamo?,  Gora?de,  Gornji Milanovac,  Gornji Vakuf,  gostivar,  Gra?anica,  Grada?ac,  Gradiska,  Grahovo,  Had?i?i,  Ilid?a,  In?ija,  Jablanica,  Jagodina,  Jajce,  Kakanj,  Kalu?erica,  Kikinda,  Klju?,  Konjic,  Kotor Varo?,  Kragujevac,  Kraljevo,  Kru?evac,  Kula,  Kupres,  Lakta?i,  Lazarevac,  Leskovac,  Livno,  Ljubinje,  ljublana,  Ljubu?ki,  Loznica,  Lukavac,  Maglaj,  Mladenovac,  Modri?a,  montenegro erlajnz,  mostar,  Mrkonji? Grad,  Neum,  Ni?,  Novi Pazar,  Novi Sad,  Novi Travnik,  Obrenovac,  Od?ak,  ohrid,  Ora?je,  Pale,  Pan?evo,  Para?in,  Pirot,  Po?arevac,  Podgorica,  Priboj,  Prijedor,  Prokuplje,  Prozor,  pula,  rijeka,  Ruma,  Sanski Most,  Sarajevo,  Senta,  serbija,  sibenik,  skopje,  Smederevo,  Smederevska Palanka,  Sokolac,  Sombor,  split,  Srebrenica,  Srebrenik,  Sremska Mitrovica,  Stolac,  Struga,  Subotica,  Temerin,  Tesli?,  tetovo,  Travnik,  Trebinje,  tuzla,  U?ice,  ulcinj,  Valjevo,  Velika Kladu?a,  Vi?egrad,  Visoko,  Vitez,  Vogo??a,  vojvodina,  Vranje,  Vr?ac,  Vrbas,  zadar,  Zagreb,  Zaje?ar,  Zavidovi?i,  Zenica,  Zrenjanin,  Zvornik,copacabana ulcinj,  h?tels,  hotel ulqin,  Kosova,  Mali i Zi,  Maqedonija,  Montenegro,  montenegro tourisme plage,  montenegro ulcinj,  Shpallje Falas,  Shpallje Falas per shitjen e shtepis se juaj,  Shpallje Falas per villat e juaj,  Shpallje Falas Real Estate,  Shpallje Falas turistike,  shqiperija,  tourisme,  Ulci?,  ulcinj,  ulqin,  ulqin hotel,  ulqini,  ulqini 2007,Ada Bojana,  Alba?czyk,  Cita di Dolcino,  Copacabana,  Czarnog?ra,  Czarnog?rzec,  Don Kichota,  Ma\u00b3a Pla?a,  Mandra,  MIGUEL DE SERVANTES,  p?\u00b3wyspy Marjan,  Pla?a Valdanos,  Rzeka Bojana,  Shas \/ ?as \/ Sva?,  Ulci?,  Ulcinjsk\u00b9 Riwier?,  Wielka Pla?a,  Wyspa Bojana,GORA,??????????,???????,??????????, ?ern? Hora,TO ULCINJ \/ ULQIN,MONTENEGRO, Czarnog?ra, Muntenegru, ????? ????, Montenegr?,villa ? louer ? ulcinj, location de vacance, location saisonni?res, louer chambres,location de vacance, Locations vacance, h?bergements vacances, locations villa, logements de vacances, location maison avec piscine, Location vacance, locations de vacance, h?bergements de vacances, location, locations entre particulier, logements vacance, vacances ? Mont?n?gro - location ? Ulcinj ,location  de bigorre,Albaniku,  Artana,  Bujanoci,  Burimi,  Dardana,  Dardan?,  De?an,  Dibra,  Drenas,  Drenasi,  Ferizaj,  Ferizaji,  Fush? Kosova,Besplatni internet oglasi,Besplatni oglasi,besplatni mali oglasi,besplatni turisti?ki oglasi,oglasi, usluge, turizam,Turisti?ke usluge,Doma?i turizam,Besplatni Oglasnik,Brzi Oglasi Besplatno,Besplatno OglasavanjeTurizam,besplatni oglasi sa slikom,Turisticki informator besplatni,li?ni-oglasi,BESPLATNI Turisticki OGLASI SA SLIKAMA,BESPLATNI Turisticki Oglasi saVideom,turisticki smestaj oglasi,Turisti?ki vodi? balkana,BESPLATNA REZERVACIJA SMESTAJA,Postavite besplatno Vas oglas,FREE TOURIST GUIDES,Izdavanje-Turizam oglasi,Balkan Turisticki vodic,shpallje turistike falas,Shpallje Falas,Shpallje falas per Komplekse Turistike,Lajmerime,Njoftime,shpallje shqip per shqiptaret ne shqiperi kosova maqedoni,mal te zi,Fush? Kosov?,  Gjakova,  Gjakov?,  Gjilan,  Gjilani,  Gostivari,  Istog,  Istog\u00b7,  Ka?anik,  Ka?aniku,  Kastrioti,  K?r?ova,  Klina,  Klin?,  Kumanova,  Leposaviq,  Leskovci,  Likova,  Lipjan,  Lipjani,  Malisheva,  Malishev?,  Manastiri,  Medvegja,  Mitrovica,  Mitrovic?,  Novob?rd?,  Obiliq\u00b7 Rahovec,  Ohri,  Peja,  Pej?,  Podujeva,  Podujev?,  Presheva,  Prishtina,  Prishtin?,  Prizren,  Prizreni,  Rahoveci,  Sharri,  Sharri (Kosov?),  Shkupi,  Sht?rpca,  Sht?rpc?,  Shtime,  Sk?nderaj,  Struga,  Tetova,  Theranda,  Therand?,  Triumf Riza,  Veleshta,  Viti,  Vitia,  Vushtrri,  Vushtrria,  Zubin Potok,  Zubin Potoku,  Zve?an,  Zve?ani,Struga,Gostivari,Gostivar,Ker?ova,Tirana,Durr?si,Elbasani,Shkodra,Tuzi,Vlora, Kor?a,Fieri,Berati,Lushnja ,Kavaja,Pogradeci,La?i,Gjirokastra,Patosi,Kruja,Ku?ova,Kuk?si,Lezha,Saranda,Peshkopia,Burreli,C?rriku,?orovoda,Shijaku,Librazhdi,Tepelena,Gramshi,Poli?ani,Bulqiza,P?rmeti,Fush?Kruja,Kamza,Rr?sheni,Ballshi,Mamurrasi,BajramCurri,Erseka,Peqini,Divjaka,Selenica,Bilishti,Roskoveci,Puka,Memaliaj,Rrogozhina,Ura Vajgurore,Himara,Delvina,Vora,Kopliku,Maliqi,P?rrenjasi,Kruma, Libohova,Orikumi,Fush?-Arr?za,Sh?ngjini,Rubiku,Miloti, Leskoviku,Konispoli,K?lcyra,Krasta,K?rraba,Manastiri,Hara?ina,Likova,Prilepi,Zajazi,Vrap?ishti,Bogovin?,\" width=\"420\" height=\"120\" \/><\/a><\/p>\n","protected":false},"excerpt":{"rendered":"<p>Me nj\u00eb struktur\u00eb t\u00eb till\u00eb udh\u00ebheq\u00ebse \u00e7far\u00eb kemi n\u00eb sot, me nj\u00eb kuad\u00ebr e udh\u00ebheqje t\u00eb paq\u00eb n\u00eb, shqiptar\u00ebt n\u00eb Mal t\u00eb Zi sot ndodh\u00ebn n\u00eb nj\u00eb gjendje p\u00ebr t\u00eb ardhur keq, jo m\u00eb fajin e pushtetit q\u00ebndror sa t\u00eb atyre q\u00eb I kan\u00eb dal\u00eb zot vetes p\u00ebr t\u00eb udh\u00ebhequr shqiptar\u00ebt n\u00eb Mal t\u00eb Zi. [&hellip;]<\/p>\n","protected":false},"author":1,"featured_media":0,"comment_status":"open","ping_status":"closed","sticky":false,"template":"","format":"standard","meta":{"spay_email":"","jetpack_publicize_message":"","jetpack_is_tweetstorm":false,"jetpack_publicize_feature_enabled":true},"categories":[6,12],"tags":[95,200],"jetpack_publicize_connections":[],"yoast_head":"<!-- This site is optimized with the Yoast SEO plugin v19.1 - https:\/\/yoast.com\/wordpress\/plugins\/seo\/ -->\n<title>Liderizmi n\u00eb politik\u00eb,pa alternativa t\u00eb reja - Lajme nga Ulqini<\/title>\n<meta name=\"description\" content=\"Me nj\u00eb struktur\u00eb t\u00eb till\u00eb udh\u00ebheq\u00ebse \u00e7far\u00eb kemi n\u00eb sot, me nj\u00eb kuad\u00ebr e udh\u00ebheqje t\u00eb paq\u00eb n\u00eb, shqiptar\u00ebt n\u00eb Mal t\u00eb Zi sot ndodh\u00ebn n\u00eb nj\u00eb gjendje p\u00ebr t\u00eb\" \/>\n<meta name=\"robots\" content=\"index, follow, max-snippet:-1, max-image-preview:large, max-video-preview:-1\" \/>\n<link rel=\"canonical\" href=\"https:\/\/www.visit-ulcinj.com\/blog\/2008\/10\/01\/liderizmi-ne-politikepa-alternativa-te-reja\/\" \/>\n<meta property=\"og:locale\" content=\"en_US\" \/>\n<meta property=\"og:type\" content=\"article\" \/>\n<meta property=\"og:title\" content=\"Liderizmi n\u00eb politik\u00eb,pa alternativa t\u00eb reja - Lajme nga Ulqini\" \/>\n<meta property=\"og:description\" content=\"Me nj\u00eb struktur\u00eb t\u00eb till\u00eb udh\u00ebheq\u00ebse \u00e7far\u00eb kemi n\u00eb sot, me nj\u00eb kuad\u00ebr e udh\u00ebheqje t\u00eb paq\u00eb n\u00eb, shqiptar\u00ebt n\u00eb Mal t\u00eb Zi sot ndodh\u00ebn n\u00eb nj\u00eb gjendje p\u00ebr t\u00eb\" \/>\n<meta property=\"og:url\" content=\"https:\/\/www.visit-ulcinj.com\/blog\/2008\/10\/01\/liderizmi-ne-politikepa-alternativa-te-reja\/\" \/>\n<meta property=\"og:site_name\" content=\"Lajme nga Ulqini\" \/>\n<meta property=\"article:published_time\" content=\"2008-10-01T17:25:32+00:00\" \/>\n<meta property=\"article:modified_time\" content=\"2008-10-17T18:50:09+00:00\" \/>\n<meta property=\"og:image\" content=\"http:\/\/www.visit-ulcinj.com\/blog\/wp-content\/uploads\/2008\/01\/partit-shqiptare.jpg\" \/>\n<meta name=\"twitter:label1\" content=\"Written by\" \/>\n\t<meta name=\"twitter:data1\" content=\"ulqini\" \/>\n\t<meta name=\"twitter:label2\" content=\"Est. reading time\" \/>\n\t<meta name=\"twitter:data2\" content=\"7 minutes\" \/>\n<script type=\"application\/ld+json\" class=\"yoast-schema-graph\">{\"@context\":\"https:\/\/schema.org\",\"@graph\":[{\"@type\":\"WebSite\",\"@id\":\"https:\/\/www.visit-ulcinj.com\/blog\/#website\",\"url\":\"https:\/\/www.visit-ulcinj.com\/blog\/\",\"name\":\"Lajme nga Ulqini\",\"description\":\"Lajme,Vijesti,Ulqini,Ulqin,Crna Gora,Mali i Zi\",\"potentialAction\":[{\"@type\":\"SearchAction\",\"target\":{\"@type\":\"EntryPoint\",\"urlTemplate\":\"https:\/\/www.visit-ulcinj.com\/blog\/?s={search_term_string}\"},\"query-input\":\"required name=search_term_string\"}],\"inLanguage\":\"en-US\"},{\"@type\":\"ImageObject\",\"inLanguage\":\"en-US\",\"@id\":\"https:\/\/www.visit-ulcinj.com\/blog\/2008\/10\/01\/liderizmi-ne-politikepa-alternativa-te-reja\/#primaryimage\",\"url\":\"http:\/\/www.visit-ulcinj.com\/blog\/wp-content\/uploads\/2008\/01\/partit-shqiptare.jpg\",\"contentUrl\":\"http:\/\/www.visit-ulcinj.com\/blog\/wp-content\/uploads\/2008\/01\/partit-shqiptare.jpg\"},{\"@type\":\"WebPage\",\"@id\":\"https:\/\/www.visit-ulcinj.com\/blog\/2008\/10\/01\/liderizmi-ne-politikepa-alternativa-te-reja\/#webpage\",\"url\":\"https:\/\/www.visit-ulcinj.com\/blog\/2008\/10\/01\/liderizmi-ne-politikepa-alternativa-te-reja\/\",\"name\":\"Liderizmi n\u00eb politik\u00eb,pa alternativa t\u00eb reja - Lajme nga Ulqini\",\"isPartOf\":{\"@id\":\"https:\/\/www.visit-ulcinj.com\/blog\/#website\"},\"primaryImageOfPage\":{\"@id\":\"https:\/\/www.visit-ulcinj.com\/blog\/2008\/10\/01\/liderizmi-ne-politikepa-alternativa-te-reja\/#primaryimage\"},\"datePublished\":\"2008-10-01T17:25:32+00:00\",\"dateModified\":\"2008-10-17T18:50:09+00:00\",\"author\":{\"@id\":\"https:\/\/www.visit-ulcinj.com\/blog\/#\/schema\/person\/dcab619c614d3038751c63bc2aadc06d\"},\"description\":\"Me nj\u00eb struktur\u00eb t\u00eb till\u00eb udh\u00ebheq\u00ebse \u00e7far\u00eb kemi n\u00eb sot, me nj\u00eb kuad\u00ebr e udh\u00ebheqje t\u00eb paq\u00eb n\u00eb, shqiptar\u00ebt n\u00eb Mal t\u00eb Zi sot ndodh\u00ebn n\u00eb nj\u00eb gjendje p\u00ebr t\u00eb\",\"breadcrumb\":{\"@id\":\"https:\/\/www.visit-ulcinj.com\/blog\/2008\/10\/01\/liderizmi-ne-politikepa-alternativa-te-reja\/#breadcrumb\"},\"inLanguage\":\"en-US\",\"potentialAction\":[{\"@type\":\"ReadAction\",\"target\":[\"https:\/\/www.visit-ulcinj.com\/blog\/2008\/10\/01\/liderizmi-ne-politikepa-alternativa-te-reja\/\"]}]},{\"@type\":\"BreadcrumbList\",\"@id\":\"https:\/\/www.visit-ulcinj.com\/blog\/2008\/10\/01\/liderizmi-ne-politikepa-alternativa-te-reja\/#breadcrumb\",\"itemListElement\":[{\"@type\":\"ListItem\",\"position\":1,\"name\":\"Liderizmi n\u00eb politik\u00eb,pa alternativa t\u00eb reja\"}]},{\"@type\":\"Person\",\"@id\":\"https:\/\/www.visit-ulcinj.com\/blog\/#\/schema\/person\/dcab619c614d3038751c63bc2aadc06d\",\"name\":\"ulqini\",\"sameAs\":[\"http:\/\/www.visit-ulcinj.com\"],\"url\":\"https:\/\/www.visit-ulcinj.com\/blog\/author\/admin\/\"}]}<\/script>\n<!-- \/ Yoast SEO plugin. -->","yoast_head_json":{"title":"Liderizmi n\u00eb politik\u00eb,pa alternativa t\u00eb reja - Lajme nga Ulqini","description":"Me nj\u00eb struktur\u00eb t\u00eb till\u00eb udh\u00ebheq\u00ebse \u00e7far\u00eb kemi n\u00eb sot, me nj\u00eb kuad\u00ebr e udh\u00ebheqje t\u00eb paq\u00eb n\u00eb, shqiptar\u00ebt n\u00eb Mal t\u00eb Zi sot ndodh\u00ebn n\u00eb nj\u00eb gjendje p\u00ebr t\u00eb","robots":{"index":"index","follow":"follow","max-snippet":"max-snippet:-1","max-image-preview":"max-image-preview:large","max-video-preview":"max-video-preview:-1"},"canonical":"https:\/\/www.visit-ulcinj.com\/blog\/2008\/10\/01\/liderizmi-ne-politikepa-alternativa-te-reja\/","og_locale":"en_US","og_type":"article","og_title":"Liderizmi n\u00eb politik\u00eb,pa alternativa t\u00eb reja - Lajme nga Ulqini","og_description":"Me nj\u00eb struktur\u00eb t\u00eb till\u00eb udh\u00ebheq\u00ebse \u00e7far\u00eb kemi n\u00eb sot, me nj\u00eb kuad\u00ebr e udh\u00ebheqje t\u00eb paq\u00eb n\u00eb, shqiptar\u00ebt n\u00eb Mal t\u00eb Zi sot ndodh\u00ebn n\u00eb nj\u00eb gjendje p\u00ebr t\u00eb","og_url":"https:\/\/www.visit-ulcinj.com\/blog\/2008\/10\/01\/liderizmi-ne-politikepa-alternativa-te-reja\/","og_site_name":"Lajme nga Ulqini","article_published_time":"2008-10-01T17:25:32+00:00","article_modified_time":"2008-10-17T18:50:09+00:00","og_image":[{"url":"http:\/\/www.visit-ulcinj.com\/blog\/wp-content\/uploads\/2008\/01\/partit-shqiptare.jpg"}],"twitter_misc":{"Written by":"ulqini","Est. reading time":"7 minutes"},"schema":{"@context":"https:\/\/schema.org","@graph":[{"@type":"WebSite","@id":"https:\/\/www.visit-ulcinj.com\/blog\/#website","url":"https:\/\/www.visit-ulcinj.com\/blog\/","name":"Lajme nga Ulqini","description":"Lajme,Vijesti,Ulqini,Ulqin,Crna Gora,Mali i Zi","potentialAction":[{"@type":"SearchAction","target":{"@type":"EntryPoint","urlTemplate":"https:\/\/www.visit-ulcinj.com\/blog\/?s={search_term_string}"},"query-input":"required name=search_term_string"}],"inLanguage":"en-US"},{"@type":"ImageObject","inLanguage":"en-US","@id":"https:\/\/www.visit-ulcinj.com\/blog\/2008\/10\/01\/liderizmi-ne-politikepa-alternativa-te-reja\/#primaryimage","url":"http:\/\/www.visit-ulcinj.com\/blog\/wp-content\/uploads\/2008\/01\/partit-shqiptare.jpg","contentUrl":"http:\/\/www.visit-ulcinj.com\/blog\/wp-content\/uploads\/2008\/01\/partit-shqiptare.jpg"},{"@type":"WebPage","@id":"https:\/\/www.visit-ulcinj.com\/blog\/2008\/10\/01\/liderizmi-ne-politikepa-alternativa-te-reja\/#webpage","url":"https:\/\/www.visit-ulcinj.com\/blog\/2008\/10\/01\/liderizmi-ne-politikepa-alternativa-te-reja\/","name":"Liderizmi n\u00eb politik\u00eb,pa alternativa t\u00eb reja - Lajme nga Ulqini","isPartOf":{"@id":"https:\/\/www.visit-ulcinj.com\/blog\/#website"},"primaryImageOfPage":{"@id":"https:\/\/www.visit-ulcinj.com\/blog\/2008\/10\/01\/liderizmi-ne-politikepa-alternativa-te-reja\/#primaryimage"},"datePublished":"2008-10-01T17:25:32+00:00","dateModified":"2008-10-17T18:50:09+00:00","author":{"@id":"https:\/\/www.visit-ulcinj.com\/blog\/#\/schema\/person\/dcab619c614d3038751c63bc2aadc06d"},"description":"Me nj\u00eb struktur\u00eb t\u00eb till\u00eb udh\u00ebheq\u00ebse \u00e7far\u00eb kemi n\u00eb sot, me nj\u00eb kuad\u00ebr e udh\u00ebheqje t\u00eb paq\u00eb n\u00eb, shqiptar\u00ebt n\u00eb Mal t\u00eb Zi sot ndodh\u00ebn n\u00eb nj\u00eb gjendje p\u00ebr t\u00eb","breadcrumb":{"@id":"https:\/\/www.visit-ulcinj.com\/blog\/2008\/10\/01\/liderizmi-ne-politikepa-alternativa-te-reja\/#breadcrumb"},"inLanguage":"en-US","potentialAction":[{"@type":"ReadAction","target":["https:\/\/www.visit-ulcinj.com\/blog\/2008\/10\/01\/liderizmi-ne-politikepa-alternativa-te-reja\/"]}]},{"@type":"BreadcrumbList","@id":"https:\/\/www.visit-ulcinj.com\/blog\/2008\/10\/01\/liderizmi-ne-politikepa-alternativa-te-reja\/#breadcrumb","itemListElement":[{"@type":"ListItem","position":1,"name":"Liderizmi n\u00eb politik\u00eb,pa alternativa t\u00eb reja"}]},{"@type":"Person","@id":"https:\/\/www.visit-ulcinj.com\/blog\/#\/schema\/person\/dcab619c614d3038751c63bc2aadc06d","name":"ulqini","sameAs":["http:\/\/www.visit-ulcinj.com"],"url":"https:\/\/www.visit-ulcinj.com\/blog\/author\/admin\/"}]}},"jetpack_featured_media_url":"","jetpack_sharing_enabled":true,"jetpack_shortlink":"https:\/\/wp.me\/pe6lTn-Yd","_links":{"self":[{"href":"https:\/\/www.visit-ulcinj.com\/blog\/wp-json\/wp\/v2\/posts\/3733"}],"collection":[{"href":"https:\/\/www.visit-ulcinj.com\/blog\/wp-json\/wp\/v2\/posts"}],"about":[{"href":"https:\/\/www.visit-ulcinj.com\/blog\/wp-json\/wp\/v2\/types\/post"}],"author":[{"embeddable":true,"href":"https:\/\/www.visit-ulcinj.com\/blog\/wp-json\/wp\/v2\/users\/1"}],"replies":[{"embeddable":true,"href":"https:\/\/www.visit-ulcinj.com\/blog\/wp-json\/wp\/v2\/comments?post=3733"}],"version-history":[{"count":0,"href":"https:\/\/www.visit-ulcinj.com\/blog\/wp-json\/wp\/v2\/posts\/3733\/revisions"}],"wp:attachment":[{"href":"https:\/\/www.visit-ulcinj.com\/blog\/wp-json\/wp\/v2\/media?parent=3733"}],"wp:term":[{"taxonomy":"category","embeddable":true,"href":"https:\/\/www.visit-ulcinj.com\/blog\/wp-json\/wp\/v2\/categories?post=3733"},{"taxonomy":"post_tag","embeddable":true,"href":"https:\/\/www.visit-ulcinj.com\/blog\/wp-json\/wp\/v2\/tags?post=3733"}],"curies":[{"name":"wp","href":"https:\/\/api.w.org\/{rel}","templated":true}]}}