{"id":37331,"date":"2010-09-15T20:20:33","date_gmt":"2010-09-15T18:20:33","guid":{"rendered":"http:\/\/www.visit-ulcinj.com\/blog\/?p=37331"},"modified":"2010-09-15T20:38:22","modified_gmt":"2010-09-15T18:38:22","slug":"potpisana-prva-koalicija-u-ulcinju","status":"publish","type":"post","link":"https:\/\/www.visit-ulcinj.com\/blog\/2010\/09\/15\/potpisana-prva-koalicija-u-ulcinju\/","title":{"rendered":"Potpisana prva koalicija u Ulcinju"},"content":{"rendered":"<p><strong><img loading=\"lazy\" class=\"alignleft\" title=\"Sedam opozicionih stranaka zajedno na izborima u Ulcinju\" src=\"http:\/\/www.visit-ulcinj.com\/blog\/wp-content\/uploads\/2010\/08\/ZGJEDHJET_IZBORI_ULCINJ_ULQIN-2010.31.jpg\" alt=\"\" width=\"300\" height=\"420\" \/>Borba za ulcinjsko blago<\/strong><\/p>\n<p>Ulcinj &#8211; Predstavnici SNP-a, Nove srpske demokratije, PzP-a, DC, Stranke penzionera i koalicije \u201eBo\u0161njaci i Muslimani- zajedno, jedno\u201c, zaklju\u010dili su ju\u010de u Ulcinji koalicioni sporazum o zajedni\u010dkom nastupu na lokalnim izborima 17. oktobra.<br \/>\nNosilac liste Andrija \u0106etkovi\u0107 (SNP) kazao je da je Ulcinj do sada bio prepoznat kao grad u kome po\u0161tovanje zakona \u201ei nije imalo neku cijenu\u201c. On je ocijenio da DPS ne\u0107e birati sredstva da ostane u vlasti: \u201cRazlog je jasan jer su u Ulcinju zna\u010dajni prirodni resursi ostali neprodati. Pri\u010da se da su najvi\u0161i funkcioneri te partije, iz budu\u0107ih kuporodajnih aran\u017emana, ve\u0107 ukalkulisali li\u010dnu dobit\u201d.<br \/>\nMilan Rolovi\u0107 (PzP) kazao je da kadrovski potencijal koalicije garantuje dinami\u010dan razvoj grada: \u201cOvi dana\u0161nji koalicioni \u0161erifi i njihovi pomo\u0107nici ne mogu ni da okre\u010de sve ono \u0161to im je ovaj grad ostavio u naslje\u0111e. Ali zato besomu\u010dno i u bescjenje prodaju sve vrijedno u gradu i pokupe mrvice od tajkuna koji kupuju\u201d.<\/p>\n<p><strong>S. A.<br \/>\n<a href=\"http:\/\/www.vijesti.me\/\" target=\"_blank\">Vijesti<\/a><\/strong><\/p>\n<p><strong>Video &#8211; TV IN<br \/>\n<\/strong>[flv width=&#8221;490&#8243; height=&#8221;390&#8243;]http:\/\/www.rtvin.me\/flv\/14_09_post_ulcinj_pregovori.flv[\/flv]<\/p>\n","protected":false},"excerpt":{"rendered":"<p>Borba za ulcinjsko blago Ulcinj &#8211; Predstavnici SNP-a, Nove srpske demokratije, PzP-a, DC, Stranke penzionera i koalicije \u201eBo\u0161njaci i Muslimani- zajedno, jedno\u201c, zaklju\u010dili su ju\u010de u Ulcinji koalicioni sporazum o zajedni\u010dkom nastupu na lokalnim izborima 17. oktobra. Nosilac liste Andrija \u0106etkovi\u0107 (SNP) kazao je da je Ulcinj do sada bio prepoznat kao grad u kome [&hellip;]<\/p>\n","protected":false},"author":1,"featured_media":0,"comment_status":"open","ping_status":"closed","sticky":false,"template":"","format":"standard","meta":{"spay_email":"","jetpack_publicize_message":"","jetpack_is_tweetstorm":false,"jetpack_publicize_feature_enabled":true},"categories":[8337],"tags":[15395,19],"jetpack_publicize_connections":[],"yoast_head":"<!-- This site is optimized with the Yoast SEO plugin v19.1 - https:\/\/yoast.com\/wordpress\/plugins\/seo\/ -->\n<title>Potpisana prva koalicija u Ulcinju - Lajme nga Ulqini<\/title>\n<meta name=\"description\" content=\"Borba za ulcinjsko blago Ulcinj - Predstavnici SNP-a, Nove srpske demokratije, PzP-a, DC, Stranke penzionera i koalicije \u201eBo\u0161njaci i Muslimani- zajedno,\" \/>\n<meta name=\"robots\" content=\"index, follow, max-snippet:-1, max-image-preview:large, max-video-preview:-1\" \/>\n<link rel=\"canonical\" href=\"https:\/\/www.visit-ulcinj.com\/blog\/2010\/09\/15\/potpisana-prva-koalicija-u-ulcinju\/\" \/>\n<meta property=\"og:locale\" content=\"en_US\" \/>\n<meta property=\"og:type\" content=\"article\" \/>\n<meta property=\"og:title\" content=\"Potpisana prva koalicija u Ulcinju - Lajme nga Ulqini\" \/>\n<meta property=\"og:description\" content=\"Borba za ulcinjsko blago Ulcinj - Predstavnici SNP-a, Nove srpske demokratije, PzP-a, DC, Stranke penzionera i koalicije \u201eBo\u0161njaci i Muslimani- zajedno,\" \/>\n<meta property=\"og:url\" content=\"https:\/\/www.visit-ulcinj.com\/blog\/2010\/09\/15\/potpisana-prva-koalicija-u-ulcinju\/\" \/>\n<meta property=\"og:site_name\" content=\"Lajme nga Ulqini\" \/>\n<meta property=\"article:published_time\" content=\"2010-09-15T18:20:33+00:00\" \/>\n<meta property=\"article:modified_time\" content=\"2010-09-15T18:38:22+00:00\" \/>\n<meta property=\"og:image\" content=\"http:\/\/www.visit-ulcinj.com\/blog\/wp-content\/uploads\/2010\/08\/ZGJEDHJET_IZBORI_ULCINJ_ULQIN-2010.31.jpg\" \/>\n<meta name=\"twitter:label1\" content=\"Written by\" \/>\n\t<meta name=\"twitter:data1\" content=\"ulqini\" \/>\n\t<meta name=\"twitter:label2\" content=\"Est. reading time\" \/>\n\t<meta name=\"twitter:data2\" content=\"1 minute\" \/>\n<script type=\"application\/ld+json\" class=\"yoast-schema-graph\">{\"@context\":\"https:\/\/schema.org\",\"@graph\":[{\"@type\":\"WebSite\",\"@id\":\"https:\/\/www.visit-ulcinj.com\/blog\/#website\",\"url\":\"https:\/\/www.visit-ulcinj.com\/blog\/\",\"name\":\"Lajme nga Ulqini\",\"description\":\"Lajme,Vijesti,Ulqini,Ulqin,Crna Gora,Mali i Zi\",\"potentialAction\":[{\"@type\":\"SearchAction\",\"target\":{\"@type\":\"EntryPoint\",\"urlTemplate\":\"https:\/\/www.visit-ulcinj.com\/blog\/?s={search_term_string}\"},\"query-input\":\"required name=search_term_string\"}],\"inLanguage\":\"en-US\"},{\"@type\":\"ImageObject\",\"inLanguage\":\"en-US\",\"@id\":\"https:\/\/www.visit-ulcinj.com\/blog\/2010\/09\/15\/potpisana-prva-koalicija-u-ulcinju\/#primaryimage\",\"url\":\"https:\/\/www.visit-ulcinj.com\/blog\/wp-content\/uploads\/2010\/08\/ZGJEDHJET_IZBORI_ULCINJ_ULQIN-2010.31.jpg\",\"contentUrl\":\"https:\/\/www.visit-ulcinj.com\/blog\/wp-content\/uploads\/2010\/08\/ZGJEDHJET_IZBORI_ULCINJ_ULQIN-2010.31.jpg\",\"width\":\"945\",\"height\":\"1067\"},{\"@type\":\"WebPage\",\"@id\":\"https:\/\/www.visit-ulcinj.com\/blog\/2010\/09\/15\/potpisana-prva-koalicija-u-ulcinju\/#webpage\",\"url\":\"https:\/\/www.visit-ulcinj.com\/blog\/2010\/09\/15\/potpisana-prva-koalicija-u-ulcinju\/\",\"name\":\"Potpisana prva koalicija u Ulcinju - Lajme nga Ulqini\",\"isPartOf\":{\"@id\":\"https:\/\/www.visit-ulcinj.com\/blog\/#website\"},\"primaryImageOfPage\":{\"@id\":\"https:\/\/www.visit-ulcinj.com\/blog\/2010\/09\/15\/potpisana-prva-koalicija-u-ulcinju\/#primaryimage\"},\"datePublished\":\"2010-09-15T18:20:33+00:00\",\"dateModified\":\"2010-09-15T18:38:22+00:00\",\"author\":{\"@id\":\"https:\/\/www.visit-ulcinj.com\/blog\/#\/schema\/person\/dcab619c614d3038751c63bc2aadc06d\"},\"description\":\"Borba za ulcinjsko blago Ulcinj - Predstavnici SNP-a, Nove srpske demokratije, PzP-a, DC, Stranke penzionera i koalicije \u201eBo\u0161njaci i Muslimani- zajedno,\",\"breadcrumb\":{\"@id\":\"https:\/\/www.visit-ulcinj.com\/blog\/2010\/09\/15\/potpisana-prva-koalicija-u-ulcinju\/#breadcrumb\"},\"inLanguage\":\"en-US\",\"potentialAction\":[{\"@type\":\"ReadAction\",\"target\":[\"https:\/\/www.visit-ulcinj.com\/blog\/2010\/09\/15\/potpisana-prva-koalicija-u-ulcinju\/\"]}]},{\"@type\":\"BreadcrumbList\",\"@id\":\"https:\/\/www.visit-ulcinj.com\/blog\/2010\/09\/15\/potpisana-prva-koalicija-u-ulcinju\/#breadcrumb\",\"itemListElement\":[{\"@type\":\"ListItem\",\"position\":1,\"name\":\"Potpisana prva koalicija u Ulcinju\"}]},{\"@type\":\"Person\",\"@id\":\"https:\/\/www.visit-ulcinj.com\/blog\/#\/schema\/person\/dcab619c614d3038751c63bc2aadc06d\",\"name\":\"ulqini\",\"sameAs\":[\"http:\/\/www.visit-ulcinj.com\"],\"url\":\"https:\/\/www.visit-ulcinj.com\/blog\/author\/admin\/\"}]}<\/script>\n<!-- \/ Yoast SEO plugin. -->","yoast_head_json":{"title":"Potpisana prva koalicija u Ulcinju - Lajme nga Ulqini","description":"Borba za ulcinjsko blago Ulcinj - Predstavnici SNP-a, Nove srpske demokratije, PzP-a, DC, Stranke penzionera i koalicije \u201eBo\u0161njaci i Muslimani- zajedno,","robots":{"index":"index","follow":"follow","max-snippet":"max-snippet:-1","max-image-preview":"max-image-preview:large","max-video-preview":"max-video-preview:-1"},"canonical":"https:\/\/www.visit-ulcinj.com\/blog\/2010\/09\/15\/potpisana-prva-koalicija-u-ulcinju\/","og_locale":"en_US","og_type":"article","og_title":"Potpisana prva koalicija u Ulcinju - Lajme nga Ulqini","og_description":"Borba za ulcinjsko blago Ulcinj - Predstavnici SNP-a, Nove srpske demokratije, PzP-a, DC, Stranke penzionera i koalicije \u201eBo\u0161njaci i Muslimani- zajedno,","og_url":"https:\/\/www.visit-ulcinj.com\/blog\/2010\/09\/15\/potpisana-prva-koalicija-u-ulcinju\/","og_site_name":"Lajme nga Ulqini","article_published_time":"2010-09-15T18:20:33+00:00","article_modified_time":"2010-09-15T18:38:22+00:00","og_image":[{"url":"http:\/\/www.visit-ulcinj.com\/blog\/wp-content\/uploads\/2010\/08\/ZGJEDHJET_IZBORI_ULCINJ_ULQIN-2010.31.jpg"}],"twitter_misc":{"Written by":"ulqini","Est. reading time":"1 minute"},"schema":{"@context":"https:\/\/schema.org","@graph":[{"@type":"WebSite","@id":"https:\/\/www.visit-ulcinj.com\/blog\/#website","url":"https:\/\/www.visit-ulcinj.com\/blog\/","name":"Lajme nga Ulqini","description":"Lajme,Vijesti,Ulqini,Ulqin,Crna Gora,Mali i Zi","potentialAction":[{"@type":"SearchAction","target":{"@type":"EntryPoint","urlTemplate":"https:\/\/www.visit-ulcinj.com\/blog\/?s={search_term_string}"},"query-input":"required name=search_term_string"}],"inLanguage":"en-US"},{"@type":"ImageObject","inLanguage":"en-US","@id":"https:\/\/www.visit-ulcinj.com\/blog\/2010\/09\/15\/potpisana-prva-koalicija-u-ulcinju\/#primaryimage","url":"https:\/\/www.visit-ulcinj.com\/blog\/wp-content\/uploads\/2010\/08\/ZGJEDHJET_IZBORI_ULCINJ_ULQIN-2010.31.jpg","contentUrl":"https:\/\/www.visit-ulcinj.com\/blog\/wp-content\/uploads\/2010\/08\/ZGJEDHJET_IZBORI_ULCINJ_ULQIN-2010.31.jpg","width":"945","height":"1067"},{"@type":"WebPage","@id":"https:\/\/www.visit-ulcinj.com\/blog\/2010\/09\/15\/potpisana-prva-koalicija-u-ulcinju\/#webpage","url":"https:\/\/www.visit-ulcinj.com\/blog\/2010\/09\/15\/potpisana-prva-koalicija-u-ulcinju\/","name":"Potpisana prva koalicija u Ulcinju - Lajme nga Ulqini","isPartOf":{"@id":"https:\/\/www.visit-ulcinj.com\/blog\/#website"},"primaryImageOfPage":{"@id":"https:\/\/www.visit-ulcinj.com\/blog\/2010\/09\/15\/potpisana-prva-koalicija-u-ulcinju\/#primaryimage"},"datePublished":"2010-09-15T18:20:33+00:00","dateModified":"2010-09-15T18:38:22+00:00","author":{"@id":"https:\/\/www.visit-ulcinj.com\/blog\/#\/schema\/person\/dcab619c614d3038751c63bc2aadc06d"},"description":"Borba za ulcinjsko blago Ulcinj - Predstavnici SNP-a, Nove srpske demokratije, PzP-a, DC, Stranke penzionera i koalicije \u201eBo\u0161njaci i Muslimani- zajedno,","breadcrumb":{"@id":"https:\/\/www.visit-ulcinj.com\/blog\/2010\/09\/15\/potpisana-prva-koalicija-u-ulcinju\/#breadcrumb"},"inLanguage":"en-US","potentialAction":[{"@type":"ReadAction","target":["https:\/\/www.visit-ulcinj.com\/blog\/2010\/09\/15\/potpisana-prva-koalicija-u-ulcinju\/"]}]},{"@type":"BreadcrumbList","@id":"https:\/\/www.visit-ulcinj.com\/blog\/2010\/09\/15\/potpisana-prva-koalicija-u-ulcinju\/#breadcrumb","itemListElement":[{"@type":"ListItem","position":1,"name":"Potpisana prva koalicija u Ulcinju"}]},{"@type":"Person","@id":"https:\/\/www.visit-ulcinj.com\/blog\/#\/schema\/person\/dcab619c614d3038751c63bc2aadc06d","name":"ulqini","sameAs":["http:\/\/www.visit-ulcinj.com"],"url":"https:\/\/www.visit-ulcinj.com\/blog\/author\/admin\/"}]}},"jetpack_featured_media_url":"","jetpack_sharing_enabled":true,"jetpack_shortlink":"https:\/\/wp.me\/pe6lTn-9I7","_links":{"self":[{"href":"https:\/\/www.visit-ulcinj.com\/blog\/wp-json\/wp\/v2\/posts\/37331"}],"collection":[{"href":"https:\/\/www.visit-ulcinj.com\/blog\/wp-json\/wp\/v2\/posts"}],"about":[{"href":"https:\/\/www.visit-ulcinj.com\/blog\/wp-json\/wp\/v2\/types\/post"}],"author":[{"embeddable":true,"href":"https:\/\/www.visit-ulcinj.com\/blog\/wp-json\/wp\/v2\/users\/1"}],"replies":[{"embeddable":true,"href":"https:\/\/www.visit-ulcinj.com\/blog\/wp-json\/wp\/v2\/comments?post=37331"}],"version-history":[{"count":0,"href":"https:\/\/www.visit-ulcinj.com\/blog\/wp-json\/wp\/v2\/posts\/37331\/revisions"}],"wp:attachment":[{"href":"https:\/\/www.visit-ulcinj.com\/blog\/wp-json\/wp\/v2\/media?parent=37331"}],"wp:term":[{"taxonomy":"category","embeddable":true,"href":"https:\/\/www.visit-ulcinj.com\/blog\/wp-json\/wp\/v2\/categories?post=37331"},{"taxonomy":"post_tag","embeddable":true,"href":"https:\/\/www.visit-ulcinj.com\/blog\/wp-json\/wp\/v2\/tags?post=37331"}],"curies":[{"name":"wp","href":"https:\/\/api.w.org\/{rel}","templated":true}]}}