{"id":37359,"date":"2010-09-16T11:46:45","date_gmt":"2010-09-16T09:46:45","guid":{"rendered":"http:\/\/www.visit-ulcinj.com\/blog\/?p=37359"},"modified":"2010-09-16T11:51:10","modified_gmt":"2010-09-16T09:51:10","slug":"ulcinj-tortenete","status":"publish","type":"post","link":"https:\/\/www.visit-ulcinj.com\/blog\/2010\/09\/16\/ulcinj-tortenete\/","title":{"rendered":"Ulcinj T\u00f6rt\u00e9nete"},"content":{"rendered":"<p><a href=\"http:\/\/www.visit-ulcinj.com\/blog\/wp-content\/uploads\/2010\/09\/Ulcinj-T\u00f6rt\u00e9nete.jpg\"><img loading=\"lazy\" class=\"alignleft size-full wp-image-37360\" title=\"Ulcinj T\u00f6rt\u00e9nete\" src=\"http:\/\/www.visit-ulcinj.com\/blog\/wp-content\/uploads\/2010\/09\/Ulcinj-T\u00f6rt\u00e9nete.jpg\" alt=\"\" width=\"490\" height=\"380\" \/><\/a>Ulcinj v\u00e1ros\u00e1t az id\u0151sz\u00e1m\u00edt\u00e1s el\u0151tti sz\u00e1zadokban kolchiszi g\u00f6r\u00f6g\u00f6k alap\u00edtott\u00e1k. A g\u00f6r\u00f6g alap\u00edt\u00e1s\u00fa v\u00e1rost azonban a 444. \u00e9vi f\u00f6ldreng\u00e9s idej\u00e9n a tenger hull\u00e1mai nyelt\u00e9k el.<\/p>\n<p>A mai v\u00e1ros a biz\u00e1nci id\u0151kben \u00e9p\u00fclt. A v\u00e1ros a Nemanjid\u00e1k, k\u00e9s\u0151bb a zetai (Crna Gora-i) Balsicok, majd a velenceiek \u00e9s a t\u00f6r\u00f6k\u00f6k uralma ut\u00e1n 1878-ban ker\u00fclt Montenegr\u00f3hoz (Crna Gor\u00e1hoz).<\/p>\n<p><a href=\"http:\/\/www.visit-ulcinj.com\/blog\/wp-content\/uploads\/2010\/09\/Ulcinj-T\u00f6rt\u00e9nete.2.jpg\"><img loading=\"lazy\" class=\"alignleft size-medium wp-image-37361\" title=\"Ulcinj T\u00f6rt\u00e9nete.2\" src=\"http:\/\/www.visit-ulcinj.com\/blog\/wp-content\/uploads\/2010\/09\/Ulcinj-T\u00f6rt\u00e9nete.2-300x210.jpg\" alt=\"\" width=\"300\" height=\"210\" srcset=\"https:\/\/www.visit-ulcinj.com\/blog\/wp-content\/uploads\/2010\/09\/Ulcinj-T\u00f6rt\u00e9nete.2-300x210.jpg 300w, https:\/\/www.visit-ulcinj.com\/blog\/wp-content\/uploads\/2010\/09\/Ulcinj-T\u00f6rt\u00e9nete.2.jpg 604w\" sizes=\"(max-width: 300px) 100vw, 300px\" \/><\/a>1571-t\u0151l kezdve Ulcinj a t\u00f6r\u00f6k\u00f6k \u00e1ltal idetelep\u00edtett alg\u00edri kal\u00f3zok j\u00f3volt\u00e1b\u00f3l az Adria legrettegettebb kal\u00f3zf\u00e9szke volt, a h\u00edres Ulus Ali vez\u00e9rlet\u00e9vel, aki 600 f\u0151s kal\u00f3zcsapat\u00e1val puszt\u00edtotta az Adria partjait. Zs\u00e1km\u00e1nnyal, rabszolg\u00e1kkal megrakott haj\u00f3i ide futottak be, s az itteni rabszolgapiacon adt\u00e1k el a magukkal hurcolt rabszolg\u00e1kat. A kal\u00f3zk\u00f6zpont bevehetetlens\u00e9g\u00e9t az is bizony\u00edtja, hogy m\u00e9g Velenc\u00e9nek sem siker\u00fclt kif\u00fcst\u00f6lnie innen \u0151ket, s\u0151t a XVII. sz\u00e1zad v\u00e9g\u00e9n ellen\u00fck ind\u00edtott hadj\u00e1rat sor\u00e1n a velenceiekt\u0151l zs\u00e1km\u00e1nyolt hadip\u00e9nzt\u00e1r aranyaib\u00f3l \u00e9p\u00edttette fel Sinan pasa a r\u00f3la elnevezett pasa dzs\u00e1mit (Pasino) is.<\/p>\n<p>A v\u00e1ros keleti kevert n\u00e9pess\u00e9g\u0171 lak\u00f3i teszik sz\u00edness\u00e9, hangulatoss\u00e1 a v\u00e1ros forgatag\u00e1t. A lakoss\u00e1g ugyanis n\u00e9prajzilag el\u00e9gg\u00e9 kevert; crnogorcok, t\u00f6r\u00f6k\u00f6k, alb\u00e1nok lakj\u00e1k, s\u0151t sok\u00e1ig kisebb n\u00e9ger kol\u00f3nia is \u00e9lt itt, akik nem rabszolgak\u00e9nt ker\u00fcltek ide, hanem a hagyom\u00e1ny szerint m\u00e9g a XIX. sz\u00e1zad-ban Selim Surle ulcinji haj\u00f3skapit\u00e1ny telep\u00edtette le \u0151ket a v\u00e1rosba.<\/p>\n<p>A r\u00e9gi kal\u00f3zv\u00e1rnak m\u00e1ra csak a romjai maradtak, melyek a kik\u00f6t\u0151 f\u00f6l\u00f6tti magaslaton meredeznek. Falait az 1878. \u00e9vi felszabad\u00edt\u00f3 harcok sor\u00e1n rombolt\u00e1k le.<\/p>\n<p><a href=\"http:\/\/www.visit-ulcinj.com\/blog\/wp-content\/uploads\/2010\/09\/Ulcinj-T\u00f6rt\u00e9nete.1.jpg\"><img loading=\"lazy\" class=\"alignleft size-medium wp-image-37362\" title=\"Ulcinj T\u00f6rt\u00e9nete.1\" src=\"http:\/\/www.visit-ulcinj.com\/blog\/wp-content\/uploads\/2010\/09\/Ulcinj-T\u00f6rt\u00e9nete.1-300x199.jpg\" alt=\"\" width=\"300\" height=\"199\" srcset=\"https:\/\/www.visit-ulcinj.com\/blog\/wp-content\/uploads\/2010\/09\/Ulcinj-T\u00f6rt\u00e9nete.1-300x199.jpg 300w, https:\/\/www.visit-ulcinj.com\/blog\/wp-content\/uploads\/2010\/09\/Ulcinj-T\u00f6rt\u00e9nete.1.jpg 604w\" sizes=\"(max-width: 300px) 100vw, 300px\" \/><\/a>A k\u00f6rny\u00e9k magyar vonatkoz\u00e1s\u00fa \u00e9rdekess\u00e9ge az egykori rabszolgav\u00e1s\u00e1r\u00e1r\u00f3l h\u00edres Ulcinj mellett fekv\u0151 kicsi Madzari (Magyarok) nev\u0171 falucska, amelyet tal\u00e1n m\u00e9g a t\u00f6r\u00f6k id\u0151kben Magyarorsz\u00e1gr\u00f3l elhurcolt egykori magyarok lesz\u00e1rmazottai laknak.<\/p>\n<p>A v\u00e1rosk\u00e1t enyhe kl\u00edm\u00e1ja, hossz\u00fa homokos strandja, sz\u00e1llodasorai \u00e9s keleties hangulat\u00fa piaca, \u00e9s a n\u00e9pviseletek, n\u00e9pszok\u00e1sok k\u00fcl\u00f6n\u00f6s kevered\u00e9se teszi hangulatoss\u00e1.<\/p>\n<p><strong><a href=\"http:\/\/hu.wikipedia.org\/wiki\/Ulcinj\" target=\"_blank\">wikipedia.org\/Ulcinj<br \/>\n<\/a><\/strong><!--YouTube Error: bad URL entered--><\/p>\n","protected":false},"excerpt":{"rendered":"<p>Ulcinj v\u00e1ros\u00e1t az id\u0151sz\u00e1m\u00edt\u00e1s el\u0151tti sz\u00e1zadokban kolchiszi g\u00f6r\u00f6g\u00f6k alap\u00edtott\u00e1k. A g\u00f6r\u00f6g alap\u00edt\u00e1s\u00fa v\u00e1rost azonban a 444. \u00e9vi f\u00f6ldreng\u00e9s idej\u00e9n a tenger hull\u00e1mai nyelt\u00e9k el. A mai v\u00e1ros a biz\u00e1nci id\u0151kben \u00e9p\u00fclt. A v\u00e1ros a Nemanjid\u00e1k, k\u00e9s\u0151bb a zetai (Crna Gora-i) Balsicok, majd a velenceiek \u00e9s a t\u00f6r\u00f6k\u00f6k uralma ut\u00e1n 1878-ban ker\u00fclt Montenegr\u00f3hoz (Crna Gor\u00e1hoz). 1571-t\u0151l [&hellip;]<\/p>\n","protected":false},"author":1,"featured_media":0,"comment_status":"open","ping_status":"closed","sticky":false,"template":"","format":"standard","meta":{"spay_email":"","jetpack_publicize_message":"","jetpack_is_tweetstorm":false,"jetpack_publicize_feature_enabled":true},"categories":[7],"tags":[15396],"jetpack_publicize_connections":[],"yoast_head":"<!-- This site is optimized with the Yoast SEO plugin v19.1 - https:\/\/yoast.com\/wordpress\/plugins\/seo\/ -->\n<title>Ulcinj T\u00f6rt\u00e9nete - Lajme nga Ulqini<\/title>\n<meta name=\"description\" content=\"Ulcinj v\u00e1ros\u00e1t az id\u0151sz\u00e1m\u00edt\u00e1s el\u0151tti sz\u00e1zadokban kolchiszi g\u00f6r\u00f6g\u00f6k alap\u00edtott\u00e1k. A g\u00f6r\u00f6g alap\u00edt\u00e1s\u00fa v\u00e1rost azonban a 444. \u00e9vi f\u00f6ldreng\u00e9s idej\u00e9n a tenger\" \/>\n<meta name=\"robots\" content=\"index, follow, max-snippet:-1, max-image-preview:large, max-video-preview:-1\" \/>\n<link rel=\"canonical\" href=\"https:\/\/www.visit-ulcinj.com\/blog\/2010\/09\/16\/ulcinj-tortenete\/\" \/>\n<meta property=\"og:locale\" content=\"en_US\" \/>\n<meta property=\"og:type\" content=\"article\" \/>\n<meta property=\"og:title\" content=\"Ulcinj T\u00f6rt\u00e9nete - Lajme nga Ulqini\" \/>\n<meta property=\"og:description\" content=\"Ulcinj v\u00e1ros\u00e1t az id\u0151sz\u00e1m\u00edt\u00e1s el\u0151tti sz\u00e1zadokban kolchiszi g\u00f6r\u00f6g\u00f6k alap\u00edtott\u00e1k. A g\u00f6r\u00f6g alap\u00edt\u00e1s\u00fa v\u00e1rost azonban a 444. \u00e9vi f\u00f6ldreng\u00e9s idej\u00e9n a tenger\" \/>\n<meta property=\"og:url\" content=\"https:\/\/www.visit-ulcinj.com\/blog\/2010\/09\/16\/ulcinj-tortenete\/\" \/>\n<meta property=\"og:site_name\" content=\"Lajme nga Ulqini\" \/>\n<meta property=\"article:published_time\" content=\"2010-09-16T09:46:45+00:00\" \/>\n<meta property=\"article:modified_time\" content=\"2010-09-16T09:51:10+00:00\" \/>\n<meta name=\"twitter:label1\" content=\"Written by\" \/>\n\t<meta name=\"twitter:data1\" content=\"ulqini\" \/>\n\t<meta name=\"twitter:label2\" content=\"Est. reading time\" \/>\n\t<meta name=\"twitter:data2\" content=\"2 minutes\" \/>\n<script type=\"application\/ld+json\" class=\"yoast-schema-graph\">{\"@context\":\"https:\/\/schema.org\",\"@graph\":[{\"@type\":\"WebSite\",\"@id\":\"https:\/\/www.visit-ulcinj.com\/blog\/#website\",\"url\":\"https:\/\/www.visit-ulcinj.com\/blog\/\",\"name\":\"Lajme nga Ulqini\",\"description\":\"Lajme,Vijesti,Ulqini,Ulqin,Crna Gora,Mali i Zi\",\"potentialAction\":[{\"@type\":\"SearchAction\",\"target\":{\"@type\":\"EntryPoint\",\"urlTemplate\":\"https:\/\/www.visit-ulcinj.com\/blog\/?s={search_term_string}\"},\"query-input\":\"required name=search_term_string\"}],\"inLanguage\":\"en-US\"},{\"@type\":\"WebPage\",\"@id\":\"https:\/\/www.visit-ulcinj.com\/blog\/2010\/09\/16\/ulcinj-tortenete\/#webpage\",\"url\":\"https:\/\/www.visit-ulcinj.com\/blog\/2010\/09\/16\/ulcinj-tortenete\/\",\"name\":\"Ulcinj T\u00f6rt\u00e9nete - Lajme nga Ulqini\",\"isPartOf\":{\"@id\":\"https:\/\/www.visit-ulcinj.com\/blog\/#website\"},\"datePublished\":\"2010-09-16T09:46:45+00:00\",\"dateModified\":\"2010-09-16T09:51:10+00:00\",\"author\":{\"@id\":\"https:\/\/www.visit-ulcinj.com\/blog\/#\/schema\/person\/dcab619c614d3038751c63bc2aadc06d\"},\"description\":\"Ulcinj v\u00e1ros\u00e1t az id\u0151sz\u00e1m\u00edt\u00e1s el\u0151tti sz\u00e1zadokban kolchiszi g\u00f6r\u00f6g\u00f6k alap\u00edtott\u00e1k. A g\u00f6r\u00f6g alap\u00edt\u00e1s\u00fa v\u00e1rost azonban a 444. \u00e9vi f\u00f6ldreng\u00e9s idej\u00e9n a tenger\",\"breadcrumb\":{\"@id\":\"https:\/\/www.visit-ulcinj.com\/blog\/2010\/09\/16\/ulcinj-tortenete\/#breadcrumb\"},\"inLanguage\":\"en-US\",\"potentialAction\":[{\"@type\":\"ReadAction\",\"target\":[\"https:\/\/www.visit-ulcinj.com\/blog\/2010\/09\/16\/ulcinj-tortenete\/\"]}]},{\"@type\":\"BreadcrumbList\",\"@id\":\"https:\/\/www.visit-ulcinj.com\/blog\/2010\/09\/16\/ulcinj-tortenete\/#breadcrumb\",\"itemListElement\":[{\"@type\":\"ListItem\",\"position\":1,\"name\":\"Ulcinj T\u00f6rt\u00e9nete\"}]},{\"@type\":\"Person\",\"@id\":\"https:\/\/www.visit-ulcinj.com\/blog\/#\/schema\/person\/dcab619c614d3038751c63bc2aadc06d\",\"name\":\"ulqini\",\"sameAs\":[\"http:\/\/www.visit-ulcinj.com\"],\"url\":\"https:\/\/www.visit-ulcinj.com\/blog\/author\/admin\/\"}]}<\/script>\n<!-- \/ Yoast SEO plugin. -->","yoast_head_json":{"title":"Ulcinj T\u00f6rt\u00e9nete - Lajme nga Ulqini","description":"Ulcinj v\u00e1ros\u00e1t az id\u0151sz\u00e1m\u00edt\u00e1s el\u0151tti sz\u00e1zadokban kolchiszi g\u00f6r\u00f6g\u00f6k alap\u00edtott\u00e1k. A g\u00f6r\u00f6g alap\u00edt\u00e1s\u00fa v\u00e1rost azonban a 444. \u00e9vi f\u00f6ldreng\u00e9s idej\u00e9n a tenger","robots":{"index":"index","follow":"follow","max-snippet":"max-snippet:-1","max-image-preview":"max-image-preview:large","max-video-preview":"max-video-preview:-1"},"canonical":"https:\/\/www.visit-ulcinj.com\/blog\/2010\/09\/16\/ulcinj-tortenete\/","og_locale":"en_US","og_type":"article","og_title":"Ulcinj T\u00f6rt\u00e9nete - Lajme nga Ulqini","og_description":"Ulcinj v\u00e1ros\u00e1t az id\u0151sz\u00e1m\u00edt\u00e1s el\u0151tti sz\u00e1zadokban kolchiszi g\u00f6r\u00f6g\u00f6k alap\u00edtott\u00e1k. A g\u00f6r\u00f6g alap\u00edt\u00e1s\u00fa v\u00e1rost azonban a 444. \u00e9vi f\u00f6ldreng\u00e9s idej\u00e9n a tenger","og_url":"https:\/\/www.visit-ulcinj.com\/blog\/2010\/09\/16\/ulcinj-tortenete\/","og_site_name":"Lajme nga Ulqini","article_published_time":"2010-09-16T09:46:45+00:00","article_modified_time":"2010-09-16T09:51:10+00:00","twitter_misc":{"Written by":"ulqini","Est. reading time":"2 minutes"},"schema":{"@context":"https:\/\/schema.org","@graph":[{"@type":"WebSite","@id":"https:\/\/www.visit-ulcinj.com\/blog\/#website","url":"https:\/\/www.visit-ulcinj.com\/blog\/","name":"Lajme nga Ulqini","description":"Lajme,Vijesti,Ulqini,Ulqin,Crna Gora,Mali i Zi","potentialAction":[{"@type":"SearchAction","target":{"@type":"EntryPoint","urlTemplate":"https:\/\/www.visit-ulcinj.com\/blog\/?s={search_term_string}"},"query-input":"required name=search_term_string"}],"inLanguage":"en-US"},{"@type":"WebPage","@id":"https:\/\/www.visit-ulcinj.com\/blog\/2010\/09\/16\/ulcinj-tortenete\/#webpage","url":"https:\/\/www.visit-ulcinj.com\/blog\/2010\/09\/16\/ulcinj-tortenete\/","name":"Ulcinj T\u00f6rt\u00e9nete - Lajme nga Ulqini","isPartOf":{"@id":"https:\/\/www.visit-ulcinj.com\/blog\/#website"},"datePublished":"2010-09-16T09:46:45+00:00","dateModified":"2010-09-16T09:51:10+00:00","author":{"@id":"https:\/\/www.visit-ulcinj.com\/blog\/#\/schema\/person\/dcab619c614d3038751c63bc2aadc06d"},"description":"Ulcinj v\u00e1ros\u00e1t az id\u0151sz\u00e1m\u00edt\u00e1s el\u0151tti sz\u00e1zadokban kolchiszi g\u00f6r\u00f6g\u00f6k alap\u00edtott\u00e1k. A g\u00f6r\u00f6g alap\u00edt\u00e1s\u00fa v\u00e1rost azonban a 444. \u00e9vi f\u00f6ldreng\u00e9s idej\u00e9n a tenger","breadcrumb":{"@id":"https:\/\/www.visit-ulcinj.com\/blog\/2010\/09\/16\/ulcinj-tortenete\/#breadcrumb"},"inLanguage":"en-US","potentialAction":[{"@type":"ReadAction","target":["https:\/\/www.visit-ulcinj.com\/blog\/2010\/09\/16\/ulcinj-tortenete\/"]}]},{"@type":"BreadcrumbList","@id":"https:\/\/www.visit-ulcinj.com\/blog\/2010\/09\/16\/ulcinj-tortenete\/#breadcrumb","itemListElement":[{"@type":"ListItem","position":1,"name":"Ulcinj T\u00f6rt\u00e9nete"}]},{"@type":"Person","@id":"https:\/\/www.visit-ulcinj.com\/blog\/#\/schema\/person\/dcab619c614d3038751c63bc2aadc06d","name":"ulqini","sameAs":["http:\/\/www.visit-ulcinj.com"],"url":"https:\/\/www.visit-ulcinj.com\/blog\/author\/admin\/"}]}},"jetpack_featured_media_url":"","jetpack_sharing_enabled":true,"jetpack_shortlink":"https:\/\/wp.me\/pe6lTn-9Iz","_links":{"self":[{"href":"https:\/\/www.visit-ulcinj.com\/blog\/wp-json\/wp\/v2\/posts\/37359"}],"collection":[{"href":"https:\/\/www.visit-ulcinj.com\/blog\/wp-json\/wp\/v2\/posts"}],"about":[{"href":"https:\/\/www.visit-ulcinj.com\/blog\/wp-json\/wp\/v2\/types\/post"}],"author":[{"embeddable":true,"href":"https:\/\/www.visit-ulcinj.com\/blog\/wp-json\/wp\/v2\/users\/1"}],"replies":[{"embeddable":true,"href":"https:\/\/www.visit-ulcinj.com\/blog\/wp-json\/wp\/v2\/comments?post=37359"}],"version-history":[{"count":0,"href":"https:\/\/www.visit-ulcinj.com\/blog\/wp-json\/wp\/v2\/posts\/37359\/revisions"}],"wp:attachment":[{"href":"https:\/\/www.visit-ulcinj.com\/blog\/wp-json\/wp\/v2\/media?parent=37359"}],"wp:term":[{"taxonomy":"category","embeddable":true,"href":"https:\/\/www.visit-ulcinj.com\/blog\/wp-json\/wp\/v2\/categories?post=37359"},{"taxonomy":"post_tag","embeddable":true,"href":"https:\/\/www.visit-ulcinj.com\/blog\/wp-json\/wp\/v2\/tags?post=37359"}],"curies":[{"name":"wp","href":"https:\/\/api.w.org\/{rel}","templated":true}]}}