{"id":37377,"date":"2010-09-16T20:14:39","date_gmt":"2010-09-16T18:14:39","guid":{"rendered":"http:\/\/www.visit-ulcinj.com\/blog\/?p=37377"},"modified":"2010-09-18T17:20:30","modified_gmt":"2010-09-18T15:20:30","slug":"shkreli-pushteti-ne-ulqin-vetem-ne-bashkeqeverisje","status":"publish","type":"post","link":"https:\/\/www.visit-ulcinj.com\/blog\/2010\/09\/16\/shkreli-pushteti-ne-ulqin-vetem-ne-bashkeqeverisje\/","title":{"rendered":"Shkreli: Pushteti n\u00eb Ulqin vet\u00ebm n\u00eb bashk\u00ebqeverisje"},"content":{"rendered":"<p><a href=\"http:\/\/www.visit-ulcinj.com\/blog\/wp-content\/uploads\/2010\/09\/Luigj-Shkreli.jpg\"><img loading=\"lazy\" class=\"alignleft size-full wp-image-37378\" title=\"Luigj Shkreli\" src=\"http:\/\/www.visit-ulcinj.com\/blog\/wp-content\/uploads\/2010\/09\/Luigj-Shkreli.jpg\" alt=\"\" width=\"320\" height=\"520\" \/><\/a>Ulqin, 16 shtator &#8211; Partit\u00eb politike relevante n\u00eb Ulqin, t\u00eb cilat pretendojn\u00eb t\u00eb marrin pjes\u00eb n\u00eb zgjedhjet e parakohshme lokale m\u00eb 17 tetor, pohojn\u00eb se n\u00eb k\u00ebto zgjedhje asnj\u00eb parti nuk do t\u00eb arrij\u00eb t\u00eb marr\u00eb vet\u00ebm pushtetin vendor.<\/p>\n<p>Kryetari i K\u00ebshillit Komunal t\u00eb Partis\u00eb Demokratike t\u00eb Socialist\u00ebve (PDS) n\u00eb pushtet, Luigj Shkreli pranon se as partia e tij nuk mund t\u00eb marr\u00eb pushtetin absolut n\u00eb Ulqin pa hyr\u00eb n\u00eb koalicion, raporton KosovaLive.<\/p>\n<p>\u201cNe n\u00eb nivelin lokal tash disa vjet jemi partner\u00eb me Unionin Demokratik t\u00eb Shqiptar\u00ebve. Me vendimin q\u00eb PDS t\u00eb dal\u00eb vet\u00ebm n\u00eb zgjedhjet n\u00eb Ulqin, nuk do t\u00eb thot\u00eb edhe shp\u00ebrb\u00ebrje e koalicionit me ask\u00ebnd\u201d, thot\u00eb Shkreli.<\/p>\n<p>Ai nuk anashkalon asnj\u00eb parti me opsion t\u00eb njejt\u00eb p\u00ebr bashk\u00ebrenditje p\u00ebr t\u00eb stabilizuar sken\u00ebn politike n\u00eb Ulqin dhe valorizimin e t\u00eb gjitha potenciale natyrore, sidomos t\u00eb Plazhit t\u00eb Madh, t\u00eb Gryk\u00ebs s\u00eb lumit Buna dhe ishullit Ada.<\/p>\n<p>Shkreli, i cili nga viti 2006 kryeson koalicionin \u201cP\u00ebr Ulqinin evropian\u201d q\u00eb ushtron pushtetin lokal, pranon se infrastruktura rrugore nuk \u00ebsht\u00eb n\u00eb nivelin q\u00eb meriton Ulqini, duke e ditur se gjat\u00eb stin\u00ebs s\u00eb ver\u00ebs pushojn\u00eb deri n\u00eb 120 mij\u00eb turist\u00eb ditor.<\/p>\n<p>Partit\u00eb opozitare shqiptare q\u00eb kryesohen nga Forca e Re Demokratike nuk japin asnj\u00eb t\u00eb dh\u00ebn\u00eb lidhur me negociatat e filluara n\u00eb Shkod\u00ebr rreth koalicionit eventual p\u00ebr zgjedhjet e ardhshme lokale t\u00eb 17 tetorit.<\/p>\n<p>Karshi tyre, shtat\u00eb partit\u00eb proserbe dhe nj\u00eb myslimane kan\u00eb n\u00ebnshkruar marr\u00ebveshje p\u00ebr t\u00eb dal\u00eb me nj\u00eb list\u00eb \u201cp\u00ebr t\u00eb p\u00ebrmbysur pushtetin lokal n\u00eb Ulqin.\u201d<\/p>\n<p><strong>KOHA NET<\/strong><\/p>\n","protected":false},"excerpt":{"rendered":"<p>Ulqin, 16 shtator &#8211; Partit\u00eb politike relevante n\u00eb Ulqin, t\u00eb cilat pretendojn\u00eb t\u00eb marrin pjes\u00eb n\u00eb zgjedhjet e parakohshme lokale m\u00eb 17 tetor, pohojn\u00eb se n\u00eb k\u00ebto zgjedhje asnj\u00eb parti nuk do t\u00eb arrij\u00eb t\u00eb marr\u00eb vet\u00ebm pushtetin vendor. Kryetari i K\u00ebshillit Komunal t\u00eb Partis\u00eb Demokratike t\u00eb Socialist\u00ebve (PDS) n\u00eb pushtet, Luigj Shkreli pranon se [&hellip;]<\/p>\n","protected":false},"author":1,"featured_media":0,"comment_status":"open","ping_status":"closed","sticky":false,"template":"","format":"standard","meta":{"spay_email":"","jetpack_publicize_message":"","jetpack_is_tweetstorm":false,"jetpack_publicize_feature_enabled":true},"categories":[12],"tags":[729,15400,5891,200,18],"jetpack_publicize_connections":[],"yoast_head":"<!-- This site is optimized with the Yoast SEO plugin v19.1 - https:\/\/yoast.com\/wordpress\/plugins\/seo\/ -->\n<title>Shkreli: Pushteti n\u00eb Ulqin vet\u00ebm n\u00eb bashk\u00ebqeverisje - Lajme nga Ulqini<\/title>\n<meta name=\"description\" content=\"Ulqin, 16 shtator - Partit\u00eb politike relevante n\u00eb Ulqin, t\u00eb cilat pretendojn\u00eb t\u00eb marrin pjes\u00eb n\u00eb zgjedhjet e parakohshme lokale m\u00eb 17 tetor, pohojn\u00eb se n\u00eb\" \/>\n<meta name=\"robots\" content=\"index, follow, max-snippet:-1, max-image-preview:large, max-video-preview:-1\" \/>\n<link rel=\"canonical\" href=\"https:\/\/www.visit-ulcinj.com\/blog\/2010\/09\/16\/shkreli-pushteti-ne-ulqin-vetem-ne-bashkeqeverisje\/\" \/>\n<meta property=\"og:locale\" content=\"en_US\" \/>\n<meta property=\"og:type\" content=\"article\" \/>\n<meta property=\"og:title\" content=\"Shkreli: Pushteti n\u00eb Ulqin vet\u00ebm n\u00eb bashk\u00ebqeverisje - Lajme nga Ulqini\" \/>\n<meta property=\"og:description\" content=\"Ulqin, 16 shtator - Partit\u00eb politike relevante n\u00eb Ulqin, t\u00eb cilat pretendojn\u00eb t\u00eb marrin pjes\u00eb n\u00eb zgjedhjet e parakohshme lokale m\u00eb 17 tetor, pohojn\u00eb se n\u00eb\" \/>\n<meta property=\"og:url\" content=\"https:\/\/www.visit-ulcinj.com\/blog\/2010\/09\/16\/shkreli-pushteti-ne-ulqin-vetem-ne-bashkeqeverisje\/\" \/>\n<meta property=\"og:site_name\" content=\"Lajme nga Ulqini\" \/>\n<meta property=\"article:published_time\" content=\"2010-09-16T18:14:39+00:00\" \/>\n<meta property=\"article:modified_time\" content=\"2010-09-18T15:20:30+00:00\" \/>\n<meta property=\"og:image\" content=\"http:\/\/www.visit-ulcinj.com\/blog\/wp-content\/uploads\/2010\/09\/Luigj-Shkreli.jpg\" \/>\n<meta name=\"twitter:label1\" content=\"Written by\" \/>\n\t<meta name=\"twitter:data1\" content=\"ulqini\" \/>\n\t<meta name=\"twitter:label2\" content=\"Est. reading time\" \/>\n\t<meta name=\"twitter:data2\" content=\"1 minute\" \/>\n<script type=\"application\/ld+json\" class=\"yoast-schema-graph\">{\"@context\":\"https:\/\/schema.org\",\"@graph\":[{\"@type\":\"WebSite\",\"@id\":\"https:\/\/www.visit-ulcinj.com\/blog\/#website\",\"url\":\"https:\/\/www.visit-ulcinj.com\/blog\/\",\"name\":\"Lajme nga Ulqini\",\"description\":\"Lajme,Vijesti,Ulqini,Ulqin,Crna Gora,Mali i Zi\",\"potentialAction\":[{\"@type\":\"SearchAction\",\"target\":{\"@type\":\"EntryPoint\",\"urlTemplate\":\"https:\/\/www.visit-ulcinj.com\/blog\/?s={search_term_string}\"},\"query-input\":\"required name=search_term_string\"}],\"inLanguage\":\"en-US\"},{\"@type\":\"ImageObject\",\"inLanguage\":\"en-US\",\"@id\":\"https:\/\/www.visit-ulcinj.com\/blog\/2010\/09\/16\/shkreli-pushteti-ne-ulqin-vetem-ne-bashkeqeverisje\/#primaryimage\",\"url\":\"https:\/\/www.visit-ulcinj.com\/blog\/wp-content\/uploads\/2010\/09\/Luigj-Shkreli.jpg\",\"contentUrl\":\"https:\/\/www.visit-ulcinj.com\/blog\/wp-content\/uploads\/2010\/09\/Luigj-Shkreli.jpg\",\"width\":\"540\",\"height\":\"720\"},{\"@type\":\"WebPage\",\"@id\":\"https:\/\/www.visit-ulcinj.com\/blog\/2010\/09\/16\/shkreli-pushteti-ne-ulqin-vetem-ne-bashkeqeverisje\/#webpage\",\"url\":\"https:\/\/www.visit-ulcinj.com\/blog\/2010\/09\/16\/shkreli-pushteti-ne-ulqin-vetem-ne-bashkeqeverisje\/\",\"name\":\"Shkreli: Pushteti n\u00eb Ulqin vet\u00ebm n\u00eb bashk\u00ebqeverisje - Lajme nga Ulqini\",\"isPartOf\":{\"@id\":\"https:\/\/www.visit-ulcinj.com\/blog\/#website\"},\"primaryImageOfPage\":{\"@id\":\"https:\/\/www.visit-ulcinj.com\/blog\/2010\/09\/16\/shkreli-pushteti-ne-ulqin-vetem-ne-bashkeqeverisje\/#primaryimage\"},\"datePublished\":\"2010-09-16T18:14:39+00:00\",\"dateModified\":\"2010-09-18T15:20:30+00:00\",\"author\":{\"@id\":\"https:\/\/www.visit-ulcinj.com\/blog\/#\/schema\/person\/dcab619c614d3038751c63bc2aadc06d\"},\"description\":\"Ulqin, 16 shtator - Partit\u00eb politike relevante n\u00eb Ulqin, t\u00eb cilat pretendojn\u00eb t\u00eb marrin pjes\u00eb n\u00eb zgjedhjet e parakohshme lokale m\u00eb 17 tetor, pohojn\u00eb se n\u00eb\",\"breadcrumb\":{\"@id\":\"https:\/\/www.visit-ulcinj.com\/blog\/2010\/09\/16\/shkreli-pushteti-ne-ulqin-vetem-ne-bashkeqeverisje\/#breadcrumb\"},\"inLanguage\":\"en-US\",\"potentialAction\":[{\"@type\":\"ReadAction\",\"target\":[\"https:\/\/www.visit-ulcinj.com\/blog\/2010\/09\/16\/shkreli-pushteti-ne-ulqin-vetem-ne-bashkeqeverisje\/\"]}]},{\"@type\":\"BreadcrumbList\",\"@id\":\"https:\/\/www.visit-ulcinj.com\/blog\/2010\/09\/16\/shkreli-pushteti-ne-ulqin-vetem-ne-bashkeqeverisje\/#breadcrumb\",\"itemListElement\":[{\"@type\":\"ListItem\",\"position\":1,\"name\":\"Shkreli: Pushteti n\u00eb Ulqin vet\u00ebm n\u00eb bashk\u00ebqeverisje\"}]},{\"@type\":\"Person\",\"@id\":\"https:\/\/www.visit-ulcinj.com\/blog\/#\/schema\/person\/dcab619c614d3038751c63bc2aadc06d\",\"name\":\"ulqini\",\"sameAs\":[\"http:\/\/www.visit-ulcinj.com\"],\"url\":\"https:\/\/www.visit-ulcinj.com\/blog\/author\/admin\/\"}]}<\/script>\n<!-- \/ Yoast SEO plugin. -->","yoast_head_json":{"title":"Shkreli: Pushteti n\u00eb Ulqin vet\u00ebm n\u00eb bashk\u00ebqeverisje - Lajme nga Ulqini","description":"Ulqin, 16 shtator - Partit\u00eb politike relevante n\u00eb Ulqin, t\u00eb cilat pretendojn\u00eb t\u00eb marrin pjes\u00eb n\u00eb zgjedhjet e parakohshme lokale m\u00eb 17 tetor, pohojn\u00eb se n\u00eb","robots":{"index":"index","follow":"follow","max-snippet":"max-snippet:-1","max-image-preview":"max-image-preview:large","max-video-preview":"max-video-preview:-1"},"canonical":"https:\/\/www.visit-ulcinj.com\/blog\/2010\/09\/16\/shkreli-pushteti-ne-ulqin-vetem-ne-bashkeqeverisje\/","og_locale":"en_US","og_type":"article","og_title":"Shkreli: Pushteti n\u00eb Ulqin vet\u00ebm n\u00eb bashk\u00ebqeverisje - Lajme nga Ulqini","og_description":"Ulqin, 16 shtator - Partit\u00eb politike relevante n\u00eb Ulqin, t\u00eb cilat pretendojn\u00eb t\u00eb marrin pjes\u00eb n\u00eb zgjedhjet e parakohshme lokale m\u00eb 17 tetor, pohojn\u00eb se n\u00eb","og_url":"https:\/\/www.visit-ulcinj.com\/blog\/2010\/09\/16\/shkreli-pushteti-ne-ulqin-vetem-ne-bashkeqeverisje\/","og_site_name":"Lajme nga Ulqini","article_published_time":"2010-09-16T18:14:39+00:00","article_modified_time":"2010-09-18T15:20:30+00:00","og_image":[{"url":"http:\/\/www.visit-ulcinj.com\/blog\/wp-content\/uploads\/2010\/09\/Luigj-Shkreli.jpg"}],"twitter_misc":{"Written by":"ulqini","Est. reading time":"1 minute"},"schema":{"@context":"https:\/\/schema.org","@graph":[{"@type":"WebSite","@id":"https:\/\/www.visit-ulcinj.com\/blog\/#website","url":"https:\/\/www.visit-ulcinj.com\/blog\/","name":"Lajme nga Ulqini","description":"Lajme,Vijesti,Ulqini,Ulqin,Crna Gora,Mali i Zi","potentialAction":[{"@type":"SearchAction","target":{"@type":"EntryPoint","urlTemplate":"https:\/\/www.visit-ulcinj.com\/blog\/?s={search_term_string}"},"query-input":"required name=search_term_string"}],"inLanguage":"en-US"},{"@type":"ImageObject","inLanguage":"en-US","@id":"https:\/\/www.visit-ulcinj.com\/blog\/2010\/09\/16\/shkreli-pushteti-ne-ulqin-vetem-ne-bashkeqeverisje\/#primaryimage","url":"https:\/\/www.visit-ulcinj.com\/blog\/wp-content\/uploads\/2010\/09\/Luigj-Shkreli.jpg","contentUrl":"https:\/\/www.visit-ulcinj.com\/blog\/wp-content\/uploads\/2010\/09\/Luigj-Shkreli.jpg","width":"540","height":"720"},{"@type":"WebPage","@id":"https:\/\/www.visit-ulcinj.com\/blog\/2010\/09\/16\/shkreli-pushteti-ne-ulqin-vetem-ne-bashkeqeverisje\/#webpage","url":"https:\/\/www.visit-ulcinj.com\/blog\/2010\/09\/16\/shkreli-pushteti-ne-ulqin-vetem-ne-bashkeqeverisje\/","name":"Shkreli: Pushteti n\u00eb Ulqin vet\u00ebm n\u00eb bashk\u00ebqeverisje - Lajme nga Ulqini","isPartOf":{"@id":"https:\/\/www.visit-ulcinj.com\/blog\/#website"},"primaryImageOfPage":{"@id":"https:\/\/www.visit-ulcinj.com\/blog\/2010\/09\/16\/shkreli-pushteti-ne-ulqin-vetem-ne-bashkeqeverisje\/#primaryimage"},"datePublished":"2010-09-16T18:14:39+00:00","dateModified":"2010-09-18T15:20:30+00:00","author":{"@id":"https:\/\/www.visit-ulcinj.com\/blog\/#\/schema\/person\/dcab619c614d3038751c63bc2aadc06d"},"description":"Ulqin, 16 shtator - Partit\u00eb politike relevante n\u00eb Ulqin, t\u00eb cilat pretendojn\u00eb t\u00eb marrin pjes\u00eb n\u00eb zgjedhjet e parakohshme lokale m\u00eb 17 tetor, pohojn\u00eb se n\u00eb","breadcrumb":{"@id":"https:\/\/www.visit-ulcinj.com\/blog\/2010\/09\/16\/shkreli-pushteti-ne-ulqin-vetem-ne-bashkeqeverisje\/#breadcrumb"},"inLanguage":"en-US","potentialAction":[{"@type":"ReadAction","target":["https:\/\/www.visit-ulcinj.com\/blog\/2010\/09\/16\/shkreli-pushteti-ne-ulqin-vetem-ne-bashkeqeverisje\/"]}]},{"@type":"BreadcrumbList","@id":"https:\/\/www.visit-ulcinj.com\/blog\/2010\/09\/16\/shkreli-pushteti-ne-ulqin-vetem-ne-bashkeqeverisje\/#breadcrumb","itemListElement":[{"@type":"ListItem","position":1,"name":"Shkreli: Pushteti n\u00eb Ulqin vet\u00ebm n\u00eb bashk\u00ebqeverisje"}]},{"@type":"Person","@id":"https:\/\/www.visit-ulcinj.com\/blog\/#\/schema\/person\/dcab619c614d3038751c63bc2aadc06d","name":"ulqini","sameAs":["http:\/\/www.visit-ulcinj.com"],"url":"https:\/\/www.visit-ulcinj.com\/blog\/author\/admin\/"}]}},"jetpack_featured_media_url":"","jetpack_sharing_enabled":true,"jetpack_shortlink":"https:\/\/wp.me\/pe6lTn-9IR","_links":{"self":[{"href":"https:\/\/www.visit-ulcinj.com\/blog\/wp-json\/wp\/v2\/posts\/37377"}],"collection":[{"href":"https:\/\/www.visit-ulcinj.com\/blog\/wp-json\/wp\/v2\/posts"}],"about":[{"href":"https:\/\/www.visit-ulcinj.com\/blog\/wp-json\/wp\/v2\/types\/post"}],"author":[{"embeddable":true,"href":"https:\/\/www.visit-ulcinj.com\/blog\/wp-json\/wp\/v2\/users\/1"}],"replies":[{"embeddable":true,"href":"https:\/\/www.visit-ulcinj.com\/blog\/wp-json\/wp\/v2\/comments?post=37377"}],"version-history":[{"count":0,"href":"https:\/\/www.visit-ulcinj.com\/blog\/wp-json\/wp\/v2\/posts\/37377\/revisions"}],"wp:attachment":[{"href":"https:\/\/www.visit-ulcinj.com\/blog\/wp-json\/wp\/v2\/media?parent=37377"}],"wp:term":[{"taxonomy":"category","embeddable":true,"href":"https:\/\/www.visit-ulcinj.com\/blog\/wp-json\/wp\/v2\/categories?post=37377"},{"taxonomy":"post_tag","embeddable":true,"href":"https:\/\/www.visit-ulcinj.com\/blog\/wp-json\/wp\/v2\/tags?post=37377"}],"curies":[{"name":"wp","href":"https:\/\/api.w.org\/{rel}","templated":true}]}}