{"id":37382,"date":"2010-09-16T20:34:59","date_gmt":"2010-09-16T18:34:59","guid":{"rendered":"http:\/\/www.visit-ulcinj.com\/blog\/?p=37382"},"modified":"2010-09-16T20:34:59","modified_gmt":"2010-09-16T18:34:59","slug":"dps-nece-moci-sam","status":"publish","type":"post","link":"https:\/\/www.visit-ulcinj.com\/blog\/2010\/09\/16\/dps-nece-moci-sam\/","title":{"rendered":"DPS ne\u0107e mo\u0107i sam"},"content":{"rendered":"<p><strong><a href=\"http:\/\/www.visit-ulcinj.com\/blog\/wp-content\/uploads\/2010\/09\/LJUIGJ-SHKRELJA.jpg\"><img loading=\"lazy\" class=\"alignleft size-full wp-image-37384\" title=\"LJUIGJ SHKRELJA\" src=\"http:\/\/www.visit-ulcinj.com\/blog\/wp-content\/uploads\/2010\/09\/LJUIGJ-SHKRELJA.jpg\" alt=\"\" width=\"320\" height=\"520\" \/><\/a>Ljui\u0111 \u0160krelja prognozira da\u0107e nova vlast u Ulcinju biti koaliciona<br \/>\n<\/strong>Podgorica(MINA) \u2013 Na lokalnim izborima u Ulcinju nijedna stranka ne\u0107e mo\u0107i samostalno da osvoji vlast, ocijenio je ju\u010de predsjednik ulcinjskog odbora Demokratske partije socijalista Ljui\u0111 \u0160krelja.<br \/>\n\u201eLogika mi name\u0107e da DPS, niti bilo koja druga stranka, ne mo\u017ee osvojiti apsolutnu vlast u Ulcinju bez koalicije. Mi smo na lokalnom nivou dugogodi\u0161nji partneri sa Demokratskom unijom Albanaca\u201c, rekao je \u0160krelja agenciji MINA.<br \/>\nOn je kazao da odlukom da samostalno nastupi na izborima u Ulcinju DPS nije raskinuo koaliciju ni sa kim.<br \/>\n\\&#8221;Samo ho\u0107emo da se sa sopstvenim snagama isprobamo i damo doprinos konsolidaciji politi\u010dke scene u op\u0161tini Ulcinj\u201c, kazao je \u0160krelja.<\/p>\n<p>On je rekao da su o\u010dekivanja DPS-a od izbora \u201epozitivna\\&#8221;, kao i da \u0107e posti\u0107i dobar rezultat koji \u0107e im omogu\u0107iti da budu stabilan i korektan partner u budu\u0107oj organizaciji i vladanju na lokalnom nivou sa partnerima koji budu htjeli da sara\u0111uju u op\u0161tem interesu gra\u0111ana Ulcinja i Crne Gore.<br \/>\n\u0160krelja je kazao da \u201ene isklju\u010duje svaku stranku koja \u0107e se na\u0107i na istom fonu stabilizacije politi\u010dke scene u Ulcinju i valorizacije svega onoga \u0161to \u010dini Ulcinj poznatom i priznatom destinacijom\u201c.<br \/>\n\u0160krelja je naveo da su to putna infrastruktura i valorizacija Ade Bojane i Velike pla\u017ee. Prema njegovim rije\u010dima, putna infrastruktura nije na onom nivou koji zaslu\u017euje taj grad.<br \/>\n\u201eUlcinj se tokom dva mjeseca uve\u0107ava petostruko. Sa 100 hiljada posjetilaca, koji mogu u jednom danu da borave u Ulcinju, putna infrastruktura ne zadovoljava potrebe tih gostiju koji ho\u0107e da se odmaraju na prelijepim pla\u017eama\u201c, kazao je \u0160krelja.<strong><\/strong><\/p>\n<p><strong> <a href=\"http:\/\/www.vijesti.me\/\" target=\"_blank\">Vijesti<\/a><\/strong><\/p>\n","protected":false},"excerpt":{"rendered":"<p>Ljui\u0111 \u0160krelja prognozira da\u0107e nova vlast u Ulcinju biti koaliciona Podgorica(MINA) \u2013 Na lokalnim izborima u Ulcinju nijedna stranka ne\u0107e mo\u0107i samostalno da osvoji vlast, ocijenio je ju\u010de predsjednik ulcinjskog odbora Demokratske partije socijalista Ljui\u0111 \u0160krelja. \u201eLogika mi name\u0107e da DPS, niti bilo koja druga stranka, ne mo\u017ee osvojiti apsolutnu vlast u Ulcinju bez koalicije. [&hellip;]<\/p>\n","protected":false},"author":1,"featured_media":0,"comment_status":"open","ping_status":"closed","sticky":false,"template":"","format":"standard","meta":{"spay_email":"","jetpack_publicize_message":"","jetpack_is_tweetstorm":false,"jetpack_publicize_feature_enabled":true},"categories":[8337],"tags":[90,530,14736,941,19],"jetpack_publicize_connections":[],"yoast_head":"<!-- This site is optimized with the Yoast SEO plugin v19.1 - https:\/\/yoast.com\/wordpress\/plugins\/seo\/ -->\n<title>DPS ne\u0107e mo\u0107i sam - Lajme nga Ulqini<\/title>\n<meta name=\"description\" content=\"Ljui\u0111 \u0160krelja prognozira da\u0107e nova vlast u Ulcinju biti koaliciona Podgorica(MINA) \u2013 Na lokalnim izborima u Ulcinju nijedna stranka ne\u0107e mo\u0107i samostalno\" \/>\n<meta name=\"robots\" content=\"index, follow, max-snippet:-1, max-image-preview:large, max-video-preview:-1\" \/>\n<link rel=\"canonical\" href=\"https:\/\/www.visit-ulcinj.com\/blog\/2010\/09\/16\/dps-nece-moci-sam\/\" \/>\n<meta property=\"og:locale\" content=\"en_US\" \/>\n<meta property=\"og:type\" content=\"article\" \/>\n<meta property=\"og:title\" content=\"DPS ne\u0107e mo\u0107i sam - Lajme nga Ulqini\" \/>\n<meta property=\"og:description\" content=\"Ljui\u0111 \u0160krelja prognozira da\u0107e nova vlast u Ulcinju biti koaliciona Podgorica(MINA) \u2013 Na lokalnim izborima u Ulcinju nijedna stranka ne\u0107e mo\u0107i samostalno\" \/>\n<meta property=\"og:url\" content=\"https:\/\/www.visit-ulcinj.com\/blog\/2010\/09\/16\/dps-nece-moci-sam\/\" \/>\n<meta property=\"og:site_name\" content=\"Lajme nga Ulqini\" \/>\n<meta property=\"article:published_time\" content=\"2010-09-16T18:34:59+00:00\" \/>\n<meta property=\"og:image\" content=\"http:\/\/www.visit-ulcinj.com\/blog\/wp-content\/uploads\/2010\/09\/LJUIGJ-SHKRELJA.jpg\" \/>\n<meta name=\"twitter:label1\" content=\"Written by\" \/>\n\t<meta name=\"twitter:data1\" content=\"ulqini\" \/>\n\t<meta name=\"twitter:label2\" content=\"Est. reading time\" \/>\n\t<meta name=\"twitter:data2\" content=\"1 minute\" \/>\n<script type=\"application\/ld+json\" class=\"yoast-schema-graph\">{\"@context\":\"https:\/\/schema.org\",\"@graph\":[{\"@type\":\"WebSite\",\"@id\":\"https:\/\/www.visit-ulcinj.com\/blog\/#website\",\"url\":\"https:\/\/www.visit-ulcinj.com\/blog\/\",\"name\":\"Lajme nga Ulqini\",\"description\":\"Lajme,Vijesti,Ulqini,Ulqin,Crna Gora,Mali i Zi\",\"potentialAction\":[{\"@type\":\"SearchAction\",\"target\":{\"@type\":\"EntryPoint\",\"urlTemplate\":\"https:\/\/www.visit-ulcinj.com\/blog\/?s={search_term_string}\"},\"query-input\":\"required name=search_term_string\"}],\"inLanguage\":\"en-US\"},{\"@type\":\"ImageObject\",\"inLanguage\":\"en-US\",\"@id\":\"https:\/\/www.visit-ulcinj.com\/blog\/2010\/09\/16\/dps-nece-moci-sam\/#primaryimage\",\"url\":\"https:\/\/www.visit-ulcinj.com\/blog\/wp-content\/uploads\/2010\/09\/LJUIGJ-SHKRELJA.jpg\",\"contentUrl\":\"https:\/\/www.visit-ulcinj.com\/blog\/wp-content\/uploads\/2010\/09\/LJUIGJ-SHKRELJA.jpg\",\"width\":\"425\",\"height\":\"603\"},{\"@type\":\"WebPage\",\"@id\":\"https:\/\/www.visit-ulcinj.com\/blog\/2010\/09\/16\/dps-nece-moci-sam\/#webpage\",\"url\":\"https:\/\/www.visit-ulcinj.com\/blog\/2010\/09\/16\/dps-nece-moci-sam\/\",\"name\":\"DPS ne\u0107e mo\u0107i sam - Lajme nga Ulqini\",\"isPartOf\":{\"@id\":\"https:\/\/www.visit-ulcinj.com\/blog\/#website\"},\"primaryImageOfPage\":{\"@id\":\"https:\/\/www.visit-ulcinj.com\/blog\/2010\/09\/16\/dps-nece-moci-sam\/#primaryimage\"},\"datePublished\":\"2010-09-16T18:34:59+00:00\",\"dateModified\":\"2010-09-16T18:34:59+00:00\",\"author\":{\"@id\":\"https:\/\/www.visit-ulcinj.com\/blog\/#\/schema\/person\/dcab619c614d3038751c63bc2aadc06d\"},\"description\":\"Ljui\u0111 \u0160krelja prognozira da\u0107e nova vlast u Ulcinju biti koaliciona Podgorica(MINA) \u2013 Na lokalnim izborima u Ulcinju nijedna stranka ne\u0107e mo\u0107i samostalno\",\"breadcrumb\":{\"@id\":\"https:\/\/www.visit-ulcinj.com\/blog\/2010\/09\/16\/dps-nece-moci-sam\/#breadcrumb\"},\"inLanguage\":\"en-US\",\"potentialAction\":[{\"@type\":\"ReadAction\",\"target\":[\"https:\/\/www.visit-ulcinj.com\/blog\/2010\/09\/16\/dps-nece-moci-sam\/\"]}]},{\"@type\":\"BreadcrumbList\",\"@id\":\"https:\/\/www.visit-ulcinj.com\/blog\/2010\/09\/16\/dps-nece-moci-sam\/#breadcrumb\",\"itemListElement\":[{\"@type\":\"ListItem\",\"position\":1,\"name\":\"DPS ne\u0107e mo\u0107i sam\"}]},{\"@type\":\"Person\",\"@id\":\"https:\/\/www.visit-ulcinj.com\/blog\/#\/schema\/person\/dcab619c614d3038751c63bc2aadc06d\",\"name\":\"ulqini\",\"sameAs\":[\"http:\/\/www.visit-ulcinj.com\"],\"url\":\"https:\/\/www.visit-ulcinj.com\/blog\/author\/admin\/\"}]}<\/script>\n<!-- \/ Yoast SEO plugin. -->","yoast_head_json":{"title":"DPS ne\u0107e mo\u0107i sam - Lajme nga Ulqini","description":"Ljui\u0111 \u0160krelja prognozira da\u0107e nova vlast u Ulcinju biti koaliciona Podgorica(MINA) \u2013 Na lokalnim izborima u Ulcinju nijedna stranka ne\u0107e mo\u0107i samostalno","robots":{"index":"index","follow":"follow","max-snippet":"max-snippet:-1","max-image-preview":"max-image-preview:large","max-video-preview":"max-video-preview:-1"},"canonical":"https:\/\/www.visit-ulcinj.com\/blog\/2010\/09\/16\/dps-nece-moci-sam\/","og_locale":"en_US","og_type":"article","og_title":"DPS ne\u0107e mo\u0107i sam - Lajme nga Ulqini","og_description":"Ljui\u0111 \u0160krelja prognozira da\u0107e nova vlast u Ulcinju biti koaliciona Podgorica(MINA) \u2013 Na lokalnim izborima u Ulcinju nijedna stranka ne\u0107e mo\u0107i samostalno","og_url":"https:\/\/www.visit-ulcinj.com\/blog\/2010\/09\/16\/dps-nece-moci-sam\/","og_site_name":"Lajme nga Ulqini","article_published_time":"2010-09-16T18:34:59+00:00","og_image":[{"url":"http:\/\/www.visit-ulcinj.com\/blog\/wp-content\/uploads\/2010\/09\/LJUIGJ-SHKRELJA.jpg"}],"twitter_misc":{"Written by":"ulqini","Est. reading time":"1 minute"},"schema":{"@context":"https:\/\/schema.org","@graph":[{"@type":"WebSite","@id":"https:\/\/www.visit-ulcinj.com\/blog\/#website","url":"https:\/\/www.visit-ulcinj.com\/blog\/","name":"Lajme nga Ulqini","description":"Lajme,Vijesti,Ulqini,Ulqin,Crna Gora,Mali i Zi","potentialAction":[{"@type":"SearchAction","target":{"@type":"EntryPoint","urlTemplate":"https:\/\/www.visit-ulcinj.com\/blog\/?s={search_term_string}"},"query-input":"required name=search_term_string"}],"inLanguage":"en-US"},{"@type":"ImageObject","inLanguage":"en-US","@id":"https:\/\/www.visit-ulcinj.com\/blog\/2010\/09\/16\/dps-nece-moci-sam\/#primaryimage","url":"https:\/\/www.visit-ulcinj.com\/blog\/wp-content\/uploads\/2010\/09\/LJUIGJ-SHKRELJA.jpg","contentUrl":"https:\/\/www.visit-ulcinj.com\/blog\/wp-content\/uploads\/2010\/09\/LJUIGJ-SHKRELJA.jpg","width":"425","height":"603"},{"@type":"WebPage","@id":"https:\/\/www.visit-ulcinj.com\/blog\/2010\/09\/16\/dps-nece-moci-sam\/#webpage","url":"https:\/\/www.visit-ulcinj.com\/blog\/2010\/09\/16\/dps-nece-moci-sam\/","name":"DPS ne\u0107e mo\u0107i sam - Lajme nga Ulqini","isPartOf":{"@id":"https:\/\/www.visit-ulcinj.com\/blog\/#website"},"primaryImageOfPage":{"@id":"https:\/\/www.visit-ulcinj.com\/blog\/2010\/09\/16\/dps-nece-moci-sam\/#primaryimage"},"datePublished":"2010-09-16T18:34:59+00:00","dateModified":"2010-09-16T18:34:59+00:00","author":{"@id":"https:\/\/www.visit-ulcinj.com\/blog\/#\/schema\/person\/dcab619c614d3038751c63bc2aadc06d"},"description":"Ljui\u0111 \u0160krelja prognozira da\u0107e nova vlast u Ulcinju biti koaliciona Podgorica(MINA) \u2013 Na lokalnim izborima u Ulcinju nijedna stranka ne\u0107e mo\u0107i samostalno","breadcrumb":{"@id":"https:\/\/www.visit-ulcinj.com\/blog\/2010\/09\/16\/dps-nece-moci-sam\/#breadcrumb"},"inLanguage":"en-US","potentialAction":[{"@type":"ReadAction","target":["https:\/\/www.visit-ulcinj.com\/blog\/2010\/09\/16\/dps-nece-moci-sam\/"]}]},{"@type":"BreadcrumbList","@id":"https:\/\/www.visit-ulcinj.com\/blog\/2010\/09\/16\/dps-nece-moci-sam\/#breadcrumb","itemListElement":[{"@type":"ListItem","position":1,"name":"DPS ne\u0107e mo\u0107i sam"}]},{"@type":"Person","@id":"https:\/\/www.visit-ulcinj.com\/blog\/#\/schema\/person\/dcab619c614d3038751c63bc2aadc06d","name":"ulqini","sameAs":["http:\/\/www.visit-ulcinj.com"],"url":"https:\/\/www.visit-ulcinj.com\/blog\/author\/admin\/"}]}},"jetpack_featured_media_url":"","jetpack_sharing_enabled":true,"jetpack_shortlink":"https:\/\/wp.me\/pe6lTn-9IW","_links":{"self":[{"href":"https:\/\/www.visit-ulcinj.com\/blog\/wp-json\/wp\/v2\/posts\/37382"}],"collection":[{"href":"https:\/\/www.visit-ulcinj.com\/blog\/wp-json\/wp\/v2\/posts"}],"about":[{"href":"https:\/\/www.visit-ulcinj.com\/blog\/wp-json\/wp\/v2\/types\/post"}],"author":[{"embeddable":true,"href":"https:\/\/www.visit-ulcinj.com\/blog\/wp-json\/wp\/v2\/users\/1"}],"replies":[{"embeddable":true,"href":"https:\/\/www.visit-ulcinj.com\/blog\/wp-json\/wp\/v2\/comments?post=37382"}],"version-history":[{"count":0,"href":"https:\/\/www.visit-ulcinj.com\/blog\/wp-json\/wp\/v2\/posts\/37382\/revisions"}],"wp:attachment":[{"href":"https:\/\/www.visit-ulcinj.com\/blog\/wp-json\/wp\/v2\/media?parent=37382"}],"wp:term":[{"taxonomy":"category","embeddable":true,"href":"https:\/\/www.visit-ulcinj.com\/blog\/wp-json\/wp\/v2\/categories?post=37382"},{"taxonomy":"post_tag","embeddable":true,"href":"https:\/\/www.visit-ulcinj.com\/blog\/wp-json\/wp\/v2\/tags?post=37382"}],"curies":[{"name":"wp","href":"https:\/\/api.w.org\/{rel}","templated":true}]}}