{"id":37387,"date":"2010-09-16T21:29:59","date_gmt":"2010-09-16T19:29:59","guid":{"rendered":"http:\/\/www.visit-ulcinj.com\/blog\/?p=37387"},"modified":"2010-10-14T08:50:01","modified_gmt":"2010-10-14T06:50:01","slug":"foto-nga-dasma-e-bleros-me-teuten","status":"publish","type":"post","link":"https:\/\/www.visit-ulcinj.com\/blog\/2010\/09\/16\/foto-nga-dasma-e-bleros-me-teuten\/","title":{"rendered":"Foto nga dasma e Bleros me Teut\u00ebn"},"content":{"rendered":"<p><a href=\"http:\/\/www.visit-ulcinj.com\/blog\/wp-content\/uploads\/2010\/09\/Foto-nga-dasma-e-Bleros-me-Teuten.3.jpg\"><img loading=\"lazy\" class=\"alignleft size-full wp-image-37398\" title=\"Foto nga dasma e Bleros me Teuten.3\" src=\"http:\/\/www.visit-ulcinj.com\/blog\/wp-content\/uploads\/2010\/09\/Foto-nga-dasma-e-Bleros-me-Teuten.3.jpg\" alt=\"\" width=\"490\" height=\"380\" \/><\/a>K\u00ebng\u00ebtari Blero dhe aktorja Teuta Krasniqi kan\u00eb celebruar martes\u00ebn e tyre me nj\u00eb ceremoni, t\u00eb diel\u00ebn e kaluar. Ceremonia dasmore \u00ebsht\u00eb organizuar n\u00eb nj\u00eb hotel ku emri i hotelit nuk asht kominikua mediave por se na u tha se ceremonia dasmore do organizohet ne drejtimin e magjistrales Prishtin\u00eb \u2013 Mitrovic\u00eb.<\/p>\n<p>K\u00ebng\u00ebtari Blero dhe aktorja Teuta Krasniqi,megjith\u00ebse kan\u00eb m\u00eb shum\u00eb se nj\u00eb vit q\u00eb bashk\u00ebjetojn\u00eb, madje kan\u00eb edhe nj\u00eb vajz\u00eb Tara<\/p>\n<p>Lajme nga Ulqini ka siguruar disa foto nga kjo dasm\u00eb,prandaj do mundohemi t\u00eb dijm m\u00eb tep\u00ebr nga darsma e tyre.<br \/>\n<strong>Urime Martesa<\/strong><\/p>\n<p><!--YouTube Error: bad URL entered--><strong><br \/>\n<a href=\"http:\/\/www.visit-ulcinj.com\/blog\/wp-content\/uploads\/2010\/09\/Foto-nga-dasma-e-Bleros-me-Teuten.1.jpg\"><img loading=\"lazy\" class=\"alignleft size-full wp-image-37399\" title=\"Foto nga dasma e Bleros me Teuten.1\" src=\"http:\/\/www.visit-ulcinj.com\/blog\/wp-content\/uploads\/2010\/09\/Foto-nga-dasma-e-Bleros-me-Teuten.1.jpg\" alt=\"\" width=\"490\" height=\"620\" \/><\/a><\/strong><br \/>\n<strong>Foto nga dasma e Bleros me Teut\u00ebn<\/strong><\/p>\n<p><strong> <\/strong><\/p>\n<p><a href=\"http:\/\/www.visit-ulcinj.com\/blog\/wp-content\/uploads\/2010\/09\/Foto-nga-dasma-e-Bleros-me-Teuten.4.jpg.jpg\"><img loading=\"lazy\" class=\"alignleft size-full wp-image-37430\" title=\"Foto nga dasma e Bleros me Teuten.4.jpg\" src=\"http:\/\/www.visit-ulcinj.com\/blog\/wp-content\/uploads\/2010\/09\/Foto-nga-dasma-e-Bleros-me-Teuten.4.jpg.jpg\" alt=\"\" width=\"490\" height=\"620\" \/><\/a><\/p>\n<p><strong>Foto nga dasma e Bleros me Teuten<\/strong><\/p>\n<p>Shikojeni Taren e vogel&#8230;.shikojeni sa e mire qe eshte si yll bote&#8230;bebi me i bukur ne bote&#8230;.Teuta nusja e bukur ne bote me buzeqeshjen e saj te magjishme&#8230;.Po Bleron o zot dhendrri me perfekt ne kete bote dhe keshtu dua ti shikoj gjithmone te tre te lumtur duke buzeqeshur sepse e meritojne &#8230;Tara ylli i pashuar qe do jete bebi me i lumtur ne bote ka Bleron babi dhe Tuten mami &#8230; zoti e ka bekuar kete yllin tone te vogel qe une mezi pre ta takoj&#8230;Love u<\/p>\n<p><a href=\"http:\/\/www.visit-ulcinj.com\/blog\/wp-content\/uploads\/2010\/09\/Foto-nga-dasma-e-Bleros-me-Teuten.01.jpg\"><img loading=\"lazy\" class=\"alignleft size-full wp-image-37531\" title=\"Foto nga dasma e Bleros me Teuten.01\" src=\"http:\/\/www.visit-ulcinj.com\/blog\/wp-content\/uploads\/2010\/09\/Foto-nga-dasma-e-Bleros-me-Teuten.01.jpg\" alt=\"\" width=\"490\" height=\"620\" \/><\/a><\/p>\n<p><strong><br \/>\nFoto nga dasma e Bleros me Teut\u00ebn<\/strong><br \/>\n<a href=\"http:\/\/www.visit-ulcinj.com\/blog\/wp-content\/uploads\/2010\/09\/Foto-nga-dasma-e-Bleros-me-Teuten.02.jpg\"><img loading=\"lazy\" class=\"alignleft size-full wp-image-37535\" title=\"Foto nga dasma e Bleros me Teuten.02\" src=\"http:\/\/www.visit-ulcinj.com\/blog\/wp-content\/uploads\/2010\/09\/Foto-nga-dasma-e-Bleros-me-Teuten.02.jpg\" alt=\"\" width=\"490\" height=\"620\" \/><\/a><br \/>\n<a href=\"http:\/\/www.visit-ulcinj.com\/gallery\/main.php?g2_itemId=12612\" target=\"_blank\"><strong>P\u00cbR MA TEP\u00cbR FOTOGRAFI KLIKONI KTU NE GALERIN E JON E ATO JAN AF\u00cbR 60 FOTOFRAFI NGA DASMA E BLEROS ME TEUTA KRASNIQIN<\/strong><\/a><\/p>\n","protected":false},"excerpt":{"rendered":"<p>K\u00ebng\u00ebtari Blero dhe aktorja Teuta Krasniqi kan\u00eb celebruar martes\u00ebn e tyre me nj\u00eb ceremoni, t\u00eb diel\u00ebn e kaluar. Ceremonia dasmore \u00ebsht\u00eb organizuar n\u00eb nj\u00eb hotel ku emri i hotelit nuk asht kominikua mediave por se na u tha se ceremonia dasmore do organizohet ne drejtimin e magjistrales Prishtin\u00eb \u2013 Mitrovic\u00eb. K\u00ebng\u00ebtari Blero dhe aktorja Teuta [&hellip;]<\/p>\n","protected":false},"author":1,"featured_media":0,"comment_status":"open","ping_status":"closed","sticky":true,"template":"","format":"standard","meta":{"spay_email":"","jetpack_publicize_message":"","jetpack_is_tweetstorm":false,"jetpack_publicize_feature_enabled":true},"categories":[1],"tags":[6409,3978,15401,49,7815,8297],"jetpack_publicize_connections":[],"yoast_head":"<!-- This site is optimized with the Yoast SEO plugin v19.1 - https:\/\/yoast.com\/wordpress\/plugins\/seo\/ -->\n<title>Foto nga dasma e Bleros me Teut\u00ebn - Lajme nga Ulqini<\/title>\n<meta name=\"description\" content=\"K\u00ebng\u00ebtari Blero dhe aktorja Teuta Krasniqi kan\u00eb celebruar martes\u00ebn e tyre me nj\u00eb ceremoni, t\u00eb diel\u00ebn e kaluar. Ceremonia dasmore \u00ebsht\u00eb organizuar n\u00eb nj\u00eb\" \/>\n<meta name=\"robots\" content=\"index, follow, max-snippet:-1, max-image-preview:large, max-video-preview:-1\" \/>\n<link rel=\"canonical\" href=\"https:\/\/www.visit-ulcinj.com\/blog\/2010\/09\/16\/foto-nga-dasma-e-bleros-me-teuten\/\" \/>\n<meta property=\"og:locale\" content=\"en_US\" \/>\n<meta property=\"og:type\" content=\"article\" \/>\n<meta property=\"og:title\" content=\"Foto nga dasma e Bleros me Teut\u00ebn - Lajme nga Ulqini\" \/>\n<meta property=\"og:description\" content=\"K\u00ebng\u00ebtari Blero dhe aktorja Teuta Krasniqi kan\u00eb celebruar martes\u00ebn e tyre me nj\u00eb ceremoni, t\u00eb diel\u00ebn e kaluar. Ceremonia dasmore \u00ebsht\u00eb organizuar n\u00eb nj\u00eb\" \/>\n<meta property=\"og:url\" content=\"https:\/\/www.visit-ulcinj.com\/blog\/2010\/09\/16\/foto-nga-dasma-e-bleros-me-teuten\/\" \/>\n<meta property=\"og:site_name\" content=\"Lajme nga Ulqini\" \/>\n<meta property=\"article:published_time\" content=\"2010-09-16T19:29:59+00:00\" \/>\n<meta property=\"article:modified_time\" content=\"2010-10-14T06:50:01+00:00\" \/>\n<meta property=\"og:image\" content=\"http:\/\/www.visit-ulcinj.com\/blog\/wp-content\/uploads\/2010\/09\/Foto-nga-dasma-e-Bleros-me-Teuten.3.jpg\" \/>\n<meta name=\"twitter:label1\" content=\"Written by\" \/>\n\t<meta name=\"twitter:data1\" content=\"ulqini\" \/>\n\t<meta name=\"twitter:label2\" content=\"Est. reading time\" \/>\n\t<meta name=\"twitter:data2\" content=\"1 minute\" \/>\n<script type=\"application\/ld+json\" class=\"yoast-schema-graph\">{\"@context\":\"https:\/\/schema.org\",\"@graph\":[{\"@type\":\"WebSite\",\"@id\":\"https:\/\/www.visit-ulcinj.com\/blog\/#website\",\"url\":\"https:\/\/www.visit-ulcinj.com\/blog\/\",\"name\":\"Lajme nga Ulqini\",\"description\":\"Lajme,Vijesti,Ulqini,Ulqin,Crna Gora,Mali i Zi\",\"potentialAction\":[{\"@type\":\"SearchAction\",\"target\":{\"@type\":\"EntryPoint\",\"urlTemplate\":\"https:\/\/www.visit-ulcinj.com\/blog\/?s={search_term_string}\"},\"query-input\":\"required name=search_term_string\"}],\"inLanguage\":\"en-US\"},{\"@type\":\"ImageObject\",\"inLanguage\":\"en-US\",\"@id\":\"https:\/\/www.visit-ulcinj.com\/blog\/2010\/09\/16\/foto-nga-dasma-e-bleros-me-teuten\/#primaryimage\",\"url\":\"https:\/\/www.visit-ulcinj.com\/blog\/wp-content\/uploads\/2010\/09\/Foto-nga-dasma-e-Bleros-me-Teuten.3.jpg\",\"contentUrl\":\"https:\/\/www.visit-ulcinj.com\/blog\/wp-content\/uploads\/2010\/09\/Foto-nga-dasma-e-Bleros-me-Teuten.3.jpg\",\"width\":\"429\",\"height\":\"479\"},{\"@type\":\"WebPage\",\"@id\":\"https:\/\/www.visit-ulcinj.com\/blog\/2010\/09\/16\/foto-nga-dasma-e-bleros-me-teuten\/#webpage\",\"url\":\"https:\/\/www.visit-ulcinj.com\/blog\/2010\/09\/16\/foto-nga-dasma-e-bleros-me-teuten\/\",\"name\":\"Foto nga dasma e Bleros me Teut\u00ebn - Lajme nga Ulqini\",\"isPartOf\":{\"@id\":\"https:\/\/www.visit-ulcinj.com\/blog\/#website\"},\"primaryImageOfPage\":{\"@id\":\"https:\/\/www.visit-ulcinj.com\/blog\/2010\/09\/16\/foto-nga-dasma-e-bleros-me-teuten\/#primaryimage\"},\"datePublished\":\"2010-09-16T19:29:59+00:00\",\"dateModified\":\"2010-10-14T06:50:01+00:00\",\"author\":{\"@id\":\"https:\/\/www.visit-ulcinj.com\/blog\/#\/schema\/person\/dcab619c614d3038751c63bc2aadc06d\"},\"description\":\"K\u00ebng\u00ebtari Blero dhe aktorja Teuta Krasniqi kan\u00eb celebruar martes\u00ebn e tyre me nj\u00eb ceremoni, t\u00eb diel\u00ebn e kaluar. Ceremonia dasmore \u00ebsht\u00eb organizuar n\u00eb nj\u00eb\",\"breadcrumb\":{\"@id\":\"https:\/\/www.visit-ulcinj.com\/blog\/2010\/09\/16\/foto-nga-dasma-e-bleros-me-teuten\/#breadcrumb\"},\"inLanguage\":\"en-US\",\"potentialAction\":[{\"@type\":\"ReadAction\",\"target\":[\"https:\/\/www.visit-ulcinj.com\/blog\/2010\/09\/16\/foto-nga-dasma-e-bleros-me-teuten\/\"]}]},{\"@type\":\"BreadcrumbList\",\"@id\":\"https:\/\/www.visit-ulcinj.com\/blog\/2010\/09\/16\/foto-nga-dasma-e-bleros-me-teuten\/#breadcrumb\",\"itemListElement\":[{\"@type\":\"ListItem\",\"position\":1,\"name\":\"Foto nga dasma e Bleros me Teut\u00ebn\"}]},{\"@type\":\"Person\",\"@id\":\"https:\/\/www.visit-ulcinj.com\/blog\/#\/schema\/person\/dcab619c614d3038751c63bc2aadc06d\",\"name\":\"ulqini\",\"sameAs\":[\"http:\/\/www.visit-ulcinj.com\"],\"url\":\"https:\/\/www.visit-ulcinj.com\/blog\/author\/admin\/\"}]}<\/script>\n<!-- \/ Yoast SEO plugin. -->","yoast_head_json":{"title":"Foto nga dasma e Bleros me Teut\u00ebn - Lajme nga Ulqini","description":"K\u00ebng\u00ebtari Blero dhe aktorja Teuta Krasniqi kan\u00eb celebruar martes\u00ebn e tyre me nj\u00eb ceremoni, t\u00eb diel\u00ebn e kaluar. Ceremonia dasmore \u00ebsht\u00eb organizuar n\u00eb nj\u00eb","robots":{"index":"index","follow":"follow","max-snippet":"max-snippet:-1","max-image-preview":"max-image-preview:large","max-video-preview":"max-video-preview:-1"},"canonical":"https:\/\/www.visit-ulcinj.com\/blog\/2010\/09\/16\/foto-nga-dasma-e-bleros-me-teuten\/","og_locale":"en_US","og_type":"article","og_title":"Foto nga dasma e Bleros me Teut\u00ebn - Lajme nga Ulqini","og_description":"K\u00ebng\u00ebtari Blero dhe aktorja Teuta Krasniqi kan\u00eb celebruar martes\u00ebn e tyre me nj\u00eb ceremoni, t\u00eb diel\u00ebn e kaluar. Ceremonia dasmore \u00ebsht\u00eb organizuar n\u00eb nj\u00eb","og_url":"https:\/\/www.visit-ulcinj.com\/blog\/2010\/09\/16\/foto-nga-dasma-e-bleros-me-teuten\/","og_site_name":"Lajme nga Ulqini","article_published_time":"2010-09-16T19:29:59+00:00","article_modified_time":"2010-10-14T06:50:01+00:00","og_image":[{"url":"http:\/\/www.visit-ulcinj.com\/blog\/wp-content\/uploads\/2010\/09\/Foto-nga-dasma-e-Bleros-me-Teuten.3.jpg"}],"twitter_misc":{"Written by":"ulqini","Est. reading time":"1 minute"},"schema":{"@context":"https:\/\/schema.org","@graph":[{"@type":"WebSite","@id":"https:\/\/www.visit-ulcinj.com\/blog\/#website","url":"https:\/\/www.visit-ulcinj.com\/blog\/","name":"Lajme nga Ulqini","description":"Lajme,Vijesti,Ulqini,Ulqin,Crna Gora,Mali i Zi","potentialAction":[{"@type":"SearchAction","target":{"@type":"EntryPoint","urlTemplate":"https:\/\/www.visit-ulcinj.com\/blog\/?s={search_term_string}"},"query-input":"required name=search_term_string"}],"inLanguage":"en-US"},{"@type":"ImageObject","inLanguage":"en-US","@id":"https:\/\/www.visit-ulcinj.com\/blog\/2010\/09\/16\/foto-nga-dasma-e-bleros-me-teuten\/#primaryimage","url":"https:\/\/www.visit-ulcinj.com\/blog\/wp-content\/uploads\/2010\/09\/Foto-nga-dasma-e-Bleros-me-Teuten.3.jpg","contentUrl":"https:\/\/www.visit-ulcinj.com\/blog\/wp-content\/uploads\/2010\/09\/Foto-nga-dasma-e-Bleros-me-Teuten.3.jpg","width":"429","height":"479"},{"@type":"WebPage","@id":"https:\/\/www.visit-ulcinj.com\/blog\/2010\/09\/16\/foto-nga-dasma-e-bleros-me-teuten\/#webpage","url":"https:\/\/www.visit-ulcinj.com\/blog\/2010\/09\/16\/foto-nga-dasma-e-bleros-me-teuten\/","name":"Foto nga dasma e Bleros me Teut\u00ebn - Lajme nga Ulqini","isPartOf":{"@id":"https:\/\/www.visit-ulcinj.com\/blog\/#website"},"primaryImageOfPage":{"@id":"https:\/\/www.visit-ulcinj.com\/blog\/2010\/09\/16\/foto-nga-dasma-e-bleros-me-teuten\/#primaryimage"},"datePublished":"2010-09-16T19:29:59+00:00","dateModified":"2010-10-14T06:50:01+00:00","author":{"@id":"https:\/\/www.visit-ulcinj.com\/blog\/#\/schema\/person\/dcab619c614d3038751c63bc2aadc06d"},"description":"K\u00ebng\u00ebtari Blero dhe aktorja Teuta Krasniqi kan\u00eb celebruar martes\u00ebn e tyre me nj\u00eb ceremoni, t\u00eb diel\u00ebn e kaluar. Ceremonia dasmore \u00ebsht\u00eb organizuar n\u00eb nj\u00eb","breadcrumb":{"@id":"https:\/\/www.visit-ulcinj.com\/blog\/2010\/09\/16\/foto-nga-dasma-e-bleros-me-teuten\/#breadcrumb"},"inLanguage":"en-US","potentialAction":[{"@type":"ReadAction","target":["https:\/\/www.visit-ulcinj.com\/blog\/2010\/09\/16\/foto-nga-dasma-e-bleros-me-teuten\/"]}]},{"@type":"BreadcrumbList","@id":"https:\/\/www.visit-ulcinj.com\/blog\/2010\/09\/16\/foto-nga-dasma-e-bleros-me-teuten\/#breadcrumb","itemListElement":[{"@type":"ListItem","position":1,"name":"Foto nga dasma e Bleros me Teut\u00ebn"}]},{"@type":"Person","@id":"https:\/\/www.visit-ulcinj.com\/blog\/#\/schema\/person\/dcab619c614d3038751c63bc2aadc06d","name":"ulqini","sameAs":["http:\/\/www.visit-ulcinj.com"],"url":"https:\/\/www.visit-ulcinj.com\/blog\/author\/admin\/"}]}},"jetpack_featured_media_url":"","jetpack_sharing_enabled":true,"jetpack_shortlink":"https:\/\/wp.me\/pe6lTn-9J1","_links":{"self":[{"href":"https:\/\/www.visit-ulcinj.com\/blog\/wp-json\/wp\/v2\/posts\/37387"}],"collection":[{"href":"https:\/\/www.visit-ulcinj.com\/blog\/wp-json\/wp\/v2\/posts"}],"about":[{"href":"https:\/\/www.visit-ulcinj.com\/blog\/wp-json\/wp\/v2\/types\/post"}],"author":[{"embeddable":true,"href":"https:\/\/www.visit-ulcinj.com\/blog\/wp-json\/wp\/v2\/users\/1"}],"replies":[{"embeddable":true,"href":"https:\/\/www.visit-ulcinj.com\/blog\/wp-json\/wp\/v2\/comments?post=37387"}],"version-history":[{"count":0,"href":"https:\/\/www.visit-ulcinj.com\/blog\/wp-json\/wp\/v2\/posts\/37387\/revisions"}],"wp:attachment":[{"href":"https:\/\/www.visit-ulcinj.com\/blog\/wp-json\/wp\/v2\/media?parent=37387"}],"wp:term":[{"taxonomy":"category","embeddable":true,"href":"https:\/\/www.visit-ulcinj.com\/blog\/wp-json\/wp\/v2\/categories?post=37387"},{"taxonomy":"post_tag","embeddable":true,"href":"https:\/\/www.visit-ulcinj.com\/blog\/wp-json\/wp\/v2\/tags?post=37387"}],"curies":[{"name":"wp","href":"https:\/\/api.w.org\/{rel}","templated":true}]}}