{"id":374,"date":"2008-02-04T13:38:04","date_gmt":"2008-02-04T18:38:04","guid":{"rendered":"http:\/\/www.visit-ulcinj.com\/blog\/2008\/02\/04\/dinosa-ovo-je-godina-albanaca-2\/"},"modified":"2008-02-12T20:32:35","modified_gmt":"2008-02-13T01:32:35","slug":"dinosa-ovo-je-godina-albanaca-2","status":"publish","type":"post","link":"https:\/\/www.visit-ulcinj.com\/blog\/2008\/02\/04\/dinosa-ovo-je-godina-albanaca-2\/","title":{"rendered":"Dino\u0161a: Godina Albanaca i nezavisnog Kosova"},"content":{"rendered":"<p><img loading=\"lazy\" src=\"http:\/\/www.visit-ulcinj.com\/blog\/wp-content\/uploads\/2008\/02\/ferhat-dinosa.jpg\" style=\"width: 203px; height: 152px\" align=\"left\" border=\"0\" height=\"167\" hspace=\"2\" vspace=\"2\" width=\"225\" \/><\/p>\n<p><strong>Skup\u0161tina Dua u ulcinju za predsjednika reizabrala dosada\u0161njeg lidera Ferhata Dino\u0161a<\/strong><\/p>\n<p>Lider Demokratske unije Albanaca Ferhat Dino\u0161a vodi?e partiju i u naredne ?etiri godine odlu?eno je na ju?era\u0161njoj izbornoj skup\u0161tini DUA. Dino\u0161a, koji je bio jedini kanditat za predsjednika, dobio je puno povjerenje i jednoglasno je izabran da vodi partiju i u narednom periodu.<br \/>\nSkup\u0161tina DUA je apelovala na ostale albanske partije da \u201edogovorom za pregovara?kim stolom prevazi?u sada\u0161nje animozitete i sujete koje su stvorile napeto stanje u albanskom politi?kom korpusu?.<br \/>\nObra?aju?i se delegatima i gostima Skup\u0161tine Dino\u0161a je poru?io da ?e se DUA<\/p>\n<p><!--more-->u narednom periodu zalagati za decentralizaciju vlasti, proporcionalno u?e\u0161?e Albanaca u dr\u017eavnim organima, pravednu privatizaciju i valorizaciju privrednih resursa.<br \/>\n&#8211; Nastavi?emo partnersku saradnju sa demokratskim vlastima u Crnoj Gori, doprinose?i miru, stabilnosti, evropskim i evroatlantskim integracijama. Ova godina bi?e godina Albanaca, godina nezavisnosti Kosova, i godina stvaranja nove energije za nastavak demokratskih procesa u Crnoj Gori i regionu &#8211; kazao je, izme?u ostalog Dino\u0161a.<br \/>\nSkup\u0161tina je usvojila rezoluciju o Kosovu u kojoj se tra\u017ei \u201ebr\u017ee rje\u0161enje finalnog statusa, odnosno nezavisnost Kosova?.<br \/>\n&#8211; Nezavisnost treba da se koordinira sa me?unarodnim faktorom, pogotovo sa EU i SAD, i da polazi od plana me?unarodnog posrednika, Martija Ahtisarija. Nezavisno Kosovo treba da obezbje?uje i unapre?uje ljudska i manjinska prava svih manjina, pogotovo srpske, u skladu sa najvi\u0161im me?unarodnim standardima i da bude spremno za dobre odnose sa svim susjedima, kako bi postalo novi faktor regionalne i \u0161ire stabilnosti, stoji u usvojenoj rezoluciji.<br \/>\nUsvojena je i rezolucija povodom akcije crnogorske policije \u201eOrlov let&#8221; u kojoj se od nadle\u017enih crnogorskih organa tra\u017ei da se \u201emaksimalno ubrza i \u0161to prije zavr\u0161i sudski proces koji treba da objelodani punu istinu o pomenutom slu?aju?. O?ekujemo i \u0161to skoriji zavr\u0161etak istrage prema policajcima u?esnicima u akciji \u201eOrlov let&#8221;, koji su prekora?ili nadle\u017enosti, \u0161to neophodno treba utvrditi. DUA tra\u017ei da se pomenuti slu?aj prati u koordinaciji sa ameri?kim faktorom, budu?i da je i on zainteresovan za svoje dr\u017eavljane i da se ovaj slu?aj ne zloupotrijebi u politi?ke svrhe.<\/p>\n<p>M.K.<\/p>\n<p>www.dan.cg.yu<\/p>\n","protected":false},"excerpt":{"rendered":"<p><img loading=\"lazy\" src=\"http:\/\/www.visit-ulcinj.com\/blog\/wp-content\/uploads\/2008\/02\/ferhat-dinosa.jpg\" height=\"140\" width=\"140\" \/><\/p>\n","protected":false},"author":1,"featured_media":0,"comment_status":"open","ping_status":"closed","sticky":false,"template":"","format":"standard","meta":{"spay_email":"","jetpack_publicize_message":"","jetpack_is_tweetstorm":false,"jetpack_publicize_feature_enabled":true},"categories":[1],"tags":[],"jetpack_publicize_connections":[],"yoast_head":"<!-- This site is optimized with the Yoast SEO plugin v19.1 - https:\/\/yoast.com\/wordpress\/plugins\/seo\/ -->\n<title>Dino\u0161a: Godina Albanaca i nezavisnog Kosova - Lajme nga Ulqini<\/title>\n<meta name=\"robots\" content=\"index, follow, max-snippet:-1, max-image-preview:large, max-video-preview:-1\" \/>\n<link rel=\"canonical\" href=\"https:\/\/www.visit-ulcinj.com\/blog\/2008\/02\/04\/dinosa-ovo-je-godina-albanaca-2\/\" \/>\n<meta property=\"og:locale\" content=\"en_US\" \/>\n<meta property=\"og:type\" content=\"article\" \/>\n<meta property=\"og:title\" content=\"Dino\u0161a: Godina Albanaca i nezavisnog Kosova - Lajme nga Ulqini\" \/>\n<meta property=\"og:url\" content=\"https:\/\/www.visit-ulcinj.com\/blog\/2008\/02\/04\/dinosa-ovo-je-godina-albanaca-2\/\" \/>\n<meta property=\"og:site_name\" content=\"Lajme nga Ulqini\" \/>\n<meta property=\"article:published_time\" content=\"2008-02-04T18:38:04+00:00\" \/>\n<meta property=\"article:modified_time\" content=\"2008-02-13T01:32:35+00:00\" \/>\n<meta property=\"og:image\" content=\"http:\/\/www.visit-ulcinj.com\/blog\/wp-content\/uploads\/2008\/02\/ferhat-dinosa.jpg\" \/>\n<meta name=\"twitter:label1\" content=\"Written by\" \/>\n\t<meta name=\"twitter:data1\" content=\"ulqini\" \/>\n\t<meta name=\"twitter:label2\" content=\"Est. reading time\" \/>\n\t<meta name=\"twitter:data2\" content=\"2 minutes\" \/>\n<script type=\"application\/ld+json\" class=\"yoast-schema-graph\">{\"@context\":\"https:\/\/schema.org\",\"@graph\":[{\"@type\":\"WebSite\",\"@id\":\"https:\/\/www.visit-ulcinj.com\/blog\/#website\",\"url\":\"https:\/\/www.visit-ulcinj.com\/blog\/\",\"name\":\"Lajme nga Ulqini\",\"description\":\"Lajme,Vijesti,Ulqini,Ulqin,Crna Gora,Mali i Zi\",\"potentialAction\":[{\"@type\":\"SearchAction\",\"target\":{\"@type\":\"EntryPoint\",\"urlTemplate\":\"https:\/\/www.visit-ulcinj.com\/blog\/?s={search_term_string}\"},\"query-input\":\"required name=search_term_string\"}],\"inLanguage\":\"en-US\"},{\"@type\":\"ImageObject\",\"inLanguage\":\"en-US\",\"@id\":\"https:\/\/www.visit-ulcinj.com\/blog\/2008\/02\/04\/dinosa-ovo-je-godina-albanaca-2\/#primaryimage\",\"url\":\"http:\/\/www.visit-ulcinj.com\/blog\/wp-content\/uploads\/2008\/02\/ferhat-dinosa.jpg\",\"contentUrl\":\"http:\/\/www.visit-ulcinj.com\/blog\/wp-content\/uploads\/2008\/02\/ferhat-dinosa.jpg\"},{\"@type\":\"WebPage\",\"@id\":\"https:\/\/www.visit-ulcinj.com\/blog\/2008\/02\/04\/dinosa-ovo-je-godina-albanaca-2\/#webpage\",\"url\":\"https:\/\/www.visit-ulcinj.com\/blog\/2008\/02\/04\/dinosa-ovo-je-godina-albanaca-2\/\",\"name\":\"Dino\u0161a: Godina Albanaca i nezavisnog Kosova - Lajme nga Ulqini\",\"isPartOf\":{\"@id\":\"https:\/\/www.visit-ulcinj.com\/blog\/#website\"},\"primaryImageOfPage\":{\"@id\":\"https:\/\/www.visit-ulcinj.com\/blog\/2008\/02\/04\/dinosa-ovo-je-godina-albanaca-2\/#primaryimage\"},\"datePublished\":\"2008-02-04T18:38:04+00:00\",\"dateModified\":\"2008-02-13T01:32:35+00:00\",\"author\":{\"@id\":\"https:\/\/www.visit-ulcinj.com\/blog\/#\/schema\/person\/dcab619c614d3038751c63bc2aadc06d\"},\"breadcrumb\":{\"@id\":\"https:\/\/www.visit-ulcinj.com\/blog\/2008\/02\/04\/dinosa-ovo-je-godina-albanaca-2\/#breadcrumb\"},\"inLanguage\":\"en-US\",\"potentialAction\":[{\"@type\":\"ReadAction\",\"target\":[\"https:\/\/www.visit-ulcinj.com\/blog\/2008\/02\/04\/dinosa-ovo-je-godina-albanaca-2\/\"]}]},{\"@type\":\"BreadcrumbList\",\"@id\":\"https:\/\/www.visit-ulcinj.com\/blog\/2008\/02\/04\/dinosa-ovo-je-godina-albanaca-2\/#breadcrumb\",\"itemListElement\":[{\"@type\":\"ListItem\",\"position\":1,\"name\":\"Dino\u0161a: Godina Albanaca i nezavisnog Kosova\"}]},{\"@type\":\"Person\",\"@id\":\"https:\/\/www.visit-ulcinj.com\/blog\/#\/schema\/person\/dcab619c614d3038751c63bc2aadc06d\",\"name\":\"ulqini\",\"sameAs\":[\"http:\/\/www.visit-ulcinj.com\"],\"url\":\"https:\/\/www.visit-ulcinj.com\/blog\/author\/admin\/\"}]}<\/script>\n<!-- \/ Yoast SEO plugin. -->","yoast_head_json":{"title":"Dino\u0161a: Godina Albanaca i nezavisnog Kosova - Lajme nga Ulqini","robots":{"index":"index","follow":"follow","max-snippet":"max-snippet:-1","max-image-preview":"max-image-preview:large","max-video-preview":"max-video-preview:-1"},"canonical":"https:\/\/www.visit-ulcinj.com\/blog\/2008\/02\/04\/dinosa-ovo-je-godina-albanaca-2\/","og_locale":"en_US","og_type":"article","og_title":"Dino\u0161a: Godina Albanaca i nezavisnog Kosova - Lajme nga Ulqini","og_url":"https:\/\/www.visit-ulcinj.com\/blog\/2008\/02\/04\/dinosa-ovo-je-godina-albanaca-2\/","og_site_name":"Lajme nga Ulqini","article_published_time":"2008-02-04T18:38:04+00:00","article_modified_time":"2008-02-13T01:32:35+00:00","og_image":[{"url":"http:\/\/www.visit-ulcinj.com\/blog\/wp-content\/uploads\/2008\/02\/ferhat-dinosa.jpg"}],"twitter_misc":{"Written by":"ulqini","Est. reading time":"2 minutes"},"schema":{"@context":"https:\/\/schema.org","@graph":[{"@type":"WebSite","@id":"https:\/\/www.visit-ulcinj.com\/blog\/#website","url":"https:\/\/www.visit-ulcinj.com\/blog\/","name":"Lajme nga Ulqini","description":"Lajme,Vijesti,Ulqini,Ulqin,Crna Gora,Mali i Zi","potentialAction":[{"@type":"SearchAction","target":{"@type":"EntryPoint","urlTemplate":"https:\/\/www.visit-ulcinj.com\/blog\/?s={search_term_string}"},"query-input":"required name=search_term_string"}],"inLanguage":"en-US"},{"@type":"ImageObject","inLanguage":"en-US","@id":"https:\/\/www.visit-ulcinj.com\/blog\/2008\/02\/04\/dinosa-ovo-je-godina-albanaca-2\/#primaryimage","url":"http:\/\/www.visit-ulcinj.com\/blog\/wp-content\/uploads\/2008\/02\/ferhat-dinosa.jpg","contentUrl":"http:\/\/www.visit-ulcinj.com\/blog\/wp-content\/uploads\/2008\/02\/ferhat-dinosa.jpg"},{"@type":"WebPage","@id":"https:\/\/www.visit-ulcinj.com\/blog\/2008\/02\/04\/dinosa-ovo-je-godina-albanaca-2\/#webpage","url":"https:\/\/www.visit-ulcinj.com\/blog\/2008\/02\/04\/dinosa-ovo-je-godina-albanaca-2\/","name":"Dino\u0161a: Godina Albanaca i nezavisnog Kosova - Lajme nga Ulqini","isPartOf":{"@id":"https:\/\/www.visit-ulcinj.com\/blog\/#website"},"primaryImageOfPage":{"@id":"https:\/\/www.visit-ulcinj.com\/blog\/2008\/02\/04\/dinosa-ovo-je-godina-albanaca-2\/#primaryimage"},"datePublished":"2008-02-04T18:38:04+00:00","dateModified":"2008-02-13T01:32:35+00:00","author":{"@id":"https:\/\/www.visit-ulcinj.com\/blog\/#\/schema\/person\/dcab619c614d3038751c63bc2aadc06d"},"breadcrumb":{"@id":"https:\/\/www.visit-ulcinj.com\/blog\/2008\/02\/04\/dinosa-ovo-je-godina-albanaca-2\/#breadcrumb"},"inLanguage":"en-US","potentialAction":[{"@type":"ReadAction","target":["https:\/\/www.visit-ulcinj.com\/blog\/2008\/02\/04\/dinosa-ovo-je-godina-albanaca-2\/"]}]},{"@type":"BreadcrumbList","@id":"https:\/\/www.visit-ulcinj.com\/blog\/2008\/02\/04\/dinosa-ovo-je-godina-albanaca-2\/#breadcrumb","itemListElement":[{"@type":"ListItem","position":1,"name":"Dino\u0161a: Godina Albanaca i nezavisnog Kosova"}]},{"@type":"Person","@id":"https:\/\/www.visit-ulcinj.com\/blog\/#\/schema\/person\/dcab619c614d3038751c63bc2aadc06d","name":"ulqini","sameAs":["http:\/\/www.visit-ulcinj.com"],"url":"https:\/\/www.visit-ulcinj.com\/blog\/author\/admin\/"}]}},"jetpack_featured_media_url":"","jetpack_sharing_enabled":true,"jetpack_shortlink":"https:\/\/wp.me\/pe6lTn-62","_links":{"self":[{"href":"https:\/\/www.visit-ulcinj.com\/blog\/wp-json\/wp\/v2\/posts\/374"}],"collection":[{"href":"https:\/\/www.visit-ulcinj.com\/blog\/wp-json\/wp\/v2\/posts"}],"about":[{"href":"https:\/\/www.visit-ulcinj.com\/blog\/wp-json\/wp\/v2\/types\/post"}],"author":[{"embeddable":true,"href":"https:\/\/www.visit-ulcinj.com\/blog\/wp-json\/wp\/v2\/users\/1"}],"replies":[{"embeddable":true,"href":"https:\/\/www.visit-ulcinj.com\/blog\/wp-json\/wp\/v2\/comments?post=374"}],"version-history":[{"count":0,"href":"https:\/\/www.visit-ulcinj.com\/blog\/wp-json\/wp\/v2\/posts\/374\/revisions"}],"wp:attachment":[{"href":"https:\/\/www.visit-ulcinj.com\/blog\/wp-json\/wp\/v2\/media?parent=374"}],"wp:term":[{"taxonomy":"category","embeddable":true,"href":"https:\/\/www.visit-ulcinj.com\/blog\/wp-json\/wp\/v2\/categories?post=374"},{"taxonomy":"post_tag","embeddable":true,"href":"https:\/\/www.visit-ulcinj.com\/blog\/wp-json\/wp\/v2\/tags?post=374"}],"curies":[{"name":"wp","href":"https:\/\/api.w.org\/{rel}","templated":true}]}}