{"id":37416,"date":"2010-09-16T22:26:37","date_gmt":"2010-09-16T20:26:37","guid":{"rendered":"http:\/\/www.visit-ulcinj.com\/blog\/?p=37416"},"modified":"2010-09-16T22:27:26","modified_gmt":"2010-09-16T20:27:26","slug":"ada-bojana-sruseno-osam-nelegalnih-objekata","status":"publish","type":"post","link":"https:\/\/www.visit-ulcinj.com\/blog\/2010\/09\/16\/ada-bojana-sruseno-osam-nelegalnih-objekata\/","title":{"rendered":"Ada Bojana: Sru\u0161eno osam nelegalnih objekata"},"content":{"rendered":"<p><strong><a href=\"http:\/\/www.visit-ulcinj.com\/blog\/wp-content\/uploads\/2010\/09\/Sruseno-osam-nelegalnih-objekata-_ada-bojana.3.jpg\"><img loading=\"lazy\" class=\"alignleft size-full wp-image-37417\" title=\"Sruseno osam nelegalnih objekata _ada bojana.3\" src=\"http:\/\/www.visit-ulcinj.com\/blog\/wp-content\/uploads\/2010\/09\/Sruseno-osam-nelegalnih-objekata-_ada-bojana.3.jpg\" alt=\"\" width=\"490\" height=\"380\" \/><\/a>Po\u010delo uklanjanje ku\u0107ica na Bojani<\/strong><\/p>\n<p>Rije\u010d je o tro\u0161nim objektima koji nijesu mogli da se rekonstrui\u0161u, a ekolo\u0161ki ugro\u017eavaju \u017eivotnu sredinu<\/p>\n<p>Ulcinj \u2013 Ju\u010de u prijepodnevnim satima sru\u0161eno je osam ilegalno izgra\u0111enih objekata na rijeci Bojani koji nijesu bili u upotrebnom stanju.<\/p>\n<p>&#8211; To su objekti koji su devastirali prostor i koji su sami po sebi bili toliko o\u0161te\u0107eni da nije postojala mogu\u0107nost rekonstrukcije. Ru\u0161enjem ho\u0107emo da poka\u017eemo da smo energi\u010dni u namjeri da se za\u0161titi prostor na rijeci Bojani. Prvo \u0107emo ukloniti ku\u0107ice koje su ekolo\u0161ki ugrozile sredinu \u2013 rekao je na\u0161 sagovornik iz Ministarstva za\u0161tite \u017eivotne sredine.<\/p>\n<p>Iz JP Morsko dobro saznajemo da je ovim aktivnostima po\u010dela prva faza ru\u0161enja kojom je predvi\u0111eno uklanjanje tro\u0161nih objekata. Zatim slijedi faza ru\u0161enja bespravno izgra\u0111enih objekata koji nijesu registrovani u katalogu JP Morskog dobra, i nakon nje &#8211; tre\u0107a faza, kojom je predvi\u0111eno ru\u0161enje objekata licima koja nijesu potpisala ugovor sa Morskim dobrom o privremenom kori\u0161\u0107enju zemlji\u0161ta i izmirila propisane nov\u010dane obaveze prema utvr\u0111enom cjenovniku.<\/p>\n<p>U katalogu Morskog dobra upisana su ukupno 442 ilegalno izgra\u0111ena objekta na Bojani, a masovnije prijavljivanje vlasnika vikendica za potpisanje ugovora, kojim se osigurava privremeni status i isklju\u010duje mogu\u0107nost ru\u0161enja, po\u010delo je prije nekoliko dana.<\/p>\n<p>Prije 20 godina na Bojani su postojale ribarske ku\u0107ice, tj. kalimere. Po\u010detkom 90-ih na ovoj lokaciji je po\u010delo ubrzano da se gradi. Tako je na Bojani nastao \u201eDrvengrad\u201c. Na ovoj atraktivnoj lokaciji \u201enikle\u201c su rasko\u0161ne vile, klimatizovane, sa vi\u0161e spratova, \u0111akuzi kadama&#8230; Me\u0111u lokalnim stanovni\u0161tvom \u010dak kru\u017ei \u0161ala: svako ko je imao dvije daske \u2013 sagradio je ku\u0107icu na Bojani. Ovih ku\u0107ica je danas mnogo vi\u0161e nego \u0161to to obale ove rijeke mogu da podnesu. Sve se to de\u0161avalo \u2013 na dr\u017eavnom zemlji\u0161tu.<br \/>\n<a href=\"http:\/\/www.visit-ulcinj.com\/blog\/wp-content\/uploads\/2010\/09\/Sruseno-osam-nelegalnih-objekata-_ada-bojana.1.jpg\"><img loading=\"lazy\" class=\"alignleft size-full wp-image-37418\" title=\"Sruseno osam nelegalnih objekata _ada bojana.1\" src=\"http:\/\/www.visit-ulcinj.com\/blog\/wp-content\/uploads\/2010\/09\/Sruseno-osam-nelegalnih-objekata-_ada-bojana.1.jpg\" alt=\"\" width=\"490\" height=\"380\" \/><\/a><\/p>\n<p><strong>I, \u0161ta sada? <\/strong><\/p>\n<p>Postoje tri opcije za rje\u0161avanje statusa privremenih objekata na Bojani: da se ukloni svih 442 objekta, da situacija ostane kao i do sada, tj. da se ne pla\u0107aju nikakve obaveze prema dr\u017eavi ili da se objekti tretiraju kao privremeni. Ministarstvo za ure\u0111enje prostora odlu\u010dilo se za ovu posljednju jer je bila najrealnija i najprimjerenija. Dr\u017eava je tako ponudila vlasnicima vikendica mogu\u0107nost da dobiju legitimitet na odre\u0111eno vrijeme.<\/p>\n<p>Ugovor sa Morskim dobrom i pravo kori\u0161\u0107enja prostora koji je dat na ustupanje, nikako ne podrazumijeva promjenu vlasni\u010dke strukture &#8211; zemlji\u0161te ostaje javno dobro u svojini dr\u017eave Crne Gore, a vlasnici vikendica dobijaju mogu\u0107nost kori\u0161\u0107enja dr\u017eavnog zemlji\u0161ta.<\/p>\n<p>Svi prihodi ostvareni potpisivanjem ugovora sa ovim preduze\u0107em, kao i nadoknada za dr\u017eavno zemlji\u0161te koje je dato na kori\u0161\u0107enje, a procijenjeni su na vi\u0161e od milion eura, namijenjeni su za rje\u0161avanje infrastrukturnih i ekolo\u0161kih problema ulcinjske op\u0161tine.<\/p>\n<p><strong>Bo\u0161kovi\u0107: Sve gotovo do 1. oktobra <\/strong><\/p>\n<p>Inspektor za\u0161tite prostora u Javnom preduze\u0107u za upravljanje morskim dobrom Crne Gore Zoran Bo\u0161kovi\u0107 potvrdio je Pobjedi da je ju\u010de na Adi Bojani po\u010dela najavljena akcija Ministarstva ure\u0111enja prostora i za\u0161tite \u017eivotne sredine i Morskog dobra.<\/p>\n<p>&#8211; Sve \u0107e biti zavr\u0161eno do 1. oktobra. Objavili smo uslove pod kojima se radi. To su objekti koji su devastirani i koji ne mogu da dobiju gra\u0111evinsku dozvolu za rekonstrukciju. Taj dokument izdaje JP Morsko dobro i JP Nacionalni parkovi. Gra\u0111evinsku dozvolu za izgradnju trajnih objekata izdaje Ministarstvo u zoni morskog dobra i nacionalnih parkova \u2013 ka\u017ee Bo\u0161kovi\u0107.<\/p>\n<p>Na pitanje da li je bilo problema prilikom ju\u010dera\u0161njeg ru\u0161enja, inspektor za\u0161tite prostora nam je potvrdio da je sve pro\u0161lo mirno i da sa tim vlasnicima imaju dobru komunikaciju.<\/p>\n<p>&#8211; Ovaj teren treba o\u010distiti od objekata koji ne mogu ostati na tom prostoru. Radi\u0107emo postepeno jer nijedna deponija ne mo\u017ee da primi odjednom toliko materijala \u2013 zaklju\u010dio je Bo\u0161kovi\u0107.<\/p>\n<p><strong>Moglo je i druga\u010dije <\/strong><\/p>\n<p>Beogradski slikar Neboj\u0161a Veselinovi\u0107, zvani \u0110ura, doselio se na Adu Bojanu prije 34 godine.<\/p>\n<p>&#8211; \u010cetiristo ku\u0107ica nigdje nikad nije sru\u0161eno. To je sre\u0107a za nas. Pone\u0161to treba da se sru\u0161i. Ali, dr\u017eava je mogla fino da ka\u017ee: Gospodo, na\u0161i gra\u0111ani dragi, imate pravo da u\u017eivate u ljepoti Bojane pod ovim uslovima &#8211; dajemo vam 16 kvadrata, \u010detiri kvadrata terase, visinu od 2,20 metra. Izvolite. A oni to nijesu uradili \u2013 ka\u017ee Veselinovi\u0107 za Pobjedu.<br \/>\n<a href=\"http:\/\/www.visit-ulcinj.com\/blog\/wp-content\/uploads\/2010\/09\/Sruseno-osam-nelegalnih-objekata-_ada-bojana.jpg\"><img loading=\"lazy\" class=\"alignleft size-full wp-image-37419\" title=\"Sruseno osam nelegalnih objekata _ada bojana\" src=\"http:\/\/www.visit-ulcinj.com\/blog\/wp-content\/uploads\/2010\/09\/Sruseno-osam-nelegalnih-objekata-_ada-bojana.jpg\" alt=\"\" width=\"490\" height=\"380\" \/><\/a><\/p>\n<p><strong>Zaustavili bespravnu gradnju <\/strong><\/p>\n<p>Portparolka Javnog preduze\u0107a za upravljanje morskim dobrom Crne Gore Sandra Radulovi\u0107 izjavila je za Pobjedu da je vi\u0161e od 300, od ukupno 420 vlasnika objekata u zoni morskog dobra na Adi Bojani, preuzelo zahtjeve i da je ve\u0107 potpisano vi\u0161e od 40 ugovora.<\/p>\n<p>&#8211; Svi oni koji u narednom periodu ne budu potpisali ugovor bi\u0107e izostavljeni iz plana privremenih objekata za 2011. godinu. Kada je Ulcinj u pitanju, prioritet je da se \u0161to vi\u0161e objekata uvede u privremeni status jer su na dr\u017eavnom zemlji\u0161tu. Jo\u0161 nemamo ve\u0107ih anga\u017emana u drugim primorskim op\u0161tinama. Za svaki poku\u0161aj bespravne gradnje preduzimamo mjere iz nadle\u017enosti koje smo dobili 31. marta. To ubrzava proceduru \u2013 pojasnila je Radulovi\u0107.<\/p>\n<p><strong>Sru\u0161eni da ne bi sami pali <\/strong><\/p>\n<p>Vlasnik najstarijeg ribljeg restorana na Adi Bojani \u201eMi\u0161ko 1991.\u201cMilomir Mi\u0161ko Lekovi\u0107 izjavio je za Pobjedu da kroz prozor svog restorana gleda kako se na desetak metara udaljenosti ru\u0161i spratni objekat koji je bio u stanju propadanja.<\/p>\n<p>&#8211; I ostali sru\u0161eni objekti su preko puta mog restorana. Bili su gotovo pali. Dako u\u0111emo u nekakve normalne tokove kako treba. Moramo korigovati cijene da budu pristupa\u010dne za one koji su voljni da izmire dr\u017eavi dugovanja \u2013 zaklju\u010dio je Lekovi\u0107.<br \/>\n<strong>R.I.<br \/>\n<a href=\"http:\/\/www.pobjeda.co.me\/citanje.php?datum=2010-09-15&amp;id=191530\" target=\"_blank\">Pobjeda<br \/>\n<\/a><!--YouTube Error: bad URL entered--><a href=\"http:\/\/www.pobjeda.co.me\/citanje.php?datum=2010-09-15&amp;id=191530\" target=\"_blank\"><\/a><\/strong><\/p>\n","protected":false},"excerpt":{"rendered":"<p>Po\u010delo uklanjanje ku\u0107ica na Bojani Rije\u010d je o tro\u0161nim objektima koji nijesu mogli da se rekonstrui\u0161u, a ekolo\u0161ki ugro\u017eavaju \u017eivotnu sredinu Ulcinj \u2013 Ju\u010de u prijepodnevnim satima sru\u0161eno je osam ilegalno izgra\u0111enih objekata na rijeci Bojani koji nijesu bili u upotrebnom stanju. &#8211; To su objekti koji su devastirali prostor i koji su sami po [&hellip;]<\/p>\n","protected":false},"author":1,"featured_media":0,"comment_status":"open","ping_status":"closed","sticky":false,"template":"","format":"standard","meta":{"spay_email":"","jetpack_publicize_message":"","jetpack_is_tweetstorm":false,"jetpack_publicize_feature_enabled":true},"categories":[8337],"tags":[138,20,15403,15402,19],"jetpack_publicize_connections":[],"yoast_head":"<!-- This site is optimized with the Yoast SEO plugin v19.1 - https:\/\/yoast.com\/wordpress\/plugins\/seo\/ -->\n<title>Ada Bojana: Sru\u0161eno osam nelegalnih objekata - Lajme nga Ulqini<\/title>\n<meta name=\"description\" content=\"Po\u010delo uklanjanje ku\u0107ica na Bojani Rije\u010d je o tro\u0161nim objektima koji nijesu mogli da se rekonstrui\u0161u, a ekolo\u0161ki ugro\u017eavaju \u017eivotnu sredinu Ulcinj \u2013 Ju\u010de\" \/>\n<meta name=\"robots\" content=\"index, follow, max-snippet:-1, max-image-preview:large, max-video-preview:-1\" \/>\n<link rel=\"canonical\" href=\"https:\/\/www.visit-ulcinj.com\/blog\/2010\/09\/16\/ada-bojana-sruseno-osam-nelegalnih-objekata\/\" \/>\n<meta property=\"og:locale\" content=\"en_US\" \/>\n<meta property=\"og:type\" content=\"article\" \/>\n<meta property=\"og:title\" content=\"Ada Bojana: Sru\u0161eno osam nelegalnih objekata - Lajme nga Ulqini\" \/>\n<meta property=\"og:description\" content=\"Po\u010delo uklanjanje ku\u0107ica na Bojani Rije\u010d je o tro\u0161nim objektima koji nijesu mogli da se rekonstrui\u0161u, a ekolo\u0161ki ugro\u017eavaju \u017eivotnu sredinu Ulcinj \u2013 Ju\u010de\" \/>\n<meta property=\"og:url\" content=\"https:\/\/www.visit-ulcinj.com\/blog\/2010\/09\/16\/ada-bojana-sruseno-osam-nelegalnih-objekata\/\" \/>\n<meta property=\"og:site_name\" content=\"Lajme nga Ulqini\" \/>\n<meta property=\"article:published_time\" content=\"2010-09-16T20:26:37+00:00\" \/>\n<meta property=\"article:modified_time\" content=\"2010-09-16T20:27:26+00:00\" \/>\n<meta property=\"og:image\" content=\"http:\/\/www.visit-ulcinj.com\/blog\/wp-content\/uploads\/2010\/09\/Sruseno-osam-nelegalnih-objekata-_ada-bojana.3.jpg\" \/>\n<meta name=\"twitter:label1\" content=\"Written by\" \/>\n\t<meta name=\"twitter:data1\" content=\"ulqini\" \/>\n\t<meta name=\"twitter:label2\" content=\"Est. reading time\" \/>\n\t<meta name=\"twitter:data2\" content=\"5 minutes\" \/>\n<script type=\"application\/ld+json\" class=\"yoast-schema-graph\">{\"@context\":\"https:\/\/schema.org\",\"@graph\":[{\"@type\":\"WebSite\",\"@id\":\"https:\/\/www.visit-ulcinj.com\/blog\/#website\",\"url\":\"https:\/\/www.visit-ulcinj.com\/blog\/\",\"name\":\"Lajme nga Ulqini\",\"description\":\"Lajme,Vijesti,Ulqini,Ulqin,Crna Gora,Mali i Zi\",\"potentialAction\":[{\"@type\":\"SearchAction\",\"target\":{\"@type\":\"EntryPoint\",\"urlTemplate\":\"https:\/\/www.visit-ulcinj.com\/blog\/?s={search_term_string}\"},\"query-input\":\"required name=search_term_string\"}],\"inLanguage\":\"en-US\"},{\"@type\":\"ImageObject\",\"inLanguage\":\"en-US\",\"@id\":\"https:\/\/www.visit-ulcinj.com\/blog\/2010\/09\/16\/ada-bojana-sruseno-osam-nelegalnih-objekata\/#primaryimage\",\"url\":\"https:\/\/www.visit-ulcinj.com\/blog\/wp-content\/uploads\/2010\/09\/Sruseno-osam-nelegalnih-objekata-_ada-bojana.3.jpg\",\"contentUrl\":\"https:\/\/www.visit-ulcinj.com\/blog\/wp-content\/uploads\/2010\/09\/Sruseno-osam-nelegalnih-objekata-_ada-bojana.3.jpg\",\"width\":\"604\",\"height\":\"453\"},{\"@type\":\"WebPage\",\"@id\":\"https:\/\/www.visit-ulcinj.com\/blog\/2010\/09\/16\/ada-bojana-sruseno-osam-nelegalnih-objekata\/#webpage\",\"url\":\"https:\/\/www.visit-ulcinj.com\/blog\/2010\/09\/16\/ada-bojana-sruseno-osam-nelegalnih-objekata\/\",\"name\":\"Ada Bojana: Sru\u0161eno osam nelegalnih objekata - Lajme nga Ulqini\",\"isPartOf\":{\"@id\":\"https:\/\/www.visit-ulcinj.com\/blog\/#website\"},\"primaryImageOfPage\":{\"@id\":\"https:\/\/www.visit-ulcinj.com\/blog\/2010\/09\/16\/ada-bojana-sruseno-osam-nelegalnih-objekata\/#primaryimage\"},\"datePublished\":\"2010-09-16T20:26:37+00:00\",\"dateModified\":\"2010-09-16T20:27:26+00:00\",\"author\":{\"@id\":\"https:\/\/www.visit-ulcinj.com\/blog\/#\/schema\/person\/dcab619c614d3038751c63bc2aadc06d\"},\"description\":\"Po\u010delo uklanjanje ku\u0107ica na Bojani Rije\u010d je o tro\u0161nim objektima koji nijesu mogli da se rekonstrui\u0161u, a ekolo\u0161ki ugro\u017eavaju \u017eivotnu sredinu Ulcinj \u2013 Ju\u010de\",\"breadcrumb\":{\"@id\":\"https:\/\/www.visit-ulcinj.com\/blog\/2010\/09\/16\/ada-bojana-sruseno-osam-nelegalnih-objekata\/#breadcrumb\"},\"inLanguage\":\"en-US\",\"potentialAction\":[{\"@type\":\"ReadAction\",\"target\":[\"https:\/\/www.visit-ulcinj.com\/blog\/2010\/09\/16\/ada-bojana-sruseno-osam-nelegalnih-objekata\/\"]}]},{\"@type\":\"BreadcrumbList\",\"@id\":\"https:\/\/www.visit-ulcinj.com\/blog\/2010\/09\/16\/ada-bojana-sruseno-osam-nelegalnih-objekata\/#breadcrumb\",\"itemListElement\":[{\"@type\":\"ListItem\",\"position\":1,\"name\":\"Ada Bojana: Sru\u0161eno osam nelegalnih objekata\"}]},{\"@type\":\"Person\",\"@id\":\"https:\/\/www.visit-ulcinj.com\/blog\/#\/schema\/person\/dcab619c614d3038751c63bc2aadc06d\",\"name\":\"ulqini\",\"sameAs\":[\"http:\/\/www.visit-ulcinj.com\"],\"url\":\"https:\/\/www.visit-ulcinj.com\/blog\/author\/admin\/\"}]}<\/script>\n<!-- \/ Yoast SEO plugin. -->","yoast_head_json":{"title":"Ada Bojana: Sru\u0161eno osam nelegalnih objekata - Lajme nga Ulqini","description":"Po\u010delo uklanjanje ku\u0107ica na Bojani Rije\u010d je o tro\u0161nim objektima koji nijesu mogli da se rekonstrui\u0161u, a ekolo\u0161ki ugro\u017eavaju \u017eivotnu sredinu Ulcinj \u2013 Ju\u010de","robots":{"index":"index","follow":"follow","max-snippet":"max-snippet:-1","max-image-preview":"max-image-preview:large","max-video-preview":"max-video-preview:-1"},"canonical":"https:\/\/www.visit-ulcinj.com\/blog\/2010\/09\/16\/ada-bojana-sruseno-osam-nelegalnih-objekata\/","og_locale":"en_US","og_type":"article","og_title":"Ada Bojana: Sru\u0161eno osam nelegalnih objekata - Lajme nga Ulqini","og_description":"Po\u010delo uklanjanje ku\u0107ica na Bojani Rije\u010d je o tro\u0161nim objektima koji nijesu mogli da se rekonstrui\u0161u, a ekolo\u0161ki ugro\u017eavaju \u017eivotnu sredinu Ulcinj \u2013 Ju\u010de","og_url":"https:\/\/www.visit-ulcinj.com\/blog\/2010\/09\/16\/ada-bojana-sruseno-osam-nelegalnih-objekata\/","og_site_name":"Lajme nga Ulqini","article_published_time":"2010-09-16T20:26:37+00:00","article_modified_time":"2010-09-16T20:27:26+00:00","og_image":[{"url":"http:\/\/www.visit-ulcinj.com\/blog\/wp-content\/uploads\/2010\/09\/Sruseno-osam-nelegalnih-objekata-_ada-bojana.3.jpg"}],"twitter_misc":{"Written by":"ulqini","Est. reading time":"5 minutes"},"schema":{"@context":"https:\/\/schema.org","@graph":[{"@type":"WebSite","@id":"https:\/\/www.visit-ulcinj.com\/blog\/#website","url":"https:\/\/www.visit-ulcinj.com\/blog\/","name":"Lajme nga Ulqini","description":"Lajme,Vijesti,Ulqini,Ulqin,Crna Gora,Mali i Zi","potentialAction":[{"@type":"SearchAction","target":{"@type":"EntryPoint","urlTemplate":"https:\/\/www.visit-ulcinj.com\/blog\/?s={search_term_string}"},"query-input":"required name=search_term_string"}],"inLanguage":"en-US"},{"@type":"ImageObject","inLanguage":"en-US","@id":"https:\/\/www.visit-ulcinj.com\/blog\/2010\/09\/16\/ada-bojana-sruseno-osam-nelegalnih-objekata\/#primaryimage","url":"https:\/\/www.visit-ulcinj.com\/blog\/wp-content\/uploads\/2010\/09\/Sruseno-osam-nelegalnih-objekata-_ada-bojana.3.jpg","contentUrl":"https:\/\/www.visit-ulcinj.com\/blog\/wp-content\/uploads\/2010\/09\/Sruseno-osam-nelegalnih-objekata-_ada-bojana.3.jpg","width":"604","height":"453"},{"@type":"WebPage","@id":"https:\/\/www.visit-ulcinj.com\/blog\/2010\/09\/16\/ada-bojana-sruseno-osam-nelegalnih-objekata\/#webpage","url":"https:\/\/www.visit-ulcinj.com\/blog\/2010\/09\/16\/ada-bojana-sruseno-osam-nelegalnih-objekata\/","name":"Ada Bojana: Sru\u0161eno osam nelegalnih objekata - Lajme nga Ulqini","isPartOf":{"@id":"https:\/\/www.visit-ulcinj.com\/blog\/#website"},"primaryImageOfPage":{"@id":"https:\/\/www.visit-ulcinj.com\/blog\/2010\/09\/16\/ada-bojana-sruseno-osam-nelegalnih-objekata\/#primaryimage"},"datePublished":"2010-09-16T20:26:37+00:00","dateModified":"2010-09-16T20:27:26+00:00","author":{"@id":"https:\/\/www.visit-ulcinj.com\/blog\/#\/schema\/person\/dcab619c614d3038751c63bc2aadc06d"},"description":"Po\u010delo uklanjanje ku\u0107ica na Bojani Rije\u010d je o tro\u0161nim objektima koji nijesu mogli da se rekonstrui\u0161u, a ekolo\u0161ki ugro\u017eavaju \u017eivotnu sredinu Ulcinj \u2013 Ju\u010de","breadcrumb":{"@id":"https:\/\/www.visit-ulcinj.com\/blog\/2010\/09\/16\/ada-bojana-sruseno-osam-nelegalnih-objekata\/#breadcrumb"},"inLanguage":"en-US","potentialAction":[{"@type":"ReadAction","target":["https:\/\/www.visit-ulcinj.com\/blog\/2010\/09\/16\/ada-bojana-sruseno-osam-nelegalnih-objekata\/"]}]},{"@type":"BreadcrumbList","@id":"https:\/\/www.visit-ulcinj.com\/blog\/2010\/09\/16\/ada-bojana-sruseno-osam-nelegalnih-objekata\/#breadcrumb","itemListElement":[{"@type":"ListItem","position":1,"name":"Ada Bojana: Sru\u0161eno osam nelegalnih objekata"}]},{"@type":"Person","@id":"https:\/\/www.visit-ulcinj.com\/blog\/#\/schema\/person\/dcab619c614d3038751c63bc2aadc06d","name":"ulqini","sameAs":["http:\/\/www.visit-ulcinj.com"],"url":"https:\/\/www.visit-ulcinj.com\/blog\/author\/admin\/"}]}},"jetpack_featured_media_url":"","jetpack_sharing_enabled":true,"jetpack_shortlink":"https:\/\/wp.me\/pe6lTn-9Ju","_links":{"self":[{"href":"https:\/\/www.visit-ulcinj.com\/blog\/wp-json\/wp\/v2\/posts\/37416"}],"collection":[{"href":"https:\/\/www.visit-ulcinj.com\/blog\/wp-json\/wp\/v2\/posts"}],"about":[{"href":"https:\/\/www.visit-ulcinj.com\/blog\/wp-json\/wp\/v2\/types\/post"}],"author":[{"embeddable":true,"href":"https:\/\/www.visit-ulcinj.com\/blog\/wp-json\/wp\/v2\/users\/1"}],"replies":[{"embeddable":true,"href":"https:\/\/www.visit-ulcinj.com\/blog\/wp-json\/wp\/v2\/comments?post=37416"}],"version-history":[{"count":0,"href":"https:\/\/www.visit-ulcinj.com\/blog\/wp-json\/wp\/v2\/posts\/37416\/revisions"}],"wp:attachment":[{"href":"https:\/\/www.visit-ulcinj.com\/blog\/wp-json\/wp\/v2\/media?parent=37416"}],"wp:term":[{"taxonomy":"category","embeddable":true,"href":"https:\/\/www.visit-ulcinj.com\/blog\/wp-json\/wp\/v2\/categories?post=37416"},{"taxonomy":"post_tag","embeddable":true,"href":"https:\/\/www.visit-ulcinj.com\/blog\/wp-json\/wp\/v2\/tags?post=37416"}],"curies":[{"name":"wp","href":"https:\/\/api.w.org\/{rel}","templated":true}]}}