{"id":3743,"date":"2008-10-01T14:09:32","date_gmt":"2008-10-01T19:09:32","guid":{"rendered":"http:\/\/www.visit-ulcinj.com\/blog\/?p=3743"},"modified":"2009-06-07T18:56:21","modified_gmt":"2009-06-07T16:56:21","slug":"per-fiqri-fiqo-hasanagen","status":"publish","type":"post","link":"https:\/\/www.visit-ulcinj.com\/blog\/2008\/10\/01\/per-fiqri-fiqo-hasanagen\/","title":{"rendered":"P\u00ebr Fiqri &#8211; Fiqo Hasanag\u00ebn"},"content":{"rendered":"<p><a href=\"http:\/\/www.visit-ulcinj.com\/blog\/wp-content\/uploads\/2008\/10\/fiqri-fiqo-hasanaga-ulqin.jpg\"><img loading=\"lazy\" class=\"alignleft size-medium wp-image-3744\" title=\"fiqri-fiqo-hasanaga-ulqin\" src=\"http:\/\/www.visit-ulcinj.com\/blog\/wp-content\/uploads\/2008\/10\/fiqri-fiqo-hasanaga-ulqin-259x300.jpg\" alt=\"\" width=\"259\" height=\"300\" srcset=\"https:\/\/www.visit-ulcinj.com\/blog\/wp-content\/uploads\/2008\/10\/fiqri-fiqo-hasanaga-ulqin-259x300.jpg 259w, https:\/\/www.visit-ulcinj.com\/blog\/wp-content\/uploads\/2008\/10\/fiqri-fiqo-hasanaga-ulqin.jpg 324w\" sizes=\"(max-width: 259px) 100vw, 259px\" \/><\/a>\u00cbsht\u00eb i lindur n\u00eb Ulqin, m\u00eb 1953. Me muzik\u00eb filloi t\u00eb merret q\u00eb n\u00eb mosh\u00ebn 10-vje\u00e7are dhe e ka tradit\u00eb nga gjyshi Cafi i Hasanag\u00ebs, bejtexhi i njohur dhe nga babai Reshiti, q\u00eb i binte primit. Po axha Seit Hasanaga, i binte primit, me aq virtuozitet dhe pati qen\u00eb an\u00ebtar aktiv i &#8220;Folklorit&#8221; n\u00eb Ulqin. N\u00eb mosh\u00ebn 12-vje\u00e7are Fiqoja b\u00ebhet an\u00ebtar i SHKA &#8220;Josip Rela&#8221; n\u00eb Podujev\u00eb (Besian\u00eb). Ishte fare i ri m\u00eb 1965, kur u dashurua n\u00eb kitar\u00eb. Pasi mbaroi Tet\u00ebvje\u00e7aren n\u00eb Podujev\u00eb dhe Shkoll\u00ebn e Mesme t\u00eb Muzik\u00ebs, n\u00eb Prishtin\u00eb, m\u00ebsuesi i muzik\u00ebs, kthehet n\u00eb vendlindje (pun\u00ebsohet arsimtar i kultur\u00ebs muzikore) dhe, q\u00eb nga ajo koh\u00eb, 25 vjet m\u00eb p\u00ebrpara, ky\u00e7et n\u00eb SHKA-n\u00eb e Ulqinit , e sidomos n\u00eb &#8220;Kllap\u00ebn&#8221; (Grupin e burrave) t\u00eb Ulqinit, q\u00eb kultivon k\u00ebng\u00ebn e vjet\u00ebr qytetare ulqinake, apo si\u00e7 i p\u00eblqen Fiqos t\u00eb th\u00ebt\u00eb: &#8220;T\u00eb k\u00ebng\u00ebs qytetare shqiptare, sepse &#8211; nuk ka kufij dhe sz mund t\u00eb thuhet se kjo k\u00ebng\u00eb \u00ebsht\u00eb e vet\u00ebm e k\u00ebtij qyteti: e Ulqinit, e Shkodr\u00ebs, apo e Elbasanit e tjer\u00eb&#8221;.<\/p>\n<p>Dy instrumente i parap\u00eblqen Fiqriu: kitar\u00ebn dhe, mbase i vetmi &#8211; mandolin\u00ebn.<\/p>\n<p>K\u00ebndon me qejf dhe kompozon me vokacion prej krijuesi artistik.<\/p>\n<p>Kur kalimtari gjendet te Kroni i Ballos, (n\u00eb Mera &#8211; Ulqin), gati t\u00ebr\u00eb dit\u00ebn e lume do t\u00eb d\u00ebgjoj\u00eb interpretime instrumentale, kryesisht t\u00eb k\u00ebng\u00ebve popullore qytetare ulqinake-shkodrane.<\/p>\n<p>Kronisti me \u00ebndje e d\u00ebgjoi q\u00eb nga rruga melodin\u00eb &#8220;Karajfilat qi ka Shkodra&#8221;.<\/p>\n<p>N\u00eb kabinetin e tij t\u00eb muzik\u00ebs, pedagogu Fiqri &#8211; Fiqo Hasanaga, ushtron p\u00ebr t\u00eb mijt\u00ebn her\u00eb, n\u00eb sintisaizer. N\u00eb sht\u00ebpi, n\u00eb nj\u00eb dhom\u00ebz me shum\u00eb vegla dhe literatur\u00eb muzikore, m\u00ebsuesi i muzik\u00ebs, muzikanti, interpreti, k\u00ebng\u00ebtari dhe kompozitori, na pret me k\u00ebnaq\u00ebsi dhe k\u00ebng\u00eb t\u00eb vjetra qytetare. \u00cbsht\u00eb g\u00ebzim t\u00eb rrish me t\u00eb, por ne bisedojm\u00eb. Na intereson mendimi i tij si profesionist se, k\u00ebnga e mo\u00e7me qytetare &#8220;O ti, det, o uj\u00eb i njelm &#8211; e&#8221;, a \u00ebsht\u00eb burimore ulqinake, apo \u00ebsht\u00eb shkodrane?3<\/p>\n<p>Muzikologu ulqinak, flet me argumente, me fakte t\u00eb shkruara. P\u00ebrpara na i qet shtat\u00eb libra n\u00eb t\u00eb cilat \u00ebsht\u00eb e botuar kjo k\u00ebng\u00eb &#8220;diskutabile&#8221;.<\/p>\n<div id=\"attachment_3745\" style=\"width: 319px\" class=\"wp-caption alignright\"><a href=\"http:\/\/www.visit-ulcinj.com\/blog\/wp-content\/uploads\/2008\/10\/kllapa-e-ulqini.jpg\"><img aria-describedby=\"caption-attachment-3745\" loading=\"lazy\" class=\"size-medium wp-image-3745\" title=\"kllapa-e-ulqinit\" src=\"http:\/\/www.visit-ulcinj.com\/blog\/wp-content\/uploads\/2008\/10\/kllapa-e-ulqini-300x153.jpg\" alt=\"Kllapa e Ulqinit\" width=\"309\" height=\"196\" \/><\/a><p id=\"caption-attachment-3745\" class=\"wp-caption-text\">Kllapa e Ulqinit<\/p><\/div>\n<p>Teksti i k\u00ebng\u00ebs &#8220;O ti, det&#8221;- thot\u00eb Fiqriu fillimisht &#8211; versioni ulqinak \u00ebsht\u00eb ai q\u00eb \u00ebsht\u00eb n\u00eb dy librat: Hajro Ulqinaku: &#8220;Detar\u00eb, peshkatar\u00eb, Ulqinak\u00eb&#8221; (Ulqin, 2002) dhe &#8220;Thesar popullor&#8221; (Ulqin, 2004). Ekzistojn\u00eb 2-3 versione t\u00eb teksteve. Versionet e Shkodr\u00ebs ndryshojn\u00eb nga versioni autentik i Ulqinit.<\/p>\n<p>Fiqri Hasanag\u00ebs i pengon pasthirrma &#8220;bre&#8221;, thot\u00eb q\u00eb nuk \u00ebsht\u00eb e t\u00eb folmes s\u00eb Ulqinit. N\u00eb vesionet shkodrane ka edhe fjal\u00eb &#8211; trajta t\u00eb tjera q\u00eb szjan\u00eb fare ulqinake. Ka dallime t\u00eb vogla n\u00eb vokal dhe vij\u00eb melodike.<\/p>\n<p>T\u00eb interpretuarit e k\u00ebng\u00eb &#8220;O ti det&#8221;. Fiqoja: &#8211; Tek ne, n\u00eb Ulqin, k\u00ebndohet me nj\u00eb kolorit ulqinak, m\u00eb shpejt se \u00ebsht\u00eb caktuar n\u00eb partitur\u00eb, ndoshta k\u00ebshtu sepse ne e kemi edhe t\u00eb folurit melodik dhe t\u00eb shpejt\u00eb.M\u00eb pengon interpretimi i disave kur hyrjes dhe vet\u00eb melodis\u00eb i fusin disa elemente t\u00eb cilat ia humbin karakterin dhe ngjyr\u00ebn e k\u00ebng\u00ebs origjinale. K\u00ebnga ulqinake shoq\u00ebrohet kryesisht me gud\u00eb (fizarmonik\u00eb).<\/p>\n<p>K\u00ebt\u00eb k\u00ebng\u00eb e interprteton Grupi i burrave &#8220;Ulqini&#8221; (Ulqin) ku \u00ebsht\u00eb an\u00ebtar (udh\u00ebheq\u00ebs artistik) vet\u00eb bashk\u00ebbiseduesi.<\/p>\n<p><a href=\"http:\/\/www.visit-ulcinj.com\/blog\/wp-content\/uploads\/2008\/10\/fiqiri-hasanaga.jpg\"><img loading=\"lazy\" class=\"alignleft size-medium wp-image-3789\" title=\"fiqiri-hasanaga\" src=\"http:\/\/www.visit-ulcinj.com\/blog\/wp-content\/uploads\/2008\/10\/fiqiri-hasanaga-300x284.jpg\" alt=\"\" width=\"300\" height=\"284\" srcset=\"https:\/\/www.visit-ulcinj.com\/blog\/wp-content\/uploads\/2008\/10\/fiqiri-hasanaga-300x284.jpg 300w, https:\/\/www.visit-ulcinj.com\/blog\/wp-content\/uploads\/2008\/10\/fiqiri-hasanaga.jpg 583w\" sizes=\"(max-width: 300px) 100vw, 300px\" \/><\/a>Fiqri Hasanaga \u00ebsht\u00eb nj\u00eb informator i shum\u00eb i mir\u00eb, shum\u00eb mir\u00eb e njeh tradit\u00ebn muzikore t\u00eb vendit dhe t\u00eb k\u00ebng\u00ebs n\u00eb argumentim.<\/p>\n<p><strong>Pjet\u00ebr Dungu<\/strong>: &#8220;La lira albanese&#8221; (Lyra shqiptare), Rom\u00eb, 1940. \u00cbsht\u00eb libri i par\u00eb i cili botohet me pentagrame, me nota (shkruar me dor\u00eb) dhe me tekste t\u00eb secil\u00ebs k\u00ebng\u00eb (dhe shpjegime italisht). N\u00eb lib\u00ebr botohen 50 k\u00ebng\u00eb t\u00eb vjetra popullore qytetare: shkodrane, kor\u00e7are, beratase, vlonjate, elbasanase, durr\u00ebsake dhe kosovare. N\u00eb mesin e 15 k\u00ebng\u00ebve shkodrane, figuron edhe &#8220;Kanga e detit&#8221; (zO ti detz). Pra konsiderohet shkodrane, si krijim i k\u00ebng\u00ebtarit popullor, meq\u00eb asnj\u00ebra nga k\u00ebng\u00ebt nuk e ka t\u00eb sh\u00ebnuar autorin tekstit dhe t\u00eb melodis\u00eb.<\/p>\n<p><strong>Gjergj Ka\u00e7inari: <\/strong>&#8220;Margaritar\u00ebt e k\u00ebg\u00ebve t\u00eb vjetra popullore&#8221;, botim i autorit, Prishtin\u00eb, 1995. N\u00eb faqen 75, me partitura, nota dhe me tekst \u00ebsht\u00eb k\u00ebnga me titull &#8220;O ti, det&#8221;. Teksti i ka tri strofat (me refren) t\u00eb njohura, por e ka edhe strof\u00ebn e kat\u00ebrt:<\/p>\n<p><strong>Deti i bardh\u00eb &#8211; e, det i zi &#8211; e,<\/p>\n<p>Ka shum\u00eb gjana q\u00eb kushtojn\u00eb<\/p>\n<p>Aman &#8211; e,<\/p>\n<p>Gjenden peshqit mbrenda nz te,<\/p>\n<p>Szka kandar q\u00eb i peshon.<\/strong><\/p>\n<p><strong>Emri i autorit t\u00eb tekstit dhe i kompozitorit mungon.<\/strong><a href=\"http:\/\/www.visit-ulcinj.com\/blog\/wp-content\/uploads\/2008\/10\/fiqiri-hasanaga1.jpg\"><img loading=\"lazy\" class=\"alignright size-medium wp-image-3790\" title=\"fiqiri-hasanaga1\" src=\"http:\/\/www.visit-ulcinj.com\/blog\/wp-content\/uploads\/2008\/10\/fiqiri-hasanaga1-300x284.jpg\" alt=\"\" width=\"300\" height=\"284\" srcset=\"https:\/\/www.visit-ulcinj.com\/blog\/wp-content\/uploads\/2008\/10\/fiqiri-hasanaga1-300x284.jpg 300w, https:\/\/www.visit-ulcinj.com\/blog\/wp-content\/uploads\/2008\/10\/fiqiri-hasanaga1.jpg 587w\" sizes=\"(max-width: 300px) 100vw, 300px\" \/><\/a><\/p>\n<p>Isa Alibali: &#8220;N\u00eb Shkod\u00ebr t\u00eb gjith\u00eb k\u00ebndojn\u00eb&#8221;, SHB &#8220;Idromeno&#8221;, Shkod\u00ebr 1997, shkruan p\u00ebr Ndrek\u00eb Voglin &#8211; Nara\u00e7in, p\u00ebr autor i tekstit dhe i melodis\u00eb &#8220;O ti, det&#8221;.<\/p>\n<p>Duke e \u00e7muar fjal\u00ebn e autorit &#8211; sudiuesit kompetent, e bartim shkrimin p\u00ebr autor\u00ebsin\u00eb e k\u00ebsaj k\u00ebnge.<\/p>\n<p>&#8220;\u2026 Ndrek\u00eb Vogli &#8211; Nara\u00e7i ka udh\u00ebtuar shum\u00eb her\u00eb n\u00ebp\u00ebr det, si tregtar q\u00eb ishte. Hypte n\u00eb anijen Durr\u00ebs &#8211; Bari dhe sa her\u00eb q\u00eb dilte n\u00eb kuvet\u00ebn e saj e kapte nj\u00eb ndjenj\u00eb disi e \u00e7uditshme p\u00ebr madh\u00ebshtin\u00eb e detit t\u00eb pafund e paan\u00eb, me nj\u00eb bukuri q\u00eb t\u00eb t\u00ebrhiqte, her\u00eb me tallaze e her\u00eb i qet\u00eb. Shpeshher\u00eb n\u00eb ato \u00e7aste pyeste veten se ku \u00ebsht\u00eb mbarimi i k\u00ebtyre uj\u00ebrave pambarim q\u00eb shtriheshin n\u00eb t\u00eb gjith\u00eb bot\u00ebn. E kapnin mendime her\u00eb t\u00eb g\u00ebzueshme e her\u00eb t\u00eb trishtueshme dhe n\u00eb \u00e7do rast ndiente di\u00e7ka n\u00eb shpirt, aq thell\u00eb sa ishte gjith\u00ebsia e vet\u00eb detit. Kishte zakon e merrte edhe sazen. I binte n\u00eb kabin\u00ebn e vet, larg njer\u00ebzve dhe i dukej se ishte n\u00eb ahrin e sht\u00ebpis\u00eb s\u00eb tij. Nj\u00eb dit\u00eb, mbasi kishte q\u00ebndruar gjat\u00eb n\u00eb kuvert\u00eb, e kishte par\u00eb edhe kapitenin e anijes, nj\u00eb djal\u00eb i ri q\u00eb shikonte me dylbi di\u00e7ka t\u00eb larg\u00ebt, hyri n\u00eb kabin\u00ebn e vet e nuk doli prej aty p\u00ebr shum\u00eb koh\u00eb. Nuk i ra n\u00eb mend as t\u00eb shkonte e t\u00eb hante dark\u00eb, vet\u00ebm at\u00ebher\u00eb kur pa se ishte errur. Aq shum\u00eb kishte humbur n\u00eb bot\u00ebn e tij t\u00eb k\u00ebng\u00ebs! Krijoi K\u00ebng\u00ebn e detit, n\u00eb det.<\/p>\n<p><strong>Ti bre det, uj\u00eb i njelm\u00ebt,<\/p>\n<p>Si gjithmon\u00eb u gjendke plot,<\/p>\n<p>Shum\u00eb k\u00ebrkova fundi sztzu gjet,<\/p>\n<p>Ku do t\u00eb jet\u00eb mbarimi i jot\u00eb.<\/strong><\/p>\n<p>E mbajti t\u00eb fsheht\u00eb deri sa u kthye n\u00eb Shkod\u00ebr. P\u00ebr her\u00eb t\u00eb par\u00eb (e ndoshta pak t\u00eb \u00e7uditshme, sepse nuk e kishte zakon t\u00eb k\u00ebndonte me sazen p\u00ebrpara t\u00eb tjer\u00ebve) e k\u00ebndoi n\u00eb sht\u00ebpin\u00eb e Sait Hoxh\u00ebs, n\u00eb nj\u00eb nga takimet e t\u00eb shtunave. Ia p\u00eblqyen aq shum\u00eb, saq\u00eb edhe ai vet\u00eb u habit. Edhe u k\u00ebnaq s\u00eb tep\u00ebrmi. Dhe po aty, p\u00ebr t\u00eb qeshur dhe p\u00ebr ta ngacmuar, e krijuan edhe nj\u00eb simbolik\u00eb p\u00ebr t\u00eb cil\u00ebn n\u00eb fakt, as q\u00eb i kishte shkuar n\u00eb mend. K\u00ebshtu u p\u00ebrhap ajo dhe k\u00ebndohet gjithnj\u00eb me andje.<\/p>\n<p><strong>Sa vapore e sa gjemi,<\/p>\n<p>Shkojn\u00eb mbi ty e szbajn\u00eb zullum,<\/p>\n<p>Ti ke hyq\u00ebm me i p\u00ebrpij\u00eb,<\/p>\n<p>Por je i gjan\u00eb e duron shum\u00eb.<\/strong><\/p>\n<p><strong>Kjo k\u00ebng\u00eb ka dhjet\u00eb strofa. (Fund i referenc\u00ebs).<\/strong><\/p>\n<div id=\"attachment_3747\" style=\"width: 310px\" class=\"wp-caption alignleft\"><a href=\"http:\/\/www.visit-ulcinj.com\/blog\/wp-content\/uploads\/2008\/10\/kllapa-e-ulqint.jpg\"><img aria-describedby=\"caption-attachment-3747\" loading=\"lazy\" class=\"size-medium wp-image-3747\" title=\"kllapa-e-ulqint\" src=\"http:\/\/www.visit-ulcinj.com\/blog\/wp-content\/uploads\/2008\/10\/kllapa-e-ulqint-300x179.jpg\" alt=\"Kllapa e Ulqini n\u00eb Kala\" width=\"300\" height=\"179\" srcset=\"https:\/\/www.visit-ulcinj.com\/blog\/wp-content\/uploads\/2008\/10\/kllapa-e-ulqint-300x179.jpg 300w, https:\/\/www.visit-ulcinj.com\/blog\/wp-content\/uploads\/2008\/10\/kllapa-e-ulqint.jpg 497w\" sizes=\"(max-width: 300px) 100vw, 300px\" \/><\/a><p id=\"caption-attachment-3747\" class=\"wp-caption-text\">Kllapa e Ulqini n\u00eb Kala<\/p><\/div>\n<p>Kasem Tapi: &#8220;K\u00ebng\u00eb popullore shkodrane&#8221;, botim i Institutit t\u00eb Kultur\u00ebs Popullore, t\u00eb Akademis\u00eb s\u00eb Shkencave t\u00eb RSH (Tiran\u00eb, 1998), n\u00eb faqen 181, n\u00ebn numrin 137, e regjistron tekstin e k\u00ebng\u00ebs &#8220;Ti bre det o ujz i njelm\u00ebt&#8221;, me fusnot\u00ebn: Titulli n\u00eb origjinal: &#8220;Kanga e detit&#8221;.<\/p>\n<p>Teksti i ka n\u00ebnt\u00eb strofa, me vargje me p\u00ebrmbajtje t\u00eb panjorura p\u00ebr ne.<\/p>\n<p>(Autor i tekstit dhe i melodis\u00eb, nuk sh\u00ebnon p\u00ebr asnj\u00ebr\u00ebn nga 304 k\u00ebng\u00ebt e k\u00ebsaj p\u00ebrmbledhjeje mjaft voluminoze).<\/p>\n<p>Ferid Bala: &#8220;N\u00eb lulishten e k\u00ebng\u00ebs shkodrane dhe t\u00eb k\u00ebng\u00ebtar\u00ebve&#8221;, botim i atorit ( Shkod\u00ebr, 2000). E kopjojm\u00eb sh\u00ebnimin: &#8220;Ndrek\u00eb Vogli, tregtar, por instrumentist virtuoz n\u00eb saze, q\u00eb nuk i ra kurr\u00eb n\u00eb publik. Nxorri k\u00ebng\u00ebt: zVaj si kenka ba dynjajaz, zEdhe nji her\u00eb due me qa hallinz, q\u00eb t\u00eb dyja k\u00ebng\u00eb kurbeti dhe k\u00ebng\u00ebn e famshme zTi bre det, uj\u00eb i njelm\u00eb&#8221;.<\/p>\n<p>D.m.th.: edhe ky studiues e thekson autor Ndrek\u00eb Voglin &#8211; Nara\u00e7in.<\/p>\n<p>&#8220;250 k\u00ebng\u00eb qytetare shkodrane&#8221;, transkriptuar dhe harmonizuar nga: Tonin Zadeja dhe Tonin Daija, SHB &#8220;Idromeno&#8221; (Shkod\u00ebr, 2000), me titull: &#8220;Kanga e detit&#8221;, n\u00eb faqen 48 \u00ebsht\u00eb pentagrami, melodia me nota dhe, n\u00eb faqen 49 \u00ebsht\u00eb teksti me tri strofa kat\u00ebrshe, teksti aq i njohur.<\/p>\n<p>Dy muzikolog\u00ebt, n\u00eb faqen 466, n\u00eb p\u00ebrmbajtje, sakt\u00ebsojn\u00eb: &#8220;Kanga e detit&#8221;. Fjal\u00ebt e muzika: Ndrek\u00eb Vogli &#8211; Nara\u00e7i.<a href=\"http:\/\/www.visit-ulcinj.com\/blog\/wp-content\/uploads\/2008\/10\/fiqiri-hasanaga2.jpg\"><img loading=\"lazy\" class=\"alignright size-medium wp-image-3791\" title=\"fiqiri-hasanaga2\" src=\"http:\/\/www.visit-ulcinj.com\/blog\/wp-content\/uploads\/2008\/10\/fiqiri-hasanaga2-300x294.jpg\" alt=\"\" width=\"300\" height=\"294\" srcset=\"https:\/\/www.visit-ulcinj.com\/blog\/wp-content\/uploads\/2008\/10\/fiqiri-hasanaga2-300x294.jpg 300w, https:\/\/www.visit-ulcinj.com\/blog\/wp-content\/uploads\/2008\/10\/fiqiri-hasanaga2.jpg 587w\" sizes=\"(max-width: 300px) 100vw, 300px\" \/><\/a><\/p>\n<p>Agim Velaj: &#8220;Kang\u00eb popullore shkodrane&#8221;, botim i autorit (Lezh\u00eb, 2002).<\/p>\n<p>N\u00eb k\u00ebt\u00eb p\u00ebrmbledhje shum\u00eb voluminoze, t\u00eb formatit t\u00eb madh, n\u00eb mesin e 356 k\u00ebng\u00ebve t\u00eb regjistruara, n\u00eb faqen 304 jan\u00eb notat e melodis\u00eb, nd\u00ebrsa n\u00eb faqen pasuese (305) jan\u00eb tri strofat (katrena t\u00eb nj\u00ebhura) t\u00eb k\u00ebng\u00ebs &#8220;O ti det e uj\u00eb i njelm\u00eb&#8221;.<\/p>\n<p>Autori i tekstit, k\u00ebng\u00ebs, nuk figuron.<\/p>\n<p><strong>Si konkluz\u00eb p\u00ebr &#8220;K\u00ebng\u00ebn e detit&#8221;<\/strong><\/p>\n<p>Mund q\u00eb detari (detar\u00ebt) ulqinak e ka qitur k\u00ebng\u00ebn &#8220;O ti, det, o uj\u00eb i njelm- e&#8221;, por \u00e7ka t\u00eb thuash kur: \u00e7ka \u00ebsht\u00eb e shkruar mbetet dhe \u00ebsht\u00eb argument &#8211; dokument.<\/p>\n<p>Pra, edhe i autor\u00ebsis\u00eb s\u00eb k\u00ebsaj k\u00ebnge aq t\u00eb famshme detare, qytetare ulqinake-shkodrane.<\/p>\n<p><strong>&#8220;Grupi i burrave&#8221; i Ulqinit<\/strong><\/p>\n<p>Fiqri Hasanaga me k\u00ebnaq\u00ebsi flet p\u00ebr k\u00ebt\u00eb ansamb\u00ebl, i cili \u00ebsht\u00eb paraqitur pa num\u00ebr her\u00eb, her\u00eb n\u00eb Ulqin: n\u00eb Kala, n\u00ebp\u00ebr hotele, her\u00eb n\u00ebp\u00ebr qytete, n\u00eb t\u00eb gjitha an\u00ebt: Mal i Zi, Shqip\u00ebri, Kosov\u00eb.<\/p>\n<p>Grupi \u00ebsht\u00eb septet: Avdo Tafa, z\u00eb i par\u00eb &#8211; tenor; Shemso Hasnaga, tenor; Muhamet Hasa, tenor-bariton; Sari Resulbegu, bariton; Fiqri Hasanaga, bariton; Sami Misherri, bas edhe, Skender Hoxha, po ashtu bas.<\/p>\n<p>Repertori \u00ebsht\u00eb shum\u00eb i pasur, por m\u00eb me k\u00ebnaq\u00ebsi i k\u00ebndojn\u00eb ato k\u00ebng\u00eb t\u00eb cilat i k\u00ebndon edhe publiku: &#8220;Mora \u00e7iften e dola n\u00eb gjah&#8221;, &#8220;Mori trandofilja vog\u00ebl&#8221;, &#8220;Oh, sa g\u00ebzim t\u00eb kam n\u00eb zem\u00ebr&#8221;, &#8220;Hajde moj, peja moj&#8221;, e po, q\u00eb t\u00eb gjitha k\u00ebng\u00ebt e vjetra qytetare: ulqinake-shkodrane-elbasanase-korr\u00e7are-gjakovare-arb\u00ebreshe t\u00eb Kalabris\u00eb, thot\u00eb me buzagaz. Korist\u00ebt jan\u00eb edhe instrumentist\u00eb t\u00eb veglave me tela: me kitara dhe mandolin\u00eb.<\/p>\n<p><a href=\"http:\/\/www.visit-ulcinj.com\/blog\/wp-content\/uploads\/2008\/10\/fiqri-fiqo-hasanaga_ulqin1.jpg\"><img loading=\"lazy\" class=\"alignleft size-medium wp-image-3750\" title=\"fiqri-fiqo-hasanaga_ulqin1\" src=\"http:\/\/www.visit-ulcinj.com\/blog\/wp-content\/uploads\/2008\/10\/fiqri-fiqo-hasanaga_ulqin1-261x300.jpg\" alt=\"\" width=\"261\" height=\"300\" srcset=\"https:\/\/www.visit-ulcinj.com\/blog\/wp-content\/uploads\/2008\/10\/fiqri-fiqo-hasanaga_ulqin1-261x300.jpg 261w, https:\/\/www.visit-ulcinj.com\/blog\/wp-content\/uploads\/2008\/10\/fiqri-fiqo-hasanaga_ulqin1.jpg 500w\" sizes=\"(max-width: 261px) 100vw, 261px\" \/><\/a><strong>Fiqriu &#8211; kompozitor<\/strong><\/p>\n<p>Nj\u00eb libreto (p\u00ebr fat i pari n\u00eb literatur\u00ebn muzikore t\u00eb shkruar t\u00eb Ulqinit) e ka botuar Fiqri Hasanaga n\u00eb vitin e kaluar (2004), &#8220;Val\u00ebt e Ulqinit&#8221;, botoi Qendra p\u00ebr Kultur\u00eb dhe Art Club &#8211; Ulqin. \u00cbsht\u00eb nj\u00eb p\u00ebrmbledhje prej 32 k\u00ebng\u00ebsh, t\u00eb cilat i ka komponuar, p\u00ebrpunuar ky kompozitor ulqinak. N\u00eb lib\u00ebr jan\u00eb kat\u00ebr kapituj: I K\u00ebng\u00eb p\u00ebr f\u00ebmij\u00eb, II K\u00ebng\u00eb t\u00eb shkruara n\u00eb frym\u00ebn e melosit popullor, III K\u00ebng\u00eb t\u00eb karakterit arg\u00ebtues ose zbavit\u00ebs dhe IV K\u00ebng\u00ebt e p\u00ebrpunuara. P\u00ebr vlerat muzikore t\u00eb kompozimeve, vler\u00ebsimet pozitive i kan\u00eb dh\u00ebn\u00eb muzikolog\u00ebt dhe profesor\u00ebt e muzik\u00ebs: dr. Rexhep Munishi, mr. Ahmet D\u00ebrguti dhe Tomor Berisha, kompozitor, nga Prishtina. Ky metronom e pati nj\u00eb p\u00ebrurim p\u00ebr lakmi n\u00eb Kala, n\u00eb ver\u00eb 2004.<\/p>\n<p>Fiqri Hasanaga \u00ebsht\u00eb pjes\u00ebmarr\u00ebs dhe fitues i shum\u00eb festivaleve t\u00eb k\u00ebng\u00ebs shqipe, t\u00eb zhanreve t\u00eb ndryshme (p\u00ebr f\u00ebmij\u00eb, popullore dhe arg\u00ebtuese), n\u00eb Kosov\u00eb dhe n\u00eb Shqip\u00ebri. \u00cbsht\u00eb nj\u00eb talent i k\u00ebng\u00ebs, i kompozimit me melos burimor qytetar shqiptar.<\/p>\n<p>Talentin prej muziktari e kan\u00eb edhe dy djemt\u00eb e Fiqri Hasanag\u00ebs: Hysejni dhe Ardiani, q\u00eb jan\u00eb vokaloinstrumentist\u00eb.<\/p>\n<p><strong>Si p\u00ebrfundim<\/strong><\/p>\n<p>Melosi shqiptar &#8211; \u00ebsht\u00eb melos mesdhetar &#8211; e thot\u00eb mendimin muziktari Fiqri Hasanaga dhe sigurisht ka t\u00eb drejt\u00eb. Nd\u00ebrsa p\u00ebr autor\u00ebsin\u00eb e k\u00ebng\u00ebs ulqinake &#8220;O ti det&#8221; (edhe t\u00eb ndonj\u00eb tjetr\u00ebs), shprehet se muziklog\u00ebt ende kan\u00eb pun\u00eb t\u00eb v\u00ebrtetojn\u00eb se nj\u00eb melodi, k\u00ebng\u00eb, a \u00ebsht\u00eb e Shkodr\u00ebs apo e Ulqinit, apo e Beratit etj. Vitet e krijimit t\u00eb k\u00ebng\u00ebs jan\u00eb d\u00ebshmi, sipas jet\u00ebs s\u00eb detar\u00ebve ulqinak\u00eb dhe t\u00eb autrit shkodran, t\u00eb k\u00ebng\u00ebs aq t\u00eb famshme &#8211; &#8220;O ti, det&#8221;.<\/p>\n<p><strong>E p\u00ebrgatiti: Hajro Ulqinaku<\/strong><\/p>\n<p><strong>Lajme nga Ulqini<\/strong><\/p>\n<!--YouTube Error: bad URL entered-->\n<p style=\"text-align: center;\"><a class=\"aligncenter\" title=\"???? ????,?????,Ulcinj,Montenegru,??????????,\u00c7ernoqoriya,Besplatni internet oglasi,Besplatni oglasi,besplatni mali oglasi,besplatni turisti?ki oglasi,oglasi, usluge, turizam,Turisti?ke usluge,Doma?i turizam,Besplatni Oglasnik,Brzi Oglasi Besplatno,Besplatno OglasavanjeTurizam,besplatni oglasi sa slikom,Turisticki informator besplatni,li?ni-oglasi,BESPLATNI Turisticki OGLASI SA SLIKAMA,BESPLATNI Turisticki Oglasi saVideom,turisticki smestaj oglasi,Turisti?ki vodi? balkana,BESPLATNA REZERVACIJA SMESTAJA,Postavite besplatno Vas oglas,FREE TOURIST GUIDES,Izdavanje-Turizam oglasi,Balkan Turisticki vodic,shpallje turistike falas,Shpallje Falas,Shpallje falas per Komplekse Turistike,Lajmerime,Njoftime,shpallje shqip per shqiptaret ne shqiperi kosova maqedoni,mal te zi,???????????,Montenegiro,?ern\u00e1 Hora,??????????,Cz\u00f4rnog\u00f3ra,Cz\u00f4rn\u00f4 G\u00f3ra,Carna G\u00f3ra,T\u0161ernogooria,\u00c7ernogoriya,Montain\u00e9agr\u00f3,Montenegwo,?orna Hora,Montenegr\u00f3,M?ntenigro,Chernogoriya ,\u00c7\u00earnogor\u00ee ,?????????,????????? ,??????? ,Montes Nigrae,Mons Niger,M\u00f4ntenegr\u00f4,Muntenegru,??????????,Czarnog\u00f3ra,Muntinigru,Muntenegro,&lt;br &gt;&lt;\/a&gt; Muntenegru,\t?ierna Hora,Cxerngora,????????,?rna gora,Moontineegro,?ornog?ra,\u00c7ernogori\u00fda,Chernogoriya,Mont\u00f5negro,????? ???? ,?r?na Gora,?r?nogorije,?ernogorija,?arnahoryja,??????????,???????????????????? ,?ern\u00f4g\u00f4riy\u00e2,M\u00fbnt\u00een\u00ee?r\u00fb,????? ?????? ,????????,??????????,???????????,M\u00e2nten\u00eegro,???? ????? ,????????,M\u00f4ntenegr\u00f4,????????????,???????????,????????????, ??????????? ,????????????,??????????? ,\u008d\u2022?R\/?K?R ,\u0192\u201a\u0192\u201c\u0192e\u0192l\u0192O\u0192\u008d,\u00b8???\u00b3?\u00b1?\u00b7? ,Muntenegru, ????? ????, Montenegr?,chambres ? louer ? ulcinj, location de vacance, location saisonni?res, louer villa,location de vacance, Locations vacance, h?bergements vacances, locations villa, logements de vacances, location maison avec piscine, Location vacance, locations de vacance, h?bergements de vacances, location villa, locations entre particulier, logements vacance, vacances ? Mont?n?gro - location ? Ulcinj ,location  de bigorre,Urlaub in Ulcinj -Montenegro,Hotelbewertungen Ulcinj,Reisen Ulcinj, Urlaub Ulcinj,Hotel in Serbien und Montenegro von Urlaubern bewertet,Billig Urlaub in Ulcinj,ferienh?user,ferienwohnung,Billige Ferienh?user,Ferienwohnung ULCINJ,Ferien an der Adria,Urlaub im Ferienhaus ulcinjBilligreisen Ulcinj,Pauschalreisen,FKK Strand Ada Bojana ulcinj,Last Minute Angebote ulcinj,Preise f?r Lastminute,Kleinanzeigen gratis,Ausflug nach Ulcinj,FKK-Reisen ada bojana,FKK-Urlaub ulcinj,Privatni smje?taj,rezervacija smje?taja,apartmani,sobe,ku?e,odmor,sobe za odmor ulcinj,Pretra?ivanje privatnog smje?taja,rooms rent accommodation ulcinj, rentail private accommodation ulcinj,?elite rezervirati privatni smje?taj,Private accommodation,Smje?taj ulcinj,Pushime Verore ulqin,pushime t? lira n? ulqin,Pushime ne plazh,Pushime te kendshme,dhoma per pushime ulqin,dhoma me qera ulqin,dhoma te lira ulqin,pushime te lira ulqin,mali i zi,kosova,maqedoni,shqiperi,Pushime ne det te ulqinit,godi?nji odmor u ulcinj,odmor u ulcinj,Ku?a za odmor,kuda na odmor,ljetovanje u ulcinj,slobodne sobe,dhoma te lira,ku?a uz more,turisti?ka ponuda,odmor i zabava,povolne cene,sobe,usluge,Mjesto za Va? odmor , Place for Your holiday,Odmor portal,putovanaja,Iznajmljivanje soba ulcinj,odmor ulcinj info,Va?e mjesto za odmor ulcinj,nudisticka plaza ada bojana,smjestaj ponuda ulcinj,lokacioni i dhomave ulqin,deti,plazhet e bukura,diskoteka,zbavitja,.\" href=\"http:\/\/www.visit-ulcinj.com\/tourism\/\" target=\"_blank\"><br \/>\n<\/a><\/p>\n","protected":false},"excerpt":{"rendered":"<p>\u00cbsht\u00eb i lindur n\u00eb Ulqin, m\u00eb 1953. Me muzik\u00eb filloi t\u00eb merret q\u00eb n\u00eb mosh\u00ebn 10-vje\u00e7are dhe e ka tradit\u00eb nga gjyshi Cafi i Hasanag\u00ebs, bejtexhi i njohur dhe nga babai Reshiti, q\u00eb i binte primit. Po axha Seit Hasanaga, i binte primit, me aq virtuozitet dhe pati qen\u00eb an\u00ebtar aktiv i &#8220;Folklorit&#8221; n\u00eb Ulqin. [&hellip;]<\/p>\n","protected":false},"author":1,"featured_media":0,"comment_status":"open","ping_status":"closed","sticky":false,"template":"","format":"standard","meta":{"spay_email":"","jetpack_publicize_message":"","jetpack_is_tweetstorm":false,"jetpack_publicize_feature_enabled":true},"categories":[4],"tags":[4612,4613,4614,95,200,18],"jetpack_publicize_connections":[],"yoast_head":"<!-- This site is optimized with the Yoast SEO plugin v19.1 - https:\/\/yoast.com\/wordpress\/plugins\/seo\/ -->\n<title>P\u00ebr Fiqri - Fiqo Hasanag\u00ebn - Lajme nga Ulqini<\/title>\n<meta name=\"description\" content=\"\u00cbsht\u00eb i lindur n\u00eb Ulqin, m\u00eb 1953. Me muzik\u00eb filloi t\u00eb merret q\u00eb n\u00eb mosh\u00ebn 10-vje\u00e7are dhe e ka tradit\u00eb nga gjyshi Cafi i Hasanag\u00ebs, bejtexhi i njohur dhe\" \/>\n<meta name=\"robots\" content=\"index, follow, max-snippet:-1, max-image-preview:large, max-video-preview:-1\" \/>\n<link rel=\"canonical\" href=\"https:\/\/www.visit-ulcinj.com\/blog\/2008\/10\/01\/per-fiqri-fiqo-hasanagen\/\" \/>\n<meta property=\"og:locale\" content=\"en_US\" \/>\n<meta property=\"og:type\" content=\"article\" \/>\n<meta property=\"og:title\" content=\"P\u00ebr Fiqri - Fiqo Hasanag\u00ebn - Lajme nga Ulqini\" \/>\n<meta property=\"og:description\" content=\"\u00cbsht\u00eb i lindur n\u00eb Ulqin, m\u00eb 1953. Me muzik\u00eb filloi t\u00eb merret q\u00eb n\u00eb mosh\u00ebn 10-vje\u00e7are dhe e ka tradit\u00eb nga gjyshi Cafi i Hasanag\u00ebs, bejtexhi i njohur dhe\" \/>\n<meta property=\"og:url\" content=\"https:\/\/www.visit-ulcinj.com\/blog\/2008\/10\/01\/per-fiqri-fiqo-hasanagen\/\" \/>\n<meta property=\"og:site_name\" content=\"Lajme nga Ulqini\" \/>\n<meta property=\"article:published_time\" content=\"2008-10-01T19:09:32+00:00\" \/>\n<meta property=\"article:modified_time\" content=\"2009-06-07T16:56:21+00:00\" \/>\n<meta property=\"og:image\" content=\"http:\/\/www.visit-ulcinj.com\/blog\/wp-content\/uploads\/2008\/10\/fiqri-fiqo-hasanaga-ulqin-259x300.jpg\" \/>\n<meta name=\"twitter:label1\" content=\"Written by\" \/>\n\t<meta name=\"twitter:data1\" content=\"ulqini\" \/>\n\t<meta name=\"twitter:label2\" content=\"Est. reading time\" \/>\n\t<meta name=\"twitter:data2\" content=\"11 minutes\" \/>\n<script type=\"application\/ld+json\" class=\"yoast-schema-graph\">{\"@context\":\"https:\/\/schema.org\",\"@graph\":[{\"@type\":\"WebSite\",\"@id\":\"https:\/\/www.visit-ulcinj.com\/blog\/#website\",\"url\":\"https:\/\/www.visit-ulcinj.com\/blog\/\",\"name\":\"Lajme nga Ulqini\",\"description\":\"Lajme,Vijesti,Ulqini,Ulqin,Crna Gora,Mali i Zi\",\"potentialAction\":[{\"@type\":\"SearchAction\",\"target\":{\"@type\":\"EntryPoint\",\"urlTemplate\":\"https:\/\/www.visit-ulcinj.com\/blog\/?s={search_term_string}\"},\"query-input\":\"required name=search_term_string\"}],\"inLanguage\":\"en-US\"},{\"@type\":\"ImageObject\",\"inLanguage\":\"en-US\",\"@id\":\"https:\/\/www.visit-ulcinj.com\/blog\/2008\/10\/01\/per-fiqri-fiqo-hasanagen\/#primaryimage\",\"url\":\"http:\/\/www.visit-ulcinj.com\/blog\/wp-content\/uploads\/2008\/10\/fiqri-fiqo-hasanaga-ulqin-259x300.jpg\",\"contentUrl\":\"http:\/\/www.visit-ulcinj.com\/blog\/wp-content\/uploads\/2008\/10\/fiqri-fiqo-hasanaga-ulqin-259x300.jpg\"},{\"@type\":\"WebPage\",\"@id\":\"https:\/\/www.visit-ulcinj.com\/blog\/2008\/10\/01\/per-fiqri-fiqo-hasanagen\/#webpage\",\"url\":\"https:\/\/www.visit-ulcinj.com\/blog\/2008\/10\/01\/per-fiqri-fiqo-hasanagen\/\",\"name\":\"P\u00ebr Fiqri - Fiqo Hasanag\u00ebn - Lajme nga Ulqini\",\"isPartOf\":{\"@id\":\"https:\/\/www.visit-ulcinj.com\/blog\/#website\"},\"primaryImageOfPage\":{\"@id\":\"https:\/\/www.visit-ulcinj.com\/blog\/2008\/10\/01\/per-fiqri-fiqo-hasanagen\/#primaryimage\"},\"datePublished\":\"2008-10-01T19:09:32+00:00\",\"dateModified\":\"2009-06-07T16:56:21+00:00\",\"author\":{\"@id\":\"https:\/\/www.visit-ulcinj.com\/blog\/#\/schema\/person\/dcab619c614d3038751c63bc2aadc06d\"},\"description\":\"\u00cbsht\u00eb i lindur n\u00eb Ulqin, m\u00eb 1953. Me muzik\u00eb filloi t\u00eb merret q\u00eb n\u00eb mosh\u00ebn 10-vje\u00e7are dhe e ka tradit\u00eb nga gjyshi Cafi i Hasanag\u00ebs, bejtexhi i njohur dhe\",\"breadcrumb\":{\"@id\":\"https:\/\/www.visit-ulcinj.com\/blog\/2008\/10\/01\/per-fiqri-fiqo-hasanagen\/#breadcrumb\"},\"inLanguage\":\"en-US\",\"potentialAction\":[{\"@type\":\"ReadAction\",\"target\":[\"https:\/\/www.visit-ulcinj.com\/blog\/2008\/10\/01\/per-fiqri-fiqo-hasanagen\/\"]}]},{\"@type\":\"BreadcrumbList\",\"@id\":\"https:\/\/www.visit-ulcinj.com\/blog\/2008\/10\/01\/per-fiqri-fiqo-hasanagen\/#breadcrumb\",\"itemListElement\":[{\"@type\":\"ListItem\",\"position\":1,\"name\":\"P\u00ebr Fiqri &#8211; Fiqo Hasanag\u00ebn\"}]},{\"@type\":\"Person\",\"@id\":\"https:\/\/www.visit-ulcinj.com\/blog\/#\/schema\/person\/dcab619c614d3038751c63bc2aadc06d\",\"name\":\"ulqini\",\"sameAs\":[\"http:\/\/www.visit-ulcinj.com\"],\"url\":\"https:\/\/www.visit-ulcinj.com\/blog\/author\/admin\/\"}]}<\/script>\n<!-- \/ Yoast SEO plugin. -->","yoast_head_json":{"title":"P\u00ebr Fiqri - Fiqo Hasanag\u00ebn - Lajme nga Ulqini","description":"\u00cbsht\u00eb i lindur n\u00eb Ulqin, m\u00eb 1953. Me muzik\u00eb filloi t\u00eb merret q\u00eb n\u00eb mosh\u00ebn 10-vje\u00e7are dhe e ka tradit\u00eb nga gjyshi Cafi i Hasanag\u00ebs, bejtexhi i njohur dhe","robots":{"index":"index","follow":"follow","max-snippet":"max-snippet:-1","max-image-preview":"max-image-preview:large","max-video-preview":"max-video-preview:-1"},"canonical":"https:\/\/www.visit-ulcinj.com\/blog\/2008\/10\/01\/per-fiqri-fiqo-hasanagen\/","og_locale":"en_US","og_type":"article","og_title":"P\u00ebr Fiqri - Fiqo Hasanag\u00ebn - Lajme nga Ulqini","og_description":"\u00cbsht\u00eb i lindur n\u00eb Ulqin, m\u00eb 1953. Me muzik\u00eb filloi t\u00eb merret q\u00eb n\u00eb mosh\u00ebn 10-vje\u00e7are dhe e ka tradit\u00eb nga gjyshi Cafi i Hasanag\u00ebs, bejtexhi i njohur dhe","og_url":"https:\/\/www.visit-ulcinj.com\/blog\/2008\/10\/01\/per-fiqri-fiqo-hasanagen\/","og_site_name":"Lajme nga Ulqini","article_published_time":"2008-10-01T19:09:32+00:00","article_modified_time":"2009-06-07T16:56:21+00:00","og_image":[{"url":"http:\/\/www.visit-ulcinj.com\/blog\/wp-content\/uploads\/2008\/10\/fiqri-fiqo-hasanaga-ulqin-259x300.jpg"}],"twitter_misc":{"Written by":"ulqini","Est. reading time":"11 minutes"},"schema":{"@context":"https:\/\/schema.org","@graph":[{"@type":"WebSite","@id":"https:\/\/www.visit-ulcinj.com\/blog\/#website","url":"https:\/\/www.visit-ulcinj.com\/blog\/","name":"Lajme nga Ulqini","description":"Lajme,Vijesti,Ulqini,Ulqin,Crna Gora,Mali i Zi","potentialAction":[{"@type":"SearchAction","target":{"@type":"EntryPoint","urlTemplate":"https:\/\/www.visit-ulcinj.com\/blog\/?s={search_term_string}"},"query-input":"required name=search_term_string"}],"inLanguage":"en-US"},{"@type":"ImageObject","inLanguage":"en-US","@id":"https:\/\/www.visit-ulcinj.com\/blog\/2008\/10\/01\/per-fiqri-fiqo-hasanagen\/#primaryimage","url":"http:\/\/www.visit-ulcinj.com\/blog\/wp-content\/uploads\/2008\/10\/fiqri-fiqo-hasanaga-ulqin-259x300.jpg","contentUrl":"http:\/\/www.visit-ulcinj.com\/blog\/wp-content\/uploads\/2008\/10\/fiqri-fiqo-hasanaga-ulqin-259x300.jpg"},{"@type":"WebPage","@id":"https:\/\/www.visit-ulcinj.com\/blog\/2008\/10\/01\/per-fiqri-fiqo-hasanagen\/#webpage","url":"https:\/\/www.visit-ulcinj.com\/blog\/2008\/10\/01\/per-fiqri-fiqo-hasanagen\/","name":"P\u00ebr Fiqri - Fiqo Hasanag\u00ebn - Lajme nga Ulqini","isPartOf":{"@id":"https:\/\/www.visit-ulcinj.com\/blog\/#website"},"primaryImageOfPage":{"@id":"https:\/\/www.visit-ulcinj.com\/blog\/2008\/10\/01\/per-fiqri-fiqo-hasanagen\/#primaryimage"},"datePublished":"2008-10-01T19:09:32+00:00","dateModified":"2009-06-07T16:56:21+00:00","author":{"@id":"https:\/\/www.visit-ulcinj.com\/blog\/#\/schema\/person\/dcab619c614d3038751c63bc2aadc06d"},"description":"\u00cbsht\u00eb i lindur n\u00eb Ulqin, m\u00eb 1953. Me muzik\u00eb filloi t\u00eb merret q\u00eb n\u00eb mosh\u00ebn 10-vje\u00e7are dhe e ka tradit\u00eb nga gjyshi Cafi i Hasanag\u00ebs, bejtexhi i njohur dhe","breadcrumb":{"@id":"https:\/\/www.visit-ulcinj.com\/blog\/2008\/10\/01\/per-fiqri-fiqo-hasanagen\/#breadcrumb"},"inLanguage":"en-US","potentialAction":[{"@type":"ReadAction","target":["https:\/\/www.visit-ulcinj.com\/blog\/2008\/10\/01\/per-fiqri-fiqo-hasanagen\/"]}]},{"@type":"BreadcrumbList","@id":"https:\/\/www.visit-ulcinj.com\/blog\/2008\/10\/01\/per-fiqri-fiqo-hasanagen\/#breadcrumb","itemListElement":[{"@type":"ListItem","position":1,"name":"P\u00ebr Fiqri &#8211; Fiqo Hasanag\u00ebn"}]},{"@type":"Person","@id":"https:\/\/www.visit-ulcinj.com\/blog\/#\/schema\/person\/dcab619c614d3038751c63bc2aadc06d","name":"ulqini","sameAs":["http:\/\/www.visit-ulcinj.com"],"url":"https:\/\/www.visit-ulcinj.com\/blog\/author\/admin\/"}]}},"jetpack_featured_media_url":"","jetpack_sharing_enabled":true,"jetpack_shortlink":"https:\/\/wp.me\/pe6lTn-Yn","_links":{"self":[{"href":"https:\/\/www.visit-ulcinj.com\/blog\/wp-json\/wp\/v2\/posts\/3743"}],"collection":[{"href":"https:\/\/www.visit-ulcinj.com\/blog\/wp-json\/wp\/v2\/posts"}],"about":[{"href":"https:\/\/www.visit-ulcinj.com\/blog\/wp-json\/wp\/v2\/types\/post"}],"author":[{"embeddable":true,"href":"https:\/\/www.visit-ulcinj.com\/blog\/wp-json\/wp\/v2\/users\/1"}],"replies":[{"embeddable":true,"href":"https:\/\/www.visit-ulcinj.com\/blog\/wp-json\/wp\/v2\/comments?post=3743"}],"version-history":[{"count":0,"href":"https:\/\/www.visit-ulcinj.com\/blog\/wp-json\/wp\/v2\/posts\/3743\/revisions"}],"wp:attachment":[{"href":"https:\/\/www.visit-ulcinj.com\/blog\/wp-json\/wp\/v2\/media?parent=3743"}],"wp:term":[{"taxonomy":"category","embeddable":true,"href":"https:\/\/www.visit-ulcinj.com\/blog\/wp-json\/wp\/v2\/categories?post=3743"},{"taxonomy":"post_tag","embeddable":true,"href":"https:\/\/www.visit-ulcinj.com\/blog\/wp-json\/wp\/v2\/tags?post=3743"}],"curies":[{"name":"wp","href":"https:\/\/api.w.org\/{rel}","templated":true}]}}