{"id":37433,"date":"2010-09-17T17:31:27","date_gmt":"2010-09-17T15:31:27","guid":{"rendered":"http:\/\/www.visit-ulcinj.com\/blog\/?p=37433"},"modified":"2010-09-19T18:11:34","modified_gmt":"2010-09-19T16:11:34","slug":"krivokapiq-kisha-ne-rumi-fyen-te-tre-besimet","status":"publish","type":"post","link":"https:\/\/www.visit-ulcinj.com\/blog\/2010\/09\/17\/krivokapiq-kisha-ne-rumi-fyen-te-tre-besimet\/","title":{"rendered":"Krivokapiq: Kisha n\u00eb Rumi fyen t\u00eb tre besimet"},"content":{"rendered":"<p><a href=\"http:\/\/www.visit-ulcinj.com\/blog\/wp-content\/uploads\/2010\/09\/Kisha-n\u00eb-Rumi.jpg\"><img loading=\"lazy\" class=\"alignleft size-full wp-image-37434\" title=\"Kisha n\u00eb Rumi\" src=\"http:\/\/www.visit-ulcinj.com\/blog\/wp-content\/uploads\/2010\/09\/Kisha-n\u00eb-Rumi.jpg\" alt=\"\" width=\"490\" height=\"380\" \/><\/a>Ulqin, 17 shtator &#8211; Kryeparlamentari malazias, Ranko Krivokapiq, lider i Partis\u00eb Socialdemokratike, partnere e koalicionit qeveris\u00ebs, paralajm\u00ebron se pasi Mali i Zi t\u00eb marr\u00eb statusin e kandidatit t\u00eb asocimit n\u00eb Bashkimin Evropian, do t\u00eb hap\u00eb n\u00eb qeveri mosp\u00ebrfilljen e vendimit t\u00eb gjyqit p\u00ebr rr\u00ebnimin e kish\u00ebs n\u00eb majen e malit t\u00eb Rumis\u00eb.<\/p>\n<p>\u201cKisha e metalt\u00eb, t\u00eb cil\u00ebn e ka nd\u00ebrtuar Kisha Ortodokse Serbe (KOS), \u00ebsht\u00eb nj\u00ebri nd\u00ebr provokimet politike, e cila tmerrsisht fyen e godet t\u00eb tre besimet, t\u00eb cil\u00ebt nuk duan t\u00eb ndahen. Godet mbi Malin e Zi multietnik edhe ky \u00ebsht\u00eb diversion kund\u00ebr Malit t\u00eb Zi qytetar,\u201d shprehet p\u00ebr KosovaLive Krivokapiq.<\/p>\n<p>Ai shton se kemi pasur obligime t\u00eb shumta evropiane p\u00ebr ta hapur k\u00ebt\u00eb tem\u00eb, por kur Mali i Zi t\u00eb marr\u00eb statusin e kandidatit (pritet deri n\u00eb fund t\u00eb k\u00ebtij viti) p\u00ebr BE, Partia Socialdemokratike do ta hap \u00e7\u00ebshtjen e mosrealizimit t\u00eb vendimit gjyq\u00ebsor p\u00ebr t\u00eb hequr k\u00ebt\u00eb kish\u00eb.<\/p>\n<p>Ai n\u00ebnvizon se, \u201cn\u00ebse as kjo nuk do t\u00eb jap\u00eb rezultate, ekzistojn\u00eb edhe mjetet t\u00eb tjera juridike q\u00eb kjo \u00e7\u00ebshtje t\u00eb zgjidhet.\u201d<\/p>\n<p>Q\u00eb n\u00eb gusht t\u00eb vitit 2005, kur KOS- i me ndihm\u00ebn e ushtris\u00eb s\u00eb at\u00ebhershme serbomalazeze e deri n\u00eb dit\u00ebt e sotme, partia e par\u00eb shqiptare n\u00eb Mal t\u00eb Zi, Lidhja Demokratike (LD) k\u00ebrkon heqjen e k\u00ebsaj kishe serbe.<\/p>\n<p>\u201cAsnj\u00ebher\u00eb gjat\u00eb historis\u00eb nuk ka qen\u00eb ndonj\u00eb objekt serboslav n\u00eb maj\u00ebn e malit t\u00eb Rumis\u00eb, k\u00ebto jan\u00eb troje etnike shqiptare, t\u00eb cilat KOS-i pretendon t&#8217;i tjet\u00ebrsoj\u00eb, edhe qeveria malazeze nuk realizon dot vendimin gjyq\u00ebsor\u201d, ka th\u00ebn\u00eb m\u00eb her\u00ebt lideri dhe deputeti i LD, Mehmet Bardhi.<\/p>\n<p><strong>KOHA NET<br \/>\n<!--YouTube Error: bad URL entered--><\/strong><\/p>\n","protected":false},"excerpt":{"rendered":"<p>Ulqin, 17 shtator &#8211; Kryeparlamentari malazias, Ranko Krivokapiq, lider i Partis\u00eb Socialdemokratike, partnere e koalicionit qeveris\u00ebs, paralajm\u00ebron se pasi Mali i Zi t\u00eb marr\u00eb statusin e kandidatit t\u00eb asocimit n\u00eb Bashkimin Evropian, do t\u00eb hap\u00eb n\u00eb qeveri mosp\u00ebrfilljen e vendimit t\u00eb gjyqit p\u00ebr rr\u00ebnimin e kish\u00ebs n\u00eb majen e malit t\u00eb Rumis\u00eb. \u201cKisha e metalt\u00eb, [&hellip;]<\/p>\n","protected":false},"author":1,"featured_media":0,"comment_status":"open","ping_status":"closed","sticky":false,"template":"","format":"standard","meta":{"spay_email":"","jetpack_publicize_message":"","jetpack_is_tweetstorm":false,"jetpack_publicize_feature_enabled":true},"categories":[11],"tags":[13649,15404,347,4560,11796,1655,200],"jetpack_publicize_connections":[],"yoast_head":"<!-- This site is optimized with the Yoast SEO plugin v19.1 - https:\/\/yoast.com\/wordpress\/plugins\/seo\/ -->\n<title>Krivokapiq: Kisha n\u00eb Rumi fyen t\u00eb tre besimet - Lajme nga Ulqini<\/title>\n<meta name=\"description\" content=\"Ulqin, 17 shtator - Kryeparlamentari malazias, Ranko Krivokapiq, lider i Partis\u00eb Socialdemokratike, partnere e koalicionit qeveris\u00ebs, paralajm\u00ebron se pasi\" \/>\n<meta name=\"robots\" content=\"index, follow, max-snippet:-1, max-image-preview:large, max-video-preview:-1\" \/>\n<link rel=\"canonical\" href=\"https:\/\/www.visit-ulcinj.com\/blog\/2010\/09\/17\/krivokapiq-kisha-ne-rumi-fyen-te-tre-besimet\/\" \/>\n<meta property=\"og:locale\" content=\"en_US\" \/>\n<meta property=\"og:type\" content=\"article\" \/>\n<meta property=\"og:title\" content=\"Krivokapiq: Kisha n\u00eb Rumi fyen t\u00eb tre besimet - Lajme nga Ulqini\" \/>\n<meta property=\"og:description\" content=\"Ulqin, 17 shtator - Kryeparlamentari malazias, Ranko Krivokapiq, lider i Partis\u00eb Socialdemokratike, partnere e koalicionit qeveris\u00ebs, paralajm\u00ebron se pasi\" \/>\n<meta property=\"og:url\" content=\"https:\/\/www.visit-ulcinj.com\/blog\/2010\/09\/17\/krivokapiq-kisha-ne-rumi-fyen-te-tre-besimet\/\" \/>\n<meta property=\"og:site_name\" content=\"Lajme nga Ulqini\" \/>\n<meta property=\"article:published_time\" content=\"2010-09-17T15:31:27+00:00\" \/>\n<meta property=\"article:modified_time\" content=\"2010-09-19T16:11:34+00:00\" \/>\n<meta name=\"twitter:label1\" content=\"Written by\" \/>\n\t<meta name=\"twitter:data1\" content=\"ulqini\" \/>\n\t<meta name=\"twitter:label2\" content=\"Est. reading time\" \/>\n\t<meta name=\"twitter:data2\" content=\"2 minutes\" \/>\n<script type=\"application\/ld+json\" class=\"yoast-schema-graph\">{\"@context\":\"https:\/\/schema.org\",\"@graph\":[{\"@type\":\"WebSite\",\"@id\":\"https:\/\/www.visit-ulcinj.com\/blog\/#website\",\"url\":\"https:\/\/www.visit-ulcinj.com\/blog\/\",\"name\":\"Lajme nga Ulqini\",\"description\":\"Lajme,Vijesti,Ulqini,Ulqin,Crna Gora,Mali i Zi\",\"potentialAction\":[{\"@type\":\"SearchAction\",\"target\":{\"@type\":\"EntryPoint\",\"urlTemplate\":\"https:\/\/www.visit-ulcinj.com\/blog\/?s={search_term_string}\"},\"query-input\":\"required name=search_term_string\"}],\"inLanguage\":\"en-US\"},{\"@type\":\"WebPage\",\"@id\":\"https:\/\/www.visit-ulcinj.com\/blog\/2010\/09\/17\/krivokapiq-kisha-ne-rumi-fyen-te-tre-besimet\/#webpage\",\"url\":\"https:\/\/www.visit-ulcinj.com\/blog\/2010\/09\/17\/krivokapiq-kisha-ne-rumi-fyen-te-tre-besimet\/\",\"name\":\"Krivokapiq: Kisha n\u00eb Rumi fyen t\u00eb tre besimet - Lajme nga Ulqini\",\"isPartOf\":{\"@id\":\"https:\/\/www.visit-ulcinj.com\/blog\/#website\"},\"datePublished\":\"2010-09-17T15:31:27+00:00\",\"dateModified\":\"2010-09-19T16:11:34+00:00\",\"author\":{\"@id\":\"https:\/\/www.visit-ulcinj.com\/blog\/#\/schema\/person\/dcab619c614d3038751c63bc2aadc06d\"},\"description\":\"Ulqin, 17 shtator - Kryeparlamentari malazias, Ranko Krivokapiq, lider i Partis\u00eb Socialdemokratike, partnere e koalicionit qeveris\u00ebs, paralajm\u00ebron se pasi\",\"breadcrumb\":{\"@id\":\"https:\/\/www.visit-ulcinj.com\/blog\/2010\/09\/17\/krivokapiq-kisha-ne-rumi-fyen-te-tre-besimet\/#breadcrumb\"},\"inLanguage\":\"en-US\",\"potentialAction\":[{\"@type\":\"ReadAction\",\"target\":[\"https:\/\/www.visit-ulcinj.com\/blog\/2010\/09\/17\/krivokapiq-kisha-ne-rumi-fyen-te-tre-besimet\/\"]}]},{\"@type\":\"BreadcrumbList\",\"@id\":\"https:\/\/www.visit-ulcinj.com\/blog\/2010\/09\/17\/krivokapiq-kisha-ne-rumi-fyen-te-tre-besimet\/#breadcrumb\",\"itemListElement\":[{\"@type\":\"ListItem\",\"position\":1,\"name\":\"Krivokapiq: Kisha n\u00eb Rumi fyen t\u00eb tre besimet\"}]},{\"@type\":\"Person\",\"@id\":\"https:\/\/www.visit-ulcinj.com\/blog\/#\/schema\/person\/dcab619c614d3038751c63bc2aadc06d\",\"name\":\"ulqini\",\"sameAs\":[\"http:\/\/www.visit-ulcinj.com\"],\"url\":\"https:\/\/www.visit-ulcinj.com\/blog\/author\/admin\/\"}]}<\/script>\n<!-- \/ Yoast SEO plugin. -->","yoast_head_json":{"title":"Krivokapiq: Kisha n\u00eb Rumi fyen t\u00eb tre besimet - Lajme nga Ulqini","description":"Ulqin, 17 shtator - Kryeparlamentari malazias, Ranko Krivokapiq, lider i Partis\u00eb Socialdemokratike, partnere e koalicionit qeveris\u00ebs, paralajm\u00ebron se pasi","robots":{"index":"index","follow":"follow","max-snippet":"max-snippet:-1","max-image-preview":"max-image-preview:large","max-video-preview":"max-video-preview:-1"},"canonical":"https:\/\/www.visit-ulcinj.com\/blog\/2010\/09\/17\/krivokapiq-kisha-ne-rumi-fyen-te-tre-besimet\/","og_locale":"en_US","og_type":"article","og_title":"Krivokapiq: Kisha n\u00eb Rumi fyen t\u00eb tre besimet - Lajme nga Ulqini","og_description":"Ulqin, 17 shtator - Kryeparlamentari malazias, Ranko Krivokapiq, lider i Partis\u00eb Socialdemokratike, partnere e koalicionit qeveris\u00ebs, paralajm\u00ebron se pasi","og_url":"https:\/\/www.visit-ulcinj.com\/blog\/2010\/09\/17\/krivokapiq-kisha-ne-rumi-fyen-te-tre-besimet\/","og_site_name":"Lajme nga Ulqini","article_published_time":"2010-09-17T15:31:27+00:00","article_modified_time":"2010-09-19T16:11:34+00:00","twitter_misc":{"Written by":"ulqini","Est. reading time":"2 minutes"},"schema":{"@context":"https:\/\/schema.org","@graph":[{"@type":"WebSite","@id":"https:\/\/www.visit-ulcinj.com\/blog\/#website","url":"https:\/\/www.visit-ulcinj.com\/blog\/","name":"Lajme nga Ulqini","description":"Lajme,Vijesti,Ulqini,Ulqin,Crna Gora,Mali i Zi","potentialAction":[{"@type":"SearchAction","target":{"@type":"EntryPoint","urlTemplate":"https:\/\/www.visit-ulcinj.com\/blog\/?s={search_term_string}"},"query-input":"required name=search_term_string"}],"inLanguage":"en-US"},{"@type":"WebPage","@id":"https:\/\/www.visit-ulcinj.com\/blog\/2010\/09\/17\/krivokapiq-kisha-ne-rumi-fyen-te-tre-besimet\/#webpage","url":"https:\/\/www.visit-ulcinj.com\/blog\/2010\/09\/17\/krivokapiq-kisha-ne-rumi-fyen-te-tre-besimet\/","name":"Krivokapiq: Kisha n\u00eb Rumi fyen t\u00eb tre besimet - Lajme nga Ulqini","isPartOf":{"@id":"https:\/\/www.visit-ulcinj.com\/blog\/#website"},"datePublished":"2010-09-17T15:31:27+00:00","dateModified":"2010-09-19T16:11:34+00:00","author":{"@id":"https:\/\/www.visit-ulcinj.com\/blog\/#\/schema\/person\/dcab619c614d3038751c63bc2aadc06d"},"description":"Ulqin, 17 shtator - Kryeparlamentari malazias, Ranko Krivokapiq, lider i Partis\u00eb Socialdemokratike, partnere e koalicionit qeveris\u00ebs, paralajm\u00ebron se pasi","breadcrumb":{"@id":"https:\/\/www.visit-ulcinj.com\/blog\/2010\/09\/17\/krivokapiq-kisha-ne-rumi-fyen-te-tre-besimet\/#breadcrumb"},"inLanguage":"en-US","potentialAction":[{"@type":"ReadAction","target":["https:\/\/www.visit-ulcinj.com\/blog\/2010\/09\/17\/krivokapiq-kisha-ne-rumi-fyen-te-tre-besimet\/"]}]},{"@type":"BreadcrumbList","@id":"https:\/\/www.visit-ulcinj.com\/blog\/2010\/09\/17\/krivokapiq-kisha-ne-rumi-fyen-te-tre-besimet\/#breadcrumb","itemListElement":[{"@type":"ListItem","position":1,"name":"Krivokapiq: Kisha n\u00eb Rumi fyen t\u00eb tre besimet"}]},{"@type":"Person","@id":"https:\/\/www.visit-ulcinj.com\/blog\/#\/schema\/person\/dcab619c614d3038751c63bc2aadc06d","name":"ulqini","sameAs":["http:\/\/www.visit-ulcinj.com"],"url":"https:\/\/www.visit-ulcinj.com\/blog\/author\/admin\/"}]}},"jetpack_featured_media_url":"","jetpack_sharing_enabled":true,"jetpack_shortlink":"https:\/\/wp.me\/pe6lTn-9JL","_links":{"self":[{"href":"https:\/\/www.visit-ulcinj.com\/blog\/wp-json\/wp\/v2\/posts\/37433"}],"collection":[{"href":"https:\/\/www.visit-ulcinj.com\/blog\/wp-json\/wp\/v2\/posts"}],"about":[{"href":"https:\/\/www.visit-ulcinj.com\/blog\/wp-json\/wp\/v2\/types\/post"}],"author":[{"embeddable":true,"href":"https:\/\/www.visit-ulcinj.com\/blog\/wp-json\/wp\/v2\/users\/1"}],"replies":[{"embeddable":true,"href":"https:\/\/www.visit-ulcinj.com\/blog\/wp-json\/wp\/v2\/comments?post=37433"}],"version-history":[{"count":0,"href":"https:\/\/www.visit-ulcinj.com\/blog\/wp-json\/wp\/v2\/posts\/37433\/revisions"}],"wp:attachment":[{"href":"https:\/\/www.visit-ulcinj.com\/blog\/wp-json\/wp\/v2\/media?parent=37433"}],"wp:term":[{"taxonomy":"category","embeddable":true,"href":"https:\/\/www.visit-ulcinj.com\/blog\/wp-json\/wp\/v2\/categories?post=37433"},{"taxonomy":"post_tag","embeddable":true,"href":"https:\/\/www.visit-ulcinj.com\/blog\/wp-json\/wp\/v2\/tags?post=37433"}],"curies":[{"name":"wp","href":"https:\/\/api.w.org\/{rel}","templated":true}]}}