{"id":37455,"date":"2010-09-21T17:25:46","date_gmt":"2010-09-21T15:25:46","guid":{"rendered":"http:\/\/www.visit-ulcinj.com\/blog\/?p=37455"},"modified":"2010-09-20T16:32:59","modified_gmt":"2010-09-20T14:32:59","slug":"botime-te-art-klub-it-ulqin-2010","status":"publish","type":"post","link":"https:\/\/www.visit-ulcinj.com\/blog\/2010\/09\/21\/botime-te-art-klub-it-ulqin-2010\/","title":{"rendered":"Botime t\u00eb Art Klub-it Ulqin 2010"},"content":{"rendered":"<p><strong><a href=\"http:\/\/www.visit-ulcinj.com\/blog\/wp-content\/uploads\/2010\/09\/Art-Klub-Ulqin-2010-Haxhi-Shabani-Anton-Goj\u00e7aj.jpg\"><img loading=\"lazy\" class=\"alignleft size-full wp-image-37456\" title=\"Art Klub, Ulqin, 2010 Haxhi Shabani-Anton Goj\u00e7aj,\" src=\"http:\/\/www.visit-ulcinj.com\/blog\/wp-content\/uploads\/2010\/09\/Art-Klub-Ulqin-2010-Haxhi-Shabani-Anton-Goj\u00e7aj.jpg\" alt=\"\" width=\"490\" height=\"380\" \/><\/a>(Haxhi Shabani, Jam ai q\u00eb nuk jam,\u00a0Art Klub, Ulqin,2010)<\/strong><\/p>\n<p><strong>(Anton Goj\u00e7aj, Nd\u00ebrmjet kapak\u00ebve,\u00a0Art Klub, Ulqin, 2010)<br \/>\n<\/strong><\/p>\n<p>Dit\u00ebve t\u00eb fundit nga edicioni botues i\u00a0Shoqat\u00ebs \u201cArt Klub\u201d dol\u00ebn dy libra t\u00eb\u00a0rinj: p\u00ebrmbledhja me poezi e poetit\u00a0Haxhi Shabani me titullin \u201cJam ai q\u00eb\u00a0nuk jam\u201d dhe p\u00ebrmbledhja me tregime\u00a0e shkrimtarit Anton Goj\u00e7aj \u201cMidis\u00a0kapak\u00ebve\u201d.\u00a0Libri me poezi t\u00eb zgjedhura i Haxhi\u00a0Shabanit \u00ebsht\u00eb hartuar nga dy p\u00ebmbledhjet\u00a0e tij t\u00eb m\u00ebparme \u201cT\u00eb k\u00ebrkoj\u201d e\u00a0\u201cNat\u00eb e portokallt\u00eb\u201d dhe nga dor\u00ebshkrimi\u00a0i pabotuar \u201cVibrimi i venave\u201d. K\u00ebt\u00eb\u00a0v\u00ebllim poetik e ka zgjedhur studiuesi\u00a0Ndue Ukaj, i cili n\u00eb fillim t\u00eb k\u00ebsaj\u00a0vepra ka shkruar edhe studimin me titullin\u00a0\u201cTipologjia e poezis\u00eb s\u00eb Haxhi\u00a0Shabanit\u201d.\u00a0Nd\u00ebrkaq, libri me prozat e shkurtra t\u00eb\u00a0Anton Goj\u00e7ajt me titullin \u201cMidis\u00a0kapak\u00ebve\u201d \u00ebsht\u00eb i hartuar me tregime t\u00eb\u00a0zgjedhura nga krijimtaria e autorit.\u00a0Studimin p\u00ebr librin e shkrimtarit Anton\u00a0Goj\u00e7aj me titullin \u201cTregimi si ekzemplar\u00a0narrativ\u201d e ka b\u00ebr\u00eb studiuesi\u00a0Ramadan Musliu, i cili edha ka realizuar\u00a0zgjedhjen e tregimeve t\u00eb k\u00ebtij\u00a0libri.\u00a0K\u00ebto dy libra jan\u00eb pjes\u00eb e nj\u00eb kolane q\u00eb\u00a0p\u00ebrfshin botimin e nga nj\u00eb vepre t\u00eb\u00a0zgjedhur t\u00eb pes\u00eb shkrimtar\u00ebve shqiptar\u00eb\u00a0n\u00eb Mal t\u00eb Zi. Vitin e kaluar n\u00eb\u00a0kuad\u00ebr t\u00eb k\u00ebsaj kolane jan\u00eb botuar libri\u00a0i zgjedhur i Asllan Bish\u00ebs \u201cAnkthi i\u00a0pritjes\u201d, i Ibrahim Berjashit \u201cOra e\u00a0Rumis\u00eb\u201d dhe i Fran Camajt \u201cRruga e\u00a0pam\u00ebshirshme\u201d.\u00a0Nga Shoqata \u201cArt Klub\u201d e cila k\u00ebt\u00eb vit\u00a0kremton 20-vjetorin e themelimit, kan\u00eb\u00a0njoftuar se s\u00eb shpejti pritet q\u00eb t\u00eb p\u00ebrgatitet\u00a0p\u00ebr shtyp nj\u00eb zgjedhje e k\u00ebtyre\u00a0pes\u00eb autor\u00ebve n\u00eb gjuh\u00ebn malazeze.<\/p>\n<p><strong>(Kohapress)<br \/>\n<!--YouTube Error: bad URL entered--><\/strong><strong> <\/strong><\/p>\n","protected":false},"excerpt":{"rendered":"<p>(Haxhi Shabani, Jam ai q\u00eb nuk jam,\u00a0Art Klub, Ulqin,2010) (Anton Goj\u00e7aj, Nd\u00ebrmjet kapak\u00ebve,\u00a0Art Klub, Ulqin, 2010) Dit\u00ebve t\u00eb fundit nga edicioni botues i\u00a0Shoqat\u00ebs \u201cArt Klub\u201d dol\u00ebn dy libra t\u00eb\u00a0rinj: p\u00ebrmbledhja me poezi e poetit\u00a0Haxhi Shabani me titullin \u201cJam ai q\u00eb\u00a0nuk jam\u201d dhe p\u00ebrmbledhja me tregime\u00a0e shkrimtarit Anton Goj\u00e7aj \u201cMidis\u00a0kapak\u00ebve\u201d.\u00a0Libri me poezi t\u00eb zgjedhura i Haxhi\u00a0Shabanit [&hellip;]<\/p>\n","protected":false},"author":1,"featured_media":0,"comment_status":"open","ping_status":"closed","sticky":false,"template":"","format":"standard","meta":{"spay_email":"","jetpack_publicize_message":"","jetpack_is_tweetstorm":false,"jetpack_publicize_feature_enabled":true},"categories":[11],"tags":[15408,1937,2192,211,15405,15409,200],"jetpack_publicize_connections":[],"yoast_head":"<!-- This site is optimized with the Yoast SEO plugin v19.1 - https:\/\/yoast.com\/wordpress\/plugins\/seo\/ -->\n<title>Botime t\u00eb Art Klub-it Ulqin 2010 - Lajme nga Ulqini<\/title>\n<meta name=\"description\" content=\"(Haxhi Shabani, Jam ai q\u00eb nuk jam,\u00a0Art Klub, Ulqin,2010) (Anton Goj\u00e7aj, Nd\u00ebrmjet kapak\u00ebve,\u00a0Art Klub, Ulqin, 2010) Dit\u00ebve t\u00eb fundit nga edicioni botues\" \/>\n<meta name=\"robots\" content=\"index, follow, max-snippet:-1, max-image-preview:large, max-video-preview:-1\" \/>\n<link rel=\"canonical\" href=\"https:\/\/www.visit-ulcinj.com\/blog\/2010\/09\/21\/botime-te-art-klub-it-ulqin-2010\/\" \/>\n<meta property=\"og:locale\" content=\"en_US\" \/>\n<meta property=\"og:type\" content=\"article\" \/>\n<meta property=\"og:title\" content=\"Botime t\u00eb Art Klub-it Ulqin 2010 - Lajme nga Ulqini\" \/>\n<meta property=\"og:description\" content=\"(Haxhi Shabani, Jam ai q\u00eb nuk jam,\u00a0Art Klub, Ulqin,2010) (Anton Goj\u00e7aj, Nd\u00ebrmjet kapak\u00ebve,\u00a0Art Klub, Ulqin, 2010) Dit\u00ebve t\u00eb fundit nga edicioni botues\" \/>\n<meta property=\"og:url\" content=\"https:\/\/www.visit-ulcinj.com\/blog\/2010\/09\/21\/botime-te-art-klub-it-ulqin-2010\/\" \/>\n<meta property=\"og:site_name\" content=\"Lajme nga Ulqini\" \/>\n<meta property=\"article:published_time\" content=\"2010-09-21T15:25:46+00:00\" \/>\n<meta property=\"article:modified_time\" content=\"2010-09-20T14:32:59+00:00\" \/>\n<meta name=\"twitter:label1\" content=\"Written by\" \/>\n\t<meta name=\"twitter:data1\" content=\"ulqini\" \/>\n\t<meta name=\"twitter:label2\" content=\"Est. reading time\" \/>\n\t<meta name=\"twitter:data2\" content=\"2 minutes\" \/>\n<script type=\"application\/ld+json\" class=\"yoast-schema-graph\">{\"@context\":\"https:\/\/schema.org\",\"@graph\":[{\"@type\":\"WebSite\",\"@id\":\"https:\/\/www.visit-ulcinj.com\/blog\/#website\",\"url\":\"https:\/\/www.visit-ulcinj.com\/blog\/\",\"name\":\"Lajme nga Ulqini\",\"description\":\"Lajme,Vijesti,Ulqini,Ulqin,Crna Gora,Mali i Zi\",\"potentialAction\":[{\"@type\":\"SearchAction\",\"target\":{\"@type\":\"EntryPoint\",\"urlTemplate\":\"https:\/\/www.visit-ulcinj.com\/blog\/?s={search_term_string}\"},\"query-input\":\"required name=search_term_string\"}],\"inLanguage\":\"en-US\"},{\"@type\":\"WebPage\",\"@id\":\"https:\/\/www.visit-ulcinj.com\/blog\/2010\/09\/21\/botime-te-art-klub-it-ulqin-2010\/#webpage\",\"url\":\"https:\/\/www.visit-ulcinj.com\/blog\/2010\/09\/21\/botime-te-art-klub-it-ulqin-2010\/\",\"name\":\"Botime t\u00eb Art Klub-it Ulqin 2010 - Lajme nga Ulqini\",\"isPartOf\":{\"@id\":\"https:\/\/www.visit-ulcinj.com\/blog\/#website\"},\"datePublished\":\"2010-09-21T15:25:46+00:00\",\"dateModified\":\"2010-09-20T14:32:59+00:00\",\"author\":{\"@id\":\"https:\/\/www.visit-ulcinj.com\/blog\/#\/schema\/person\/dcab619c614d3038751c63bc2aadc06d\"},\"description\":\"(Haxhi Shabani, Jam ai q\u00eb nuk jam,\u00a0Art Klub, Ulqin,2010) (Anton Goj\u00e7aj, Nd\u00ebrmjet kapak\u00ebve,\u00a0Art Klub, Ulqin, 2010) Dit\u00ebve t\u00eb fundit nga edicioni botues\",\"breadcrumb\":{\"@id\":\"https:\/\/www.visit-ulcinj.com\/blog\/2010\/09\/21\/botime-te-art-klub-it-ulqin-2010\/#breadcrumb\"},\"inLanguage\":\"en-US\",\"potentialAction\":[{\"@type\":\"ReadAction\",\"target\":[\"https:\/\/www.visit-ulcinj.com\/blog\/2010\/09\/21\/botime-te-art-klub-it-ulqin-2010\/\"]}]},{\"@type\":\"BreadcrumbList\",\"@id\":\"https:\/\/www.visit-ulcinj.com\/blog\/2010\/09\/21\/botime-te-art-klub-it-ulqin-2010\/#breadcrumb\",\"itemListElement\":[{\"@type\":\"ListItem\",\"position\":1,\"name\":\"Botime t\u00eb Art Klub-it Ulqin 2010\"}]},{\"@type\":\"Person\",\"@id\":\"https:\/\/www.visit-ulcinj.com\/blog\/#\/schema\/person\/dcab619c614d3038751c63bc2aadc06d\",\"name\":\"ulqini\",\"sameAs\":[\"http:\/\/www.visit-ulcinj.com\"],\"url\":\"https:\/\/www.visit-ulcinj.com\/blog\/author\/admin\/\"}]}<\/script>\n<!-- \/ Yoast SEO plugin. -->","yoast_head_json":{"title":"Botime t\u00eb Art Klub-it Ulqin 2010 - Lajme nga Ulqini","description":"(Haxhi Shabani, Jam ai q\u00eb nuk jam,\u00a0Art Klub, Ulqin,2010) (Anton Goj\u00e7aj, Nd\u00ebrmjet kapak\u00ebve,\u00a0Art Klub, Ulqin, 2010) Dit\u00ebve t\u00eb fundit nga edicioni botues","robots":{"index":"index","follow":"follow","max-snippet":"max-snippet:-1","max-image-preview":"max-image-preview:large","max-video-preview":"max-video-preview:-1"},"canonical":"https:\/\/www.visit-ulcinj.com\/blog\/2010\/09\/21\/botime-te-art-klub-it-ulqin-2010\/","og_locale":"en_US","og_type":"article","og_title":"Botime t\u00eb Art Klub-it Ulqin 2010 - Lajme nga Ulqini","og_description":"(Haxhi Shabani, Jam ai q\u00eb nuk jam,\u00a0Art Klub, Ulqin,2010) (Anton Goj\u00e7aj, Nd\u00ebrmjet kapak\u00ebve,\u00a0Art Klub, Ulqin, 2010) Dit\u00ebve t\u00eb fundit nga edicioni botues","og_url":"https:\/\/www.visit-ulcinj.com\/blog\/2010\/09\/21\/botime-te-art-klub-it-ulqin-2010\/","og_site_name":"Lajme nga Ulqini","article_published_time":"2010-09-21T15:25:46+00:00","article_modified_time":"2010-09-20T14:32:59+00:00","twitter_misc":{"Written by":"ulqini","Est. reading time":"2 minutes"},"schema":{"@context":"https:\/\/schema.org","@graph":[{"@type":"WebSite","@id":"https:\/\/www.visit-ulcinj.com\/blog\/#website","url":"https:\/\/www.visit-ulcinj.com\/blog\/","name":"Lajme nga Ulqini","description":"Lajme,Vijesti,Ulqini,Ulqin,Crna Gora,Mali i Zi","potentialAction":[{"@type":"SearchAction","target":{"@type":"EntryPoint","urlTemplate":"https:\/\/www.visit-ulcinj.com\/blog\/?s={search_term_string}"},"query-input":"required name=search_term_string"}],"inLanguage":"en-US"},{"@type":"WebPage","@id":"https:\/\/www.visit-ulcinj.com\/blog\/2010\/09\/21\/botime-te-art-klub-it-ulqin-2010\/#webpage","url":"https:\/\/www.visit-ulcinj.com\/blog\/2010\/09\/21\/botime-te-art-klub-it-ulqin-2010\/","name":"Botime t\u00eb Art Klub-it Ulqin 2010 - Lajme nga Ulqini","isPartOf":{"@id":"https:\/\/www.visit-ulcinj.com\/blog\/#website"},"datePublished":"2010-09-21T15:25:46+00:00","dateModified":"2010-09-20T14:32:59+00:00","author":{"@id":"https:\/\/www.visit-ulcinj.com\/blog\/#\/schema\/person\/dcab619c614d3038751c63bc2aadc06d"},"description":"(Haxhi Shabani, Jam ai q\u00eb nuk jam,\u00a0Art Klub, Ulqin,2010) (Anton Goj\u00e7aj, Nd\u00ebrmjet kapak\u00ebve,\u00a0Art Klub, Ulqin, 2010) Dit\u00ebve t\u00eb fundit nga edicioni botues","breadcrumb":{"@id":"https:\/\/www.visit-ulcinj.com\/blog\/2010\/09\/21\/botime-te-art-klub-it-ulqin-2010\/#breadcrumb"},"inLanguage":"en-US","potentialAction":[{"@type":"ReadAction","target":["https:\/\/www.visit-ulcinj.com\/blog\/2010\/09\/21\/botime-te-art-klub-it-ulqin-2010\/"]}]},{"@type":"BreadcrumbList","@id":"https:\/\/www.visit-ulcinj.com\/blog\/2010\/09\/21\/botime-te-art-klub-it-ulqin-2010\/#breadcrumb","itemListElement":[{"@type":"ListItem","position":1,"name":"Botime t\u00eb Art Klub-it Ulqin 2010"}]},{"@type":"Person","@id":"https:\/\/www.visit-ulcinj.com\/blog\/#\/schema\/person\/dcab619c614d3038751c63bc2aadc06d","name":"ulqini","sameAs":["http:\/\/www.visit-ulcinj.com"],"url":"https:\/\/www.visit-ulcinj.com\/blog\/author\/admin\/"}]}},"jetpack_featured_media_url":"","jetpack_sharing_enabled":true,"jetpack_shortlink":"https:\/\/wp.me\/pe6lTn-9K7","_links":{"self":[{"href":"https:\/\/www.visit-ulcinj.com\/blog\/wp-json\/wp\/v2\/posts\/37455"}],"collection":[{"href":"https:\/\/www.visit-ulcinj.com\/blog\/wp-json\/wp\/v2\/posts"}],"about":[{"href":"https:\/\/www.visit-ulcinj.com\/blog\/wp-json\/wp\/v2\/types\/post"}],"author":[{"embeddable":true,"href":"https:\/\/www.visit-ulcinj.com\/blog\/wp-json\/wp\/v2\/users\/1"}],"replies":[{"embeddable":true,"href":"https:\/\/www.visit-ulcinj.com\/blog\/wp-json\/wp\/v2\/comments?post=37455"}],"version-history":[{"count":0,"href":"https:\/\/www.visit-ulcinj.com\/blog\/wp-json\/wp\/v2\/posts\/37455\/revisions"}],"wp:attachment":[{"href":"https:\/\/www.visit-ulcinj.com\/blog\/wp-json\/wp\/v2\/media?parent=37455"}],"wp:term":[{"taxonomy":"category","embeddable":true,"href":"https:\/\/www.visit-ulcinj.com\/blog\/wp-json\/wp\/v2\/categories?post=37455"},{"taxonomy":"post_tag","embeddable":true,"href":"https:\/\/www.visit-ulcinj.com\/blog\/wp-json\/wp\/v2\/tags?post=37455"}],"curies":[{"name":"wp","href":"https:\/\/api.w.org\/{rel}","templated":true}]}}