{"id":37460,"date":"2010-09-18T19:29:51","date_gmt":"2010-09-18T17:29:51","guid":{"rendered":"http:\/\/www.visit-ulcinj.com\/blog\/?p=37460"},"modified":"2010-09-18T19:31:34","modified_gmt":"2010-09-18T17:31:34","slug":"dua-sa-pdp-om-forca-jos-ceka","status":"publish","type":"post","link":"https:\/\/www.visit-ulcinj.com\/blog\/2010\/09\/18\/dua-sa-pdp-om-forca-jos-ceka\/","title":{"rendered":"DUA sa PDP-om Forca jo\u0161 \u010deka"},"content":{"rendered":"<p><strong><a href=\"http:\/\/www.visit-ulcinj.com\/blog\/wp-content\/uploads\/2010\/09\/Picnik-collage.jpg\"><img loading=\"lazy\" class=\"alignleft size-full wp-image-37462\" title=\"Picnik collage\" src=\"http:\/\/www.visit-ulcinj.com\/blog\/wp-content\/uploads\/2010\/09\/Picnik-collage.jpg\" alt=\"\" width=\"300\" height=\"190\" \/><\/a>Predizborna pozornica u Ulcinju sve jasnija<\/strong><br \/>\nUlcinj \u2013 Demokratska unija Albanaca na izborima 17. oktobra nastupi\u0107e u koaliciji sa Partijom demokratskog prosperiteta, dok je \u0161iroki savez Force sa ostalim albanskim opozicionim partijama sve manje izvjestan, saznaju \u201cVijesti\u201d. Potpredsjednik DUA Mehmet Zenka kazao je da je Predsjedni\u0161tvo te partije donijelo odluku o koalicionom savezu sa PDP, koju \u0107e morati da verifikuje Glavni odbor.<br \/>\n\u201dVjerujem da \u0107e Glavni odbor potvrditi odluku Predsjedni\u0161tva\u201d, kazao je Zenka \u201cVijestima\u201d. On o\u010dekuje da \u0107e koalicija DUA\u2013PDP osvojiti 13 mandata.<br \/>\nForca Nazifa Cungua sprema se za samostalan nastup, potvrdio je \u201cVijestima\u201d visoki zvani\u010dnik najja\u010de ulcinjske partije. On je kazao da neki od politi\u010dara pozvanih na dogovor u eventualnoj predizbornoj koaliciji nijesu spremni da podr\u017ee program Force kao osnov sporazuma, ne nude\u0107i pri tom nikakvu alternativu.<br \/>\nOn je ocijenio da najve\u0107u prepreku za stabilnu albansku predizbornu koaliciju predstavljaju neslaganja unutar manjih politi\u010dkih grupacija koje uslovljavaju izbornu listu, \u201cdok neki lideri bespotrebno odugovla\u010de pregovore pravdaju\u0107i se da su veoma zauzeti\u201d.<br \/>\n<a href=\"http:\/\/www.visit-ulcinj.com\/blog\/wp-content\/uploads\/2010\/09\/Koalicija-Ulcinj1.jpg\"><img loading=\"lazy\" class=\"alignleft size-full wp-image-37463\" title=\"Koalicija Ulcinj\" src=\"http:\/\/www.visit-ulcinj.com\/blog\/wp-content\/uploads\/2010\/09\/Koalicija-Ulcinj1.jpg\" alt=\"\" width=\"490\" height=\"224\" srcset=\"https:\/\/www.visit-ulcinj.com\/blog\/wp-content\/uploads\/2010\/09\/Koalicija-Ulcinj1.jpg 490w, https:\/\/www.visit-ulcinj.com\/blog\/wp-content\/uploads\/2010\/09\/Koalicija-Ulcinj1-300x137.jpg 300w\" sizes=\"(max-width: 490px) 100vw, 490px\" \/><\/a><br \/>\n\u201cIako podaci sa terena govore u prilog samostalnog nastupa Force, mi smo zbog interesa gra\u0111ana Ulcinja, htjeli albansku opoziciju, ali bez uslovljavanja spremni da \u010dekamo do posljednjeg trena\u201d, kazao je sagovornik \u201cVijesti\u201d.<br \/>\nDPS i SDP ve\u0107 su donijeli odluke o samostalnim izlascima na izbore, a nedavno je opoziciona koalicija predvo\u0111ena SNP-om ponovo zaklju\u010dila sporazum o zajedni\u010dkom nastupu.<\/p>\n<p><strong>S. A.<\/strong><a href=\"http:\/\/www.vijesti.me\/\" target=\"_blank\"><strong><br \/>\nVijesti<\/strong><\/a><\/p>\n","protected":false},"excerpt":{"rendered":"<p>Predizborna pozornica u Ulcinju sve jasnija Ulcinj \u2013 Demokratska unija Albanaca na izborima 17. oktobra nastupi\u0107e u koaliciji sa Partijom demokratskog prosperiteta, dok je \u0161iroki savez Force sa ostalim albanskim opozicionim partijama sve manje izvjestan, saznaju \u201cVijesti\u201d. Potpredsjednik DUA Mehmet Zenka kazao je da je Predsjedni\u0161tvo te partije donijelo odluku o koalicionom savezu sa PDP, [&hellip;]<\/p>\n","protected":false},"author":1,"featured_media":0,"comment_status":"open","ping_status":"closed","sticky":false,"template":"","format":"standard","meta":{"spay_email":"","jetpack_publicize_message":"","jetpack_is_tweetstorm":false,"jetpack_publicize_feature_enabled":true},"categories":[8337],"tags":[19],"jetpack_publicize_connections":[],"yoast_head":"<!-- This site is optimized with the Yoast SEO plugin v19.1 - https:\/\/yoast.com\/wordpress\/plugins\/seo\/ -->\n<title>DUA sa PDP-om Forca jo\u0161 \u010deka - Lajme nga Ulqini<\/title>\n<meta name=\"description\" content=\"Predizborna pozornica u Ulcinju sve jasnija Ulcinj \u2013 Demokratska unija Albanaca na izborima 17. oktobra nastupi\u0107e u koaliciji sa Partijom demokratskog\" \/>\n<meta name=\"robots\" content=\"index, follow, max-snippet:-1, max-image-preview:large, max-video-preview:-1\" \/>\n<link rel=\"canonical\" href=\"https:\/\/www.visit-ulcinj.com\/blog\/2010\/09\/18\/dua-sa-pdp-om-forca-jos-ceka\/\" \/>\n<meta property=\"og:locale\" content=\"en_US\" \/>\n<meta property=\"og:type\" content=\"article\" \/>\n<meta property=\"og:title\" content=\"DUA sa PDP-om Forca jo\u0161 \u010deka - Lajme nga Ulqini\" \/>\n<meta property=\"og:description\" content=\"Predizborna pozornica u Ulcinju sve jasnija Ulcinj \u2013 Demokratska unija Albanaca na izborima 17. oktobra nastupi\u0107e u koaliciji sa Partijom demokratskog\" \/>\n<meta property=\"og:url\" content=\"https:\/\/www.visit-ulcinj.com\/blog\/2010\/09\/18\/dua-sa-pdp-om-forca-jos-ceka\/\" \/>\n<meta property=\"og:site_name\" content=\"Lajme nga Ulqini\" \/>\n<meta property=\"article:published_time\" content=\"2010-09-18T17:29:51+00:00\" \/>\n<meta property=\"article:modified_time\" content=\"2010-09-18T17:31:34+00:00\" \/>\n<meta property=\"og:image\" content=\"http:\/\/www.visit-ulcinj.com\/blog\/wp-content\/uploads\/2010\/09\/Picnik-collage.jpg\" \/>\n<meta name=\"twitter:label1\" content=\"Written by\" \/>\n\t<meta name=\"twitter:data1\" content=\"ulqini\" \/>\n\t<meta name=\"twitter:label2\" content=\"Est. reading time\" \/>\n\t<meta name=\"twitter:data2\" content=\"1 minute\" \/>\n<script type=\"application\/ld+json\" class=\"yoast-schema-graph\">{\"@context\":\"https:\/\/schema.org\",\"@graph\":[{\"@type\":\"WebSite\",\"@id\":\"https:\/\/www.visit-ulcinj.com\/blog\/#website\",\"url\":\"https:\/\/www.visit-ulcinj.com\/blog\/\",\"name\":\"Lajme nga Ulqini\",\"description\":\"Lajme,Vijesti,Ulqini,Ulqin,Crna Gora,Mali i Zi\",\"potentialAction\":[{\"@type\":\"SearchAction\",\"target\":{\"@type\":\"EntryPoint\",\"urlTemplate\":\"https:\/\/www.visit-ulcinj.com\/blog\/?s={search_term_string}\"},\"query-input\":\"required name=search_term_string\"}],\"inLanguage\":\"en-US\"},{\"@type\":\"ImageObject\",\"inLanguage\":\"en-US\",\"@id\":\"https:\/\/www.visit-ulcinj.com\/blog\/2010\/09\/18\/dua-sa-pdp-om-forca-jos-ceka\/#primaryimage\",\"url\":\"https:\/\/www.visit-ulcinj.com\/blog\/wp-content\/uploads\/2010\/09\/Picnik-collage.jpg\",\"contentUrl\":\"https:\/\/www.visit-ulcinj.com\/blog\/wp-content\/uploads\/2010\/09\/Picnik-collage.jpg\",\"width\":\"355\",\"height\":\"190\"},{\"@type\":\"WebPage\",\"@id\":\"https:\/\/www.visit-ulcinj.com\/blog\/2010\/09\/18\/dua-sa-pdp-om-forca-jos-ceka\/#webpage\",\"url\":\"https:\/\/www.visit-ulcinj.com\/blog\/2010\/09\/18\/dua-sa-pdp-om-forca-jos-ceka\/\",\"name\":\"DUA sa PDP-om Forca jo\u0161 \u010deka - Lajme nga Ulqini\",\"isPartOf\":{\"@id\":\"https:\/\/www.visit-ulcinj.com\/blog\/#website\"},\"primaryImageOfPage\":{\"@id\":\"https:\/\/www.visit-ulcinj.com\/blog\/2010\/09\/18\/dua-sa-pdp-om-forca-jos-ceka\/#primaryimage\"},\"datePublished\":\"2010-09-18T17:29:51+00:00\",\"dateModified\":\"2010-09-18T17:31:34+00:00\",\"author\":{\"@id\":\"https:\/\/www.visit-ulcinj.com\/blog\/#\/schema\/person\/dcab619c614d3038751c63bc2aadc06d\"},\"description\":\"Predizborna pozornica u Ulcinju sve jasnija Ulcinj \u2013 Demokratska unija Albanaca na izborima 17. oktobra nastupi\u0107e u koaliciji sa Partijom demokratskog\",\"breadcrumb\":{\"@id\":\"https:\/\/www.visit-ulcinj.com\/blog\/2010\/09\/18\/dua-sa-pdp-om-forca-jos-ceka\/#breadcrumb\"},\"inLanguage\":\"en-US\",\"potentialAction\":[{\"@type\":\"ReadAction\",\"target\":[\"https:\/\/www.visit-ulcinj.com\/blog\/2010\/09\/18\/dua-sa-pdp-om-forca-jos-ceka\/\"]}]},{\"@type\":\"BreadcrumbList\",\"@id\":\"https:\/\/www.visit-ulcinj.com\/blog\/2010\/09\/18\/dua-sa-pdp-om-forca-jos-ceka\/#breadcrumb\",\"itemListElement\":[{\"@type\":\"ListItem\",\"position\":1,\"name\":\"DUA sa PDP-om Forca jo\u0161 \u010deka\"}]},{\"@type\":\"Person\",\"@id\":\"https:\/\/www.visit-ulcinj.com\/blog\/#\/schema\/person\/dcab619c614d3038751c63bc2aadc06d\",\"name\":\"ulqini\",\"sameAs\":[\"http:\/\/www.visit-ulcinj.com\"],\"url\":\"https:\/\/www.visit-ulcinj.com\/blog\/author\/admin\/\"}]}<\/script>\n<!-- \/ Yoast SEO plugin. -->","yoast_head_json":{"title":"DUA sa PDP-om Forca jo\u0161 \u010deka - Lajme nga Ulqini","description":"Predizborna pozornica u Ulcinju sve jasnija Ulcinj \u2013 Demokratska unija Albanaca na izborima 17. oktobra nastupi\u0107e u koaliciji sa Partijom demokratskog","robots":{"index":"index","follow":"follow","max-snippet":"max-snippet:-1","max-image-preview":"max-image-preview:large","max-video-preview":"max-video-preview:-1"},"canonical":"https:\/\/www.visit-ulcinj.com\/blog\/2010\/09\/18\/dua-sa-pdp-om-forca-jos-ceka\/","og_locale":"en_US","og_type":"article","og_title":"DUA sa PDP-om Forca jo\u0161 \u010deka - Lajme nga Ulqini","og_description":"Predizborna pozornica u Ulcinju sve jasnija Ulcinj \u2013 Demokratska unija Albanaca na izborima 17. oktobra nastupi\u0107e u koaliciji sa Partijom demokratskog","og_url":"https:\/\/www.visit-ulcinj.com\/blog\/2010\/09\/18\/dua-sa-pdp-om-forca-jos-ceka\/","og_site_name":"Lajme nga Ulqini","article_published_time":"2010-09-18T17:29:51+00:00","article_modified_time":"2010-09-18T17:31:34+00:00","og_image":[{"url":"http:\/\/www.visit-ulcinj.com\/blog\/wp-content\/uploads\/2010\/09\/Picnik-collage.jpg"}],"twitter_misc":{"Written by":"ulqini","Est. reading time":"1 minute"},"schema":{"@context":"https:\/\/schema.org","@graph":[{"@type":"WebSite","@id":"https:\/\/www.visit-ulcinj.com\/blog\/#website","url":"https:\/\/www.visit-ulcinj.com\/blog\/","name":"Lajme nga Ulqini","description":"Lajme,Vijesti,Ulqini,Ulqin,Crna Gora,Mali i Zi","potentialAction":[{"@type":"SearchAction","target":{"@type":"EntryPoint","urlTemplate":"https:\/\/www.visit-ulcinj.com\/blog\/?s={search_term_string}"},"query-input":"required name=search_term_string"}],"inLanguage":"en-US"},{"@type":"ImageObject","inLanguage":"en-US","@id":"https:\/\/www.visit-ulcinj.com\/blog\/2010\/09\/18\/dua-sa-pdp-om-forca-jos-ceka\/#primaryimage","url":"https:\/\/www.visit-ulcinj.com\/blog\/wp-content\/uploads\/2010\/09\/Picnik-collage.jpg","contentUrl":"https:\/\/www.visit-ulcinj.com\/blog\/wp-content\/uploads\/2010\/09\/Picnik-collage.jpg","width":"355","height":"190"},{"@type":"WebPage","@id":"https:\/\/www.visit-ulcinj.com\/blog\/2010\/09\/18\/dua-sa-pdp-om-forca-jos-ceka\/#webpage","url":"https:\/\/www.visit-ulcinj.com\/blog\/2010\/09\/18\/dua-sa-pdp-om-forca-jos-ceka\/","name":"DUA sa PDP-om Forca jo\u0161 \u010deka - Lajme nga Ulqini","isPartOf":{"@id":"https:\/\/www.visit-ulcinj.com\/blog\/#website"},"primaryImageOfPage":{"@id":"https:\/\/www.visit-ulcinj.com\/blog\/2010\/09\/18\/dua-sa-pdp-om-forca-jos-ceka\/#primaryimage"},"datePublished":"2010-09-18T17:29:51+00:00","dateModified":"2010-09-18T17:31:34+00:00","author":{"@id":"https:\/\/www.visit-ulcinj.com\/blog\/#\/schema\/person\/dcab619c614d3038751c63bc2aadc06d"},"description":"Predizborna pozornica u Ulcinju sve jasnija Ulcinj \u2013 Demokratska unija Albanaca na izborima 17. oktobra nastupi\u0107e u koaliciji sa Partijom demokratskog","breadcrumb":{"@id":"https:\/\/www.visit-ulcinj.com\/blog\/2010\/09\/18\/dua-sa-pdp-om-forca-jos-ceka\/#breadcrumb"},"inLanguage":"en-US","potentialAction":[{"@type":"ReadAction","target":["https:\/\/www.visit-ulcinj.com\/blog\/2010\/09\/18\/dua-sa-pdp-om-forca-jos-ceka\/"]}]},{"@type":"BreadcrumbList","@id":"https:\/\/www.visit-ulcinj.com\/blog\/2010\/09\/18\/dua-sa-pdp-om-forca-jos-ceka\/#breadcrumb","itemListElement":[{"@type":"ListItem","position":1,"name":"DUA sa PDP-om Forca jo\u0161 \u010deka"}]},{"@type":"Person","@id":"https:\/\/www.visit-ulcinj.com\/blog\/#\/schema\/person\/dcab619c614d3038751c63bc2aadc06d","name":"ulqini","sameAs":["http:\/\/www.visit-ulcinj.com"],"url":"https:\/\/www.visit-ulcinj.com\/blog\/author\/admin\/"}]}},"jetpack_featured_media_url":"","jetpack_sharing_enabled":true,"jetpack_shortlink":"https:\/\/wp.me\/pe6lTn-9Kc","_links":{"self":[{"href":"https:\/\/www.visit-ulcinj.com\/blog\/wp-json\/wp\/v2\/posts\/37460"}],"collection":[{"href":"https:\/\/www.visit-ulcinj.com\/blog\/wp-json\/wp\/v2\/posts"}],"about":[{"href":"https:\/\/www.visit-ulcinj.com\/blog\/wp-json\/wp\/v2\/types\/post"}],"author":[{"embeddable":true,"href":"https:\/\/www.visit-ulcinj.com\/blog\/wp-json\/wp\/v2\/users\/1"}],"replies":[{"embeddable":true,"href":"https:\/\/www.visit-ulcinj.com\/blog\/wp-json\/wp\/v2\/comments?post=37460"}],"version-history":[{"count":0,"href":"https:\/\/www.visit-ulcinj.com\/blog\/wp-json\/wp\/v2\/posts\/37460\/revisions"}],"wp:attachment":[{"href":"https:\/\/www.visit-ulcinj.com\/blog\/wp-json\/wp\/v2\/media?parent=37460"}],"wp:term":[{"taxonomy":"category","embeddable":true,"href":"https:\/\/www.visit-ulcinj.com\/blog\/wp-json\/wp\/v2\/categories?post=37460"},{"taxonomy":"post_tag","embeddable":true,"href":"https:\/\/www.visit-ulcinj.com\/blog\/wp-json\/wp\/v2\/tags?post=37460"}],"curies":[{"name":"wp","href":"https:\/\/api.w.org\/{rel}","templated":true}]}}