{"id":37470,"date":"2010-09-20T16:18:14","date_gmt":"2010-09-20T14:18:14","guid":{"rendered":"http:\/\/www.visit-ulcinj.com\/blog\/?p=37470"},"modified":"2010-09-20T16:19:12","modified_gmt":"2010-09-20T14:19:12","slug":"ekoloska-regata-na-rijeku-bojanu","status":"publish","type":"post","link":"https:\/\/www.visit-ulcinj.com\/blog\/2010\/09\/20\/ekoloska-regata-na-rijeku-bojanu\/","title":{"rendered":"Ekolo\u0161ka regata na rijeku Bojanu"},"content":{"rendered":"<p><a href=\"http:\/\/www.visit-ulcinj.com\/blog\/wp-content\/uploads\/2010\/09\/Ekoloska-regata-na-rijeku-Bojanu.jpg\"><img loading=\"lazy\" class=\"alignleft size-full wp-image-37471\" title=\"Ekoloska regata na rijeku Bojanu\" src=\"http:\/\/www.visit-ulcinj.com\/blog\/wp-content\/uploads\/2010\/09\/Ekoloska-regata-na-rijeku-Bojanu.jpg\" alt=\"\" width=\"490\" height=\"380\" \/><\/a>Povodom obilje\u017eavanja 19-te godi\u0161njice od progla\u0161enja ekolo\u0161ke dr\u017eave Crne Gore, na rijeci Bojani je organizovana regata na kojoj je prisustvovalo 30 kajaka\u0161a i oko 60 predstavnika institucija, medijskih ku\u0107a i nevladinih organizacija. Regatu su organizovali NVO Zeleni korak, HTP Ulcinjska rivijera, NVO Bojana, TO Ulcinj, Op\u0161tina Ulcinj, Kajaka\u0161ki klub Mora\u010da iz Podgorice i NVO Green Home. Regata koju je \u010dinilo 30 kajaka\u0161a je plovila rijekom Bojanom du\u017einom od 18km &#8211; od mjesta Sveti Djor\u0111e do U\u0161\u0107a rijeke. Njima u susret su i\u0161la dva broda na kojima je oko 60 predstavnika institucija i novinara imalo priliku da se u vo\u017enji koja je trajala gotovo 4 sata upoznaju\u00a0 sa ljepotama rijeke Bojane od njenog u\u0161\u0107a do mjesta Fraskanjel. Ovaj potez koji su u\u010desnici manifestacije imali priliku da vide &#8211; \u010dini polovinu toka rijeke Bojane.<\/p>\n<p>\u201cSmatram da je regata uspjela I radi\u0107emo na tome da naredne godine, povodom 20-e godi\u0161njice od progla\u0161enja ekolo\u0161ke dr\u017eave od ove manifestacije napravimo cenralni doga\u0111aj. Planiramo da tada pozovemo u\u010desnike I kajaka\u0161e iz \u010ditavog regiona kao I visoke dr\u017eavne zvani\u010dnike Crne Gore\u201d \u2013 rekao je D\u017eelal Hod\u017eic predsjednik NVO Zeleni korak.<\/p>\n<p>Rijeka Bojana je jedina otoka Skadarskog jezera, a njen tok dug je 44 km. Bojana je prirodno stani\u0161te za 50-ak vrsta ptica I prirodni rezervat biljnog I \u017eivotinjskog sveta. O uticaju rijeke Bojane na \u017eivot Ulcinja ispri\u010dane su mnoge pri\u010de. Zahvaljuju\u0107i Bojani, Ulcinj ima 16km finih pje\u0161\u010danih pla\u017ea. Ona je stalan izvor ulcinjskog sivog ljekovitog pjeska koji u sebi sadr\u017ei oko 30 mineralnih sastojaka. Zahvaljuju\u0107i rijeci Bojani \u2013 nastala je i Ada. Na krajnje neobi\u010dan na\u010din. Prema predanju, u 19. vijeku u blizini u\u0161\u0107a nasukao se brod Merito. Preko olupine broda ova mo\u0107na rijeka je gomilala nanose I tako se rodilo ostrvo za koje se eto mo\u017ee re\u0107i da je djelo\u00a0 I prirode I \u010dovjeka. Na ovom ostrvu punih 37 godina postoji nudisti\u010dko naselje &#8211; \u010duveno \u0161irom Evrope I svijeta.\u00a0 Obale ove rijeke nijesu kona\u010dne, ve\u0107 su iz godine u godinu drga\u010dije izvajane \u2013 sa stalnim pomjeranjem obala I granica, sa novim rukavcima I izgledom pla\u017ea.<\/p>\n<p>\u201cBojana je jedina Rijeka koja ponekad te\u010de I uzvodno. Nevjerovatan fenomen! Ona se izliva iz Skadarskog jezera, a uliva u Jadransko more. More ponekad vra\u0107a Bojanu u jezero pa se slana voda mo\u017ee osjetiti \u00a0\u010dak \u00a0do mjesta zvanog Rje\u010d \u201d- rekao je za Pobjedu Mustafa Canka, turizmolog, novinar I zaljubljenik u ovu rijeku.<\/p>\n<p><strong>AKCIJA \u010cI\u0160\u010cENJA BOJANE!<\/strong><\/p>\n<p>\u201cU ponedeljak sa po\u010detkom u 10 \u010dasova NVO Bojana u saradnji sa Javnim komunalnim preduze\u0107em po\u010dinje akciju \u010di\u0161\u0107enja u\u0161\u0107a Bojane I Velike pla\u017ee. Akciju po\u010dinjemo na desnom u\u0161\u0107u Bojane I o\u010dekujemo da \u0107e imati dobar odziv. Povod ove akcije koju smo nazvali \u201c zajedni\u010dko u\u0161\u0107e-zajedni\u010da briga\u201d jeste obilje\u017eavanje godi\u0161njice od progla\u0161enja Crne Gore za ekolo\u0161ku dr\u017eavu. \u201c \u2013 Momir \u010capunovi\u0107, podpredsjednik NVO Bojana.<\/p>\n<p><strong>KAKO ZA\u0160TITI BOJANU?<\/strong><\/p>\n<p>Prema rije\u010dima D\u017eelala Hod\u017ei\u0107a rijeku Bojanu ugro\u017eavaju otpadne komunalne I industrijske vode, medicinski otpad, nekontrolisana sje\u010da \u0161ume, erozija zemlji\u0161ta, bespravna gradnja, bespravan lov I ribolov I nekontrolisani saobra\u0107aj. \u0160ta bi trebalo uraditi da se Bojana za\u0161titi? \u00a0\u201cMoramo podi\u0107i svijest ljudi o potrebama o\u010duvanja Bojane. Ova Rijeka se mora pravilno valorizovati, kako kroz zajedni\u010dke projekte\u00a0 Crne Gore I Albanije, tako I kroz sinhronizaciju legislative ovih dveju dr\u017eava u vezi sa akvatorijumom Skadarskog jezera I rijeke Bojane. Potrebno je stvoriti uslove da delta Bojane dobije I zakonski vid za\u0161tite \u2013da ovo postane regionalni park.\u201d \u2013 dao je jasan odgovor D\u017eelal Hod\u017eic, predsjednik NVO zeleni korak.<\/p>\n<p><strong>Dnevni list Pobjeda,<br \/>\nAna \u017divanovi\u0107<br \/>\n\n\t\t<style type=\"text\/css\">\n\t\t\t#gallery-1 {\n\t\t\t\tmargin: auto;\n\t\t\t}\n\t\t\t#gallery-1 .gallery-item {\n\t\t\t\tfloat: left;\n\t\t\t\tmargin-top: 10px;\n\t\t\t\ttext-align: center;\n\t\t\t\twidth: 33%;\n\t\t\t}\n\t\t\t#gallery-1 img {\n\t\t\t\tborder: 2px solid #cfcfcf;\n\t\t\t}\n\t\t\t#gallery-1 .gallery-caption {\n\t\t\t\tmargin-left: 0;\n\t\t\t}\n\t\t\t\/* see gallery_shortcode() in wp-includes\/media.php *\/\n\t\t<\/style>\n\t\t<div id='gallery-1' class='gallery galleryid-37470 gallery-columns-3 gallery-size-thumbnail'><dl class='gallery-item'>\n\t\t\t<dt class='gallery-icon landscape'>\n\t\t\t\t<a href='https:\/\/www.visit-ulcinj.com\/blog\/wp-content\/uploads\/2010\/09\/Ekoloska-regata-na-rijeku-Bojanu.jpg'><img width=\"150\" height=\"150\" src=\"https:\/\/www.visit-ulcinj.com\/blog\/wp-content\/uploads\/2010\/09\/Ekoloska-regata-na-rijeku-Bojanu-150x150.jpg\" class=\"attachment-thumbnail size-thumbnail\" alt=\"\" loading=\"lazy\" \/><\/a>\n\t\t\t<\/dt><\/dl><dl class='gallery-item'>\n\t\t\t<dt class='gallery-icon landscape'>\n\t\t\t\t<a href='https:\/\/www.visit-ulcinj.com\/blog\/wp-content\/uploads\/2010\/09\/Ekoloska-regata-na-rijeku-Bojanu.1.jpg'><img width=\"150\" height=\"150\" src=\"https:\/\/www.visit-ulcinj.com\/blog\/wp-content\/uploads\/2010\/09\/Ekoloska-regata-na-rijeku-Bojanu.1-150x150.jpg\" class=\"attachment-thumbnail size-thumbnail\" alt=\"\" loading=\"lazy\" \/><\/a>\n\t\t\t<\/dt><\/dl><dl class='gallery-item'>\n\t\t\t<dt class='gallery-icon landscape'>\n\t\t\t\t<a href='https:\/\/www.visit-ulcinj.com\/blog\/wp-content\/uploads\/2010\/09\/Ekoloska-regata-na-rijeku-Bojanu.3.jpg'><img width=\"150\" height=\"150\" src=\"https:\/\/www.visit-ulcinj.com\/blog\/wp-content\/uploads\/2010\/09\/Ekoloska-regata-na-rijeku-Bojanu.3-150x150.jpg\" class=\"attachment-thumbnail size-thumbnail\" alt=\"\" loading=\"lazy\" \/><\/a>\n\t\t\t<\/dt><\/dl><br style=\"clear: both\" \/><dl class='gallery-item'>\n\t\t\t<dt class='gallery-icon landscape'>\n\t\t\t\t<a href='https:\/\/www.visit-ulcinj.com\/blog\/wp-content\/uploads\/2010\/09\/Ekoloska-regata-na-rijeku-Bojanu.5.jpg'><img width=\"150\" height=\"150\" src=\"https:\/\/www.visit-ulcinj.com\/blog\/wp-content\/uploads\/2010\/09\/Ekoloska-regata-na-rijeku-Bojanu.5-150x150.jpg\" class=\"attachment-thumbnail size-thumbnail\" alt=\"\" loading=\"lazy\" \/><\/a>\n\t\t\t<\/dt><\/dl><dl class='gallery-item'>\n\t\t\t<dt class='gallery-icon landscape'>\n\t\t\t\t<a href='https:\/\/www.visit-ulcinj.com\/blog\/wp-content\/uploads\/2010\/09\/Ekoloska-regata-na-rijeku-Bojanu.4.jpg'><img width=\"150\" height=\"150\" src=\"https:\/\/www.visit-ulcinj.com\/blog\/wp-content\/uploads\/2010\/09\/Ekoloska-regata-na-rijeku-Bojanu.4-150x150.jpg\" class=\"attachment-thumbnail size-thumbnail\" alt=\"\" loading=\"lazy\" \/><\/a>\n\t\t\t<\/dt><\/dl><dl class='gallery-item'>\n\t\t\t<dt class='gallery-icon landscape'>\n\t\t\t\t<a href='https:\/\/www.visit-ulcinj.com\/blog\/wp-content\/uploads\/2010\/09\/Ekoloska-regata-na-rijeku-Bojanu.6.jpg'><img width=\"150\" height=\"150\" src=\"https:\/\/www.visit-ulcinj.com\/blog\/wp-content\/uploads\/2010\/09\/Ekoloska-regata-na-rijeku-Bojanu.6-150x150.jpg\" class=\"attachment-thumbnail size-thumbnail\" alt=\"\" loading=\"lazy\" \/><\/a>\n\t\t\t<\/dt><\/dl><br style=\"clear: both\" \/>\n\t\t<\/div>\n<br \/>\n<!--YouTube Error: bad URL entered--><br \/>\n<\/strong><\/p>\n","protected":false},"excerpt":{"rendered":"<p>Povodom obilje\u017eavanja 19-te godi\u0161njice od progla\u0161enja ekolo\u0161ke dr\u017eave Crne Gore, na rijeci Bojani je organizovana regata na kojoj je prisustvovalo 30 kajaka\u0161a i oko 60 predstavnika institucija, medijskih ku\u0107a i nevladinih organizacija. Regatu su organizovali NVO Zeleni korak, HTP Ulcinjska rivijera, NVO Bojana, TO Ulcinj, Op\u0161tina Ulcinj, Kajaka\u0161ki klub Mora\u010da iz Podgorice i NVO Green [&hellip;]<\/p>\n","protected":false},"author":1,"featured_media":0,"comment_status":"open","ping_status":"closed","sticky":false,"template":"","format":"standard","meta":{"spay_email":"","jetpack_publicize_message":"","jetpack_is_tweetstorm":false,"jetpack_publicize_feature_enabled":true},"categories":[8337],"tags":[20,408,19],"jetpack_publicize_connections":[],"yoast_head":"<!-- This site is optimized with the Yoast SEO plugin v19.1 - https:\/\/yoast.com\/wordpress\/plugins\/seo\/ -->\n<title>Ekolo\u0161ka regata na rijeku Bojanu - Lajme nga Ulqini<\/title>\n<meta name=\"description\" content=\"Povodom obilje\u017eavanja 19-te godi\u0161njice od progla\u0161enja ekolo\u0161ke dr\u017eave Crne Gore, na rijeci Bojani je organizovana regata na kojoj je prisustvovalo 30\" \/>\n<meta name=\"robots\" content=\"index, follow, max-snippet:-1, max-image-preview:large, max-video-preview:-1\" \/>\n<link rel=\"canonical\" href=\"https:\/\/www.visit-ulcinj.com\/blog\/2010\/09\/20\/ekoloska-regata-na-rijeku-bojanu\/\" \/>\n<meta property=\"og:locale\" content=\"en_US\" \/>\n<meta property=\"og:type\" content=\"article\" \/>\n<meta property=\"og:title\" content=\"Ekolo\u0161ka regata na rijeku Bojanu - Lajme nga Ulqini\" \/>\n<meta property=\"og:description\" content=\"Povodom obilje\u017eavanja 19-te godi\u0161njice od progla\u0161enja ekolo\u0161ke dr\u017eave Crne Gore, na rijeci Bojani je organizovana regata na kojoj je prisustvovalo 30\" \/>\n<meta property=\"og:url\" content=\"https:\/\/www.visit-ulcinj.com\/blog\/2010\/09\/20\/ekoloska-regata-na-rijeku-bojanu\/\" \/>\n<meta property=\"og:site_name\" content=\"Lajme nga Ulqini\" \/>\n<meta property=\"article:published_time\" content=\"2010-09-20T14:18:14+00:00\" \/>\n<meta property=\"article:modified_time\" content=\"2010-09-20T14:19:12+00:00\" \/>\n<meta property=\"og:image\" content=\"https:\/\/www.visit-ulcinj.com\/blog\/wp-content\/uploads\/2010\/09\/Ekoloska-regata-na-rijeku-Bojanu-150x150.jpg\" \/>\n<meta name=\"twitter:label1\" content=\"Written by\" \/>\n\t<meta name=\"twitter:data1\" content=\"ulqini\" \/>\n\t<meta name=\"twitter:label2\" content=\"Est. reading time\" \/>\n\t<meta name=\"twitter:data2\" content=\"3 minutes\" \/>\n<script type=\"application\/ld+json\" class=\"yoast-schema-graph\">{\"@context\":\"https:\/\/schema.org\",\"@graph\":[{\"@type\":\"WebSite\",\"@id\":\"https:\/\/www.visit-ulcinj.com\/blog\/#website\",\"url\":\"https:\/\/www.visit-ulcinj.com\/blog\/\",\"name\":\"Lajme nga Ulqini\",\"description\":\"Lajme,Vijesti,Ulqini,Ulqin,Crna Gora,Mali i Zi\",\"potentialAction\":[{\"@type\":\"SearchAction\",\"target\":{\"@type\":\"EntryPoint\",\"urlTemplate\":\"https:\/\/www.visit-ulcinj.com\/blog\/?s={search_term_string}\"},\"query-input\":\"required name=search_term_string\"}],\"inLanguage\":\"en-US\"},{\"@type\":\"ImageObject\",\"inLanguage\":\"en-US\",\"@id\":\"https:\/\/www.visit-ulcinj.com\/blog\/2010\/09\/20\/ekoloska-regata-na-rijeku-bojanu\/#primaryimage\",\"url\":\"https:\/\/www.visit-ulcinj.com\/blog\/wp-content\/uploads\/2010\/09\/Ekoloska-regata-na-rijeku-Bojanu.jpg\",\"contentUrl\":\"https:\/\/www.visit-ulcinj.com\/blog\/wp-content\/uploads\/2010\/09\/Ekoloska-regata-na-rijeku-Bojanu.jpg\",\"width\":\"1024\",\"height\":\"768\"},{\"@type\":\"WebPage\",\"@id\":\"https:\/\/www.visit-ulcinj.com\/blog\/2010\/09\/20\/ekoloska-regata-na-rijeku-bojanu\/#webpage\",\"url\":\"https:\/\/www.visit-ulcinj.com\/blog\/2010\/09\/20\/ekoloska-regata-na-rijeku-bojanu\/\",\"name\":\"Ekolo\u0161ka regata na rijeku Bojanu - Lajme nga Ulqini\",\"isPartOf\":{\"@id\":\"https:\/\/www.visit-ulcinj.com\/blog\/#website\"},\"primaryImageOfPage\":{\"@id\":\"https:\/\/www.visit-ulcinj.com\/blog\/2010\/09\/20\/ekoloska-regata-na-rijeku-bojanu\/#primaryimage\"},\"datePublished\":\"2010-09-20T14:18:14+00:00\",\"dateModified\":\"2010-09-20T14:19:12+00:00\",\"author\":{\"@id\":\"https:\/\/www.visit-ulcinj.com\/blog\/#\/schema\/person\/dcab619c614d3038751c63bc2aadc06d\"},\"description\":\"Povodom obilje\u017eavanja 19-te godi\u0161njice od progla\u0161enja ekolo\u0161ke dr\u017eave Crne Gore, na rijeci Bojani je organizovana regata na kojoj je prisustvovalo 30\",\"breadcrumb\":{\"@id\":\"https:\/\/www.visit-ulcinj.com\/blog\/2010\/09\/20\/ekoloska-regata-na-rijeku-bojanu\/#breadcrumb\"},\"inLanguage\":\"en-US\",\"potentialAction\":[{\"@type\":\"ReadAction\",\"target\":[\"https:\/\/www.visit-ulcinj.com\/blog\/2010\/09\/20\/ekoloska-regata-na-rijeku-bojanu\/\"]}]},{\"@type\":\"BreadcrumbList\",\"@id\":\"https:\/\/www.visit-ulcinj.com\/blog\/2010\/09\/20\/ekoloska-regata-na-rijeku-bojanu\/#breadcrumb\",\"itemListElement\":[{\"@type\":\"ListItem\",\"position\":1,\"name\":\"Ekolo\u0161ka regata na rijeku Bojanu\"}]},{\"@type\":\"Person\",\"@id\":\"https:\/\/www.visit-ulcinj.com\/blog\/#\/schema\/person\/dcab619c614d3038751c63bc2aadc06d\",\"name\":\"ulqini\",\"sameAs\":[\"http:\/\/www.visit-ulcinj.com\"],\"url\":\"https:\/\/www.visit-ulcinj.com\/blog\/author\/admin\/\"}]}<\/script>\n<!-- \/ Yoast SEO plugin. -->","yoast_head_json":{"title":"Ekolo\u0161ka regata na rijeku Bojanu - Lajme nga Ulqini","description":"Povodom obilje\u017eavanja 19-te godi\u0161njice od progla\u0161enja ekolo\u0161ke dr\u017eave Crne Gore, na rijeci Bojani je organizovana regata na kojoj je prisustvovalo 30","robots":{"index":"index","follow":"follow","max-snippet":"max-snippet:-1","max-image-preview":"max-image-preview:large","max-video-preview":"max-video-preview:-1"},"canonical":"https:\/\/www.visit-ulcinj.com\/blog\/2010\/09\/20\/ekoloska-regata-na-rijeku-bojanu\/","og_locale":"en_US","og_type":"article","og_title":"Ekolo\u0161ka regata na rijeku Bojanu - Lajme nga Ulqini","og_description":"Povodom obilje\u017eavanja 19-te godi\u0161njice od progla\u0161enja ekolo\u0161ke dr\u017eave Crne Gore, na rijeci Bojani je organizovana regata na kojoj je prisustvovalo 30","og_url":"https:\/\/www.visit-ulcinj.com\/blog\/2010\/09\/20\/ekoloska-regata-na-rijeku-bojanu\/","og_site_name":"Lajme nga Ulqini","article_published_time":"2010-09-20T14:18:14+00:00","article_modified_time":"2010-09-20T14:19:12+00:00","og_image":[{"url":"https:\/\/www.visit-ulcinj.com\/blog\/wp-content\/uploads\/2010\/09\/Ekoloska-regata-na-rijeku-Bojanu-150x150.jpg"}],"twitter_misc":{"Written by":"ulqini","Est. reading time":"3 minutes"},"schema":{"@context":"https:\/\/schema.org","@graph":[{"@type":"WebSite","@id":"https:\/\/www.visit-ulcinj.com\/blog\/#website","url":"https:\/\/www.visit-ulcinj.com\/blog\/","name":"Lajme nga Ulqini","description":"Lajme,Vijesti,Ulqini,Ulqin,Crna Gora,Mali i Zi","potentialAction":[{"@type":"SearchAction","target":{"@type":"EntryPoint","urlTemplate":"https:\/\/www.visit-ulcinj.com\/blog\/?s={search_term_string}"},"query-input":"required name=search_term_string"}],"inLanguage":"en-US"},{"@type":"ImageObject","inLanguage":"en-US","@id":"https:\/\/www.visit-ulcinj.com\/blog\/2010\/09\/20\/ekoloska-regata-na-rijeku-bojanu\/#primaryimage","url":"https:\/\/www.visit-ulcinj.com\/blog\/wp-content\/uploads\/2010\/09\/Ekoloska-regata-na-rijeku-Bojanu.jpg","contentUrl":"https:\/\/www.visit-ulcinj.com\/blog\/wp-content\/uploads\/2010\/09\/Ekoloska-regata-na-rijeku-Bojanu.jpg","width":"1024","height":"768"},{"@type":"WebPage","@id":"https:\/\/www.visit-ulcinj.com\/blog\/2010\/09\/20\/ekoloska-regata-na-rijeku-bojanu\/#webpage","url":"https:\/\/www.visit-ulcinj.com\/blog\/2010\/09\/20\/ekoloska-regata-na-rijeku-bojanu\/","name":"Ekolo\u0161ka regata na rijeku Bojanu - Lajme nga Ulqini","isPartOf":{"@id":"https:\/\/www.visit-ulcinj.com\/blog\/#website"},"primaryImageOfPage":{"@id":"https:\/\/www.visit-ulcinj.com\/blog\/2010\/09\/20\/ekoloska-regata-na-rijeku-bojanu\/#primaryimage"},"datePublished":"2010-09-20T14:18:14+00:00","dateModified":"2010-09-20T14:19:12+00:00","author":{"@id":"https:\/\/www.visit-ulcinj.com\/blog\/#\/schema\/person\/dcab619c614d3038751c63bc2aadc06d"},"description":"Povodom obilje\u017eavanja 19-te godi\u0161njice od progla\u0161enja ekolo\u0161ke dr\u017eave Crne Gore, na rijeci Bojani je organizovana regata na kojoj je prisustvovalo 30","breadcrumb":{"@id":"https:\/\/www.visit-ulcinj.com\/blog\/2010\/09\/20\/ekoloska-regata-na-rijeku-bojanu\/#breadcrumb"},"inLanguage":"en-US","potentialAction":[{"@type":"ReadAction","target":["https:\/\/www.visit-ulcinj.com\/blog\/2010\/09\/20\/ekoloska-regata-na-rijeku-bojanu\/"]}]},{"@type":"BreadcrumbList","@id":"https:\/\/www.visit-ulcinj.com\/blog\/2010\/09\/20\/ekoloska-regata-na-rijeku-bojanu\/#breadcrumb","itemListElement":[{"@type":"ListItem","position":1,"name":"Ekolo\u0161ka regata na rijeku Bojanu"}]},{"@type":"Person","@id":"https:\/\/www.visit-ulcinj.com\/blog\/#\/schema\/person\/dcab619c614d3038751c63bc2aadc06d","name":"ulqini","sameAs":["http:\/\/www.visit-ulcinj.com"],"url":"https:\/\/www.visit-ulcinj.com\/blog\/author\/admin\/"}]}},"jetpack_featured_media_url":"","jetpack_sharing_enabled":true,"jetpack_shortlink":"https:\/\/wp.me\/pe6lTn-9Km","_links":{"self":[{"href":"https:\/\/www.visit-ulcinj.com\/blog\/wp-json\/wp\/v2\/posts\/37470"}],"collection":[{"href":"https:\/\/www.visit-ulcinj.com\/blog\/wp-json\/wp\/v2\/posts"}],"about":[{"href":"https:\/\/www.visit-ulcinj.com\/blog\/wp-json\/wp\/v2\/types\/post"}],"author":[{"embeddable":true,"href":"https:\/\/www.visit-ulcinj.com\/blog\/wp-json\/wp\/v2\/users\/1"}],"replies":[{"embeddable":true,"href":"https:\/\/www.visit-ulcinj.com\/blog\/wp-json\/wp\/v2\/comments?post=37470"}],"version-history":[{"count":0,"href":"https:\/\/www.visit-ulcinj.com\/blog\/wp-json\/wp\/v2\/posts\/37470\/revisions"}],"wp:attachment":[{"href":"https:\/\/www.visit-ulcinj.com\/blog\/wp-json\/wp\/v2\/media?parent=37470"}],"wp:term":[{"taxonomy":"category","embeddable":true,"href":"https:\/\/www.visit-ulcinj.com\/blog\/wp-json\/wp\/v2\/categories?post=37470"},{"taxonomy":"post_tag","embeddable":true,"href":"https:\/\/www.visit-ulcinj.com\/blog\/wp-json\/wp\/v2\/tags?post=37470"}],"curies":[{"name":"wp","href":"https:\/\/api.w.org\/{rel}","templated":true}]}}