{"id":37485,"date":"2010-09-20T18:39:48","date_gmt":"2010-09-20T16:39:48","guid":{"rendered":"http:\/\/www.visit-ulcinj.com\/blog\/?p=37485"},"modified":"2010-09-24T13:41:30","modified_gmt":"2010-09-24T11:41:30","slug":"shumica-e-partive-pa-vendim-perfundimtar","status":"publish","type":"post","link":"https:\/\/www.visit-ulcinj.com\/blog\/2010\/09\/20\/shumica-e-partive-pa-vendim-perfundimtar\/","title":{"rendered":"Shumica e partive pa vendim p\u00ebrfundimtar"},"content":{"rendered":"<p><strong><a href=\"http:\/\/www.visit-ulcinj.com\/blog\/wp-content\/uploads\/2010\/09\/Partit-shqiptare-Ulqin-2010.jpg\"><img loading=\"lazy\" class=\"alignleft size-full wp-image-37486\" title=\"Partit shqiptare Ulqin 2010\" src=\"http:\/\/www.visit-ulcinj.com\/blog\/wp-content\/uploads\/2010\/09\/Partit-shqiptare-Ulqin-2010.jpg\" alt=\"\" width=\"490\" height=\"242\" srcset=\"https:\/\/www.visit-ulcinj.com\/blog\/wp-content\/uploads\/2010\/09\/Partit-shqiptare-Ulqin-2010.jpg 489w, https:\/\/www.visit-ulcinj.com\/blog\/wp-content\/uploads\/2010\/09\/Partit-shqiptare-Ulqin-2010-300x148.jpg 300w\" sizes=\"(max-width: 490px) 100vw, 490px\" \/><\/a>Ulqin \u2013 <\/strong>Nj\u00eb jav\u00eb para mbylljes s\u00eb afatit p\u00ebr\u00a0dor\u00ebzimin e listave zgjedhore p\u00ebr zgjedhjet e\u00a0p\u00ebrs\u00ebritura lokale n\u00eb komun\u00ebn e Ulqinit, shumica\u00a0e partive politike nuk kan\u00eb vendosur akoma\u00a0mbi m\u00ebnyr\u00ebn e pjes\u00ebmarrjes n\u00eb k\u00ebto zgjedhje.\u00a0Deri tani dihet se PDS do t\u00eb marr\u00eb pjes\u00eb e vetme\u00a0n\u00eb zgjedhje, nd\u00ebrsa gjasht\u00eb parti opozitare \u2013\u00a0Partia Socialiste Popullore, Demokracia e Re\u00a0Serbe, L\u00ebvizja p\u00ebr Ndryshime, Qendra\u00a0Demokratike, Partia e Pensionist\u00ebve dhe koalicioni\u00a0\u201cBoshnjak\u00ebt dhe mysliman\u00ebt \u2013 s\u00eb bashku,\u00a0nj\u00eb\u201d kan\u00eb n\u00ebnshkruar koalicion parazgjedhor\u00a0p\u00ebr pjes\u00ebmarrje t\u00eb p\u00ebrbashk\u00ebt n\u00eb k\u00ebto zgjedhje.\u00a0Kryetari i K\u00ebshillit komunal t\u00eb PDS-s\u00eb n\u00eb\u00a0Ulqin, Luigj Shkrela, ka rikonfirmuar pjes\u00ebmarrjen\u00a0si subjekt n\u00eb vete t\u00eb k\u00ebsaj partie n\u00eb zgjedhjet\u00a0lokale t\u00eb 17 tetorit.\u00a0\u201cK\u00ebshilli Komunal i PDS-s\u00eb ka vendosur n\u00eb\u00a0m\u00ebnyr\u00eb unanime p\u00ebr daljen n\u00eb m\u00ebnyr\u00eb t\u00eb\u00a0pavarur n\u00eb zgjedhjet e p\u00ebrs\u00ebritura lokale.\u00a0Koalicioni parazgjedhor nuk vjen n\u00eb shprehje,\u00a0por duam t\u00eb japim kontribut n\u00eb konsolidimin e\u00a0sken\u00ebs politike n\u00eb komun\u00ebn e Ulqinit\u201d, ka th\u00ebn\u00eb\u00a0ai.\u00a0Dit\u00ebve t\u00eb kaluara jan\u00eb zhvilluar bisedime nd\u00ebrmjet\u00a0partive t\u00eb ndryshme p\u00ebr formimin e koalicioneve\u00a0parazgjedhore. K\u00ebshtu Forca e Re\u00a0Demokratike i ka ftuar partit\u00eb e tjera opozitare\u00a0shqiptare n\u00eb komun\u00ebn e Ulqinit p\u00ebr pjes\u00ebmarrje\u00a0t\u00eb p\u00ebrbashk\u00ebt n\u00eb k\u00ebto zgjedhje. Kjo parti ka\u00a0zhvilluar bisedime me LD n\u00eb MZ, L\u00ebvizjen\u00a0Qytetare \u201cPerspektiva\u201d dhe disa subjekte t\u00eb tjera\u00a0shqiptare, por deri tani nuk \u00ebsht\u00eb arritur asgj\u00eb\u00a0konkrete.\u00a0N\u00ebnkryetari i Forc\u00ebs s\u00eb Re Demokratike, Genci\u00a0Nimanbegu, ka pohuar se krahas p\u00ebrgatitjeve\u00a0p\u00ebr zgjedhje t\u00eb jasht\u00ebzakonshme p\u00ebr kuvendin e\u00a0Komun\u00ebs s\u00eb Ulqinit kjo parti po vazhdon p\u00ebrgatitjet\u00a0q\u00eb skena politike shqiptare t\u00eb bashkohet\u00a0rreth nj\u00eb programi.\u00a0\u201cS\u00eb shpejti do t\u00eb marrim q\u00ebndrim p\u00ebrfundimtar\u00a0se n\u00eb \u00e7far\u00eb m\u00ebnyre do t\u00eb dalim n\u00eb zgjedhje, n\u00eb\u00a0koalicion parazgjedhor apo si forc\u00eb e pavarur\u201d,\u00a0ka theksuar ai.\u00a0Edhe kryetari i Partis\u00eb s\u00eb Prosperitetit\u00a0Demokratik, Ali Rexha, thot\u00eb se kjo forc\u00eb politike\u00a0nuk ka marr\u00eb akoma vendim p\u00ebrfundimtar\u00a0mbi m\u00ebnyr\u00ebn e pjes\u00ebmarrjes n\u00eb zgjedhjet lokale\u00a0n\u00eb Ulqin.\u00a0\u201cNe jemi ende duke biseduar dhe akoma nuk\u00a0kemi arritur nj\u00eb p\u00ebrfundim. Deri n\u00eb fund t\u00eb jav\u00ebs\u00a0do t\u00eb vendosim se n\u00eb \u00e7far\u00eb m\u00ebnyre do t\u00eb dalim\u00a0n\u00eb zgjedhje\u201d, thot\u00eb ai, duke konfirmuar se po\u00a0bisedojn\u00eb me UDSH, forca politike dhe individ\u00eb\u00a0t\u00eb tjer\u00eb lidhur me pjes\u00ebmarrjen n\u00eb zgjedhje.\u00a0Afati p\u00ebr dor\u00ebzimin e listave zgjedhore\u00a0Komisionit Zgjedhor Komunal ka filluar m\u00eb 5\u00a0shtator dhe p\u00ebrfundon m\u00eb 22 shtator 2010.\u00a0N\u00eb zgjedhjet lokale t\u00eb mbajtura m\u00eb 23 maj, koalicioni\u00a0\u201cP\u00ebr Ulqinin Evropian\u201d, i p\u00ebrb\u00ebr\u00eb nga\u00a0UDSH dhe PDS ka fituar 14 k\u00ebshilltar\u00eb, Forca e\u00a0Re Demokratike 11 k\u00ebshilltar\u00eb, koalicioni\u00a0\u201cUlqini m\u00eb i mir\u00eb \u2013 Mali i Zi m\u00eb i mir\u00eb\u201d, Partia\u00a0Socialdemokrate dhe PPD nga dy k\u00ebshilltar\u00eb,\u00a0nd\u00ebrsa L\u00ebvizja Qytetare \u201cPerspektiva\u201d dhe koalicioni\u00a0LDMZ \u2013 BDSHMZ nga nj\u00eb k\u00ebshilltar.\u00a0N\u00eb k\u00ebto zgjedhje kan\u00eb konkurruar gjithsej n\u00ebnt\u00eb\u00a0lista zgjedhore.<\/p>\n<p><strong>i.k.<br \/>\nKoha Javore<br \/>\n<!--YouTube Error: bad URL entered--><\/strong><\/p>\n","protected":false},"excerpt":{"rendered":"<p>Ulqin \u2013 Nj\u00eb jav\u00eb para mbylljes s\u00eb afatit p\u00ebr\u00a0dor\u00ebzimin e listave zgjedhore p\u00ebr zgjedhjet e\u00a0p\u00ebrs\u00ebritura lokale n\u00eb komun\u00ebn e Ulqinit, shumica\u00a0e partive politike nuk kan\u00eb vendosur akoma\u00a0mbi m\u00ebnyr\u00ebn e pjes\u00ebmarrjes n\u00eb k\u00ebto zgjedhje.\u00a0Deri tani dihet se PDS do t\u00eb marr\u00eb pjes\u00eb e vetme\u00a0n\u00eb zgjedhje, nd\u00ebrsa gjasht\u00eb parti opozitare \u2013\u00a0Partia Socialiste Popullore, Demokracia e Re\u00a0Serbe, L\u00ebvizja [&hellip;]<\/p>\n","protected":false},"author":1,"featured_media":0,"comment_status":"open","ping_status":"closed","sticky":false,"template":"","format":"standard","meta":{"spay_email":"","jetpack_publicize_message":"","jetpack_is_tweetstorm":false,"jetpack_publicize_feature_enabled":true},"categories":[1],"tags":[15327],"jetpack_publicize_connections":[],"yoast_head":"<!-- This site is optimized with the Yoast SEO plugin v19.1 - https:\/\/yoast.com\/wordpress\/plugins\/seo\/ -->\n<title>Shumica e partive pa vendim p\u00ebrfundimtar - Lajme nga Ulqini<\/title>\n<meta name=\"description\" content=\"Ulqin \u2013 Nj\u00eb jav\u00eb para mbylljes s\u00eb afatit p\u00ebr\u00a0dor\u00ebzimin e listave zgjedhore p\u00ebr zgjedhjet e\u00a0p\u00ebrs\u00ebritura lokale n\u00eb komun\u00ebn e Ulqinit, shumica\u00a0e partive\" \/>\n<meta name=\"robots\" content=\"index, follow, max-snippet:-1, max-image-preview:large, max-video-preview:-1\" \/>\n<link rel=\"canonical\" href=\"https:\/\/www.visit-ulcinj.com\/blog\/2010\/09\/20\/shumica-e-partive-pa-vendim-perfundimtar\/\" \/>\n<meta property=\"og:locale\" content=\"en_US\" \/>\n<meta property=\"og:type\" content=\"article\" \/>\n<meta property=\"og:title\" content=\"Shumica e partive pa vendim p\u00ebrfundimtar - Lajme nga Ulqini\" \/>\n<meta property=\"og:description\" content=\"Ulqin \u2013 Nj\u00eb jav\u00eb para mbylljes s\u00eb afatit p\u00ebr\u00a0dor\u00ebzimin e listave zgjedhore p\u00ebr zgjedhjet e\u00a0p\u00ebrs\u00ebritura lokale n\u00eb komun\u00ebn e Ulqinit, shumica\u00a0e partive\" \/>\n<meta property=\"og:url\" content=\"https:\/\/www.visit-ulcinj.com\/blog\/2010\/09\/20\/shumica-e-partive-pa-vendim-perfundimtar\/\" \/>\n<meta property=\"og:site_name\" content=\"Lajme nga Ulqini\" \/>\n<meta property=\"article:published_time\" content=\"2010-09-20T16:39:48+00:00\" \/>\n<meta property=\"article:modified_time\" content=\"2010-09-24T11:41:30+00:00\" \/>\n<meta property=\"og:image\" content=\"http:\/\/www.visit-ulcinj.com\/blog\/wp-content\/uploads\/2010\/09\/Partit-shqiptare-Ulqin-2010.jpg\" \/>\n<meta name=\"twitter:label1\" content=\"Written by\" \/>\n\t<meta name=\"twitter:data1\" content=\"ulqini\" \/>\n\t<meta name=\"twitter:label2\" content=\"Est. reading time\" \/>\n\t<meta name=\"twitter:data2\" content=\"3 minutes\" \/>\n<script type=\"application\/ld+json\" class=\"yoast-schema-graph\">{\"@context\":\"https:\/\/schema.org\",\"@graph\":[{\"@type\":\"WebSite\",\"@id\":\"https:\/\/www.visit-ulcinj.com\/blog\/#website\",\"url\":\"https:\/\/www.visit-ulcinj.com\/blog\/\",\"name\":\"Lajme nga Ulqini\",\"description\":\"Lajme,Vijesti,Ulqini,Ulqin,Crna Gora,Mali i Zi\",\"potentialAction\":[{\"@type\":\"SearchAction\",\"target\":{\"@type\":\"EntryPoint\",\"urlTemplate\":\"https:\/\/www.visit-ulcinj.com\/blog\/?s={search_term_string}\"},\"query-input\":\"required name=search_term_string\"}],\"inLanguage\":\"en-US\"},{\"@type\":\"ImageObject\",\"inLanguage\":\"en-US\",\"@id\":\"https:\/\/www.visit-ulcinj.com\/blog\/2010\/09\/20\/shumica-e-partive-pa-vendim-perfundimtar\/#primaryimage\",\"url\":\"https:\/\/www.visit-ulcinj.com\/blog\/wp-content\/uploads\/2010\/09\/Partit-shqiptare-Ulqin-2010.jpg\",\"contentUrl\":\"https:\/\/www.visit-ulcinj.com\/blog\/wp-content\/uploads\/2010\/09\/Partit-shqiptare-Ulqin-2010.jpg\",\"width\":\"489\",\"height\":\"242\"},{\"@type\":\"WebPage\",\"@id\":\"https:\/\/www.visit-ulcinj.com\/blog\/2010\/09\/20\/shumica-e-partive-pa-vendim-perfundimtar\/#webpage\",\"url\":\"https:\/\/www.visit-ulcinj.com\/blog\/2010\/09\/20\/shumica-e-partive-pa-vendim-perfundimtar\/\",\"name\":\"Shumica e partive pa vendim p\u00ebrfundimtar - Lajme nga Ulqini\",\"isPartOf\":{\"@id\":\"https:\/\/www.visit-ulcinj.com\/blog\/#website\"},\"primaryImageOfPage\":{\"@id\":\"https:\/\/www.visit-ulcinj.com\/blog\/2010\/09\/20\/shumica-e-partive-pa-vendim-perfundimtar\/#primaryimage\"},\"datePublished\":\"2010-09-20T16:39:48+00:00\",\"dateModified\":\"2010-09-24T11:41:30+00:00\",\"author\":{\"@id\":\"https:\/\/www.visit-ulcinj.com\/blog\/#\/schema\/person\/dcab619c614d3038751c63bc2aadc06d\"},\"description\":\"Ulqin \u2013 Nj\u00eb jav\u00eb para mbylljes s\u00eb afatit p\u00ebr\u00a0dor\u00ebzimin e listave zgjedhore p\u00ebr zgjedhjet e\u00a0p\u00ebrs\u00ebritura lokale n\u00eb komun\u00ebn e Ulqinit, shumica\u00a0e partive\",\"breadcrumb\":{\"@id\":\"https:\/\/www.visit-ulcinj.com\/blog\/2010\/09\/20\/shumica-e-partive-pa-vendim-perfundimtar\/#breadcrumb\"},\"inLanguage\":\"en-US\",\"potentialAction\":[{\"@type\":\"ReadAction\",\"target\":[\"https:\/\/www.visit-ulcinj.com\/blog\/2010\/09\/20\/shumica-e-partive-pa-vendim-perfundimtar\/\"]}]},{\"@type\":\"BreadcrumbList\",\"@id\":\"https:\/\/www.visit-ulcinj.com\/blog\/2010\/09\/20\/shumica-e-partive-pa-vendim-perfundimtar\/#breadcrumb\",\"itemListElement\":[{\"@type\":\"ListItem\",\"position\":1,\"name\":\"Shumica e partive pa vendim p\u00ebrfundimtar\"}]},{\"@type\":\"Person\",\"@id\":\"https:\/\/www.visit-ulcinj.com\/blog\/#\/schema\/person\/dcab619c614d3038751c63bc2aadc06d\",\"name\":\"ulqini\",\"sameAs\":[\"http:\/\/www.visit-ulcinj.com\"],\"url\":\"https:\/\/www.visit-ulcinj.com\/blog\/author\/admin\/\"}]}<\/script>\n<!-- \/ Yoast SEO plugin. -->","yoast_head_json":{"title":"Shumica e partive pa vendim p\u00ebrfundimtar - Lajme nga Ulqini","description":"Ulqin \u2013 Nj\u00eb jav\u00eb para mbylljes s\u00eb afatit p\u00ebr\u00a0dor\u00ebzimin e listave zgjedhore p\u00ebr zgjedhjet e\u00a0p\u00ebrs\u00ebritura lokale n\u00eb komun\u00ebn e Ulqinit, shumica\u00a0e partive","robots":{"index":"index","follow":"follow","max-snippet":"max-snippet:-1","max-image-preview":"max-image-preview:large","max-video-preview":"max-video-preview:-1"},"canonical":"https:\/\/www.visit-ulcinj.com\/blog\/2010\/09\/20\/shumica-e-partive-pa-vendim-perfundimtar\/","og_locale":"en_US","og_type":"article","og_title":"Shumica e partive pa vendim p\u00ebrfundimtar - Lajme nga Ulqini","og_description":"Ulqin \u2013 Nj\u00eb jav\u00eb para mbylljes s\u00eb afatit p\u00ebr\u00a0dor\u00ebzimin e listave zgjedhore p\u00ebr zgjedhjet e\u00a0p\u00ebrs\u00ebritura lokale n\u00eb komun\u00ebn e Ulqinit, shumica\u00a0e partive","og_url":"https:\/\/www.visit-ulcinj.com\/blog\/2010\/09\/20\/shumica-e-partive-pa-vendim-perfundimtar\/","og_site_name":"Lajme nga Ulqini","article_published_time":"2010-09-20T16:39:48+00:00","article_modified_time":"2010-09-24T11:41:30+00:00","og_image":[{"url":"http:\/\/www.visit-ulcinj.com\/blog\/wp-content\/uploads\/2010\/09\/Partit-shqiptare-Ulqin-2010.jpg"}],"twitter_misc":{"Written by":"ulqini","Est. reading time":"3 minutes"},"schema":{"@context":"https:\/\/schema.org","@graph":[{"@type":"WebSite","@id":"https:\/\/www.visit-ulcinj.com\/blog\/#website","url":"https:\/\/www.visit-ulcinj.com\/blog\/","name":"Lajme nga Ulqini","description":"Lajme,Vijesti,Ulqini,Ulqin,Crna Gora,Mali i Zi","potentialAction":[{"@type":"SearchAction","target":{"@type":"EntryPoint","urlTemplate":"https:\/\/www.visit-ulcinj.com\/blog\/?s={search_term_string}"},"query-input":"required name=search_term_string"}],"inLanguage":"en-US"},{"@type":"ImageObject","inLanguage":"en-US","@id":"https:\/\/www.visit-ulcinj.com\/blog\/2010\/09\/20\/shumica-e-partive-pa-vendim-perfundimtar\/#primaryimage","url":"https:\/\/www.visit-ulcinj.com\/blog\/wp-content\/uploads\/2010\/09\/Partit-shqiptare-Ulqin-2010.jpg","contentUrl":"https:\/\/www.visit-ulcinj.com\/blog\/wp-content\/uploads\/2010\/09\/Partit-shqiptare-Ulqin-2010.jpg","width":"489","height":"242"},{"@type":"WebPage","@id":"https:\/\/www.visit-ulcinj.com\/blog\/2010\/09\/20\/shumica-e-partive-pa-vendim-perfundimtar\/#webpage","url":"https:\/\/www.visit-ulcinj.com\/blog\/2010\/09\/20\/shumica-e-partive-pa-vendim-perfundimtar\/","name":"Shumica e partive pa vendim p\u00ebrfundimtar - Lajme nga Ulqini","isPartOf":{"@id":"https:\/\/www.visit-ulcinj.com\/blog\/#website"},"primaryImageOfPage":{"@id":"https:\/\/www.visit-ulcinj.com\/blog\/2010\/09\/20\/shumica-e-partive-pa-vendim-perfundimtar\/#primaryimage"},"datePublished":"2010-09-20T16:39:48+00:00","dateModified":"2010-09-24T11:41:30+00:00","author":{"@id":"https:\/\/www.visit-ulcinj.com\/blog\/#\/schema\/person\/dcab619c614d3038751c63bc2aadc06d"},"description":"Ulqin \u2013 Nj\u00eb jav\u00eb para mbylljes s\u00eb afatit p\u00ebr\u00a0dor\u00ebzimin e listave zgjedhore p\u00ebr zgjedhjet e\u00a0p\u00ebrs\u00ebritura lokale n\u00eb komun\u00ebn e Ulqinit, shumica\u00a0e partive","breadcrumb":{"@id":"https:\/\/www.visit-ulcinj.com\/blog\/2010\/09\/20\/shumica-e-partive-pa-vendim-perfundimtar\/#breadcrumb"},"inLanguage":"en-US","potentialAction":[{"@type":"ReadAction","target":["https:\/\/www.visit-ulcinj.com\/blog\/2010\/09\/20\/shumica-e-partive-pa-vendim-perfundimtar\/"]}]},{"@type":"BreadcrumbList","@id":"https:\/\/www.visit-ulcinj.com\/blog\/2010\/09\/20\/shumica-e-partive-pa-vendim-perfundimtar\/#breadcrumb","itemListElement":[{"@type":"ListItem","position":1,"name":"Shumica e partive pa vendim p\u00ebrfundimtar"}]},{"@type":"Person","@id":"https:\/\/www.visit-ulcinj.com\/blog\/#\/schema\/person\/dcab619c614d3038751c63bc2aadc06d","name":"ulqini","sameAs":["http:\/\/www.visit-ulcinj.com"],"url":"https:\/\/www.visit-ulcinj.com\/blog\/author\/admin\/"}]}},"jetpack_featured_media_url":"","jetpack_sharing_enabled":true,"jetpack_shortlink":"https:\/\/wp.me\/pe6lTn-9KB","_links":{"self":[{"href":"https:\/\/www.visit-ulcinj.com\/blog\/wp-json\/wp\/v2\/posts\/37485"}],"collection":[{"href":"https:\/\/www.visit-ulcinj.com\/blog\/wp-json\/wp\/v2\/posts"}],"about":[{"href":"https:\/\/www.visit-ulcinj.com\/blog\/wp-json\/wp\/v2\/types\/post"}],"author":[{"embeddable":true,"href":"https:\/\/www.visit-ulcinj.com\/blog\/wp-json\/wp\/v2\/users\/1"}],"replies":[{"embeddable":true,"href":"https:\/\/www.visit-ulcinj.com\/blog\/wp-json\/wp\/v2\/comments?post=37485"}],"version-history":[{"count":0,"href":"https:\/\/www.visit-ulcinj.com\/blog\/wp-json\/wp\/v2\/posts\/37485\/revisions"}],"wp:attachment":[{"href":"https:\/\/www.visit-ulcinj.com\/blog\/wp-json\/wp\/v2\/media?parent=37485"}],"wp:term":[{"taxonomy":"category","embeddable":true,"href":"https:\/\/www.visit-ulcinj.com\/blog\/wp-json\/wp\/v2\/categories?post=37485"},{"taxonomy":"post_tag","embeddable":true,"href":"https:\/\/www.visit-ulcinj.com\/blog\/wp-json\/wp\/v2\/tags?post=37485"}],"curies":[{"name":"wp","href":"https:\/\/api.w.org\/{rel}","templated":true}]}}