{"id":37496,"date":"2010-09-21T19:33:46","date_gmt":"2010-09-21T17:33:46","guid":{"rendered":"http:\/\/www.visit-ulcinj.com\/blog\/?p=37496"},"modified":"2010-09-21T19:36:15","modified_gmt":"2010-09-21T17:36:15","slug":"kryeministri-berisha-e-paralajmeroi-ndertimin-e-rruges-shengjin-ulqin","status":"publish","type":"post","link":"https:\/\/www.visit-ulcinj.com\/blog\/2010\/09\/21\/kryeministri-berisha-e-paralajmeroi-ndertimin-e-rruges-shengjin-ulqin\/","title":{"rendered":"Kryeministri Berisha e paralajm\u00ebroi nd\u00ebrtimin e rrug\u00ebs Shengjin &#8211; Ulqin"},"content":{"rendered":"<p><strong><a href=\"http:\/\/www.visit-ulcinj.com\/blog\/wp-content\/uploads\/2010\/09\/Sali-Berisha_-Ferhat-Dinosha.jpg\"><img loading=\"lazy\" class=\"alignleft size-full wp-image-37497\" title=\"Sali Berisha_ Ferhat Dinosha\" src=\"http:\/\/www.visit-ulcinj.com\/blog\/wp-content\/uploads\/2010\/09\/Sali-Berisha_-Ferhat-Dinosha.jpg\" alt=\"\" width=\"490\" height=\"390\" \/><\/a>Kryeministri Berisha priti sot n\u00eb nj\u00eb takim ministrin e\u00a0Pakicave t\u00eb Malit t\u00eb Zi Ferhat Dinosha.<\/strong><\/p>\n<p>Zoti Dinosha i p\u00ebrcolli Kryeministrit\u00a0 Berisha p\u00ebrsh\u00ebndetjet e Kryeministrit t\u00eb Malit t\u00eb Zi Milo Djukanovic. Ai i shprehu Kryeministrit edhe p\u00ebrsh\u00ebndetjet e ngrohta t\u00eb shqiptar\u00ebve t\u00eb Malit t\u00eb Zi, t\u00eb cil\u00ebt e cil\u00ebsojn\u00eb si arkitekt t\u00eb nj\u00eb shqiptarie t\u00eb re.<\/p>\n<p>Zoti Dinosha vler\u00ebsoi ndihm\u00ebn e \u00e7muar t\u00eb Shqip\u00ebris\u00eb n\u00eb mb\u00ebshtetje t\u00eb proceseve integruese edhe t\u00eb Malit t\u00eb Zi, ku shqiptaret p\u00ebrb\u00ebjn\u00eb nj\u00eb faktor relevant.<\/p>\n<p>Kryeministri\u00a0 Berisha shprehu k\u00ebnaq\u00ebsin\u00eb p\u00ebr nivelin e shk\u00eblqyer t\u00eb marr\u00ebdh\u00ebnieve q\u00eb ekzistojn\u00eb midis dy vendeve, si dhe progresin nga ana etno-kulturore, me zhvillime pozitive brenda Kushtetut\u00ebs\u00a0s\u00eb Malit t\u00eb Zi dhe proceseve integruese.<\/p>\n<p>Kryeministri Berisha\u00a0 gjithashtu vler\u00ebsoi\u00a0 leht\u00ebsirat q\u00eb ka krijuar infrastruktura n\u00eb shk\u00ebmbimet ekonomike dhe turistike midis dy vendeve dhe i b\u00ebri t\u00eb ditur se s\u00eb shpejti p\u00ebrfundon nd\u00ebrtimi edhe i ur\u00ebs s\u00eb Bun\u00ebs dhe se n\u00eb planet e qeveris\u00eb \u00ebsht\u00eb edhe nd\u00ebrtimi i rrug\u00ebs Sh\u00ebngjin\u2013Ulqin.<\/p>\n<p>Kryeministri Berisha dhe zoti Dinosha u shpreh\u00ebn edhe p\u00ebr intensifikimin e bashk\u00ebpunimit n\u00eb fush\u00ebn e arsimit mes dy vendeve.<br \/>\n<strong>Keshilli i Ministrave Al<\/strong><\/p>\n","protected":false},"excerpt":{"rendered":"<p>Kryeministri Berisha priti sot n\u00eb nj\u00eb takim ministrin e\u00a0Pakicave t\u00eb Malit t\u00eb Zi Ferhat Dinosha. Zoti Dinosha i p\u00ebrcolli Kryeministrit\u00a0 Berisha p\u00ebrsh\u00ebndetjet e Kryeministrit t\u00eb Malit t\u00eb Zi Milo Djukanovic. Ai i shprehu Kryeministrit edhe p\u00ebrsh\u00ebndetjet e ngrohta t\u00eb shqiptar\u00ebve t\u00eb Malit t\u00eb Zi, t\u00eb cil\u00ebt e cil\u00ebsojn\u00eb si arkitekt t\u00eb nj\u00eb shqiptarie t\u00eb re. [&hellip;]<\/p>\n","protected":false},"author":1,"featured_media":0,"comment_status":"open","ping_status":"closed","sticky":false,"template":"","format":"standard","meta":{"spay_email":"","jetpack_publicize_message":"","jetpack_is_tweetstorm":false,"jetpack_publicize_feature_enabled":true},"categories":[1],"tags":[97,2569,15410,42,200],"jetpack_publicize_connections":[],"yoast_head":"<!-- This site is optimized with the Yoast SEO plugin v19.1 - https:\/\/yoast.com\/wordpress\/plugins\/seo\/ -->\n<title>Kryeministri Berisha e paralajm\u00ebroi nd\u00ebrtimin e rrug\u00ebs Shengjin - Ulqin - Lajme nga Ulqini<\/title>\n<meta name=\"description\" content=\"Kryeministri Berisha priti sot n\u00eb nj\u00eb takim ministrin e\u00a0Pakicave t\u00eb Malit t\u00eb Zi Ferhat Dinosha. Zoti Dinosha i p\u00ebrcolli Kryeministrit\u00a0 Berisha\" \/>\n<meta name=\"robots\" content=\"index, follow, max-snippet:-1, max-image-preview:large, max-video-preview:-1\" \/>\n<link rel=\"canonical\" href=\"https:\/\/www.visit-ulcinj.com\/blog\/2010\/09\/21\/kryeministri-berisha-e-paralajmeroi-ndertimin-e-rruges-shengjin-ulqin\/\" \/>\n<meta property=\"og:locale\" content=\"en_US\" \/>\n<meta property=\"og:type\" content=\"article\" \/>\n<meta property=\"og:title\" content=\"Kryeministri Berisha e paralajm\u00ebroi nd\u00ebrtimin e rrug\u00ebs Shengjin - Ulqin - Lajme nga Ulqini\" \/>\n<meta property=\"og:description\" content=\"Kryeministri Berisha priti sot n\u00eb nj\u00eb takim ministrin e\u00a0Pakicave t\u00eb Malit t\u00eb Zi Ferhat Dinosha. Zoti Dinosha i p\u00ebrcolli Kryeministrit\u00a0 Berisha\" \/>\n<meta property=\"og:url\" content=\"https:\/\/www.visit-ulcinj.com\/blog\/2010\/09\/21\/kryeministri-berisha-e-paralajmeroi-ndertimin-e-rruges-shengjin-ulqin\/\" \/>\n<meta property=\"og:site_name\" content=\"Lajme nga Ulqini\" \/>\n<meta property=\"article:published_time\" content=\"2010-09-21T17:33:46+00:00\" \/>\n<meta property=\"article:modified_time\" content=\"2010-09-21T17:36:15+00:00\" \/>\n<meta property=\"og:image\" content=\"http:\/\/www.visit-ulcinj.com\/blog\/wp-content\/uploads\/2010\/09\/Sali-Berisha_-Ferhat-Dinosha.jpg\" \/>\n<meta name=\"twitter:label1\" content=\"Written by\" \/>\n\t<meta name=\"twitter:data1\" content=\"ulqini\" \/>\n\t<meta name=\"twitter:label2\" content=\"Est. reading time\" \/>\n\t<meta name=\"twitter:data2\" content=\"1 minute\" \/>\n<script type=\"application\/ld+json\" class=\"yoast-schema-graph\">{\"@context\":\"https:\/\/schema.org\",\"@graph\":[{\"@type\":\"WebSite\",\"@id\":\"https:\/\/www.visit-ulcinj.com\/blog\/#website\",\"url\":\"https:\/\/www.visit-ulcinj.com\/blog\/\",\"name\":\"Lajme nga Ulqini\",\"description\":\"Lajme,Vijesti,Ulqini,Ulqin,Crna Gora,Mali i Zi\",\"potentialAction\":[{\"@type\":\"SearchAction\",\"target\":{\"@type\":\"EntryPoint\",\"urlTemplate\":\"https:\/\/www.visit-ulcinj.com\/blog\/?s={search_term_string}\"},\"query-input\":\"required name=search_term_string\"}],\"inLanguage\":\"en-US\"},{\"@type\":\"ImageObject\",\"inLanguage\":\"en-US\",\"@id\":\"https:\/\/www.visit-ulcinj.com\/blog\/2010\/09\/21\/kryeministri-berisha-e-paralajmeroi-ndertimin-e-rruges-shengjin-ulqin\/#primaryimage\",\"url\":\"https:\/\/www.visit-ulcinj.com\/blog\/wp-content\/uploads\/2010\/09\/Sali-Berisha_-Ferhat-Dinosha.jpg\",\"contentUrl\":\"https:\/\/www.visit-ulcinj.com\/blog\/wp-content\/uploads\/2010\/09\/Sali-Berisha_-Ferhat-Dinosha.jpg\",\"width\":\"929\",\"height\":\"572\"},{\"@type\":\"WebPage\",\"@id\":\"https:\/\/www.visit-ulcinj.com\/blog\/2010\/09\/21\/kryeministri-berisha-e-paralajmeroi-ndertimin-e-rruges-shengjin-ulqin\/#webpage\",\"url\":\"https:\/\/www.visit-ulcinj.com\/blog\/2010\/09\/21\/kryeministri-berisha-e-paralajmeroi-ndertimin-e-rruges-shengjin-ulqin\/\",\"name\":\"Kryeministri Berisha e paralajm\u00ebroi nd\u00ebrtimin e rrug\u00ebs Shengjin - Ulqin - Lajme nga Ulqini\",\"isPartOf\":{\"@id\":\"https:\/\/www.visit-ulcinj.com\/blog\/#website\"},\"primaryImageOfPage\":{\"@id\":\"https:\/\/www.visit-ulcinj.com\/blog\/2010\/09\/21\/kryeministri-berisha-e-paralajmeroi-ndertimin-e-rruges-shengjin-ulqin\/#primaryimage\"},\"datePublished\":\"2010-09-21T17:33:46+00:00\",\"dateModified\":\"2010-09-21T17:36:15+00:00\",\"author\":{\"@id\":\"https:\/\/www.visit-ulcinj.com\/blog\/#\/schema\/person\/dcab619c614d3038751c63bc2aadc06d\"},\"description\":\"Kryeministri Berisha priti sot n\u00eb nj\u00eb takim ministrin e\u00a0Pakicave t\u00eb Malit t\u00eb Zi Ferhat Dinosha. Zoti Dinosha i p\u00ebrcolli Kryeministrit\u00a0 Berisha\",\"breadcrumb\":{\"@id\":\"https:\/\/www.visit-ulcinj.com\/blog\/2010\/09\/21\/kryeministri-berisha-e-paralajmeroi-ndertimin-e-rruges-shengjin-ulqin\/#breadcrumb\"},\"inLanguage\":\"en-US\",\"potentialAction\":[{\"@type\":\"ReadAction\",\"target\":[\"https:\/\/www.visit-ulcinj.com\/blog\/2010\/09\/21\/kryeministri-berisha-e-paralajmeroi-ndertimin-e-rruges-shengjin-ulqin\/\"]}]},{\"@type\":\"BreadcrumbList\",\"@id\":\"https:\/\/www.visit-ulcinj.com\/blog\/2010\/09\/21\/kryeministri-berisha-e-paralajmeroi-ndertimin-e-rruges-shengjin-ulqin\/#breadcrumb\",\"itemListElement\":[{\"@type\":\"ListItem\",\"position\":1,\"name\":\"Kryeministri Berisha e paralajm\u00ebroi nd\u00ebrtimin e rrug\u00ebs Shengjin &#8211; Ulqin\"}]},{\"@type\":\"Person\",\"@id\":\"https:\/\/www.visit-ulcinj.com\/blog\/#\/schema\/person\/dcab619c614d3038751c63bc2aadc06d\",\"name\":\"ulqini\",\"sameAs\":[\"http:\/\/www.visit-ulcinj.com\"],\"url\":\"https:\/\/www.visit-ulcinj.com\/blog\/author\/admin\/\"}]}<\/script>\n<!-- \/ Yoast SEO plugin. -->","yoast_head_json":{"title":"Kryeministri Berisha e paralajm\u00ebroi nd\u00ebrtimin e rrug\u00ebs Shengjin - Ulqin - Lajme nga Ulqini","description":"Kryeministri Berisha priti sot n\u00eb nj\u00eb takim ministrin e\u00a0Pakicave t\u00eb Malit t\u00eb Zi Ferhat Dinosha. Zoti Dinosha i p\u00ebrcolli Kryeministrit\u00a0 Berisha","robots":{"index":"index","follow":"follow","max-snippet":"max-snippet:-1","max-image-preview":"max-image-preview:large","max-video-preview":"max-video-preview:-1"},"canonical":"https:\/\/www.visit-ulcinj.com\/blog\/2010\/09\/21\/kryeministri-berisha-e-paralajmeroi-ndertimin-e-rruges-shengjin-ulqin\/","og_locale":"en_US","og_type":"article","og_title":"Kryeministri Berisha e paralajm\u00ebroi nd\u00ebrtimin e rrug\u00ebs Shengjin - Ulqin - Lajme nga Ulqini","og_description":"Kryeministri Berisha priti sot n\u00eb nj\u00eb takim ministrin e\u00a0Pakicave t\u00eb Malit t\u00eb Zi Ferhat Dinosha. Zoti Dinosha i p\u00ebrcolli Kryeministrit\u00a0 Berisha","og_url":"https:\/\/www.visit-ulcinj.com\/blog\/2010\/09\/21\/kryeministri-berisha-e-paralajmeroi-ndertimin-e-rruges-shengjin-ulqin\/","og_site_name":"Lajme nga Ulqini","article_published_time":"2010-09-21T17:33:46+00:00","article_modified_time":"2010-09-21T17:36:15+00:00","og_image":[{"url":"http:\/\/www.visit-ulcinj.com\/blog\/wp-content\/uploads\/2010\/09\/Sali-Berisha_-Ferhat-Dinosha.jpg"}],"twitter_misc":{"Written by":"ulqini","Est. reading time":"1 minute"},"schema":{"@context":"https:\/\/schema.org","@graph":[{"@type":"WebSite","@id":"https:\/\/www.visit-ulcinj.com\/blog\/#website","url":"https:\/\/www.visit-ulcinj.com\/blog\/","name":"Lajme nga Ulqini","description":"Lajme,Vijesti,Ulqini,Ulqin,Crna Gora,Mali i Zi","potentialAction":[{"@type":"SearchAction","target":{"@type":"EntryPoint","urlTemplate":"https:\/\/www.visit-ulcinj.com\/blog\/?s={search_term_string}"},"query-input":"required name=search_term_string"}],"inLanguage":"en-US"},{"@type":"ImageObject","inLanguage":"en-US","@id":"https:\/\/www.visit-ulcinj.com\/blog\/2010\/09\/21\/kryeministri-berisha-e-paralajmeroi-ndertimin-e-rruges-shengjin-ulqin\/#primaryimage","url":"https:\/\/www.visit-ulcinj.com\/blog\/wp-content\/uploads\/2010\/09\/Sali-Berisha_-Ferhat-Dinosha.jpg","contentUrl":"https:\/\/www.visit-ulcinj.com\/blog\/wp-content\/uploads\/2010\/09\/Sali-Berisha_-Ferhat-Dinosha.jpg","width":"929","height":"572"},{"@type":"WebPage","@id":"https:\/\/www.visit-ulcinj.com\/blog\/2010\/09\/21\/kryeministri-berisha-e-paralajmeroi-ndertimin-e-rruges-shengjin-ulqin\/#webpage","url":"https:\/\/www.visit-ulcinj.com\/blog\/2010\/09\/21\/kryeministri-berisha-e-paralajmeroi-ndertimin-e-rruges-shengjin-ulqin\/","name":"Kryeministri Berisha e paralajm\u00ebroi nd\u00ebrtimin e rrug\u00ebs Shengjin - Ulqin - Lajme nga Ulqini","isPartOf":{"@id":"https:\/\/www.visit-ulcinj.com\/blog\/#website"},"primaryImageOfPage":{"@id":"https:\/\/www.visit-ulcinj.com\/blog\/2010\/09\/21\/kryeministri-berisha-e-paralajmeroi-ndertimin-e-rruges-shengjin-ulqin\/#primaryimage"},"datePublished":"2010-09-21T17:33:46+00:00","dateModified":"2010-09-21T17:36:15+00:00","author":{"@id":"https:\/\/www.visit-ulcinj.com\/blog\/#\/schema\/person\/dcab619c614d3038751c63bc2aadc06d"},"description":"Kryeministri Berisha priti sot n\u00eb nj\u00eb takim ministrin e\u00a0Pakicave t\u00eb Malit t\u00eb Zi Ferhat Dinosha. Zoti Dinosha i p\u00ebrcolli Kryeministrit\u00a0 Berisha","breadcrumb":{"@id":"https:\/\/www.visit-ulcinj.com\/blog\/2010\/09\/21\/kryeministri-berisha-e-paralajmeroi-ndertimin-e-rruges-shengjin-ulqin\/#breadcrumb"},"inLanguage":"en-US","potentialAction":[{"@type":"ReadAction","target":["https:\/\/www.visit-ulcinj.com\/blog\/2010\/09\/21\/kryeministri-berisha-e-paralajmeroi-ndertimin-e-rruges-shengjin-ulqin\/"]}]},{"@type":"BreadcrumbList","@id":"https:\/\/www.visit-ulcinj.com\/blog\/2010\/09\/21\/kryeministri-berisha-e-paralajmeroi-ndertimin-e-rruges-shengjin-ulqin\/#breadcrumb","itemListElement":[{"@type":"ListItem","position":1,"name":"Kryeministri Berisha e paralajm\u00ebroi nd\u00ebrtimin e rrug\u00ebs Shengjin &#8211; Ulqin"}]},{"@type":"Person","@id":"https:\/\/www.visit-ulcinj.com\/blog\/#\/schema\/person\/dcab619c614d3038751c63bc2aadc06d","name":"ulqini","sameAs":["http:\/\/www.visit-ulcinj.com"],"url":"https:\/\/www.visit-ulcinj.com\/blog\/author\/admin\/"}]}},"jetpack_featured_media_url":"","jetpack_sharing_enabled":true,"jetpack_shortlink":"https:\/\/wp.me\/pe6lTn-9KM","_links":{"self":[{"href":"https:\/\/www.visit-ulcinj.com\/blog\/wp-json\/wp\/v2\/posts\/37496"}],"collection":[{"href":"https:\/\/www.visit-ulcinj.com\/blog\/wp-json\/wp\/v2\/posts"}],"about":[{"href":"https:\/\/www.visit-ulcinj.com\/blog\/wp-json\/wp\/v2\/types\/post"}],"author":[{"embeddable":true,"href":"https:\/\/www.visit-ulcinj.com\/blog\/wp-json\/wp\/v2\/users\/1"}],"replies":[{"embeddable":true,"href":"https:\/\/www.visit-ulcinj.com\/blog\/wp-json\/wp\/v2\/comments?post=37496"}],"version-history":[{"count":0,"href":"https:\/\/www.visit-ulcinj.com\/blog\/wp-json\/wp\/v2\/posts\/37496\/revisions"}],"wp:attachment":[{"href":"https:\/\/www.visit-ulcinj.com\/blog\/wp-json\/wp\/v2\/media?parent=37496"}],"wp:term":[{"taxonomy":"category","embeddable":true,"href":"https:\/\/www.visit-ulcinj.com\/blog\/wp-json\/wp\/v2\/categories?post=37496"},{"taxonomy":"post_tag","embeddable":true,"href":"https:\/\/www.visit-ulcinj.com\/blog\/wp-json\/wp\/v2\/tags?post=37496"}],"curies":[{"name":"wp","href":"https:\/\/api.w.org\/{rel}","templated":true}]}}