{"id":37500,"date":"2010-09-22T18:34:10","date_gmt":"2010-09-22T16:34:10","guid":{"rendered":"http:\/\/www.visit-ulcinj.com\/blog\/?p=37500"},"modified":"2010-09-22T18:34:10","modified_gmt":"2010-09-22T16:34:10","slug":"i-forca-sama","status":"publish","type":"post","link":"https:\/\/www.visit-ulcinj.com\/blog\/2010\/09\/22\/i-forca-sama\/","title":{"rendered":"I Forca sama"},"content":{"rendered":"<p><strong><a href=\"http:\/\/www.visit-ulcinj.com\/blog\/wp-content\/uploads\/2010\/09\/Nista-od-koalicije-u-Ulcinj.jpg\"><img loading=\"lazy\" class=\"alignleft size-full wp-image-37501\" title=\"Nista od koalicije u Ulcinj\" src=\"http:\/\/www.visit-ulcinj.com\/blog\/wp-content\/uploads\/2010\/09\/Nista-od-koalicije-u-Ulcinj.jpg\" alt=\"\" width=\"490\" height=\"336\" srcset=\"https:\/\/www.visit-ulcinj.com\/blog\/wp-content\/uploads\/2010\/09\/Nista-od-koalicije-u-Ulcinj.jpg 490w, https:\/\/www.visit-ulcinj.com\/blog\/wp-content\/uploads\/2010\/09\/Nista-od-koalicije-u-Ulcinj-300x205.jpg 300w\" sizes=\"(max-width: 490px) 100vw, 490px\" \/><\/a>Ni\u0161ta od koalicije albanskih opozicionih partija u Ulcinju<br \/>\n<\/strong>Ulcinj &#8211; Nakon neuspjelih pregovora sa albanskim opozicionim partijama, rukovodstvo Force preksino\u0107 je donijelo odluku o samostalnom nastupu na izborima 17. oktobra, saznaju \u201cVijesti\u201d iz vrha Force.<br \/>\nU toj partiji koja je na majskim izborima brojala do 11 od ukupno 33 mandata, o\u010dekuju jo\u0161 bolji rezultat.<br \/>\n\u201cO\u010dekujemo podr\u0161ku odre\u0111enih politi\u010dkih grupacija koje smo jo\u0161 ranije pozvali na saradnju. Istovremeno, informacije sa terena govore da \u0107e nas li\u010dno podr\u017eati i neki politi\u010dki subjekti sa kojima nijesmo razgovarali\u201d, kazao je \u201cVijestima\u201d visoki funkcioner Force.<br \/>\nNa \u010delu izborne liste Force bi\u0107e lider te partije Nazif Cungu. Na vanrednim izborima 17. oktobra u Ulcinju ve\u0107 je poznato da \u0107e DPS, SDP i Forca nastupiti samostalno, DUA je napravila koaliciju sa Partijom demokratskog prosperiteta, dok je ujedinjena opozicija predvo\u0111ena SNP-om ostala na okupu. Rok za podno\u0161enje izbornih lista isti\u010de ve\u010deras u pono\u0107 do kada \u0107e se znati kako \u0107e nastupiti Bo\u0161nja\u010dka stranka, Demokratski savez Mehmeta Bardija, Demokratsko jedinstvo Albanaca, te grupe gra\u0111ana Perspektiva i Nova alijansa.<strong><\/strong><\/p>\n<p><strong>S.A<br \/>\n<a href=\"http:\/\/www.vijesti.me\/\" target=\"_blank\">Vijesti<\/a><\/strong><\/p>\n","protected":false},"excerpt":{"rendered":"<p>Ni\u0161ta od koalicije albanskih opozicionih partija u Ulcinju Ulcinj &#8211; Nakon neuspjelih pregovora sa albanskim opozicionim partijama, rukovodstvo Force preksino\u0107 je donijelo odluku o samostalnom nastupu na izborima 17. oktobra, saznaju \u201cVijesti\u201d iz vrha Force. U toj partiji koja je na majskim izborima brojala do 11 od ukupno 33 mandata, o\u010dekuju jo\u0161 bolji rezultat. \u201cO\u010dekujemo [&hellip;]<\/p>\n","protected":false},"author":1,"featured_media":0,"comment_status":"open","ping_status":"closed","sticky":false,"template":"","format":"standard","meta":{"spay_email":"","jetpack_publicize_message":"","jetpack_is_tweetstorm":false,"jetpack_publicize_feature_enabled":true},"categories":[8337],"tags":[4666,19],"jetpack_publicize_connections":[],"yoast_head":"<!-- This site is optimized with the Yoast SEO plugin v19.1 - https:\/\/yoast.com\/wordpress\/plugins\/seo\/ -->\n<title>I Forca sama - Lajme nga Ulqini<\/title>\n<meta name=\"description\" content=\"Ni\u0161ta od koalicije albanskih opozicionih partija u Ulcinju Ulcinj - Nakon neuspjelih pregovora sa albanskim opozicionim partijama, rukovodstvo Force\" \/>\n<meta name=\"robots\" content=\"index, follow, max-snippet:-1, max-image-preview:large, max-video-preview:-1\" \/>\n<link rel=\"canonical\" href=\"https:\/\/www.visit-ulcinj.com\/blog\/2010\/09\/22\/i-forca-sama\/\" \/>\n<meta property=\"og:locale\" content=\"en_US\" \/>\n<meta property=\"og:type\" content=\"article\" \/>\n<meta property=\"og:title\" content=\"I Forca sama - Lajme nga Ulqini\" \/>\n<meta property=\"og:description\" content=\"Ni\u0161ta od koalicije albanskih opozicionih partija u Ulcinju Ulcinj - Nakon neuspjelih pregovora sa albanskim opozicionim partijama, rukovodstvo Force\" \/>\n<meta property=\"og:url\" content=\"https:\/\/www.visit-ulcinj.com\/blog\/2010\/09\/22\/i-forca-sama\/\" \/>\n<meta property=\"og:site_name\" content=\"Lajme nga Ulqini\" \/>\n<meta property=\"article:published_time\" content=\"2010-09-22T16:34:10+00:00\" \/>\n<meta property=\"og:image\" content=\"http:\/\/www.visit-ulcinj.com\/blog\/wp-content\/uploads\/2010\/09\/Nista-od-koalicije-u-Ulcinj.jpg\" \/>\n<meta name=\"twitter:label1\" content=\"Written by\" \/>\n\t<meta name=\"twitter:data1\" content=\"ulqini\" \/>\n\t<meta name=\"twitter:label2\" content=\"Est. reading time\" \/>\n\t<meta name=\"twitter:data2\" content=\"1 minute\" \/>\n<script type=\"application\/ld+json\" class=\"yoast-schema-graph\">{\"@context\":\"https:\/\/schema.org\",\"@graph\":[{\"@type\":\"WebSite\",\"@id\":\"https:\/\/www.visit-ulcinj.com\/blog\/#website\",\"url\":\"https:\/\/www.visit-ulcinj.com\/blog\/\",\"name\":\"Lajme nga Ulqini\",\"description\":\"Lajme,Vijesti,Ulqini,Ulqin,Crna Gora,Mali i Zi\",\"potentialAction\":[{\"@type\":\"SearchAction\",\"target\":{\"@type\":\"EntryPoint\",\"urlTemplate\":\"https:\/\/www.visit-ulcinj.com\/blog\/?s={search_term_string}\"},\"query-input\":\"required name=search_term_string\"}],\"inLanguage\":\"en-US\"},{\"@type\":\"ImageObject\",\"inLanguage\":\"en-US\",\"@id\":\"https:\/\/www.visit-ulcinj.com\/blog\/2010\/09\/22\/i-forca-sama\/#primaryimage\",\"url\":\"https:\/\/www.visit-ulcinj.com\/blog\/wp-content\/uploads\/2010\/09\/Nista-od-koalicije-u-Ulcinj.jpg\",\"contentUrl\":\"https:\/\/www.visit-ulcinj.com\/blog\/wp-content\/uploads\/2010\/09\/Nista-od-koalicije-u-Ulcinj.jpg\",\"width\":\"490\",\"height\":\"336\"},{\"@type\":\"WebPage\",\"@id\":\"https:\/\/www.visit-ulcinj.com\/blog\/2010\/09\/22\/i-forca-sama\/#webpage\",\"url\":\"https:\/\/www.visit-ulcinj.com\/blog\/2010\/09\/22\/i-forca-sama\/\",\"name\":\"I Forca sama - Lajme nga Ulqini\",\"isPartOf\":{\"@id\":\"https:\/\/www.visit-ulcinj.com\/blog\/#website\"},\"primaryImageOfPage\":{\"@id\":\"https:\/\/www.visit-ulcinj.com\/blog\/2010\/09\/22\/i-forca-sama\/#primaryimage\"},\"datePublished\":\"2010-09-22T16:34:10+00:00\",\"dateModified\":\"2010-09-22T16:34:10+00:00\",\"author\":{\"@id\":\"https:\/\/www.visit-ulcinj.com\/blog\/#\/schema\/person\/dcab619c614d3038751c63bc2aadc06d\"},\"description\":\"Ni\u0161ta od koalicije albanskih opozicionih partija u Ulcinju Ulcinj - Nakon neuspjelih pregovora sa albanskim opozicionim partijama, rukovodstvo Force\",\"breadcrumb\":{\"@id\":\"https:\/\/www.visit-ulcinj.com\/blog\/2010\/09\/22\/i-forca-sama\/#breadcrumb\"},\"inLanguage\":\"en-US\",\"potentialAction\":[{\"@type\":\"ReadAction\",\"target\":[\"https:\/\/www.visit-ulcinj.com\/blog\/2010\/09\/22\/i-forca-sama\/\"]}]},{\"@type\":\"BreadcrumbList\",\"@id\":\"https:\/\/www.visit-ulcinj.com\/blog\/2010\/09\/22\/i-forca-sama\/#breadcrumb\",\"itemListElement\":[{\"@type\":\"ListItem\",\"position\":1,\"name\":\"I Forca sama\"}]},{\"@type\":\"Person\",\"@id\":\"https:\/\/www.visit-ulcinj.com\/blog\/#\/schema\/person\/dcab619c614d3038751c63bc2aadc06d\",\"name\":\"ulqini\",\"sameAs\":[\"http:\/\/www.visit-ulcinj.com\"],\"url\":\"https:\/\/www.visit-ulcinj.com\/blog\/author\/admin\/\"}]}<\/script>\n<!-- \/ Yoast SEO plugin. -->","yoast_head_json":{"title":"I Forca sama - Lajme nga Ulqini","description":"Ni\u0161ta od koalicije albanskih opozicionih partija u Ulcinju Ulcinj - Nakon neuspjelih pregovora sa albanskim opozicionim partijama, rukovodstvo Force","robots":{"index":"index","follow":"follow","max-snippet":"max-snippet:-1","max-image-preview":"max-image-preview:large","max-video-preview":"max-video-preview:-1"},"canonical":"https:\/\/www.visit-ulcinj.com\/blog\/2010\/09\/22\/i-forca-sama\/","og_locale":"en_US","og_type":"article","og_title":"I Forca sama - Lajme nga Ulqini","og_description":"Ni\u0161ta od koalicije albanskih opozicionih partija u Ulcinju Ulcinj - Nakon neuspjelih pregovora sa albanskim opozicionim partijama, rukovodstvo Force","og_url":"https:\/\/www.visit-ulcinj.com\/blog\/2010\/09\/22\/i-forca-sama\/","og_site_name":"Lajme nga Ulqini","article_published_time":"2010-09-22T16:34:10+00:00","og_image":[{"url":"http:\/\/www.visit-ulcinj.com\/blog\/wp-content\/uploads\/2010\/09\/Nista-od-koalicije-u-Ulcinj.jpg"}],"twitter_misc":{"Written by":"ulqini","Est. reading time":"1 minute"},"schema":{"@context":"https:\/\/schema.org","@graph":[{"@type":"WebSite","@id":"https:\/\/www.visit-ulcinj.com\/blog\/#website","url":"https:\/\/www.visit-ulcinj.com\/blog\/","name":"Lajme nga Ulqini","description":"Lajme,Vijesti,Ulqini,Ulqin,Crna Gora,Mali i Zi","potentialAction":[{"@type":"SearchAction","target":{"@type":"EntryPoint","urlTemplate":"https:\/\/www.visit-ulcinj.com\/blog\/?s={search_term_string}"},"query-input":"required name=search_term_string"}],"inLanguage":"en-US"},{"@type":"ImageObject","inLanguage":"en-US","@id":"https:\/\/www.visit-ulcinj.com\/blog\/2010\/09\/22\/i-forca-sama\/#primaryimage","url":"https:\/\/www.visit-ulcinj.com\/blog\/wp-content\/uploads\/2010\/09\/Nista-od-koalicije-u-Ulcinj.jpg","contentUrl":"https:\/\/www.visit-ulcinj.com\/blog\/wp-content\/uploads\/2010\/09\/Nista-od-koalicije-u-Ulcinj.jpg","width":"490","height":"336"},{"@type":"WebPage","@id":"https:\/\/www.visit-ulcinj.com\/blog\/2010\/09\/22\/i-forca-sama\/#webpage","url":"https:\/\/www.visit-ulcinj.com\/blog\/2010\/09\/22\/i-forca-sama\/","name":"I Forca sama - Lajme nga Ulqini","isPartOf":{"@id":"https:\/\/www.visit-ulcinj.com\/blog\/#website"},"primaryImageOfPage":{"@id":"https:\/\/www.visit-ulcinj.com\/blog\/2010\/09\/22\/i-forca-sama\/#primaryimage"},"datePublished":"2010-09-22T16:34:10+00:00","dateModified":"2010-09-22T16:34:10+00:00","author":{"@id":"https:\/\/www.visit-ulcinj.com\/blog\/#\/schema\/person\/dcab619c614d3038751c63bc2aadc06d"},"description":"Ni\u0161ta od koalicije albanskih opozicionih partija u Ulcinju Ulcinj - Nakon neuspjelih pregovora sa albanskim opozicionim partijama, rukovodstvo Force","breadcrumb":{"@id":"https:\/\/www.visit-ulcinj.com\/blog\/2010\/09\/22\/i-forca-sama\/#breadcrumb"},"inLanguage":"en-US","potentialAction":[{"@type":"ReadAction","target":["https:\/\/www.visit-ulcinj.com\/blog\/2010\/09\/22\/i-forca-sama\/"]}]},{"@type":"BreadcrumbList","@id":"https:\/\/www.visit-ulcinj.com\/blog\/2010\/09\/22\/i-forca-sama\/#breadcrumb","itemListElement":[{"@type":"ListItem","position":1,"name":"I Forca sama"}]},{"@type":"Person","@id":"https:\/\/www.visit-ulcinj.com\/blog\/#\/schema\/person\/dcab619c614d3038751c63bc2aadc06d","name":"ulqini","sameAs":["http:\/\/www.visit-ulcinj.com"],"url":"https:\/\/www.visit-ulcinj.com\/blog\/author\/admin\/"}]}},"jetpack_featured_media_url":"","jetpack_sharing_enabled":true,"jetpack_shortlink":"https:\/\/wp.me\/pe6lTn-9KQ","_links":{"self":[{"href":"https:\/\/www.visit-ulcinj.com\/blog\/wp-json\/wp\/v2\/posts\/37500"}],"collection":[{"href":"https:\/\/www.visit-ulcinj.com\/blog\/wp-json\/wp\/v2\/posts"}],"about":[{"href":"https:\/\/www.visit-ulcinj.com\/blog\/wp-json\/wp\/v2\/types\/post"}],"author":[{"embeddable":true,"href":"https:\/\/www.visit-ulcinj.com\/blog\/wp-json\/wp\/v2\/users\/1"}],"replies":[{"embeddable":true,"href":"https:\/\/www.visit-ulcinj.com\/blog\/wp-json\/wp\/v2\/comments?post=37500"}],"version-history":[{"count":0,"href":"https:\/\/www.visit-ulcinj.com\/blog\/wp-json\/wp\/v2\/posts\/37500\/revisions"}],"wp:attachment":[{"href":"https:\/\/www.visit-ulcinj.com\/blog\/wp-json\/wp\/v2\/media?parent=37500"}],"wp:term":[{"taxonomy":"category","embeddable":true,"href":"https:\/\/www.visit-ulcinj.com\/blog\/wp-json\/wp\/v2\/categories?post=37500"},{"taxonomy":"post_tag","embeddable":true,"href":"https:\/\/www.visit-ulcinj.com\/blog\/wp-json\/wp\/v2\/tags?post=37500"}],"curies":[{"name":"wp","href":"https:\/\/api.w.org\/{rel}","templated":true}]}}