{"id":37513,"date":"2010-09-15T21:08:49","date_gmt":"2010-09-15T19:08:49","guid":{"rendered":"http:\/\/www.visit-ulcinj.com\/blog\/?p=37513"},"modified":"2010-09-27T00:03:55","modified_gmt":"2010-09-26T22:03:55","slug":"rozi-radi-perseri-ne-lufte-me-rezi-shkurten","status":"publish","type":"post","link":"https:\/\/www.visit-ulcinj.com\/blog\/2010\/09\/15\/rozi-radi-perseri-ne-lufte-me-rezi-shkurten\/","title":{"rendered":"Rozi Radi p\u00ebrs\u00ebri n\u00eb luft\u00eb me Rezi Shkurt\u00ebn"},"content":{"rendered":"<p><a href=\"http:\/\/www.visit-ulcinj.com\/blog\/wp-content\/uploads\/2010\/09\/Rozi-Radi-p\u00ebrs\u00ebri-n\u00eb-luft\u00eb-me-Rezi-Shkurt\u00ebn.jpg\"><img loading=\"lazy\" class=\"alignleft size-full wp-image-37514\" title=\"Rozi Radi p\u00ebrs\u00ebri n\u00eb luft\u00eb me Rezi Shkurt\u00ebn\" src=\"http:\/\/www.visit-ulcinj.com\/blog\/wp-content\/uploads\/2010\/09\/Rozi-Radi-p\u00ebrs\u00ebri-n\u00eb-luft\u00eb-me-Rezi-Shkurt\u00ebn.jpg\" alt=\"\" width=\"490\" height=\"347\" \/><\/a>Gjat\u00eb pjes\u00ebmarrjes n\u00eb reality show-n kosovar \u201cVIP shpija\u201d, dy k\u00ebng\u00ebtaret Rozana Radi dhe Rezarta Shkurta, nga mikesha shum\u00eb t\u00eb ngushta u kthyen n\u00eb rivale t\u00eb p\u00ebrjetshme&#8230; Ky rivalitet duket se do t\u00eb forcohet edhe m\u00eb shum\u00eb gjat\u00eb k\u00ebtij edicioni t\u00eb 12-t\u00eb t\u00eb festivalit \u201cK\u00ebnga Magjike\u201d, ku t\u00eb dyja k\u00ebng\u00ebtaret jan\u00eb konkurrente. Rezarta do t\u00eb prezantohet n\u00eb k\u00ebt\u00eb edicion me nj\u00eb k\u00ebng\u00eb t\u00eb Pirro \u00c7akos, nd\u00ebrsa Rozana vijon t\u00eb mbetet besnike e kompozitorit Adrijan Hila. Pas suksesit t\u00eb vjetsh\u00ebm me k\u00ebng\u00ebn \u201cFem\u00ebr\u201d, Rozi konkurron p\u00ebrs\u00ebri k\u00ebt\u00eb vit n\u00ebn logon A.H. Duke dyshuar p\u00ebr ndonj\u00eb incident t\u00eb mundsh\u00ebm, kontaktuam me k\u00ebng\u00ebtaren Rozana Radi, dhe ajo plot dashamir\u00ebsi na u p\u00ebrgjigj&#8230;<\/p>\n<p><a href=\"http:\/\/www.visit-ulcinj.com\/blog\/wp-content\/uploads\/2010\/09\/Rozana-Radi-dhe-Rezarta-Shkurta.jpg\"><img loading=\"lazy\" class=\"alignleft size-full wp-image-37515\" title=\"Rozana Radi dhe Rezarta Shkurta\" src=\"http:\/\/www.visit-ulcinj.com\/blog\/wp-content\/uploads\/2010\/09\/Rozana-Radi-dhe-Rezarta-Shkurta.jpg\" alt=\"\" width=\"490\" height=\"307\" \/><\/a>\u201cUn\u00eb nuk shkoj n\u00eb festival p\u00ebr t\u00eb b\u00ebr\u00eb luft\u00eb. N\u00eb festivalin \u201cK\u00ebnga Magjike\u201d, shkoj p\u00ebr t\u00eb performuar k\u00ebng\u00eb t\u00eb bukura, dhe p\u00ebr t\u2019i dhuruar publikut vlera, sepse ai festival k\u00ebt\u00eb mision ka n\u00eb vetvete, ose t\u00eb pakt\u00ebn i till\u00eb vjen ai tek un\u00eb&#8230; Ardit Gjebrea me festivalin e tij m\u00eb m\u00ebsoi se \u00e7\u2019\u00ebsht\u00eb muzika e v\u00ebrtet\u00eb, ndaj nuk mendoj se ka vend p\u00ebr m\u00eb shum\u00eb komente. Un\u00eb nuk i shikoj as Rezart\u00ebn dhe as k\u00ebng\u00ebtar\u00ebt e tjer\u00eb si rival\u00eb\u201d, &#8211; u shpreh Rozi, nd\u00ebrsa ishte gati p\u00ebr t\u2019u nisur drejt SHBA-s\u00eb p\u00ebr nj\u00eb seri koncertesh q\u00eb do t\u00eb mbaj\u00eb aty.<\/p>\n<p><strong><em>Bluetooth<br \/>\n<\/em><!--YouTube Error: bad URL entered--><em><\/em><\/strong><\/p>\n","protected":false},"excerpt":{"rendered":"<p>Gjat\u00eb pjes\u00ebmarrjes n\u00eb reality show-n kosovar \u201cVIP shpija\u201d, dy k\u00ebng\u00ebtaret Rozana Radi dhe Rezarta Shkurta, nga mikesha shum\u00eb t\u00eb ngushta u kthyen n\u00eb rivale t\u00eb p\u00ebrjetshme&#8230; Ky rivalitet duket se do t\u00eb forcohet edhe m\u00eb shum\u00eb gjat\u00eb k\u00ebtij edicioni t\u00eb 12-t\u00eb t\u00eb festivalit \u201cK\u00ebnga Magjike\u201d, ku t\u00eb dyja k\u00ebng\u00ebtaret jan\u00eb konkurrente. Rezarta do t\u00eb prezantohet [&hellip;]<\/p>\n","protected":false},"author":1,"featured_media":0,"comment_status":"open","ping_status":"closed","sticky":false,"template":"","format":"standard","meta":{"spay_email":"","jetpack_publicize_message":"","jetpack_is_tweetstorm":false,"jetpack_publicize_feature_enabled":true},"categories":[1],"tags":[4953,4964],"jetpack_publicize_connections":[],"yoast_head":"<!-- This site is optimized with the Yoast SEO plugin v19.1 - https:\/\/yoast.com\/wordpress\/plugins\/seo\/ -->\n<title>Rozi Radi p\u00ebrs\u00ebri n\u00eb luft\u00eb me Rezi Shkurt\u00ebn - Lajme nga Ulqini<\/title>\n<meta name=\"description\" content=\"Gjat\u00eb pjes\u00ebmarrjes n\u00eb reality show-n kosovar \u201cVIP shpija\u201d, dy k\u00ebng\u00ebtaret Rozana Radi dhe Rezarta Shkurta, nga mikesha shum\u00eb t\u00eb ngushta u kthyen n\u00eb rivale\" \/>\n<meta name=\"robots\" content=\"index, follow, max-snippet:-1, max-image-preview:large, max-video-preview:-1\" \/>\n<link rel=\"canonical\" href=\"https:\/\/www.visit-ulcinj.com\/blog\/2010\/09\/15\/rozi-radi-perseri-ne-lufte-me-rezi-shkurten\/\" \/>\n<meta property=\"og:locale\" content=\"en_US\" \/>\n<meta property=\"og:type\" content=\"article\" \/>\n<meta property=\"og:title\" content=\"Rozi Radi p\u00ebrs\u00ebri n\u00eb luft\u00eb me Rezi Shkurt\u00ebn - Lajme nga Ulqini\" \/>\n<meta property=\"og:description\" content=\"Gjat\u00eb pjes\u00ebmarrjes n\u00eb reality show-n kosovar \u201cVIP shpija\u201d, dy k\u00ebng\u00ebtaret Rozana Radi dhe Rezarta Shkurta, nga mikesha shum\u00eb t\u00eb ngushta u kthyen n\u00eb rivale\" \/>\n<meta property=\"og:url\" content=\"https:\/\/www.visit-ulcinj.com\/blog\/2010\/09\/15\/rozi-radi-perseri-ne-lufte-me-rezi-shkurten\/\" \/>\n<meta property=\"og:site_name\" content=\"Lajme nga Ulqini\" \/>\n<meta property=\"article:published_time\" content=\"2010-09-15T19:08:49+00:00\" \/>\n<meta property=\"article:modified_time\" content=\"2010-09-26T22:03:55+00:00\" \/>\n<meta property=\"og:image\" content=\"http:\/\/www.visit-ulcinj.com\/blog\/wp-content\/uploads\/2010\/09\/Rozana-Radi-dhe-Rezarta-Shkurta.jpg\" \/>\n<meta name=\"twitter:label1\" content=\"Written by\" \/>\n\t<meta name=\"twitter:data1\" content=\"ulqini\" \/>\n\t<meta name=\"twitter:label2\" content=\"Est. reading time\" \/>\n\t<meta name=\"twitter:data2\" content=\"1 minute\" \/>\n<script type=\"application\/ld+json\" class=\"yoast-schema-graph\">{\"@context\":\"https:\/\/schema.org\",\"@graph\":[{\"@type\":\"WebSite\",\"@id\":\"https:\/\/www.visit-ulcinj.com\/blog\/#website\",\"url\":\"https:\/\/www.visit-ulcinj.com\/blog\/\",\"name\":\"Lajme nga Ulqini\",\"description\":\"Lajme,Vijesti,Ulqini,Ulqin,Crna Gora,Mali i Zi\",\"potentialAction\":[{\"@type\":\"SearchAction\",\"target\":{\"@type\":\"EntryPoint\",\"urlTemplate\":\"https:\/\/www.visit-ulcinj.com\/blog\/?s={search_term_string}\"},\"query-input\":\"required name=search_term_string\"}],\"inLanguage\":\"en-US\"},{\"@type\":\"ImageObject\",\"inLanguage\":\"en-US\",\"@id\":\"https:\/\/www.visit-ulcinj.com\/blog\/2010\/09\/15\/rozi-radi-perseri-ne-lufte-me-rezi-shkurten\/#primaryimage\",\"url\":\"http:\/\/www.visit-ulcinj.com\/blog\/wp-content\/uploads\/2010\/09\/Rozana-Radi-dhe-Rezarta-Shkurta.jpg\",\"contentUrl\":\"http:\/\/www.visit-ulcinj.com\/blog\/wp-content\/uploads\/2010\/09\/Rozana-Radi-dhe-Rezarta-Shkurta.jpg\"},{\"@type\":\"WebPage\",\"@id\":\"https:\/\/www.visit-ulcinj.com\/blog\/2010\/09\/15\/rozi-radi-perseri-ne-lufte-me-rezi-shkurten\/#webpage\",\"url\":\"https:\/\/www.visit-ulcinj.com\/blog\/2010\/09\/15\/rozi-radi-perseri-ne-lufte-me-rezi-shkurten\/\",\"name\":\"Rozi Radi p\u00ebrs\u00ebri n\u00eb luft\u00eb me Rezi Shkurt\u00ebn - Lajme nga Ulqini\",\"isPartOf\":{\"@id\":\"https:\/\/www.visit-ulcinj.com\/blog\/#website\"},\"primaryImageOfPage\":{\"@id\":\"https:\/\/www.visit-ulcinj.com\/blog\/2010\/09\/15\/rozi-radi-perseri-ne-lufte-me-rezi-shkurten\/#primaryimage\"},\"datePublished\":\"2010-09-15T19:08:49+00:00\",\"dateModified\":\"2010-09-26T22:03:55+00:00\",\"author\":{\"@id\":\"https:\/\/www.visit-ulcinj.com\/blog\/#\/schema\/person\/dcab619c614d3038751c63bc2aadc06d\"},\"description\":\"Gjat\u00eb pjes\u00ebmarrjes n\u00eb reality show-n kosovar \u201cVIP shpija\u201d, dy k\u00ebng\u00ebtaret Rozana Radi dhe Rezarta Shkurta, nga mikesha shum\u00eb t\u00eb ngushta u kthyen n\u00eb rivale\",\"breadcrumb\":{\"@id\":\"https:\/\/www.visit-ulcinj.com\/blog\/2010\/09\/15\/rozi-radi-perseri-ne-lufte-me-rezi-shkurten\/#breadcrumb\"},\"inLanguage\":\"en-US\",\"potentialAction\":[{\"@type\":\"ReadAction\",\"target\":[\"https:\/\/www.visit-ulcinj.com\/blog\/2010\/09\/15\/rozi-radi-perseri-ne-lufte-me-rezi-shkurten\/\"]}]},{\"@type\":\"BreadcrumbList\",\"@id\":\"https:\/\/www.visit-ulcinj.com\/blog\/2010\/09\/15\/rozi-radi-perseri-ne-lufte-me-rezi-shkurten\/#breadcrumb\",\"itemListElement\":[{\"@type\":\"ListItem\",\"position\":1,\"name\":\"Rozi Radi p\u00ebrs\u00ebri n\u00eb luft\u00eb me Rezi Shkurt\u00ebn\"}]},{\"@type\":\"Person\",\"@id\":\"https:\/\/www.visit-ulcinj.com\/blog\/#\/schema\/person\/dcab619c614d3038751c63bc2aadc06d\",\"name\":\"ulqini\",\"sameAs\":[\"http:\/\/www.visit-ulcinj.com\"],\"url\":\"https:\/\/www.visit-ulcinj.com\/blog\/author\/admin\/\"}]}<\/script>\n<!-- \/ Yoast SEO plugin. -->","yoast_head_json":{"title":"Rozi Radi p\u00ebrs\u00ebri n\u00eb luft\u00eb me Rezi Shkurt\u00ebn - Lajme nga Ulqini","description":"Gjat\u00eb pjes\u00ebmarrjes n\u00eb reality show-n kosovar \u201cVIP shpija\u201d, dy k\u00ebng\u00ebtaret Rozana Radi dhe Rezarta Shkurta, nga mikesha shum\u00eb t\u00eb ngushta u kthyen n\u00eb rivale","robots":{"index":"index","follow":"follow","max-snippet":"max-snippet:-1","max-image-preview":"max-image-preview:large","max-video-preview":"max-video-preview:-1"},"canonical":"https:\/\/www.visit-ulcinj.com\/blog\/2010\/09\/15\/rozi-radi-perseri-ne-lufte-me-rezi-shkurten\/","og_locale":"en_US","og_type":"article","og_title":"Rozi Radi p\u00ebrs\u00ebri n\u00eb luft\u00eb me Rezi Shkurt\u00ebn - Lajme nga Ulqini","og_description":"Gjat\u00eb pjes\u00ebmarrjes n\u00eb reality show-n kosovar \u201cVIP shpija\u201d, dy k\u00ebng\u00ebtaret Rozana Radi dhe Rezarta Shkurta, nga mikesha shum\u00eb t\u00eb ngushta u kthyen n\u00eb rivale","og_url":"https:\/\/www.visit-ulcinj.com\/blog\/2010\/09\/15\/rozi-radi-perseri-ne-lufte-me-rezi-shkurten\/","og_site_name":"Lajme nga Ulqini","article_published_time":"2010-09-15T19:08:49+00:00","article_modified_time":"2010-09-26T22:03:55+00:00","og_image":[{"url":"http:\/\/www.visit-ulcinj.com\/blog\/wp-content\/uploads\/2010\/09\/Rozana-Radi-dhe-Rezarta-Shkurta.jpg"}],"twitter_misc":{"Written by":"ulqini","Est. reading time":"1 minute"},"schema":{"@context":"https:\/\/schema.org","@graph":[{"@type":"WebSite","@id":"https:\/\/www.visit-ulcinj.com\/blog\/#website","url":"https:\/\/www.visit-ulcinj.com\/blog\/","name":"Lajme nga Ulqini","description":"Lajme,Vijesti,Ulqini,Ulqin,Crna Gora,Mali i Zi","potentialAction":[{"@type":"SearchAction","target":{"@type":"EntryPoint","urlTemplate":"https:\/\/www.visit-ulcinj.com\/blog\/?s={search_term_string}"},"query-input":"required name=search_term_string"}],"inLanguage":"en-US"},{"@type":"ImageObject","inLanguage":"en-US","@id":"https:\/\/www.visit-ulcinj.com\/blog\/2010\/09\/15\/rozi-radi-perseri-ne-lufte-me-rezi-shkurten\/#primaryimage","url":"http:\/\/www.visit-ulcinj.com\/blog\/wp-content\/uploads\/2010\/09\/Rozana-Radi-dhe-Rezarta-Shkurta.jpg","contentUrl":"http:\/\/www.visit-ulcinj.com\/blog\/wp-content\/uploads\/2010\/09\/Rozana-Radi-dhe-Rezarta-Shkurta.jpg"},{"@type":"WebPage","@id":"https:\/\/www.visit-ulcinj.com\/blog\/2010\/09\/15\/rozi-radi-perseri-ne-lufte-me-rezi-shkurten\/#webpage","url":"https:\/\/www.visit-ulcinj.com\/blog\/2010\/09\/15\/rozi-radi-perseri-ne-lufte-me-rezi-shkurten\/","name":"Rozi Radi p\u00ebrs\u00ebri n\u00eb luft\u00eb me Rezi Shkurt\u00ebn - Lajme nga Ulqini","isPartOf":{"@id":"https:\/\/www.visit-ulcinj.com\/blog\/#website"},"primaryImageOfPage":{"@id":"https:\/\/www.visit-ulcinj.com\/blog\/2010\/09\/15\/rozi-radi-perseri-ne-lufte-me-rezi-shkurten\/#primaryimage"},"datePublished":"2010-09-15T19:08:49+00:00","dateModified":"2010-09-26T22:03:55+00:00","author":{"@id":"https:\/\/www.visit-ulcinj.com\/blog\/#\/schema\/person\/dcab619c614d3038751c63bc2aadc06d"},"description":"Gjat\u00eb pjes\u00ebmarrjes n\u00eb reality show-n kosovar \u201cVIP shpija\u201d, dy k\u00ebng\u00ebtaret Rozana Radi dhe Rezarta Shkurta, nga mikesha shum\u00eb t\u00eb ngushta u kthyen n\u00eb rivale","breadcrumb":{"@id":"https:\/\/www.visit-ulcinj.com\/blog\/2010\/09\/15\/rozi-radi-perseri-ne-lufte-me-rezi-shkurten\/#breadcrumb"},"inLanguage":"en-US","potentialAction":[{"@type":"ReadAction","target":["https:\/\/www.visit-ulcinj.com\/blog\/2010\/09\/15\/rozi-radi-perseri-ne-lufte-me-rezi-shkurten\/"]}]},{"@type":"BreadcrumbList","@id":"https:\/\/www.visit-ulcinj.com\/blog\/2010\/09\/15\/rozi-radi-perseri-ne-lufte-me-rezi-shkurten\/#breadcrumb","itemListElement":[{"@type":"ListItem","position":1,"name":"Rozi Radi p\u00ebrs\u00ebri n\u00eb luft\u00eb me Rezi Shkurt\u00ebn"}]},{"@type":"Person","@id":"https:\/\/www.visit-ulcinj.com\/blog\/#\/schema\/person\/dcab619c614d3038751c63bc2aadc06d","name":"ulqini","sameAs":["http:\/\/www.visit-ulcinj.com"],"url":"https:\/\/www.visit-ulcinj.com\/blog\/author\/admin\/"}]}},"jetpack_featured_media_url":"","jetpack_sharing_enabled":true,"jetpack_shortlink":"https:\/\/wp.me\/pe6lTn-9L3","_links":{"self":[{"href":"https:\/\/www.visit-ulcinj.com\/blog\/wp-json\/wp\/v2\/posts\/37513"}],"collection":[{"href":"https:\/\/www.visit-ulcinj.com\/blog\/wp-json\/wp\/v2\/posts"}],"about":[{"href":"https:\/\/www.visit-ulcinj.com\/blog\/wp-json\/wp\/v2\/types\/post"}],"author":[{"embeddable":true,"href":"https:\/\/www.visit-ulcinj.com\/blog\/wp-json\/wp\/v2\/users\/1"}],"replies":[{"embeddable":true,"href":"https:\/\/www.visit-ulcinj.com\/blog\/wp-json\/wp\/v2\/comments?post=37513"}],"version-history":[{"count":0,"href":"https:\/\/www.visit-ulcinj.com\/blog\/wp-json\/wp\/v2\/posts\/37513\/revisions"}],"wp:attachment":[{"href":"https:\/\/www.visit-ulcinj.com\/blog\/wp-json\/wp\/v2\/media?parent=37513"}],"wp:term":[{"taxonomy":"category","embeddable":true,"href":"https:\/\/www.visit-ulcinj.com\/blog\/wp-json\/wp\/v2\/categories?post=37513"},{"taxonomy":"post_tag","embeddable":true,"href":"https:\/\/www.visit-ulcinj.com\/blog\/wp-json\/wp\/v2\/tags?post=37513"}],"curies":[{"name":"wp","href":"https:\/\/api.w.org\/{rel}","templated":true}]}}