{"id":37517,"date":"2010-09-22T21:35:26","date_gmt":"2010-09-22T19:35:26","guid":{"rendered":"http:\/\/www.visit-ulcinj.com\/blog\/?p=37517"},"modified":"2010-09-22T21:35:26","modified_gmt":"2010-09-22T19:35:26","slug":"fejohet-kengetarja-ingrid-gjoni","status":"publish","type":"post","link":"https:\/\/www.visit-ulcinj.com\/blog\/2010\/09\/22\/fejohet-kengetarja-ingrid-gjoni\/","title":{"rendered":"Fejohet kengetarja Ingrid Gjoni"},"content":{"rendered":"<p><a href=\"http:\/\/www.visit-ulcinj.com\/blog\/wp-content\/uploads\/2010\/09\/INGRIDI-DHE-GENTI.jpg\"><img loading=\"lazy\" class=\"alignleft size-full wp-image-37518\" title=\"INGRIDI DHE GENTI\" src=\"http:\/\/www.visit-ulcinj.com\/blog\/wp-content\/uploads\/2010\/09\/INGRIDI-DHE-GENTI.jpg\" alt=\"\" width=\"350\" height=\"520\" \/><\/a>Nuk e dim\u00eb ende n\u00ebse n\u00eb nj\u00eb t\u00eb ardhme t\u00eb af\u00ebrt do t\u00eb ket\u00eb martes\u00eb, por miq pran\u00eb \u00e7iftit kan\u00eb th\u00ebn\u00eb se prej disa koh\u00ebsh ata po planifikojn\u00eb angazhimin serioz ndaj nj\u00ebri-tjetrit<br \/>\nK\u00ebng\u00ebtarja seksi Ingrid Gjoni ka nd\u00ebrruar status k\u00ebto dit\u00eb. Si\u00e7 \u00ebsht\u00eb raportuar edhe pak dit\u00eb m\u00eb par\u00eb, ajo m\u00ebsohet se bashk\u00eb me t\u00eb dashurin, Gentin, ka qen\u00eb n\u00eb p\u00ebrgatitje e sip\u00ebr t\u00eb unazave t\u00eb fejes\u00ebs.Po, po, t\u00eb fejes\u00ebs, pasi dyshja, t\u00eb cil\u00ebt si\u00e7 ka th\u00ebn\u00eb vet\u00eb Ingridi, bashk\u00ebjetojn\u00eb; mesa duket e kan\u00eb ndar\u00eb mendjen p\u00ebr zyrtarizim tanim\u00eb. Nuk e dim\u00eb ende n\u00ebse n\u00eb nj\u00eb t\u00eb ardhme t\u00eb af\u00ebrt do t\u00eb ket\u00eb martes\u00eb, por miq pran\u00eb \u00e7iftit kan\u00eb th\u00ebn\u00eb se prej disa koh\u00ebsh ata po planifikojn\u00eb angazhimin serioz ndaj nj\u00ebri-tjetrit, pasi marr\u00ebdh\u00ebnia dashurore \u00ebsht\u00eb konsoliduar.Genti, nj\u00eb djal\u00eb q\u00eb merret me biznes n\u00eb kryeqytet, prej m\u00eb shum\u00eb se nj\u00eb viti \u00ebsht\u00eb i lidhur me Ingridin.<\/p>\n<p><strong>KOHA VIZION<br \/>\n<!--YouTube Error: bad URL entered--><\/strong><\/p>\n","protected":false},"excerpt":{"rendered":"<p>Nuk e dim\u00eb ende n\u00ebse n\u00eb nj\u00eb t\u00eb ardhme t\u00eb af\u00ebrt do t\u00eb ket\u00eb martes\u00eb, por miq pran\u00eb \u00e7iftit kan\u00eb th\u00ebn\u00eb se prej disa koh\u00ebsh ata po planifikojn\u00eb angazhimin serioz ndaj nj\u00ebri-tjetrit K\u00ebng\u00ebtarja seksi Ingrid Gjoni ka nd\u00ebrruar status k\u00ebto dit\u00eb. Si\u00e7 \u00ebsht\u00eb raportuar edhe pak dit\u00eb m\u00eb par\u00eb, ajo m\u00ebsohet se bashk\u00eb me t\u00eb [&hellip;]<\/p>\n","protected":false},"author":1,"featured_media":0,"comment_status":"open","ping_status":"closed","sticky":false,"template":"","format":"standard","meta":{"spay_email":"","jetpack_publicize_message":"","jetpack_is_tweetstorm":false,"jetpack_publicize_feature_enabled":true},"categories":[1],"tags":[4966],"jetpack_publicize_connections":[],"yoast_head":"<!-- This site is optimized with the Yoast SEO plugin v19.1 - https:\/\/yoast.com\/wordpress\/plugins\/seo\/ -->\n<title>Fejohet kengetarja Ingrid Gjoni - Lajme nga Ulqini<\/title>\n<meta name=\"description\" content=\"Nuk e dim\u00eb ende n\u00ebse n\u00eb nj\u00eb t\u00eb ardhme t\u00eb af\u00ebrt do t\u00eb ket\u00eb martes\u00eb, por miq pran\u00eb \u00e7iftit kan\u00eb th\u00ebn\u00eb se prej disa koh\u00ebsh ata po planifikojn\u00eb angazhimin\" \/>\n<meta name=\"robots\" content=\"index, follow, max-snippet:-1, max-image-preview:large, max-video-preview:-1\" \/>\n<link rel=\"canonical\" href=\"https:\/\/www.visit-ulcinj.com\/blog\/2010\/09\/22\/fejohet-kengetarja-ingrid-gjoni\/\" \/>\n<meta property=\"og:locale\" content=\"en_US\" \/>\n<meta property=\"og:type\" content=\"article\" \/>\n<meta property=\"og:title\" content=\"Fejohet kengetarja Ingrid Gjoni - Lajme nga Ulqini\" \/>\n<meta property=\"og:description\" content=\"Nuk e dim\u00eb ende n\u00ebse n\u00eb nj\u00eb t\u00eb ardhme t\u00eb af\u00ebrt do t\u00eb ket\u00eb martes\u00eb, por miq pran\u00eb \u00e7iftit kan\u00eb th\u00ebn\u00eb se prej disa koh\u00ebsh ata po planifikojn\u00eb angazhimin\" \/>\n<meta property=\"og:url\" content=\"https:\/\/www.visit-ulcinj.com\/blog\/2010\/09\/22\/fejohet-kengetarja-ingrid-gjoni\/\" \/>\n<meta property=\"og:site_name\" content=\"Lajme nga Ulqini\" \/>\n<meta property=\"article:published_time\" content=\"2010-09-22T19:35:26+00:00\" \/>\n<meta property=\"og:image\" content=\"http:\/\/www.visit-ulcinj.com\/blog\/wp-content\/uploads\/2010\/09\/INGRIDI-DHE-GENTI.jpg\" \/>\n<meta name=\"twitter:label1\" content=\"Written by\" \/>\n\t<meta name=\"twitter:data1\" content=\"ulqini\" \/>\n\t<meta name=\"twitter:label2\" content=\"Est. reading time\" \/>\n\t<meta name=\"twitter:data2\" content=\"1 minute\" \/>\n<script type=\"application\/ld+json\" class=\"yoast-schema-graph\">{\"@context\":\"https:\/\/schema.org\",\"@graph\":[{\"@type\":\"WebSite\",\"@id\":\"https:\/\/www.visit-ulcinj.com\/blog\/#website\",\"url\":\"https:\/\/www.visit-ulcinj.com\/blog\/\",\"name\":\"Lajme nga Ulqini\",\"description\":\"Lajme,Vijesti,Ulqini,Ulqin,Crna Gora,Mali i Zi\",\"potentialAction\":[{\"@type\":\"SearchAction\",\"target\":{\"@type\":\"EntryPoint\",\"urlTemplate\":\"https:\/\/www.visit-ulcinj.com\/blog\/?s={search_term_string}\"},\"query-input\":\"required name=search_term_string\"}],\"inLanguage\":\"en-US\"},{\"@type\":\"ImageObject\",\"inLanguage\":\"en-US\",\"@id\":\"https:\/\/www.visit-ulcinj.com\/blog\/2010\/09\/22\/fejohet-kengetarja-ingrid-gjoni\/#primaryimage\",\"url\":\"http:\/\/www.visit-ulcinj.com\/blog\/wp-content\/uploads\/2010\/09\/INGRIDI-DHE-GENTI.jpg\",\"contentUrl\":\"http:\/\/www.visit-ulcinj.com\/blog\/wp-content\/uploads\/2010\/09\/INGRIDI-DHE-GENTI.jpg\"},{\"@type\":\"WebPage\",\"@id\":\"https:\/\/www.visit-ulcinj.com\/blog\/2010\/09\/22\/fejohet-kengetarja-ingrid-gjoni\/#webpage\",\"url\":\"https:\/\/www.visit-ulcinj.com\/blog\/2010\/09\/22\/fejohet-kengetarja-ingrid-gjoni\/\",\"name\":\"Fejohet kengetarja Ingrid Gjoni - Lajme nga Ulqini\",\"isPartOf\":{\"@id\":\"https:\/\/www.visit-ulcinj.com\/blog\/#website\"},\"primaryImageOfPage\":{\"@id\":\"https:\/\/www.visit-ulcinj.com\/blog\/2010\/09\/22\/fejohet-kengetarja-ingrid-gjoni\/#primaryimage\"},\"datePublished\":\"2010-09-22T19:35:26+00:00\",\"dateModified\":\"2010-09-22T19:35:26+00:00\",\"author\":{\"@id\":\"https:\/\/www.visit-ulcinj.com\/blog\/#\/schema\/person\/dcab619c614d3038751c63bc2aadc06d\"},\"description\":\"Nuk e dim\u00eb ende n\u00ebse n\u00eb nj\u00eb t\u00eb ardhme t\u00eb af\u00ebrt do t\u00eb ket\u00eb martes\u00eb, por miq pran\u00eb \u00e7iftit kan\u00eb th\u00ebn\u00eb se prej disa koh\u00ebsh ata po planifikojn\u00eb angazhimin\",\"breadcrumb\":{\"@id\":\"https:\/\/www.visit-ulcinj.com\/blog\/2010\/09\/22\/fejohet-kengetarja-ingrid-gjoni\/#breadcrumb\"},\"inLanguage\":\"en-US\",\"potentialAction\":[{\"@type\":\"ReadAction\",\"target\":[\"https:\/\/www.visit-ulcinj.com\/blog\/2010\/09\/22\/fejohet-kengetarja-ingrid-gjoni\/\"]}]},{\"@type\":\"BreadcrumbList\",\"@id\":\"https:\/\/www.visit-ulcinj.com\/blog\/2010\/09\/22\/fejohet-kengetarja-ingrid-gjoni\/#breadcrumb\",\"itemListElement\":[{\"@type\":\"ListItem\",\"position\":1,\"name\":\"Fejohet kengetarja Ingrid Gjoni\"}]},{\"@type\":\"Person\",\"@id\":\"https:\/\/www.visit-ulcinj.com\/blog\/#\/schema\/person\/dcab619c614d3038751c63bc2aadc06d\",\"name\":\"ulqini\",\"sameAs\":[\"http:\/\/www.visit-ulcinj.com\"],\"url\":\"https:\/\/www.visit-ulcinj.com\/blog\/author\/admin\/\"}]}<\/script>\n<!-- \/ Yoast SEO plugin. -->","yoast_head_json":{"title":"Fejohet kengetarja Ingrid Gjoni - Lajme nga Ulqini","description":"Nuk e dim\u00eb ende n\u00ebse n\u00eb nj\u00eb t\u00eb ardhme t\u00eb af\u00ebrt do t\u00eb ket\u00eb martes\u00eb, por miq pran\u00eb \u00e7iftit kan\u00eb th\u00ebn\u00eb se prej disa koh\u00ebsh ata po planifikojn\u00eb angazhimin","robots":{"index":"index","follow":"follow","max-snippet":"max-snippet:-1","max-image-preview":"max-image-preview:large","max-video-preview":"max-video-preview:-1"},"canonical":"https:\/\/www.visit-ulcinj.com\/blog\/2010\/09\/22\/fejohet-kengetarja-ingrid-gjoni\/","og_locale":"en_US","og_type":"article","og_title":"Fejohet kengetarja Ingrid Gjoni - Lajme nga Ulqini","og_description":"Nuk e dim\u00eb ende n\u00ebse n\u00eb nj\u00eb t\u00eb ardhme t\u00eb af\u00ebrt do t\u00eb ket\u00eb martes\u00eb, por miq pran\u00eb \u00e7iftit kan\u00eb th\u00ebn\u00eb se prej disa koh\u00ebsh ata po planifikojn\u00eb angazhimin","og_url":"https:\/\/www.visit-ulcinj.com\/blog\/2010\/09\/22\/fejohet-kengetarja-ingrid-gjoni\/","og_site_name":"Lajme nga Ulqini","article_published_time":"2010-09-22T19:35:26+00:00","og_image":[{"url":"http:\/\/www.visit-ulcinj.com\/blog\/wp-content\/uploads\/2010\/09\/INGRIDI-DHE-GENTI.jpg"}],"twitter_misc":{"Written by":"ulqini","Est. reading time":"1 minute"},"schema":{"@context":"https:\/\/schema.org","@graph":[{"@type":"WebSite","@id":"https:\/\/www.visit-ulcinj.com\/blog\/#website","url":"https:\/\/www.visit-ulcinj.com\/blog\/","name":"Lajme nga Ulqini","description":"Lajme,Vijesti,Ulqini,Ulqin,Crna Gora,Mali i Zi","potentialAction":[{"@type":"SearchAction","target":{"@type":"EntryPoint","urlTemplate":"https:\/\/www.visit-ulcinj.com\/blog\/?s={search_term_string}"},"query-input":"required name=search_term_string"}],"inLanguage":"en-US"},{"@type":"ImageObject","inLanguage":"en-US","@id":"https:\/\/www.visit-ulcinj.com\/blog\/2010\/09\/22\/fejohet-kengetarja-ingrid-gjoni\/#primaryimage","url":"http:\/\/www.visit-ulcinj.com\/blog\/wp-content\/uploads\/2010\/09\/INGRIDI-DHE-GENTI.jpg","contentUrl":"http:\/\/www.visit-ulcinj.com\/blog\/wp-content\/uploads\/2010\/09\/INGRIDI-DHE-GENTI.jpg"},{"@type":"WebPage","@id":"https:\/\/www.visit-ulcinj.com\/blog\/2010\/09\/22\/fejohet-kengetarja-ingrid-gjoni\/#webpage","url":"https:\/\/www.visit-ulcinj.com\/blog\/2010\/09\/22\/fejohet-kengetarja-ingrid-gjoni\/","name":"Fejohet kengetarja Ingrid Gjoni - Lajme nga Ulqini","isPartOf":{"@id":"https:\/\/www.visit-ulcinj.com\/blog\/#website"},"primaryImageOfPage":{"@id":"https:\/\/www.visit-ulcinj.com\/blog\/2010\/09\/22\/fejohet-kengetarja-ingrid-gjoni\/#primaryimage"},"datePublished":"2010-09-22T19:35:26+00:00","dateModified":"2010-09-22T19:35:26+00:00","author":{"@id":"https:\/\/www.visit-ulcinj.com\/blog\/#\/schema\/person\/dcab619c614d3038751c63bc2aadc06d"},"description":"Nuk e dim\u00eb ende n\u00ebse n\u00eb nj\u00eb t\u00eb ardhme t\u00eb af\u00ebrt do t\u00eb ket\u00eb martes\u00eb, por miq pran\u00eb \u00e7iftit kan\u00eb th\u00ebn\u00eb se prej disa koh\u00ebsh ata po planifikojn\u00eb angazhimin","breadcrumb":{"@id":"https:\/\/www.visit-ulcinj.com\/blog\/2010\/09\/22\/fejohet-kengetarja-ingrid-gjoni\/#breadcrumb"},"inLanguage":"en-US","potentialAction":[{"@type":"ReadAction","target":["https:\/\/www.visit-ulcinj.com\/blog\/2010\/09\/22\/fejohet-kengetarja-ingrid-gjoni\/"]}]},{"@type":"BreadcrumbList","@id":"https:\/\/www.visit-ulcinj.com\/blog\/2010\/09\/22\/fejohet-kengetarja-ingrid-gjoni\/#breadcrumb","itemListElement":[{"@type":"ListItem","position":1,"name":"Fejohet kengetarja Ingrid Gjoni"}]},{"@type":"Person","@id":"https:\/\/www.visit-ulcinj.com\/blog\/#\/schema\/person\/dcab619c614d3038751c63bc2aadc06d","name":"ulqini","sameAs":["http:\/\/www.visit-ulcinj.com"],"url":"https:\/\/www.visit-ulcinj.com\/blog\/author\/admin\/"}]}},"jetpack_featured_media_url":"","jetpack_sharing_enabled":true,"jetpack_shortlink":"https:\/\/wp.me\/pe6lTn-9L7","_links":{"self":[{"href":"https:\/\/www.visit-ulcinj.com\/blog\/wp-json\/wp\/v2\/posts\/37517"}],"collection":[{"href":"https:\/\/www.visit-ulcinj.com\/blog\/wp-json\/wp\/v2\/posts"}],"about":[{"href":"https:\/\/www.visit-ulcinj.com\/blog\/wp-json\/wp\/v2\/types\/post"}],"author":[{"embeddable":true,"href":"https:\/\/www.visit-ulcinj.com\/blog\/wp-json\/wp\/v2\/users\/1"}],"replies":[{"embeddable":true,"href":"https:\/\/www.visit-ulcinj.com\/blog\/wp-json\/wp\/v2\/comments?post=37517"}],"version-history":[{"count":0,"href":"https:\/\/www.visit-ulcinj.com\/blog\/wp-json\/wp\/v2\/posts\/37517\/revisions"}],"wp:attachment":[{"href":"https:\/\/www.visit-ulcinj.com\/blog\/wp-json\/wp\/v2\/media?parent=37517"}],"wp:term":[{"taxonomy":"category","embeddable":true,"href":"https:\/\/www.visit-ulcinj.com\/blog\/wp-json\/wp\/v2\/categories?post=37517"},{"taxonomy":"post_tag","embeddable":true,"href":"https:\/\/www.visit-ulcinj.com\/blog\/wp-json\/wp\/v2\/tags?post=37517"}],"curies":[{"name":"wp","href":"https:\/\/api.w.org\/{rel}","templated":true}]}}