{"id":37526,"date":"2010-09-22T22:07:00","date_gmt":"2010-09-22T20:07:00","guid":{"rendered":"http:\/\/www.visit-ulcinj.com\/blog\/?p=37526"},"modified":"2010-09-26T04:03:04","modified_gmt":"2010-09-26T02:03:04","slug":"eli-fara-s%e2%80%99kam-gjetur-personin-e-duhur%e2%80%9d","status":"publish","type":"post","link":"https:\/\/www.visit-ulcinj.com\/blog\/2010\/09\/22\/eli-fara-s%e2%80%99kam-gjetur-personin-e-duhur%e2%80%9d\/","title":{"rendered":"Eli Fara s\u2019kam gjetur personin e duhur"},"content":{"rendered":"<p><a href=\"http:\/\/www.visit-ulcinj.com\/blog\/wp-content\/uploads\/2010\/09\/Eli-Fara.jpg\"><img loading=\"lazy\" class=\"alignleft size-full wp-image-37527\" title=\"Eli Fara\" src=\"http:\/\/www.visit-ulcinj.com\/blog\/wp-content\/uploads\/2010\/09\/Eli-Fara.jpg\" alt=\"\" width=\"330\" height=\"520\" \/><\/a>K\u00ebng\u00ebtarja Eli Fara \u00ebsht\u00eb rishfaqur para pak dit\u00ebsh n\u00eb ekran n\u00eb form\u00eb ideale, nd\u00ebrsa ka qen\u00eb e ftuar n\u00eb programin \u201cPasdite n\u00eb Top Channel\u201d. Pas perfomanc\u00ebs s\u00eb saj si balerin\u00eb n\u00eb \u201cDancing with the stars\u201d, kjo ishte dalja e par\u00eb e k\u00ebng\u00ebtares kor\u00e7are n\u00eb publik pas disa muajve intensive t\u00eb angazhimit t\u00eb saj me koncerte n\u00eb ver\u00eb. P\u00ebrve\u00e7 projekteve n\u00eb muzik\u00eb, ajo nuk ka hezituar t\u00eb flas\u00eb n\u00eb intervist\u00ebn e Genta Pop\u00ebs dhe p\u00ebr martes\u00ebn, duke pohuar se nuk \u00ebsht\u00eb aspak tabu p\u00ebr\u00a0 t\u00eb, nj\u00eb martes\u00eb e dyt\u00eb.<\/p>\n<p>Ajo ka pohuar se ishte p\u00ebr martes\u00eb natyrisht, por ende nuk e ka gjetur shpirtin binjak me t\u00eb cilin mund\u00a0 t\u00eb lidhte jet\u00ebn. Eli Fara nga martesa e par\u00eb ka nj\u00eb vajz\u00eb t\u00eb rritur q\u00eb quhet Marina, studente n\u00eb nj\u00eb nga universitetet n\u00eb Tiran\u00eb. Pas kthimit nga Shtetet e Bashkuara t\u00eb Amerik\u00ebs, rezidenca e saj ndodhet n\u00eb Tiran\u00eb, ku jeton bashk\u00eb me vajz\u00ebn. Ajo udh\u00ebton shpesh n\u00eb Kosov\u00eb dhe Greqi, ku publiku e pret shum\u00eb mire, pasi ndihet af\u00ebr me repertorin e saj. Eli u kthye p\u00ebrfundimisht nga Nju Jorku pak koh\u00eb m\u00eb par\u00eb me \u201clook\u201d t\u00ebr\u00ebsisht\u00a0 t\u00eb ndryshuar,\u00a0 flok\u00ebt e prera shkurt, nd\u00ebrsa q\u00eb tani shfaqet s\u00ebsrish me flok\u00eb t\u00eb gjata.<\/p>\n<!--YouTube Error: bad URL entered-->\n","protected":false},"excerpt":{"rendered":"<p>K\u00ebng\u00ebtarja Eli Fara \u00ebsht\u00eb rishfaqur para pak dit\u00ebsh n\u00eb ekran n\u00eb form\u00eb ideale, nd\u00ebrsa ka qen\u00eb e ftuar n\u00eb programin \u201cPasdite n\u00eb Top Channel\u201d. Pas perfomanc\u00ebs s\u00eb saj si balerin\u00eb n\u00eb \u201cDancing with the stars\u201d, kjo ishte dalja e par\u00eb e k\u00ebng\u00ebtares kor\u00e7are n\u00eb publik pas disa muajve intensive t\u00eb angazhimit t\u00eb saj me koncerte [&hellip;]<\/p>\n","protected":false},"author":1,"featured_media":0,"comment_status":"open","ping_status":"closed","sticky":false,"template":"","format":"standard","meta":{"spay_email":"","jetpack_publicize_message":"","jetpack_is_tweetstorm":false,"jetpack_publicize_feature_enabled":true},"categories":[1],"tags":[5007],"jetpack_publicize_connections":[],"yoast_head":"<!-- This site is optimized with the Yoast SEO plugin v19.1 - https:\/\/yoast.com\/wordpress\/plugins\/seo\/ -->\n<title>Eli Fara s\u2019kam gjetur personin e duhur - Lajme nga Ulqini<\/title>\n<meta name=\"description\" content=\"K\u00ebng\u00ebtarja Eli Fara \u00ebsht\u00eb rishfaqur para pak dit\u00ebsh n\u00eb ekran n\u00eb form\u00eb ideale, nd\u00ebrsa ka qen\u00eb e ftuar n\u00eb programin \u201cPasdite n\u00eb Top Channel\u201d. Pas\" \/>\n<meta name=\"robots\" content=\"index, follow, max-snippet:-1, max-image-preview:large, max-video-preview:-1\" \/>\n<link rel=\"canonical\" href=\"https:\/\/www.visit-ulcinj.com\/blog\/2010\/09\/22\/eli-fara-s\u2019kam-gjetur-personin-e-duhur\u201d\/\" \/>\n<meta property=\"og:locale\" content=\"en_US\" \/>\n<meta property=\"og:type\" content=\"article\" \/>\n<meta property=\"og:title\" content=\"Eli Fara s\u2019kam gjetur personin e duhur - Lajme nga Ulqini\" \/>\n<meta property=\"og:description\" content=\"K\u00ebng\u00ebtarja Eli Fara \u00ebsht\u00eb rishfaqur para pak dit\u00ebsh n\u00eb ekran n\u00eb form\u00eb ideale, nd\u00ebrsa ka qen\u00eb e ftuar n\u00eb programin \u201cPasdite n\u00eb Top Channel\u201d. Pas\" \/>\n<meta property=\"og:url\" content=\"https:\/\/www.visit-ulcinj.com\/blog\/2010\/09\/22\/eli-fara-s\u2019kam-gjetur-personin-e-duhur\u201d\/\" \/>\n<meta property=\"og:site_name\" content=\"Lajme nga Ulqini\" \/>\n<meta property=\"article:published_time\" content=\"2010-09-22T20:07:00+00:00\" \/>\n<meta property=\"article:modified_time\" content=\"2010-09-26T02:03:04+00:00\" \/>\n<meta property=\"og:image\" content=\"http:\/\/www.visit-ulcinj.com\/blog\/wp-content\/uploads\/2010\/09\/Eli-Fara.jpg\" \/>\n<meta name=\"twitter:label1\" content=\"Written by\" \/>\n\t<meta name=\"twitter:data1\" content=\"ulqini\" \/>\n\t<meta name=\"twitter:label2\" content=\"Est. reading time\" \/>\n\t<meta name=\"twitter:data2\" content=\"1 minute\" \/>\n<script type=\"application\/ld+json\" class=\"yoast-schema-graph\">{\"@context\":\"https:\/\/schema.org\",\"@graph\":[{\"@type\":\"WebSite\",\"@id\":\"https:\/\/www.visit-ulcinj.com\/blog\/#website\",\"url\":\"https:\/\/www.visit-ulcinj.com\/blog\/\",\"name\":\"Lajme nga Ulqini\",\"description\":\"Lajme,Vijesti,Ulqini,Ulqin,Crna Gora,Mali i Zi\",\"potentialAction\":[{\"@type\":\"SearchAction\",\"target\":{\"@type\":\"EntryPoint\",\"urlTemplate\":\"https:\/\/www.visit-ulcinj.com\/blog\/?s={search_term_string}\"},\"query-input\":\"required name=search_term_string\"}],\"inLanguage\":\"en-US\"},{\"@type\":\"ImageObject\",\"inLanguage\":\"en-US\",\"@id\":\"https:\/\/www.visit-ulcinj.com\/blog\/2010\/09\/22\/eli-fara-s%e2%80%99kam-gjetur-personin-e-duhur%e2%80%9d\/#primaryimage\",\"url\":\"http:\/\/www.visit-ulcinj.com\/blog\/wp-content\/uploads\/2010\/09\/Eli-Fara.jpg\",\"contentUrl\":\"http:\/\/www.visit-ulcinj.com\/blog\/wp-content\/uploads\/2010\/09\/Eli-Fara.jpg\"},{\"@type\":\"WebPage\",\"@id\":\"https:\/\/www.visit-ulcinj.com\/blog\/2010\/09\/22\/eli-fara-s%e2%80%99kam-gjetur-personin-e-duhur%e2%80%9d\/#webpage\",\"url\":\"https:\/\/www.visit-ulcinj.com\/blog\/2010\/09\/22\/eli-fara-s%e2%80%99kam-gjetur-personin-e-duhur%e2%80%9d\/\",\"name\":\"Eli Fara s\u2019kam gjetur personin e duhur - Lajme nga Ulqini\",\"isPartOf\":{\"@id\":\"https:\/\/www.visit-ulcinj.com\/blog\/#website\"},\"primaryImageOfPage\":{\"@id\":\"https:\/\/www.visit-ulcinj.com\/blog\/2010\/09\/22\/eli-fara-s%e2%80%99kam-gjetur-personin-e-duhur%e2%80%9d\/#primaryimage\"},\"datePublished\":\"2010-09-22T20:07:00+00:00\",\"dateModified\":\"2010-09-26T02:03:04+00:00\",\"author\":{\"@id\":\"https:\/\/www.visit-ulcinj.com\/blog\/#\/schema\/person\/dcab619c614d3038751c63bc2aadc06d\"},\"description\":\"K\u00ebng\u00ebtarja Eli Fara \u00ebsht\u00eb rishfaqur para pak dit\u00ebsh n\u00eb ekran n\u00eb form\u00eb ideale, nd\u00ebrsa ka qen\u00eb e ftuar n\u00eb programin \u201cPasdite n\u00eb Top Channel\u201d. Pas\",\"breadcrumb\":{\"@id\":\"https:\/\/www.visit-ulcinj.com\/blog\/2010\/09\/22\/eli-fara-s%e2%80%99kam-gjetur-personin-e-duhur%e2%80%9d\/#breadcrumb\"},\"inLanguage\":\"en-US\",\"potentialAction\":[{\"@type\":\"ReadAction\",\"target\":[\"https:\/\/www.visit-ulcinj.com\/blog\/2010\/09\/22\/eli-fara-s%e2%80%99kam-gjetur-personin-e-duhur%e2%80%9d\/\"]}]},{\"@type\":\"BreadcrumbList\",\"@id\":\"https:\/\/www.visit-ulcinj.com\/blog\/2010\/09\/22\/eli-fara-s%e2%80%99kam-gjetur-personin-e-duhur%e2%80%9d\/#breadcrumb\",\"itemListElement\":[{\"@type\":\"ListItem\",\"position\":1,\"name\":\"Eli Fara s\u2019kam gjetur personin e duhur\"}]},{\"@type\":\"Person\",\"@id\":\"https:\/\/www.visit-ulcinj.com\/blog\/#\/schema\/person\/dcab619c614d3038751c63bc2aadc06d\",\"name\":\"ulqini\",\"sameAs\":[\"http:\/\/www.visit-ulcinj.com\"],\"url\":\"https:\/\/www.visit-ulcinj.com\/blog\/author\/admin\/\"}]}<\/script>\n<!-- \/ Yoast SEO plugin. -->","yoast_head_json":{"title":"Eli Fara s\u2019kam gjetur personin e duhur - Lajme nga Ulqini","description":"K\u00ebng\u00ebtarja Eli Fara \u00ebsht\u00eb rishfaqur para pak dit\u00ebsh n\u00eb ekran n\u00eb form\u00eb ideale, nd\u00ebrsa ka qen\u00eb e ftuar n\u00eb programin \u201cPasdite n\u00eb Top Channel\u201d. Pas","robots":{"index":"index","follow":"follow","max-snippet":"max-snippet:-1","max-image-preview":"max-image-preview:large","max-video-preview":"max-video-preview:-1"},"canonical":"https:\/\/www.visit-ulcinj.com\/blog\/2010\/09\/22\/eli-fara-s\u2019kam-gjetur-personin-e-duhur\u201d\/","og_locale":"en_US","og_type":"article","og_title":"Eli Fara s\u2019kam gjetur personin e duhur - Lajme nga Ulqini","og_description":"K\u00ebng\u00ebtarja Eli Fara \u00ebsht\u00eb rishfaqur para pak dit\u00ebsh n\u00eb ekran n\u00eb form\u00eb ideale, nd\u00ebrsa ka qen\u00eb e ftuar n\u00eb programin \u201cPasdite n\u00eb Top Channel\u201d. Pas","og_url":"https:\/\/www.visit-ulcinj.com\/blog\/2010\/09\/22\/eli-fara-s\u2019kam-gjetur-personin-e-duhur\u201d\/","og_site_name":"Lajme nga Ulqini","article_published_time":"2010-09-22T20:07:00+00:00","article_modified_time":"2010-09-26T02:03:04+00:00","og_image":[{"url":"http:\/\/www.visit-ulcinj.com\/blog\/wp-content\/uploads\/2010\/09\/Eli-Fara.jpg"}],"twitter_misc":{"Written by":"ulqini","Est. reading time":"1 minute"},"schema":{"@context":"https:\/\/schema.org","@graph":[{"@type":"WebSite","@id":"https:\/\/www.visit-ulcinj.com\/blog\/#website","url":"https:\/\/www.visit-ulcinj.com\/blog\/","name":"Lajme nga Ulqini","description":"Lajme,Vijesti,Ulqini,Ulqin,Crna Gora,Mali i Zi","potentialAction":[{"@type":"SearchAction","target":{"@type":"EntryPoint","urlTemplate":"https:\/\/www.visit-ulcinj.com\/blog\/?s={search_term_string}"},"query-input":"required name=search_term_string"}],"inLanguage":"en-US"},{"@type":"ImageObject","inLanguage":"en-US","@id":"https:\/\/www.visit-ulcinj.com\/blog\/2010\/09\/22\/eli-fara-s%e2%80%99kam-gjetur-personin-e-duhur%e2%80%9d\/#primaryimage","url":"http:\/\/www.visit-ulcinj.com\/blog\/wp-content\/uploads\/2010\/09\/Eli-Fara.jpg","contentUrl":"http:\/\/www.visit-ulcinj.com\/blog\/wp-content\/uploads\/2010\/09\/Eli-Fara.jpg"},{"@type":"WebPage","@id":"https:\/\/www.visit-ulcinj.com\/blog\/2010\/09\/22\/eli-fara-s%e2%80%99kam-gjetur-personin-e-duhur%e2%80%9d\/#webpage","url":"https:\/\/www.visit-ulcinj.com\/blog\/2010\/09\/22\/eli-fara-s%e2%80%99kam-gjetur-personin-e-duhur%e2%80%9d\/","name":"Eli Fara s\u2019kam gjetur personin e duhur - Lajme nga Ulqini","isPartOf":{"@id":"https:\/\/www.visit-ulcinj.com\/blog\/#website"},"primaryImageOfPage":{"@id":"https:\/\/www.visit-ulcinj.com\/blog\/2010\/09\/22\/eli-fara-s%e2%80%99kam-gjetur-personin-e-duhur%e2%80%9d\/#primaryimage"},"datePublished":"2010-09-22T20:07:00+00:00","dateModified":"2010-09-26T02:03:04+00:00","author":{"@id":"https:\/\/www.visit-ulcinj.com\/blog\/#\/schema\/person\/dcab619c614d3038751c63bc2aadc06d"},"description":"K\u00ebng\u00ebtarja Eli Fara \u00ebsht\u00eb rishfaqur para pak dit\u00ebsh n\u00eb ekran n\u00eb form\u00eb ideale, nd\u00ebrsa ka qen\u00eb e ftuar n\u00eb programin \u201cPasdite n\u00eb Top Channel\u201d. Pas","breadcrumb":{"@id":"https:\/\/www.visit-ulcinj.com\/blog\/2010\/09\/22\/eli-fara-s%e2%80%99kam-gjetur-personin-e-duhur%e2%80%9d\/#breadcrumb"},"inLanguage":"en-US","potentialAction":[{"@type":"ReadAction","target":["https:\/\/www.visit-ulcinj.com\/blog\/2010\/09\/22\/eli-fara-s%e2%80%99kam-gjetur-personin-e-duhur%e2%80%9d\/"]}]},{"@type":"BreadcrumbList","@id":"https:\/\/www.visit-ulcinj.com\/blog\/2010\/09\/22\/eli-fara-s%e2%80%99kam-gjetur-personin-e-duhur%e2%80%9d\/#breadcrumb","itemListElement":[{"@type":"ListItem","position":1,"name":"Eli Fara s\u2019kam gjetur personin e duhur"}]},{"@type":"Person","@id":"https:\/\/www.visit-ulcinj.com\/blog\/#\/schema\/person\/dcab619c614d3038751c63bc2aadc06d","name":"ulqini","sameAs":["http:\/\/www.visit-ulcinj.com"],"url":"https:\/\/www.visit-ulcinj.com\/blog\/author\/admin\/"}]}},"jetpack_featured_media_url":"","jetpack_sharing_enabled":true,"jetpack_shortlink":"https:\/\/wp.me\/pe6lTn-9Lg","_links":{"self":[{"href":"https:\/\/www.visit-ulcinj.com\/blog\/wp-json\/wp\/v2\/posts\/37526"}],"collection":[{"href":"https:\/\/www.visit-ulcinj.com\/blog\/wp-json\/wp\/v2\/posts"}],"about":[{"href":"https:\/\/www.visit-ulcinj.com\/blog\/wp-json\/wp\/v2\/types\/post"}],"author":[{"embeddable":true,"href":"https:\/\/www.visit-ulcinj.com\/blog\/wp-json\/wp\/v2\/users\/1"}],"replies":[{"embeddable":true,"href":"https:\/\/www.visit-ulcinj.com\/blog\/wp-json\/wp\/v2\/comments?post=37526"}],"version-history":[{"count":0,"href":"https:\/\/www.visit-ulcinj.com\/blog\/wp-json\/wp\/v2\/posts\/37526\/revisions"}],"wp:attachment":[{"href":"https:\/\/www.visit-ulcinj.com\/blog\/wp-json\/wp\/v2\/media?parent=37526"}],"wp:term":[{"taxonomy":"category","embeddable":true,"href":"https:\/\/www.visit-ulcinj.com\/blog\/wp-json\/wp\/v2\/categories?post=37526"},{"taxonomy":"post_tag","embeddable":true,"href":"https:\/\/www.visit-ulcinj.com\/blog\/wp-json\/wp\/v2\/tags?post=37526"}],"curies":[{"name":"wp","href":"https:\/\/api.w.org\/{rel}","templated":true}]}}