{"id":37540,"date":"2010-09-24T18:00:00","date_gmt":"2010-09-24T16:00:00","guid":{"rendered":"http:\/\/www.visit-ulcinj.com\/blog\/?p=37540"},"modified":"2010-09-24T20:04:11","modified_gmt":"2010-09-24T18:04:11","slug":"dr-sabina-osmanoviq-per-veprimatrine-shkencore-te-prof-dr-ruzhdi-ushakut","status":"publish","type":"post","link":"https:\/\/www.visit-ulcinj.com\/blog\/2010\/09\/24\/dr-sabina-osmanoviq-per-veprimatrine-shkencore-te-prof-dr-ruzhdi-ushakut\/","title":{"rendered":"Dr. Sabina Osmanoviq p\u00ebr veprimatrin\u00eb shkencore t\u00eb Prof. Dr. Ruzhdi Ushakut"},"content":{"rendered":"<p><strong><a href=\"http:\/\/www.visit-ulcinj.com\/blog\/wp-content\/uploads\/2010\/09\/U-p\u00ebrurua-libri-i-Prof.-Dr.-Ruzhdi-Ushakut-ulqini.21.jpg\"><img loading=\"lazy\" class=\"alignleft size-full wp-image-37541\" title=\"U-p\u00ebrurua-libri-i-Prof.-Dr.-Ruzhdi-Ushakut-ulqini.2\" src=\"http:\/\/www.visit-ulcinj.com\/blog\/wp-content\/uploads\/2010\/09\/U-p\u00ebrurua-libri-i-Prof.-Dr.-Ruzhdi-Ushakut-ulqini.21.jpg\" alt=\"\" width=\"490\" height=\"382\" \/><\/a>Mes studimit faktik dhe krijimit artistik<br \/>\n<\/strong><strong>(\u201eUlqini n\u00eb p\u00ebrmasa k\u00ebrkimi dhe frym\u00ebzimi\u201d i profesor Ruzhdi Ushakut)<\/strong><\/p>\n<p><strong> <\/strong><strong><\/strong><\/p>\n<p>N\u00eb k\u00ebt\u00eb lib\u00ebr del n\u00eb pah shpirti krijues\u00a0i autorit duke ndar\u00eb me lexuesin\u00a0ndjesit\u00eb dhe p\u00ebrjetimet gjat\u00eb\u00a0k\u00ebrkimeve t\u00eb mundimshme\u00a0shum\u00ebvjecare shkencore. I nd\u00ebrtuar\u00a0mbi baza faktografike, me\u00a0udh\u00ebpershkrime dhe kronika ky\u00a0lib\u00ebr \u00ebsht\u00eb konceptuar n\u00eb form\u00eb t\u00eb\u00a0nj\u00eb kalendari letrar.\u00a0N\u00eb veprimatrin\u00eb shkencore shum\u00ebvjecare profesor\u00a0Ushaku nj\u00eb r\u00ebnd\u00ebsi fundamentale i ka\u00a0kushtuar studimit dhe hulumtimit t\u00eb qytetit t\u00eb\u00a0tij t\u00eb lindjes Ulqinit, duke dh\u00ebn\u00eb k\u00ebshtu nj\u00eb\u00a0kontribut kolosal n\u00eb k\u00ebt\u00eb aspekt. N\u00eb kontrast\u00a0me studimet e m\u00ebher\u00ebshme lidhur me k\u00ebt\u00eb\u00a0qytet t\u00eb cil\u00ebt kan\u00eb patur karakter thelb\u00ebsisht\u00a0shkencor\u00eb, n\u00eb librin e tij m\u00eb t\u00eb ri Ulqini n\u00eb p\u00ebrmasa\u00a0k\u00ebrkimi dhe frym\u00ebzimi autori q\u00eb nga titulli\u00a0paralajm\u00ebron se kemi t\u00eb b\u00ebjm\u00eb me nj\u00eb\u00a0vep\u00ebr krejt\u00ebsisht t\u00eb ve\u00e7ant\u00eb n\u00eb llojin e vet si\u00a0dhe n\u00eb krijimtarin\u00eb e tij intelektuale. Mbi t\u00eb\u00a0kaluer\u00ebn e Ulqinit titullohet hyrja shkencore q\u00eb\u00a0sh\u00ebrben si prolog p\u00ebr t\u00eb kaluar m\u00eb pas tek pjesa\u00a0eseistike e k\u00ebsaj vepre.<br \/>\n<a href=\"http:\/\/www.visit-ulcinj.com\/blog\/wp-content\/uploads\/2010\/09\/U-p\u00ebrurua-libri-i-Prof.-Dr.-Ruzhdi-Ushakut-ulqini1.jpg\"><img loading=\"lazy\" class=\"alignleft size-full wp-image-37542\" title=\"U-p\u00ebrurua-libri-i-Prof.-Dr.-Ruzhdi-Ushakut-ulqini\" src=\"http:\/\/www.visit-ulcinj.com\/blog\/wp-content\/uploads\/2010\/09\/U-p\u00ebrurua-libri-i-Prof.-Dr.-Ruzhdi-Ushakut-ulqini1.jpg\" alt=\"\" width=\"490\" height=\"380\" \/><\/a>N\u00eb 20 eset\u00eb q\u00eb vijojn\u00eb\u00a0profesor Ushaku fton lexuesin prapa kuintave\u00a0t\u00eb bot\u00ebs s\u00eb rrept\u00eb shkencore, shpalos ndjesit\u00eb\u00a0dhe t\u00eb fshehtat e mekanizmit t\u00eb shkenc\u00ebtarit\u00a0duke kap\u00ebrcyer k\u00ebshtu n\u00eb nj\u00eb dimension tjet\u00ebr\u00a0dhe duke i l\u00ebn\u00eb vend forc\u00ebs s\u00eb imagjinat\u00ebs apo\u00a0shprehur ndryshe me fjal\u00ebt e tij si n\u00eb vijim:\u00a0\u201cU ula pak\u00ebz n\u00eb nj\u00eb bllok guri, aty pran\u00eb\u00a0muran\u00ebs dhe themeleve madh\u00ebshtore, dhe u\u00a0ndjeva si nj\u00eb mysafir i larg\u00ebt n\u00eb nj\u00eb koh\u00eb t\u00eb\u00a0larg\u00ebt\u2026 M\u00eb kujtohet shum\u00ebcka q\u00eb kisha lexuar,\u00a0hulumtuar, studjuar lidhur me themelet e\u00a0k\u00ebtij qyteti t\u00eb lasht\u00eb, p\u00ebr zhvillimin e jet\u00ebs dhe\u00a0qytet\u00ebrimit n\u00eb k\u00ebto an\u00eb. M\u00eb dukej se p\u00ebrpara\u00a0meje u hapen shum\u00eb flet\u00eb t\u00eb librave t\u00eb vjet\u00ebr,\u00a0sikur parakaluan shum\u00eb sh\u00ebnime q\u00eb kishin\u00a0mbetur nga antika e q\u00eb ia l\u00ebshuan vendin nj\u00eb\u00a0rindertimi imagjinativ.\u201d (Ushaku: Ulqini n\u00eb\u00a0p\u00ebrmasa k\u00ebrkimi dhe frym\u00ebzimi, f. 90)\u00a0N\u00eb k\u00ebt\u00eb lib\u00ebr del n\u00eb pah shpirti krijues i autorit\u00a0duke ndar\u00eb me lexuesin ndjesit\u00eb dhe p\u00ebrjetimet\u00a0gjat\u00eb k\u00ebrkimeve t\u00eb mundimshme shum\u00ebvjecare\u00a0shkencore. I nd\u00ebrtuar mbi baza faktografike,\u00a0me udh\u00ebpershkrime dhe kronika ky lib\u00ebr \u00ebsht\u00eb\u00a0konceptuar n\u00eb form\u00eb t\u00eb nj\u00eb kalendari letrar.\u00a0Duke synuar nj\u00eb rreth heterogjen t\u00eb lexueseve\u00a0dhe duke shmangur diskursin rigoroz e normativ\u00a0shkencor, si\u00e7 dhe \u00ebsht\u00eb theksuar n\u00eb\u00a0parath\u00ebnie t\u00eb k\u00ebtij libri, profesori tenton t\u00eb krijoj\u00eb\u00a0nj\u00eb komunikim m\u00eb intim me publikun.<br \/>\nLibri i ndar\u00eb n\u00eb dy pjes\u00eb Gjuha e monumenteve\u00a0dhe Reflekse gjuh\u00ebsore-artistike,\u00a0\u00ebsht\u00eb nj\u00eb g\u00ebrshetim i fiksionit dhe ralitetit historik,\u00a0mitik\u00ebs dhe fakteve shkencore. Duke u\u00a0sh\u00ebrbyer me disciplin\u00ebn e onomastik\u00ebs dhe\u00a0asociacioneve gjuh\u00ebsore, profesor Ushaku\u00a0nd\u00ebrmerr zb\u00ebrthimin gjenealogjik t\u00eb em\u00ebrtimeve\u00a0duke zgjedhur k\u00ebshtu nj\u00eb m\u00ebnyr\u00eb\u00a0origjinale p\u00ebr t\u00eb shuar kureshtjen e tij prej\u00a0shkenc\u00ebtari.\u00a0Me misionin orfeik, ai u jep z\u00eb monumenteve,\u00a0dialogon me Hije (si p.sh. at\u00eb t\u00eb Bindit dhe\u00a0Ulkut) dhe i gjall\u00ebron legjendat. Kjo teknik\u00eb\u00a0narrative e theksuar me fjali retorike, intrigon\u00a0dhe ndjell lexuesin t`u rikthehet pasazheve q\u00eb\u00a0nj\u00ebherit jan\u00eb inkarnacione letrare. Stili\u00a0impozant i profesor Ushakut, me periudha\u00a0prustiane, ilustron eset\u00eb epizodike duke i\u00a0dh\u00ebn\u00eb k\u00ebshtu k\u00ebsaj vepre vler\u00eb artisitike.\u00a0Karakteristik\u00eb e k\u00ebtyre eseve \u00ebsht\u00eb q\u00eb autori\u00a0lavron nj\u00eb form\u00eb t\u00eb re tregimi, ai i \u201eeses\u00eb brenda\u00a0eseje\u201c, q\u00eb t\u00ebrhiqet p\u00ebrgjat\u00eb gjith\u00eb k\u00ebtij libri\u00a0duke formuar n\u00eb t\u00ebr\u00ebsi nj\u00eb struktur\u00eb kompakte.\u00a0Duke rrjedhur nga nj\u00eb kultur\u00eb me tradit\u00eb orale,\u00a0profesor Ushaku jo rast\u00ebsisht i kushton nj\u00eb\u00a0kapitull tradit\u00ebs muzikore t\u00eb Ulqinit ku b\u00ebn\u00a0analiz\u00eb dhe interpretim \u201cBalad\u00ebs s\u00eb Shasit\u201d,\u00a0\u201cMores\u00eb\u201d enigmatike, valles s\u00eb \u201cGusharavelit\u201d\u00a0dhe k\u00ebng\u00ebve t\u00eb detit. Nj\u00eb pik\u00eb tjet\u00ebr interesante\u00a0\u00ebsht\u00eb v\u00ebmendja me t\u00eb cilen trajtohen shprehjet\u00a0frazologjike ku parimisht mbizot\u00ebron simbolika\u00a0e gurit dhe ujit.<br \/>\nTek ky autor ndjehet synimi\u00a0p\u00ebr t\u00eb ngritur teza t\u00eb reja, k\u00ebndv\u00ebshtrime dhe\u00a0q\u00ebndrime objektive kundrejt\u00eb teorive\u00a0egzistuese shkencore q\u00eb e b\u00ebn k\u00ebt\u00eb lib\u00ebr t\u00eb ket\u00eb\u00a0natyr\u00eb hulumtuese, n\u00eb an\u00ebn tjet\u00ebr literatur\u00ebs\u00a0shkencore autori i jep konfiguracion\u00a0frym\u00ebzues letrar fal\u00eb form\u00ebs eseistike q\u00eb\u00a0mund\u00ebson rind\u00ebrtim emocional t\u00eb ngjarjeve\u00a0dhe t\u00eb dh\u00ebnave historike. Si\u00e7 duket profesor\u00a0Ushaku e ka gjetur veten mjaft mir\u00eb n\u00eb zhanrin\u00a0e eses\u00eb i cili i jep lirshm\u00ebri p\u00ebr t\u00eb\u00a0manovruar edhe n\u00eb detin e pafund t\u00eb let\u00ebrsis\u00eb.<br \/>\n<a href=\"http:\/\/www.visit-ulcinj.com\/blog\/wp-content\/uploads\/2010\/09\/Ruzhdi-Ushaku_-Sabina-Osmanoviq_ulqin.jpg\"><img loading=\"lazy\" class=\"alignleft size-full wp-image-37543\" title=\"Ruzhdi Ushaku_ Sabina Osmanoviq_ulqin\" src=\"http:\/\/www.visit-ulcinj.com\/blog\/wp-content\/uploads\/2010\/09\/Ruzhdi-Ushaku_-Sabina-Osmanoviq_ulqin.jpg\" alt=\"\" width=\"490\" height=\"380\" \/><\/a>N\u00eb k\u00ebt\u00eb m\u00ebnyr\u00eb ai p\u00ebr\u00e7on nj\u00eb pjes\u00eb t\u00eb s\u00eb\u00a0kaluar\u00ebs n\u00eb dit\u00ebt tona, nd\u00ebrsa t\u00eb tashmen e\u00a0gravon p\u00ebr t\u00eb l\u00ebn\u00eb gjurm\u00eb dhe p\u00ebr ta b\u00ebr\u00eb t\u00eb\u00a0p\u00ebrjetshme dhe t\u00eb p\u00ebrfytyrueshme p\u00ebr t\u00eb\u00a0ardhmen.\u00a0Si n\u00eb nj\u00eb tabaka t\u00eb argjendt\u00eb, autori servon\u00a0p\u00ebr lexuesin nj\u00eb lloj\u00eb \u201aproze shkencore\u2019 ku\u00a0shkrihet kufiri mes fakticitetit dhe imagjinat\u00ebs\u00a0s\u00eb jasht\u00ebzakonshme krijuese. Q\u00ebllimin e\u00a0k\u00ebsaj p\u00ebrzierje jokonvencionale, e q\u00eb le p\u00ebrshtypjen\u00a0e nj\u00eb p\u00ebrjetimi d\u00e9j\u00e0-vu e ilustron m\u00eb\u00a0s\u00eb miri pasazhi n\u00eb vijim shk\u00ebputur nga libri\u00a0n\u00eb fjal\u00eb, e q\u00eb n\u00eb m\u00ebnyr\u00eb p\u00ebrmbledh\u00ebse dhe\u00a0pregnante rrumbullakson k\u00ebt\u00eb vler\u00ebsim kritik:\u00a0\u201cLe t\u00eb mbeten edhe k\u00ebto ngjarje nj\u00eb hallk\u00eb n\u00eb\u00a0zinxhirin e jet\u00ebs krijuese, por edhe si realitet\u00a0e simbol q\u00eb nj\u00eb objekt aq i thjesht\u00eb, nj\u00eb tjegull\u00a0q\u00eb mund t\u00eb preket e jo e imagjinuar, mjafton\u00a0ndonj\u00ebher\u00eb p\u00ebr t\u00eb bindur dike se \u00ebsht\u00eb gjall\u00eb\u00a0dhe se ngjarja nuk \u00ebsht\u00eb trill i thjesht\u00eb, legjenda\u00a0nuk \u00ebsht\u00eb fiksion absolut. Realiteti dhe\u00a0qenia e njeriut fshehet n\u00eb form\u00ebn e monumenteve\u00a0te shkruara, por edhe te pashkruara,\u00a0si vep\u00ebr q\u00eb d\u00ebshmon se dikush ka ekzistuar\u00a0dje, se dikush ekziston sot, e dikush do t\u00eb\u00a0ekzistoj\u00eb edhe nes\u00ebr.\u201d (Ushaku: Ulqini n\u00eb\u00a0p\u00ebrmasa k\u00ebrkimi dhe frym\u00ebzimi, f. 200)<\/p>\n<p><strong>Dr. Sabina Osmanoviq<br \/>\nKoha Javore<br \/>\n<!--YouTube Error: bad URL entered--><\/strong><\/p>\n","protected":false},"excerpt":{"rendered":"<p>Mes studimit faktik dhe krijimit artistik (\u201eUlqini n\u00eb p\u00ebrmasa k\u00ebrkimi dhe frym\u00ebzimi\u201d i profesor Ruzhdi Ushakut) N\u00eb k\u00ebt\u00eb lib\u00ebr del n\u00eb pah shpirti krijues\u00a0i autorit duke ndar\u00eb me lexuesin\u00a0ndjesit\u00eb dhe p\u00ebrjetimet gjat\u00eb\u00a0k\u00ebrkimeve t\u00eb mundimshme\u00a0shum\u00ebvjecare shkencore. I nd\u00ebrtuar\u00a0mbi baza faktografike, me\u00a0udh\u00ebpershkrime dhe kronika ky\u00a0lib\u00ebr \u00ebsht\u00eb konceptuar n\u00eb form\u00eb t\u00eb\u00a0nj\u00eb kalendari letrar.\u00a0N\u00eb veprimatrin\u00eb shkencore shum\u00ebvjecare profesor\u00a0Ushaku nj\u00eb [&hellip;]<\/p>\n","protected":false},"author":1,"featured_media":0,"comment_status":"open","ping_status":"closed","sticky":false,"template":"","format":"standard","meta":{"spay_email":"","jetpack_publicize_message":"","jetpack_is_tweetstorm":false,"jetpack_publicize_feature_enabled":true},"categories":[14249],"tags":[],"jetpack_publicize_connections":[],"yoast_head":"<!-- This site is optimized with the Yoast SEO plugin v19.1 - https:\/\/yoast.com\/wordpress\/plugins\/seo\/ -->\n<title>Dr. Sabina Osmanoviq p\u00ebr veprimatrin\u00eb shkencore t\u00eb Prof. Dr. Ruzhdi Ushakut - Lajme nga Ulqini<\/title>\n<meta name=\"description\" content=\"Mes studimit faktik dhe krijimit artistik (\u201eUlqini n\u00eb p\u00ebrmasa k\u00ebrkimi dhe frym\u00ebzimi\u201d i profesor Ruzhdi Ushakut) N\u00eb k\u00ebt\u00eb lib\u00ebr del n\u00eb pah shpirti krijues\u00a0i\" \/>\n<meta name=\"robots\" content=\"index, follow, max-snippet:-1, max-image-preview:large, max-video-preview:-1\" \/>\n<link rel=\"canonical\" href=\"https:\/\/www.visit-ulcinj.com\/blog\/2010\/09\/24\/dr-sabina-osmanoviq-per-veprimatrine-shkencore-te-prof-dr-ruzhdi-ushakut\/\" \/>\n<meta property=\"og:locale\" content=\"en_US\" \/>\n<meta property=\"og:type\" content=\"article\" \/>\n<meta property=\"og:title\" content=\"Dr. Sabina Osmanoviq p\u00ebr veprimatrin\u00eb shkencore t\u00eb Prof. Dr. Ruzhdi Ushakut - Lajme nga Ulqini\" \/>\n<meta property=\"og:description\" content=\"Mes studimit faktik dhe krijimit artistik (\u201eUlqini n\u00eb p\u00ebrmasa k\u00ebrkimi dhe frym\u00ebzimi\u201d i profesor Ruzhdi Ushakut) N\u00eb k\u00ebt\u00eb lib\u00ebr del n\u00eb pah shpirti krijues\u00a0i\" \/>\n<meta property=\"og:url\" content=\"https:\/\/www.visit-ulcinj.com\/blog\/2010\/09\/24\/dr-sabina-osmanoviq-per-veprimatrine-shkencore-te-prof-dr-ruzhdi-ushakut\/\" \/>\n<meta property=\"og:site_name\" content=\"Lajme nga Ulqini\" \/>\n<meta property=\"article:published_time\" content=\"2010-09-24T16:00:00+00:00\" \/>\n<meta property=\"article:modified_time\" content=\"2010-09-24T18:04:11+00:00\" \/>\n<meta property=\"og:image\" content=\"http:\/\/www.visit-ulcinj.com\/blog\/wp-content\/uploads\/2010\/09\/Ruzhdi-Ushaku_-Sabina-Osmanoviq_ulqin.jpg\" \/>\n<meta name=\"twitter:label1\" content=\"Written by\" \/>\n\t<meta name=\"twitter:data1\" content=\"ulqini\" \/>\n\t<meta name=\"twitter:label2\" content=\"Est. reading time\" \/>\n\t<meta name=\"twitter:data2\" content=\"5 minutes\" \/>\n<script type=\"application\/ld+json\" class=\"yoast-schema-graph\">{\"@context\":\"https:\/\/schema.org\",\"@graph\":[{\"@type\":\"WebSite\",\"@id\":\"https:\/\/www.visit-ulcinj.com\/blog\/#website\",\"url\":\"https:\/\/www.visit-ulcinj.com\/blog\/\",\"name\":\"Lajme nga Ulqini\",\"description\":\"Lajme,Vijesti,Ulqini,Ulqin,Crna Gora,Mali i Zi\",\"potentialAction\":[{\"@type\":\"SearchAction\",\"target\":{\"@type\":\"EntryPoint\",\"urlTemplate\":\"https:\/\/www.visit-ulcinj.com\/blog\/?s={search_term_string}\"},\"query-input\":\"required name=search_term_string\"}],\"inLanguage\":\"en-US\"},{\"@type\":\"ImageObject\",\"inLanguage\":\"en-US\",\"@id\":\"https:\/\/www.visit-ulcinj.com\/blog\/2010\/09\/24\/dr-sabina-osmanoviq-per-veprimatrine-shkencore-te-prof-dr-ruzhdi-ushakut\/#primaryimage\",\"url\":\"https:\/\/www.visit-ulcinj.com\/blog\/wp-content\/uploads\/2010\/09\/Ruzhdi-Ushaku_-Sabina-Osmanoviq_ulqin.jpg\",\"contentUrl\":\"https:\/\/www.visit-ulcinj.com\/blog\/wp-content\/uploads\/2010\/09\/Ruzhdi-Ushaku_-Sabina-Osmanoviq_ulqin.jpg\",\"width\":\"720\",\"height\":\"542\"},{\"@type\":\"WebPage\",\"@id\":\"https:\/\/www.visit-ulcinj.com\/blog\/2010\/09\/24\/dr-sabina-osmanoviq-per-veprimatrine-shkencore-te-prof-dr-ruzhdi-ushakut\/#webpage\",\"url\":\"https:\/\/www.visit-ulcinj.com\/blog\/2010\/09\/24\/dr-sabina-osmanoviq-per-veprimatrine-shkencore-te-prof-dr-ruzhdi-ushakut\/\",\"name\":\"Dr. Sabina Osmanoviq p\u00ebr veprimatrin\u00eb shkencore t\u00eb Prof. Dr. Ruzhdi Ushakut - Lajme nga Ulqini\",\"isPartOf\":{\"@id\":\"https:\/\/www.visit-ulcinj.com\/blog\/#website\"},\"primaryImageOfPage\":{\"@id\":\"https:\/\/www.visit-ulcinj.com\/blog\/2010\/09\/24\/dr-sabina-osmanoviq-per-veprimatrine-shkencore-te-prof-dr-ruzhdi-ushakut\/#primaryimage\"},\"datePublished\":\"2010-09-24T16:00:00+00:00\",\"dateModified\":\"2010-09-24T18:04:11+00:00\",\"author\":{\"@id\":\"https:\/\/www.visit-ulcinj.com\/blog\/#\/schema\/person\/dcab619c614d3038751c63bc2aadc06d\"},\"description\":\"Mes studimit faktik dhe krijimit artistik (\u201eUlqini n\u00eb p\u00ebrmasa k\u00ebrkimi dhe frym\u00ebzimi\u201d i profesor Ruzhdi Ushakut) N\u00eb k\u00ebt\u00eb lib\u00ebr del n\u00eb pah shpirti krijues\u00a0i\",\"breadcrumb\":{\"@id\":\"https:\/\/www.visit-ulcinj.com\/blog\/2010\/09\/24\/dr-sabina-osmanoviq-per-veprimatrine-shkencore-te-prof-dr-ruzhdi-ushakut\/#breadcrumb\"},\"inLanguage\":\"en-US\",\"potentialAction\":[{\"@type\":\"ReadAction\",\"target\":[\"https:\/\/www.visit-ulcinj.com\/blog\/2010\/09\/24\/dr-sabina-osmanoviq-per-veprimatrine-shkencore-te-prof-dr-ruzhdi-ushakut\/\"]}]},{\"@type\":\"BreadcrumbList\",\"@id\":\"https:\/\/www.visit-ulcinj.com\/blog\/2010\/09\/24\/dr-sabina-osmanoviq-per-veprimatrine-shkencore-te-prof-dr-ruzhdi-ushakut\/#breadcrumb\",\"itemListElement\":[{\"@type\":\"ListItem\",\"position\":1,\"name\":\"Dr. Sabina Osmanoviq p\u00ebr veprimatrin\u00eb shkencore t\u00eb Prof. Dr. Ruzhdi Ushakut\"}]},{\"@type\":\"Person\",\"@id\":\"https:\/\/www.visit-ulcinj.com\/blog\/#\/schema\/person\/dcab619c614d3038751c63bc2aadc06d\",\"name\":\"ulqini\",\"sameAs\":[\"http:\/\/www.visit-ulcinj.com\"],\"url\":\"https:\/\/www.visit-ulcinj.com\/blog\/author\/admin\/\"}]}<\/script>\n<!-- \/ Yoast SEO plugin. -->","yoast_head_json":{"title":"Dr. Sabina Osmanoviq p\u00ebr veprimatrin\u00eb shkencore t\u00eb Prof. Dr. Ruzhdi Ushakut - Lajme nga Ulqini","description":"Mes studimit faktik dhe krijimit artistik (\u201eUlqini n\u00eb p\u00ebrmasa k\u00ebrkimi dhe frym\u00ebzimi\u201d i profesor Ruzhdi Ushakut) N\u00eb k\u00ebt\u00eb lib\u00ebr del n\u00eb pah shpirti krijues\u00a0i","robots":{"index":"index","follow":"follow","max-snippet":"max-snippet:-1","max-image-preview":"max-image-preview:large","max-video-preview":"max-video-preview:-1"},"canonical":"https:\/\/www.visit-ulcinj.com\/blog\/2010\/09\/24\/dr-sabina-osmanoviq-per-veprimatrine-shkencore-te-prof-dr-ruzhdi-ushakut\/","og_locale":"en_US","og_type":"article","og_title":"Dr. Sabina Osmanoviq p\u00ebr veprimatrin\u00eb shkencore t\u00eb Prof. Dr. Ruzhdi Ushakut - Lajme nga Ulqini","og_description":"Mes studimit faktik dhe krijimit artistik (\u201eUlqini n\u00eb p\u00ebrmasa k\u00ebrkimi dhe frym\u00ebzimi\u201d i profesor Ruzhdi Ushakut) N\u00eb k\u00ebt\u00eb lib\u00ebr del n\u00eb pah shpirti krijues\u00a0i","og_url":"https:\/\/www.visit-ulcinj.com\/blog\/2010\/09\/24\/dr-sabina-osmanoviq-per-veprimatrine-shkencore-te-prof-dr-ruzhdi-ushakut\/","og_site_name":"Lajme nga Ulqini","article_published_time":"2010-09-24T16:00:00+00:00","article_modified_time":"2010-09-24T18:04:11+00:00","og_image":[{"url":"http:\/\/www.visit-ulcinj.com\/blog\/wp-content\/uploads\/2010\/09\/Ruzhdi-Ushaku_-Sabina-Osmanoviq_ulqin.jpg"}],"twitter_misc":{"Written by":"ulqini","Est. reading time":"5 minutes"},"schema":{"@context":"https:\/\/schema.org","@graph":[{"@type":"WebSite","@id":"https:\/\/www.visit-ulcinj.com\/blog\/#website","url":"https:\/\/www.visit-ulcinj.com\/blog\/","name":"Lajme nga Ulqini","description":"Lajme,Vijesti,Ulqini,Ulqin,Crna Gora,Mali i Zi","potentialAction":[{"@type":"SearchAction","target":{"@type":"EntryPoint","urlTemplate":"https:\/\/www.visit-ulcinj.com\/blog\/?s={search_term_string}"},"query-input":"required name=search_term_string"}],"inLanguage":"en-US"},{"@type":"ImageObject","inLanguage":"en-US","@id":"https:\/\/www.visit-ulcinj.com\/blog\/2010\/09\/24\/dr-sabina-osmanoviq-per-veprimatrine-shkencore-te-prof-dr-ruzhdi-ushakut\/#primaryimage","url":"https:\/\/www.visit-ulcinj.com\/blog\/wp-content\/uploads\/2010\/09\/Ruzhdi-Ushaku_-Sabina-Osmanoviq_ulqin.jpg","contentUrl":"https:\/\/www.visit-ulcinj.com\/blog\/wp-content\/uploads\/2010\/09\/Ruzhdi-Ushaku_-Sabina-Osmanoviq_ulqin.jpg","width":"720","height":"542"},{"@type":"WebPage","@id":"https:\/\/www.visit-ulcinj.com\/blog\/2010\/09\/24\/dr-sabina-osmanoviq-per-veprimatrine-shkencore-te-prof-dr-ruzhdi-ushakut\/#webpage","url":"https:\/\/www.visit-ulcinj.com\/blog\/2010\/09\/24\/dr-sabina-osmanoviq-per-veprimatrine-shkencore-te-prof-dr-ruzhdi-ushakut\/","name":"Dr. Sabina Osmanoviq p\u00ebr veprimatrin\u00eb shkencore t\u00eb Prof. Dr. Ruzhdi Ushakut - Lajme nga Ulqini","isPartOf":{"@id":"https:\/\/www.visit-ulcinj.com\/blog\/#website"},"primaryImageOfPage":{"@id":"https:\/\/www.visit-ulcinj.com\/blog\/2010\/09\/24\/dr-sabina-osmanoviq-per-veprimatrine-shkencore-te-prof-dr-ruzhdi-ushakut\/#primaryimage"},"datePublished":"2010-09-24T16:00:00+00:00","dateModified":"2010-09-24T18:04:11+00:00","author":{"@id":"https:\/\/www.visit-ulcinj.com\/blog\/#\/schema\/person\/dcab619c614d3038751c63bc2aadc06d"},"description":"Mes studimit faktik dhe krijimit artistik (\u201eUlqini n\u00eb p\u00ebrmasa k\u00ebrkimi dhe frym\u00ebzimi\u201d i profesor Ruzhdi Ushakut) N\u00eb k\u00ebt\u00eb lib\u00ebr del n\u00eb pah shpirti krijues\u00a0i","breadcrumb":{"@id":"https:\/\/www.visit-ulcinj.com\/blog\/2010\/09\/24\/dr-sabina-osmanoviq-per-veprimatrine-shkencore-te-prof-dr-ruzhdi-ushakut\/#breadcrumb"},"inLanguage":"en-US","potentialAction":[{"@type":"ReadAction","target":["https:\/\/www.visit-ulcinj.com\/blog\/2010\/09\/24\/dr-sabina-osmanoviq-per-veprimatrine-shkencore-te-prof-dr-ruzhdi-ushakut\/"]}]},{"@type":"BreadcrumbList","@id":"https:\/\/www.visit-ulcinj.com\/blog\/2010\/09\/24\/dr-sabina-osmanoviq-per-veprimatrine-shkencore-te-prof-dr-ruzhdi-ushakut\/#breadcrumb","itemListElement":[{"@type":"ListItem","position":1,"name":"Dr. Sabina Osmanoviq p\u00ebr veprimatrin\u00eb shkencore t\u00eb Prof. Dr. Ruzhdi Ushakut"}]},{"@type":"Person","@id":"https:\/\/www.visit-ulcinj.com\/blog\/#\/schema\/person\/dcab619c614d3038751c63bc2aadc06d","name":"ulqini","sameAs":["http:\/\/www.visit-ulcinj.com"],"url":"https:\/\/www.visit-ulcinj.com\/blog\/author\/admin\/"}]}},"jetpack_featured_media_url":"","jetpack_sharing_enabled":true,"jetpack_shortlink":"https:\/\/wp.me\/pe6lTn-9Lu","_links":{"self":[{"href":"https:\/\/www.visit-ulcinj.com\/blog\/wp-json\/wp\/v2\/posts\/37540"}],"collection":[{"href":"https:\/\/www.visit-ulcinj.com\/blog\/wp-json\/wp\/v2\/posts"}],"about":[{"href":"https:\/\/www.visit-ulcinj.com\/blog\/wp-json\/wp\/v2\/types\/post"}],"author":[{"embeddable":true,"href":"https:\/\/www.visit-ulcinj.com\/blog\/wp-json\/wp\/v2\/users\/1"}],"replies":[{"embeddable":true,"href":"https:\/\/www.visit-ulcinj.com\/blog\/wp-json\/wp\/v2\/comments?post=37540"}],"version-history":[{"count":0,"href":"https:\/\/www.visit-ulcinj.com\/blog\/wp-json\/wp\/v2\/posts\/37540\/revisions"}],"wp:attachment":[{"href":"https:\/\/www.visit-ulcinj.com\/blog\/wp-json\/wp\/v2\/media?parent=37540"}],"wp:term":[{"taxonomy":"category","embeddable":true,"href":"https:\/\/www.visit-ulcinj.com\/blog\/wp-json\/wp\/v2\/categories?post=37540"},{"taxonomy":"post_tag","embeddable":true,"href":"https:\/\/www.visit-ulcinj.com\/blog\/wp-json\/wp\/v2\/tags?post=37540"}],"curies":[{"name":"wp","href":"https:\/\/api.w.org\/{rel}","templated":true}]}}