{"id":37548,"date":"2010-09-23T13:55:57","date_gmt":"2010-09-23T11:55:57","guid":{"rendered":"http:\/\/www.visit-ulcinj.com\/blog\/?p=37548"},"modified":"2023-04-01T13:16:35","modified_gmt":"2023-04-01T12:16:35","slug":"ulcinji-riviera-montenegro-akcios-ajanlatok","status":"publish","type":"post","link":"https:\/\/www.visit-ulcinj.com\/blog\/2010\/09\/23\/ulcinji-riviera-montenegro-akcios-ajanlatok\/","title":{"rendered":"Ulcinji Rivi\u00e9ra Montenegr\u00f3 &#8211; Akci\u00f3s aj\u00e1nlatok"},"content":{"rendered":"<p><strong><a href=\"http:\/\/www.visit-ulcinj.com\/blog\/wp-content\/uploads\/2010\/09\/Ulcinji-Rivi\u00e9ra-Montenegr\u00f3-Akci\u00f3s-aj\u00e1nlatok.jpg\"><img loading=\"lazy\" class=\"alignleft size-full wp-image-37549\" title=\"Ulcinji Rivi\u00e9ra Montenegr\u00f3 - Akci\u00f3s aj\u00e1nlatok, Kis Strand , Strandok Ulcinj , Nudista Strand , V\u00f6r\u00f6s ulcinj , Nagy strand ulcinj , V\u00f6r\u00f6s strand ulcinj , Kir\u00e1lyn\u0151 strandja ulcinj , Montenegr\u00f3 orsz\u00e1gi apartmanok , Montenegr\u00f3 ulcinj orsz\u00e1gi sz\u00e1ll\u00e1sok , ulcinj mag\u00e1nsz\u00e1ll\u00e1sok , Montenegr\u00f3 orsz\u00e1g , K\u00e9k Adria , Apartmanok , sz\u00e1ll\u00e1sok , Montener\u00f3 - Apartments , accommodation , sz\u00e1ll\u00e1s , apartmanok , sz\u00e1ll\u00e1shely , foglal\u00e1s ,mag\u00e1nsz\u00e1ll\u00e1s , sz\u00e1ll\u00e1shely keres\u0151 , olcs\u00f3 sz\u00e1ll\u00e1s , akci\u00f3s aj\u00e1nlatok , Montenegr\u00f3 , ulcinj , wellness sz\u00e1ll\u00e1sok , utaz\u00e1s , nyaral\u00e1s , utazni , utaz\u00e1sok , last-minute , akci\u00f3s sz\u00e1ll\u00e1sok , wellness , idegenforgalom , pihen\u00e9s , program , rendezv\u00e9ny , szabadid\u0151 , sz\u00e1ll\u00e1slehet\u0151s\u00e9g , mag\u00e1nh\u00e1z , vend\u00e9gl\u00e1t\u00f3helyek , ada bojana , D\u00e9l ulcinj , tavak d\u00e9l \u0160as , fedett medence el\u0151- \u00e9s ut\u00f3szezonban , szauna , sportp\u00e1ly\u00e1k , v\u00edzisportok, terasz , \u00e9tterem , diszk\u00f3 , tenisz , lovagl\u00e1s. horg\u00e1szparadicsom a Bojana foly\u00f3n, naperny\u0151t , napoz\u00f3\u00e1gyat b\u00e9relni , \u00e9tkezni , j\u00e1tszani , sz\u00f6rf\u00f6zni , kite-olni , v\u00edzis\u00edelni , focizni , strand r\u00f6plabd\u00e1zni, Ulcinji Rivi\u00e9ra, Akci\u00f3s aj\u00e1nlatok,\" src=\"http:\/\/www.visit-ulcinj.com\/blog\/wp-content\/uploads\/2010\/09\/Ulcinji-Rivi\u00e9ra-Montenegr\u00f3-Akci\u00f3s-aj\u00e1nlatok.jpg\" alt=\" Kis Strand , Strandok Ulcinj , Nudista Strand , V\u00f6r\u00f6s ulcinj , Nagy strand ulcinj , V\u00f6r\u00f6s strand ulcinj , Kir\u00e1lyn\u0151 strandja ulcinj , Montenegr\u00f3 orsz\u00e1gi apartmanok , Montenegr\u00f3 ulcinj orsz\u00e1gi sz\u00e1ll\u00e1sok , ulcinj mag\u00e1nsz\u00e1ll\u00e1sok , Montenegr\u00f3 orsz\u00e1g , K\u00e9k Adria , Apartmanok , sz\u00e1ll\u00e1sok , Montener\u00f3 - Apartments , accommodation , sz\u00e1ll\u00e1s , apartmanok , sz\u00e1ll\u00e1shely , foglal\u00e1s ,mag\u00e1nsz\u00e1ll\u00e1s , sz\u00e1ll\u00e1shely keres\u0151 , olcs\u00f3 sz\u00e1ll\u00e1s , akci\u00f3s aj\u00e1nlatok , Montenegr\u00f3 , ulcinj , wellness sz\u00e1ll\u00e1sok , utaz\u00e1s , nyaral\u00e1s , utazni , utaz\u00e1sok , last-minute , akci\u00f3s sz\u00e1ll\u00e1sok , wellness , idegenforgalom , pihen\u00e9s , program , rendezv\u00e9ny , szabadid\u0151 , sz\u00e1ll\u00e1slehet\u0151s\u00e9g , mag\u00e1nh\u00e1z , vend\u00e9gl\u00e1t\u00f3helyek , ada bojana , D\u00e9l ulcinj , tavak d\u00e9l \u0160as , fedett medence el\u0151- \u00e9s ut\u00f3szezonban , szauna , sportp\u00e1ly\u00e1k , v\u00edzisportok, terasz , \u00e9tterem , diszk\u00f3 , tenisz , lovagl\u00e1s. horg\u00e1szparadicsom a Bojana foly\u00f3n, naperny\u0151t , napoz\u00f3\u00e1gyat b\u00e9relni , \u00e9tkezni , j\u00e1tszani , sz\u00f6rf\u00f6zni , kite-olni , v\u00edzis\u00edelni , focizni , strand r\u00f6plabd\u00e1zni, Ulcinji Rivi\u00e9ra, Akci\u00f3s aj\u00e1nlatok,\" width=\"490\" height=\"390\" \/><\/a><a href=\"http:\/\/www.visit-ulcinj.com\/apartments-in-ulcinj\/holiday-house-last-minute-ulcinj-ulqini-montenegro-of-7e-bed\/\" target=\"_blank\" rel=\"noopener\">Strandok Ulcinj<\/a><\/strong><br \/>\n<a href=\"http:\/\/www.visit-ulcinj.com\/apartments-in-ulcinj\/holiday-house-last-minute-ulcinj-ulqini-montenegro-of-7e-bed\/\" target=\"_blank\" rel=\"noopener\"> <strong>Tov\u00e1bbi k\u00e9pek<\/strong><\/a><\/p>\n<p><strong>Mobil: Viber + Whatsapp: +382 69 335 534\u00a0 : +382 69 335 512<\/strong><\/p>\n<p><a href=\"http:\/\/www.visit-ulcinj.com\/apartments-in-ulcinj\/holiday-house-last-minute-ulcinj-ulqini-montenegro-of-7e-bed\/\" target=\"_blank\" rel=\"noopener\"><strong>ULCINJ HOMOKOS PARTSZAKASZ !<br \/>\nTov\u00e1bbi k\u00e9pek<\/strong><\/a><\/p>\n<p><a href=\"http:\/\/www.visit-ulcinj.com\/apartments-in-ulcinj\/holiday-house-last-minute-ulcinj-ulqini-montenegro-of-7e-bed\/\" target=\"_blank\" rel=\"noopener\">Hajdan\u00e1n rettegett kal\u00f3zv\u00e1ros h\u00edr\u00e9ben \u00e1llott, ahol a m\u00faltat id\u00e9z\u0151 egzotikus kelet \u00f6tv\u00f6z\u0151dik a modern v\u00e1rosi \u00e9let val\u00f3s\u00e1g\u00e1val. Szint\u00e9n jelent\u0151s vonzer\u0151t jelent a v\u00e1roska m\u00e1sutt alig fellelhet\u0151 keleti behat\u00e1sokat felvonultat\u00f3 egyvelege. T\u00f6bbnyire keresked\u0151 alb\u00e1nok lakj\u00e1k, 10-15 sz\u00e1zal\u00e9kuk crnagorac \u00e9s t\u00f6r\u00f6k.<\/a><\/p>\n<p><a href=\"http:\/\/www.visit-ulcinj.com\/apartments-in-ulcinj\/holiday-house-last-minute-ulcinj-ulqini-montenegro-of-7e-bed\/\" target=\"_blank\" rel=\"noopener\">\u00c9rdekes n\u00e9pviseletek \u00e9s szok\u00e1sok keverednek itt. F\u0151leg az enyhe, F\u00f6ldk\u00f6zi-tengeri kl\u00edm\u00e1ja, radioakt\u00edv homokos strandja miatt is l\u00e1togatj\u00e1k. Fokozatosan m\u00e9ly\u00fcl\u0151, homokos partja egyben gy\u00f3gy-ter\u00e1pi\u00e1s hely is, ahol a reumatikus, h\u0171d\u00e9ses betegs\u00e9gben szenved\u0151k, a gy\u00f3gy\u00edt\u00f3 forr\u00f3 homokba \u201etemetkezve\u201d nyerik vissza eg\u00e9szs\u00e9g\u00fcket \u00e9s kapnak k\u00e1rp\u00f3tl\u00e1st a hossz\u00fa utaz\u00e1s\u00e9rt. \u00c9rdemes megeml\u00edteni a sz\u00e1mos \u00e9ttermet, k\u00e1v\u00e9z\u00f3t, nem kev\u00e9sb\u00e9 a gazdag \u00e9s pezsg\u0151 ulcinji piacot.<\/a><\/p>\n<p><a href=\"http:\/\/www.visit-ulcinj.com\/apartments-in-ulcinj\/holiday-house-last-minute-ulcinj-ulqini-montenegro-of-7e-bed\/\" target=\"_blank\" rel=\"noopener\">Fakultat\u00edv programk\u00e9nt t\u00f6bbek k\u00f6z\u00f6tt az innen szervezett egynapos alb\u00e1n kir\u00e1ndul\u00e1st aj\u00e1nljuk.<\/a><\/p>\n<p><a href=\"http:\/\/www.visit-ulcinj.com\/apartments-in-ulcinj\/holiday-house-last-minute-ulcinj-ulqini-montenegro-of-7e-bed\/\" target=\"_blank\" rel=\"noopener\"><strong>Ulcinj<\/strong> v\u00e1rosa a Montenegr\u00f3\u00a0 legd\u00e9lebben fekv\u0151 tengerparti v\u00e1rosa. A v\u00e1ros strandja h\u00edres, sokan a Copacabana-hoz hasonl\u00edtj\u00e1k, ugyanis a strand kb. 2-300 m\u00e9ter sz\u00e9les \u00e9s t\u00f6bb, mint 15 km hossz\u00fa egybef\u00fcgg\u0151 homokos partszakasz. A v\u00edz lassan m\u00e9ly\u00fcl, vannak olyan szakaszok, ahol 50 m\u00e9terre begyalogolva is der\u00e9kig \u00e9r\u0151 a tenger. A parton naperny\u0151k b\u00e9relhet\u0151k. \u00c9rdemes a strand belv\u00e1roshoz k\u00f6zelebbi r\u00e9sz\u00e9re menni, itt s\u0171r\u0171bben helyezkednek el az \u00e1rusok is, ami nem elhanyagoland\u00f3 dolog, f\u0151leg akkor, ha nem akar az ember t\u00f6bb sz\u00e1z m\u00e9tert gyalogolni az \u00e9get\u0151 homokban hideg innival\u00f3, \u00e9tel, gy\u00fcm\u00f6lcs, fagyi, stb.<\/a><\/p>\n<p><a href=\"http:\/\/www.visit-ulcinj.com\/apartments-in-ulcinj\/holiday-house-last-minute-ulcinj-ulqini-montenegro-of-7e-bed\/\" target=\"_blank\" rel=\"noopener\"><img loading=\"lazy\" class=\"alignleft size-full wp-image-37551\" title=\"Ulcinji Rivi\u00e9ra Montenegr\u00f3 - Akci\u00f3s aj\u00e1nlatok.9\" src=\"http:\/\/www.visit-ulcinj.com\/blog\/wp-content\/uploads\/2010\/09\/Ulcinji-Rivi\u00e9ra-Montenegr\u00f3-Akci\u00f3s-aj\u00e1nlatok.9.jpg\" alt=\"\" width=\"490\" height=\"380\" \/><\/a><\/p>\n<p><a href=\"http:\/\/www.visit-ulcinj.com\/apartments-in-ulcinj\/holiday-house-last-minute-ulcinj-ulqini-montenegro-of-7e-bed\/\" target=\"_blank\" rel=\"noopener\"><strong>Nagy Strand<\/strong> &#8211; <strong>Tov\u00e1bbi k\u00e9pek<\/strong><\/a><\/p>\n<table style=\"height: 19px;\" border=\"0\" width=\"81\" cellspacing=\"0\" cellpadding=\"0\" align=\"right\">\n<tbody>\n<tr>\n<td><a href=\"http:\/\/www.visit-ulcinj.com\/apartments-in-ulcinj\/holiday-house-last-minute-ulcinj-ulqini-montenegro-of-7e-bed\/\" target=\"_blank\" rel=\"noopener\">\u00a0<\/a><\/td>\n<td><a href=\"http:\/\/www.visit-ulcinj.com\/apartments-in-ulcinj\/holiday-house-last-minute-ulcinj-ulqini-montenegro-of-7e-bed\/\" target=\"_blank\" rel=\"noopener\">\u00a0<\/a><\/td>\n<\/tr>\n<\/tbody>\n<\/table>\n<p><a href=\"http:\/\/www.visit-ulcinj.com\/apartments-in-ulcinj\/holiday-house-last-minute-ulcinj-ulqini-montenegro-of-7e-bed\/\" target=\"_blank\" rel=\"noopener\">A strand 5 kilom\u00e9ter t\u00e1vols\u00e1gra van Ulcinjt\u00f3l, hossza 13 kilom\u00e9ter, sz\u00e9less\u00e9ge 60 m\u00e9ter. A helyiek ulcinji Kopakobananak h\u00edvj\u00e1k. A Djerana fokt\u00f3l kezd\u0151dik \u00e9s az Ada Bojana-ig h\u00faz\u00f3dik. A legfinomabb homokkal van bor\u00edtva ( homok szemek \u00e1tm\u00e9r\u0151je 0,1 \u20135 mm ) a becsl\u00e9sek szerint 150000 f\u00fcrd\u00f6z\u0151 f\u00e9r el. A homoknak gy\u00f3gy ereje van, mert gazdag \u00e1sv\u00e1nyi anyagokban. Aj\u00e1nlj\u00e1k a reum\u00e1s betegeknek. Jellemz\u0151 m\u00e9g a sek\u00e9ly v\u00edz, mely nagyon fel is melegszik. A strand h\u00e1tter\u00e9ben szubtr\u00f3pusi n\u00f6v\u00e9nyzet is tal\u00e1lhat\u00f3, 100 m\u00e9terre hotel komplexum tal\u00e1lhat\u00f3, sportp\u00e1ly\u00e1kkal. A Djerana fok alatt a strand elej\u00e9n tal\u00e1lhat\u00f3 a Porto Milena kik\u00f6t\u0151, m\u00e9lyen beh\u00faz\u00f3dva a sz\u00e1razf\u00f6ld belsej\u00e9be. Itt tal\u00e1lhat\u00f3ak a v\u00edzre \u00e9p\u00edtett h\u00e1zik\u00f3k, melyeket tradicion\u00e1lis hal\u00e1szatra haszn\u00e1lnak. A helyiek ezeket a h\u00e1zik\u00f3kat \u201ekalomer-\u00e1nak \u201e h\u00edvj\u00e1k. A strandon k\u00fcl\u00f6nb\u00f6z\u0151 sport eszk\u00f6z\u00f6ket lehet b\u00e9relni. Lehet vitorl\u00e1zni, vizi s\u00edzni, strand focit, r\u00f6plad\u00e1t j\u00e1tszani. Nagyon n\u00e9pszer\u0171 a sport horg\u00e1szat is.<\/a><\/p>\n<p><a href=\"http:\/\/www.visit-ulcinj.com\/apartments-in-ulcinj\/holiday-house-last-minute-ulcinj-ulqini-montenegro-of-7e-bed\/\" target=\"_blank\" rel=\"noopener\"><strong><strong><img loading=\"lazy\" class=\"alignleft size-medium wp-image-37552\" title=\"Ulcinji Rivi\u00e9ra Montenegr\u00f3 - Akci\u00f3s aj\u00e1nlatok.7\" src=\"http:\/\/www.visit-ulcinj.com\/blog\/wp-content\/uploads\/2010\/09\/Ulcinji-Rivi\u00e9ra-Montenegr\u00f3-Akci\u00f3s-aj\u00e1nlatok.7-300x225.jpg\" alt=\"\" width=\"300\" height=\"225\" srcset=\"https:\/\/www.visit-ulcinj.com\/blog\/wp-content\/uploads\/2010\/09\/Ulcinji-Rivi\u00e9ra-Montenegr\u00f3-Akci\u00f3s-aj\u00e1nlatok.7-300x225.jpg 300w, https:\/\/www.visit-ulcinj.com\/blog\/wp-content\/uploads\/2010\/09\/Ulcinji-Rivi\u00e9ra-Montenegr\u00f3-Akci\u00f3s-aj\u00e1nlatok.7.jpg 720w\" sizes=\"(max-width: 300px) 100vw, 300px\" \/><\/strong>Hotel OLYMPIC **-Ulcinj<\/strong> &#8211; <strong>Tov\u00e1bbi k\u00e9pek<\/strong><\/a><\/p>\n<p><a href=\"http:\/\/www.visit-ulcinj.com\/apartments-in-ulcinj\/holiday-house-last-minute-ulcinj-ulqini-montenegro-of-7e-bed\/\" target=\"_blank\" rel=\"noopener\">A nagystrand egyik hotelje, kb. 6 km-re a v\u00e1rosk\u00f6zpontt\u00f3l.<\/a><br \/>\n<a href=\"http:\/\/www.visit-ulcinj.com\/apartments-in-ulcinj\/holiday-house-last-minute-ulcinj-ulqini-montenegro-of-7e-bed\/\" target=\"_blank\" rel=\"noopener\"> <strong>SZOB\u00c1K:<\/strong> 2-3 \u00e1gyasak, szer\u00e9nyen berendezett szob\u00e1kTv, kl\u00edma, kis h\u0171t\u0151.<\/a><br \/>\n<a href=\"http:\/\/www.visit-ulcinj.com\/apartments-in-ulcinj\/holiday-house-last-minute-ulcinj-ulqini-montenegro-of-7e-bed\/\" target=\"_blank\" rel=\"noopener\"> <strong>ELL\u00c1T\u00c1S:<\/strong> sv\u00e9dasztalos reggeli \u00e9s sv\u00e9dasztalos vacsora.<\/a><br \/>\n<a href=\"http:\/\/www.visit-ulcinj.com\/apartments-in-ulcinj\/holiday-house-last-minute-ulcinj-ulqini-montenegro-of-7e-bed\/\" target=\"_blank\" rel=\"noopener\"> <strong>STRAND:<\/strong> 14 km hossz\u00fa homokos.<\/a><br \/>\n<a href=\"http:\/\/www.visit-ulcinj.com\/apartments-in-ulcinj\/holiday-house-last-minute-ulcinj-ulqini-montenegro-of-7e-bed\/\" target=\"_blank\" rel=\"noopener\"> <strong>SPORT\/SZ\u00d3RAKOZ\u00c1S:<\/strong> fedett medence el\u0151- \u00e9s ut\u00f3szezonban, szauna, sportp\u00e1ly\u00e1k, v\u00edzisportok.<\/a><\/p>\n<p><a href=\"http:\/\/www.visit-ulcinj.com\/apartments-in-ulcinj\/holiday-house-last-minute-ulcinj-ulqini-montenegro-of-7e-bed\/\" target=\"_blank\" rel=\"noopener\"><strong><strong><img loading=\"lazy\" class=\"alignleft size-medium wp-image-37553\" title=\"Ulcinji Rivi\u00e9ra Montenegr\u00f3 - Akci\u00f3s aj\u00e1nlatok.8\" src=\"http:\/\/www.visit-ulcinj.com\/blog\/wp-content\/uploads\/2010\/09\/Ulcinji-Rivi\u00e9ra-Montenegr\u00f3-Akci\u00f3s-aj\u00e1nlatok.8-300x213.jpg\" alt=\"\" width=\"300\" height=\"213\" srcset=\"https:\/\/www.visit-ulcinj.com\/blog\/wp-content\/uploads\/2010\/09\/Ulcinji-Rivi\u00e9ra-Montenegr\u00f3-Akci\u00f3s-aj\u00e1nlatok.8-300x213.jpg 300w, https:\/\/www.visit-ulcinj.com\/blog\/wp-content\/uploads\/2010\/09\/Ulcinji-Rivi\u00e9ra-Montenegr\u00f3-Akci\u00f3s-aj\u00e1nlatok.8.jpg 604w\" sizes=\"(max-width: 300px) 100vw, 300px\" \/><\/strong>HOTEL BELLEVUE ** &#8211; Ulcinj<\/strong><\/a><\/p>\n<p><a href=\"http:\/\/www.visit-ulcinj.com\/apartments-in-ulcinj\/holiday-house-last-minute-ulcinj-ulqini-montenegro-of-7e-bed\/\" target=\"_blank\" rel=\"noopener\">Az ulcinji 14 km hossz\u00fa homokos strand egyik hotelje, egy sz\u00e9p mediterr\u00e1n parkban.<\/a><br \/>\n<a href=\"http:\/\/www.visit-ulcinj.com\/apartments-in-ulcinj\/holiday-house-last-minute-ulcinj-ulqini-montenegro-of-7e-bed\/\" target=\"_blank\" rel=\"noopener\"> <strong>SZOB\u00c1K<\/strong> : 2-3 f\u0151sek, szer\u00e9nyen berendezett, szocre\u00e1l st\u00edlus\u00fa<\/a><br \/>\n<a href=\"http:\/\/www.visit-ulcinj.com\/apartments-in-ulcinj\/holiday-house-last-minute-ulcinj-ulqini-montenegro-of-7e-bed\/\" target=\"_blank\" rel=\"noopener\"> CER \u00e9s BORIK I: kl\u00edma, kis h\u0171t\u0151, Tv, balkon.<\/a><br \/>\n<a href=\"http:\/\/www.visit-ulcinj.com\/apartments-in-ulcinj\/holiday-house-last-minute-ulcinj-ulqini-montenegro-of-7e-bed\/\" target=\"_blank\" rel=\"noopener\"> BORIK II \u00e9s Avala: h\u0171t\u0151<\/a><br \/>\n<a href=\"http:\/\/www.visit-ulcinj.com\/apartments-in-ulcinj\/holiday-house-last-minute-ulcinj-ulqini-montenegro-of-7e-bed\/\" target=\"_blank\" rel=\"noopener\"> <strong>ELL\u00c1T\u00c1S:<\/strong> sv\u00e9dasztalos reggeli \u00e9s men\u00fcv\u00e1laszt\u00e1sos vacsora.<\/a><br \/>\n<a href=\"http:\/\/www.visit-ulcinj.com\/apartments-in-ulcinj\/holiday-house-last-minute-ulcinj-ulqini-montenegro-of-7e-bed\/\" target=\"_blank\" rel=\"noopener\"> <strong>SPORT\/SZ\u00d3RAKOZ\u00c1S:<\/strong> v\u00edzisportok, nyug\u00e1gy \u00e9s naperny\u0151b\u00e9rl\u00e9si<\/a><br \/>\n<a href=\"http:\/\/www.visit-ulcinj.com\/apartments-in-ulcinj\/holiday-house-last-minute-ulcinj-ulqini-montenegro-of-7e-bed\/\" target=\"_blank\" rel=\"noopener\"> lehet\u0151s\u00e9g.<\/a><br \/>\n<a href=\"http:\/\/www.visit-ulcinj.com\/apartments-in-ulcinj\/holiday-house-last-minute-ulcinj-ulqini-montenegro-of-7e-bed\/\" target=\"_blank\" rel=\"noopener\"> <strong>STRAND:<\/strong> homokos. D\u00e9lut\u00e1nonk\u00e9nt felt\u00e1mad a sz\u00e9l, \u00edgy a hull\u00e1mok sz\u00f6rf\u00f6z\u00e9sre alkalmassak.<\/a><\/p>\n<p><a href=\"http:\/\/www.visit-ulcinj.com\/apartments-in-ulcinj\/holiday-house-last-minute-ulcinj-ulqini-montenegro-of-7e-bed\/\" target=\"_blank\" rel=\"noopener\"><img loading=\"lazy\" class=\"alignleft size-full wp-image-50407\" title=\"ADA BOJANA_HTP ULCINJSKA RIVIJERA\" src=\"http:\/\/www.visit-ulcinj.com\/blog\/wp-content\/uploads\/2010\/09\/ADA-BOJANA_HTP-ULCINJSKA-RIVIJERA1.jpg\" alt=\"\" width=\"508\" height=\"330\" \/><\/a><\/p>\n<p><a href=\"http:\/\/www.visit-ulcinj.com\/apartments-in-ulcinj\/holiday-house-last-minute-ulcinj-ulqini-montenegro-of-7e-bed\/\" target=\"_blank\" rel=\"noopener\"><strong>Ada Bojana<\/strong> &#8211; <strong>Tov\u00e1bbi k\u00e9pek<\/strong><\/a><\/p>\n<p><a href=\"http:\/\/www.visit-ulcinj.com\/apartments-in-ulcinj\/holiday-house-last-minute-ulcinj-ulqini-montenegro-of-7e-bed\/\" target=\"_blank\" rel=\"noopener\">K\u00fcl\u00f6nleges mini-sziget (5 km2), a Velika Pla\u017ea folytat\u00e1sak\u00e9nt. Kialakul\u00e1s\u00e1ban egy, a XIX. sz\u00e1zad k\u00f6zep\u00e9n, a foly\u00f3 torkolatn\u00e1l els\u00fcllyedt haj\u00f3 j\u00e1tszott k\u00f6zre. A Bojana foly\u00f3 a roncs k\u00f6r\u00e9 el\u0151bb k\u00e9t z\u00e1tonyt emelt, majd az id\u0151k folyam\u00e1n hordal\u00e9k\u00e1val t\u00f6lt\u00f6tte fel ezt a ter\u00fcletet. A mesters\u00e9ges sziget a foly\u00f3t k\u00e9t \u00e1gra osztotta, \u00edgy alakult ki h\u00e1romsz\u00f6glet\u0171 alakja, melynek k\u00e9t oldal\u00e1t \u00e9desv\u00edz, m\u00edg a k\u00f6zel 3 km-es szakaszt az Adria mossa. A p\u00e1lmalevelekb\u0151l font naperny\u0151k sokas\u00e1ga egzotikus k\u00fcls\u0151t ad a strandnak.<\/a><\/p>\n<p><a href=\"http:\/\/www.visit-ulcinj.com\/apartments-in-ulcinj\/holiday-house-last-minute-ulcinj-ulqini-montenegro-of-7e-bed\/\" target=\"_blank\" rel=\"noopener\">Ada Bojana term\u00e9szeti rezerv\u00e1tumnak sz\u00e1m\u00edt, ez egy sziget melyet foly\u00f3 vesz k\u00f6r\u00fcl, a Velika pla\u017ea v\u00e9g\u00e9n tal\u00e1lhat\u00f3, ahol a Bojana foly\u00f3 elv\u00e1lik t\u0151le. A sziget mesters\u00e9gesen kialak\u00edtott, a XIX. sz\u00e1zad k\u00f6zep\u00e9n, els\u00fclyedt egy haj\u00f3, melynek neve: Merito. Ezen a helyen keletkezett 2 kicsi sziget. \u00c9veken kereszt\u00fcl az els\u00fclyedt haj\u00f3 \u00e9s a 2 sziget k\u00f6r\u00fcl lerak\u00f3dott a hordal\u00e9k \u00e9s szigett\u00e9 alakult. A foly\u00f3 2 r\u00e9szre osztotta a szigetet. H\u00e1romsz0g alak\u00fa, k\u00e9t oldalr\u00f3l mossa a Bojana foly\u00f3, a 3 oldal\u00e1t az Adriai tenger, ahol homokos a part, hossza 2880 m\u00e9ter, 13000 f\u00fcrd\u00f6z\u0151 f\u00e9r el. A Bojana foly\u00f3 jobb oldal\u00e1n\u00e1l a strand \u00e9s a part is homokos. A parton naperny\u0151k tal\u00e1lhat\u00f3ak p\u00e1lmalevelekkel bor\u00edtva. Ada a legszebb naplementekor, amikor r\u00e9szesei lehet\u00fcnk a hihetetlen sz\u00edneknek, melyek j\u00e1tszanak a v\u00edzen \u00e9s a parton. Ez a hely igazi paradicsom a vitorl\u00e1z\u00f3k, v\u00edzi s\u00edz\u0151k, lovagl\u00f3k \u00e9s a szerelmesek sz\u00e1m\u00e1ra. Az \u00f6bl\u00f6k melyek a Bojana ment\u00e9n vannak ismertek a fa h\u00e1zakr\u00f3l, melyeket a helyiek a hal\u00e1szat sz\u00e1m\u00e1ra \u00e9p\u00edtettek. Ezeket a halakat mint specialit\u00e1sokat megk\u00f3stolhatjuk az \u00e9ttermekben. A szigetet gy\u00f6ny\u00f6r\u0171 mediterr\u00e1n n\u00f6v\u00e9nyzet veszi k\u00f6r\u00fcl, mely egyed\u00fcl \u00e1ll\u00f3 Eur\u00f3p\u00e1ban. Ez a s\u0171r\u0171 veget\u00e1ci\u00f3 k\u00fcl\u00f6nlegess\u00e9 teszi Ada Bojan\u00e1t, ahol gazdag mikroekol\u00f3gia tal\u00e1lhat\u00f3. Azok akik kedvelik az elit sportokat azok j\u00f3 helyre \u00e9rkeztek, a vitorl\u00e1z\u00f3k sz\u00e1m\u00e1ra itt igazi l\u00e9gk\u00f6r tal\u00e1lhat\u00f3. Elegend\u0151 er\u0151ss\u00e9g\u0171 sz\u00e9l f\u00faj, nagyszer\u0171ek a hull\u00e1mok, ezek elengedhetetlenek a min\u0151s\u00e9ges vitorl\u00e1z\u00e1shoz. Ada Bojan\u00e1n van vitorl\u00e1z\u00f3 iskola, ahol a leg\u00fajabb felszerel\u00e9sek magtal\u00e1lhat\u00f3ak. H\u00e9t napos tanfolyam ut\u00e1n m\u00e1r b\u00e1tran meglovagolhatjuk a hull\u00e1mokat. Ada Bojan\u00e1n m\u00e1r 1975. \u00f3ta van lovagl\u00f3 iskola is.<\/a><\/p>\n<p><a href=\"http:\/\/www.visit-ulcinj.com\/apartments-in-ulcinj\/holiday-house-last-minute-ulcinj-ulqini-montenegro-of-7e-bed\/\" target=\"_blank\" rel=\"noopener\"><img loading=\"lazy\" class=\"alignleft size-full wp-image-37555\" title=\"Ulcinji Rivi\u00e9ra Montenegr\u00f3 - Akci\u00f3s aj\u00e1nlatok.13\" src=\"http:\/\/www.visit-ulcinj.com\/blog\/wp-content\/uploads\/2010\/09\/Ulcinji-Rivi\u00e9ra-Montenegr\u00f3-Akci\u00f3s-aj\u00e1nlatok.13.jpg\" alt=\"\" width=\"490\" height=\"362\" \/><\/a><\/p>\n<p><a href=\"http:\/\/www.visit-ulcinj.com\/apartments-in-ulcinj\/holiday-house-last-minute-ulcinj-ulqini-montenegro-of-7e-bed\/\" target=\"_blank\" rel=\"noopener\"><strong>ADA BOJANA naturista \u00fcd\u00fcl\u00f5telep-Ulcinj<\/strong> &#8211; <strong>Tov\u00e1bbi k\u00e9pek<\/strong><\/a><\/p>\n<p><a href=\"http:\/\/www.visit-ulcinj.com\/apartments-in-ulcinj\/holiday-house-last-minute-ulcinj-ulqini-montenegro-of-7e-bed\/\" target=\"_blank\" rel=\"noopener\">Ada egy egyed\u00fcl\u00e1ll\u00f3 kis sziget. A v\u00e1rost\u00f3l 18 km-re 2,8 km hossz\u00fa \u00e9s 1,8 km sz\u00e9les. A szigetet k\u00e9t oldalr\u00f3l a Bojana foly\u00f3 mossa \u00e9des viz\u00e9vel, \u00e9s a harmadik oldalr\u00f3l, homokos partj\u00e1t a tenger. Az eg\u00e9sz \u00fcd\u00fcl\u0151telep tipikusan nudista. F\u0151leg a n\u00e9met turist\u00e1k k\u00f6r\u00e9ben k\u00f6zkedvelt nyaral\u00f3hely.<\/a><br \/>\n<a href=\"http:\/\/www.visit-ulcinj.com\/apartments-in-ulcinj\/holiday-house-last-minute-ulcinj-ulqini-montenegro-of-7e-bed\/\" target=\"_blank\" rel=\"noopener\"> <strong>BUNGALL\u00d3K:<\/strong> L t\u00edpus\u00fa: szer\u00e9nyen berendezettek, Tv, klima, h\u0171t\u0151, terasz.<\/a><br \/>\n<a href=\"http:\/\/www.visit-ulcinj.com\/apartments-in-ulcinj\/holiday-house-last-minute-ulcinj-ulqini-montenegro-of-7e-bed\/\" target=\"_blank\" rel=\"noopener\"> A t\u00edpus\u00fa: 2 szintes \u00e9p\u00fcletekben szer\u00e9nyen berendezettek kil\u00e1t\u00e1ssal a tengerre vagy a foly\u00f3ra.<\/a><br \/>\n<a href=\"http:\/\/www.visit-ulcinj.com\/apartments-in-ulcinj\/holiday-house-last-minute-ulcinj-ulqini-montenegro-of-7e-bed\/\" target=\"_blank\" rel=\"noopener\"> <strong>ELL\u00c1T\u00c1S:<\/strong> sv\u00e9dasztalos reggeli \u00e9s sv\u00e9dasztalos vacsora.<\/a><br \/>\n<a href=\"http:\/\/www.visit-ulcinj.com\/apartments-in-ulcinj\/holiday-house-last-minute-ulcinj-ulqini-montenegro-of-7e-bed\/\" target=\"_blank\" rel=\"noopener\"> <strong>STRAND:<\/strong> igazi homokos.<\/a><br \/>\n<a href=\"http:\/\/www.visit-ulcinj.com\/apartments-in-ulcinj\/holiday-house-last-minute-ulcinj-ulqini-montenegro-of-7e-bed\/\" target=\"_blank\" rel=\"noopener\"> <strong>SPORT\/SZ\u00d3RAKOZ\u00c1S:<\/strong> terasz, \u00e9tterem, diszk\u00f3, sportp\u00e1ly\u00e1k, tenisz, lovagl\u00e1s. horg\u00e1szparadicsom a Bojana foly\u00f3n.<\/a><br \/>\n<a href=\"http:\/\/www.visit-ulcinj.com\/apartments-in-ulcinj\/holiday-house-last-minute-ulcinj-ulqini-montenegro-of-7e-bed\/\" target=\"_blank\" rel=\"noopener\"> <strong><strong>Ulcinj Photo Gallery<\/strong><\/strong><\/a><\/p>\n<p><a href=\"http:\/\/www.visit-ulcinj.com\/apartments-in-ulcinj\/holiday-house-last-minute-ulcinj-ulqini-montenegro-of-7e-bed\/\" target=\"_blank\" rel=\"noopener\"><strong>Akci\u00f3s aj\u00e1nlatok<strong> a \u00a0HTP \u201c<\/strong> Ulcinji Rivi\u00e9ra<strong> \u201d \u00e1tlagos \u00e1ra f\u00e9lpanzi\u00f3val (reggeli \u00e9s vacsora, a sv\u00e9d asztal), k\u00f6r\u00fclbel\u00fcl 24 eur\u00f3.<\/strong>&#8230;.<\/strong><\/a><br \/>\n<a href=\"skype:ulqinaku1?call\"><img loading=\"lazy\" class=\"alignleft size-full wp-image-3933\" src=\"http:\/\/www.visit-ulcinj.com\/blog\/wp-content\/uploads\/2013\/07\/c70e_skype.jpg\" alt=\"skype\" width=\"121\" height=\"91\" \/><\/a><br \/>\n[flv width=&#8221;490&#8243; height=&#8221;400&#8243;]http:\/\/video.zoover.nl\/media\/play\/2010\/01\/20100125130811_025.flv[\/flv]<\/p>\n","protected":false},"excerpt":{"rendered":"<p>Strandok Ulcinj Tov\u00e1bbi k\u00e9pek Mobil: Viber + Whatsapp: +382 69 335 534\u00a0 : +382 69 335 512 ULCINJ HOMOKOS PARTSZAKASZ ! Tov\u00e1bbi k\u00e9pek Hajdan\u00e1n rettegett kal\u00f3zv\u00e1ros h\u00edr\u00e9ben \u00e1llott, ahol a m\u00faltat id\u00e9z\u0151 egzotikus kelet \u00f6tv\u00f6z\u0151dik a modern v\u00e1rosi \u00e9let val\u00f3s\u00e1g\u00e1val. Szint\u00e9n jelent\u0151s vonzer\u0151t jelent a v\u00e1roska m\u00e1sutt alig fellelhet\u0151 keleti behat\u00e1sokat felvonultat\u00f3 egyvelege. T\u00f6bbnyire keresked\u0151 [&hellip;]<\/p>\n","protected":false},"author":1,"featured_media":0,"comment_status":"open","ping_status":"closed","sticky":false,"template":"","format":"standard","meta":{"spay_email":"","jetpack_publicize_message":"","jetpack_is_tweetstorm":false,"jetpack_publicize_feature_enabled":true},"categories":[7679],"tags":[11142,138,15455,15460,15447,15468,15476,15481,15475,15470,15486,15451,15461,15482,15446,15441,15435,15484,13834,15478,15466,15452,79,15445,15442,15443,15449,15439,15479,15480,15437,10553,15454,15462,8607,15463,15472,15487,15436,15464,15450,10540,15453,15465,15448,15471,15483,15469,15477,15474,19,15444,15457,15459,15458,15467,15485,15473,15440,15438,4620,15456],"jetpack_publicize_connections":[],"yoast_head":"<!-- This site is optimized with the Yoast SEO plugin v19.1 - https:\/\/yoast.com\/wordpress\/plugins\/seo\/ -->\n<title>Ulcinji Rivi\u00e9ra Montenegr\u00f3 - Akci\u00f3s aj\u00e1nlatok - Lajme nga Ulqini<\/title>\n<meta name=\"description\" content=\"Strandok Ulcinj Tov\u00e1bbi k\u00e9pek Mobil: Viber + Whatsapp: +382 69 335 534\u00a0 : +382 69 335 512 ULCINJ HOMOKOS PARTSZAKASZ ! Tov\u00e1bbi k\u00e9pek Hajdan\u00e1n rettegett\" \/>\n<meta name=\"robots\" content=\"index, follow, max-snippet:-1, max-image-preview:large, max-video-preview:-1\" \/>\n<link rel=\"canonical\" href=\"https:\/\/www.visit-ulcinj.com\/blog\/2010\/09\/23\/ulcinji-riviera-montenegro-akcios-ajanlatok\/\" \/>\n<meta property=\"og:locale\" content=\"en_US\" \/>\n<meta property=\"og:type\" content=\"article\" \/>\n<meta property=\"og:title\" content=\"Ulcinji Rivi\u00e9ra Montenegr\u00f3 - Akci\u00f3s aj\u00e1nlatok - Lajme nga Ulqini\" \/>\n<meta property=\"og:description\" content=\"Strandok Ulcinj Tov\u00e1bbi k\u00e9pek Mobil: Viber + Whatsapp: +382 69 335 534\u00a0 : +382 69 335 512 ULCINJ HOMOKOS PARTSZAKASZ ! Tov\u00e1bbi k\u00e9pek Hajdan\u00e1n rettegett\" \/>\n<meta property=\"og:url\" content=\"https:\/\/www.visit-ulcinj.com\/blog\/2010\/09\/23\/ulcinji-riviera-montenegro-akcios-ajanlatok\/\" \/>\n<meta property=\"og:site_name\" content=\"Lajme nga Ulqini\" \/>\n<meta property=\"article:published_time\" content=\"2010-09-23T11:55:57+00:00\" \/>\n<meta property=\"article:modified_time\" content=\"2023-04-01T12:16:35+00:00\" \/>\n<meta property=\"og:image\" content=\"http:\/\/www.visit-ulcinj.com\/blog\/wp-content\/uploads\/2010\/09\/ADA-BOJANA_HTP-ULCINJSKA-RIVIJERA1.jpg\" \/>\n<meta name=\"twitter:label1\" content=\"Written by\" \/>\n\t<meta name=\"twitter:data1\" content=\"ulqini\" \/>\n\t<meta name=\"twitter:label2\" content=\"Est. reading time\" \/>\n\t<meta name=\"twitter:data2\" content=\"6 minutes\" \/>\n<script type=\"application\/ld+json\" class=\"yoast-schema-graph\">{\"@context\":\"https:\/\/schema.org\",\"@graph\":[{\"@type\":\"WebSite\",\"@id\":\"https:\/\/www.visit-ulcinj.com\/blog\/#website\",\"url\":\"https:\/\/www.visit-ulcinj.com\/blog\/\",\"name\":\"Lajme nga Ulqini\",\"description\":\"Lajme,Vijesti,Ulqini,Ulqin,Crna Gora,Mali i Zi\",\"potentialAction\":[{\"@type\":\"SearchAction\",\"target\":{\"@type\":\"EntryPoint\",\"urlTemplate\":\"https:\/\/www.visit-ulcinj.com\/blog\/?s={search_term_string}\"},\"query-input\":\"required name=search_term_string\"}],\"inLanguage\":\"en-US\"},{\"@type\":\"ImageObject\",\"inLanguage\":\"en-US\",\"@id\":\"https:\/\/www.visit-ulcinj.com\/blog\/2010\/09\/23\/ulcinji-riviera-montenegro-akcios-ajanlatok\/#primaryimage\",\"url\":\"https:\/\/www.visit-ulcinj.com\/blog\/wp-content\/uploads\/2010\/09\/ADA-BOJANA_HTP-ULCINJSKA-RIVIJERA1.jpg\",\"contentUrl\":\"https:\/\/www.visit-ulcinj.com\/blog\/wp-content\/uploads\/2010\/09\/ADA-BOJANA_HTP-ULCINJSKA-RIVIJERA1.jpg\",\"width\":\"720\",\"height\":\"480\"},{\"@type\":\"WebPage\",\"@id\":\"https:\/\/www.visit-ulcinj.com\/blog\/2010\/09\/23\/ulcinji-riviera-montenegro-akcios-ajanlatok\/#webpage\",\"url\":\"https:\/\/www.visit-ulcinj.com\/blog\/2010\/09\/23\/ulcinji-riviera-montenegro-akcios-ajanlatok\/\",\"name\":\"Ulcinji Rivi\u00e9ra Montenegr\u00f3 - Akci\u00f3s aj\u00e1nlatok - Lajme nga Ulqini\",\"isPartOf\":{\"@id\":\"https:\/\/www.visit-ulcinj.com\/blog\/#website\"},\"primaryImageOfPage\":{\"@id\":\"https:\/\/www.visit-ulcinj.com\/blog\/2010\/09\/23\/ulcinji-riviera-montenegro-akcios-ajanlatok\/#primaryimage\"},\"datePublished\":\"2010-09-23T11:55:57+00:00\",\"dateModified\":\"2023-04-01T12:16:35+00:00\",\"author\":{\"@id\":\"https:\/\/www.visit-ulcinj.com\/blog\/#\/schema\/person\/dcab619c614d3038751c63bc2aadc06d\"},\"description\":\"Strandok Ulcinj Tov\u00e1bbi k\u00e9pek Mobil: Viber + Whatsapp: +382 69 335 534\u00a0 : +382 69 335 512 ULCINJ HOMOKOS PARTSZAKASZ ! Tov\u00e1bbi k\u00e9pek Hajdan\u00e1n rettegett\",\"breadcrumb\":{\"@id\":\"https:\/\/www.visit-ulcinj.com\/blog\/2010\/09\/23\/ulcinji-riviera-montenegro-akcios-ajanlatok\/#breadcrumb\"},\"inLanguage\":\"en-US\",\"potentialAction\":[{\"@type\":\"ReadAction\",\"target\":[\"https:\/\/www.visit-ulcinj.com\/blog\/2010\/09\/23\/ulcinji-riviera-montenegro-akcios-ajanlatok\/\"]}]},{\"@type\":\"BreadcrumbList\",\"@id\":\"https:\/\/www.visit-ulcinj.com\/blog\/2010\/09\/23\/ulcinji-riviera-montenegro-akcios-ajanlatok\/#breadcrumb\",\"itemListElement\":[{\"@type\":\"ListItem\",\"position\":1,\"name\":\"Ulcinji Rivi\u00e9ra Montenegr\u00f3 &#8211; Akci\u00f3s aj\u00e1nlatok\"}]},{\"@type\":\"Person\",\"@id\":\"https:\/\/www.visit-ulcinj.com\/blog\/#\/schema\/person\/dcab619c614d3038751c63bc2aadc06d\",\"name\":\"ulqini\",\"sameAs\":[\"http:\/\/www.visit-ulcinj.com\"],\"url\":\"https:\/\/www.visit-ulcinj.com\/blog\/author\/admin\/\"}]}<\/script>\n<!-- \/ Yoast SEO plugin. -->","yoast_head_json":{"title":"Ulcinji Rivi\u00e9ra Montenegr\u00f3 - Akci\u00f3s aj\u00e1nlatok - Lajme nga Ulqini","description":"Strandok Ulcinj Tov\u00e1bbi k\u00e9pek Mobil: Viber + Whatsapp: +382 69 335 534\u00a0 : +382 69 335 512 ULCINJ HOMOKOS PARTSZAKASZ ! Tov\u00e1bbi k\u00e9pek Hajdan\u00e1n rettegett","robots":{"index":"index","follow":"follow","max-snippet":"max-snippet:-1","max-image-preview":"max-image-preview:large","max-video-preview":"max-video-preview:-1"},"canonical":"https:\/\/www.visit-ulcinj.com\/blog\/2010\/09\/23\/ulcinji-riviera-montenegro-akcios-ajanlatok\/","og_locale":"en_US","og_type":"article","og_title":"Ulcinji Rivi\u00e9ra Montenegr\u00f3 - Akci\u00f3s aj\u00e1nlatok - Lajme nga Ulqini","og_description":"Strandok Ulcinj Tov\u00e1bbi k\u00e9pek Mobil: Viber + Whatsapp: +382 69 335 534\u00a0 : +382 69 335 512 ULCINJ HOMOKOS PARTSZAKASZ ! Tov\u00e1bbi k\u00e9pek Hajdan\u00e1n rettegett","og_url":"https:\/\/www.visit-ulcinj.com\/blog\/2010\/09\/23\/ulcinji-riviera-montenegro-akcios-ajanlatok\/","og_site_name":"Lajme nga Ulqini","article_published_time":"2010-09-23T11:55:57+00:00","article_modified_time":"2023-04-01T12:16:35+00:00","og_image":[{"url":"http:\/\/www.visit-ulcinj.com\/blog\/wp-content\/uploads\/2010\/09\/ADA-BOJANA_HTP-ULCINJSKA-RIVIJERA1.jpg"}],"twitter_misc":{"Written by":"ulqini","Est. reading time":"6 minutes"},"schema":{"@context":"https:\/\/schema.org","@graph":[{"@type":"WebSite","@id":"https:\/\/www.visit-ulcinj.com\/blog\/#website","url":"https:\/\/www.visit-ulcinj.com\/blog\/","name":"Lajme nga Ulqini","description":"Lajme,Vijesti,Ulqini,Ulqin,Crna Gora,Mali i Zi","potentialAction":[{"@type":"SearchAction","target":{"@type":"EntryPoint","urlTemplate":"https:\/\/www.visit-ulcinj.com\/blog\/?s={search_term_string}"},"query-input":"required name=search_term_string"}],"inLanguage":"en-US"},{"@type":"ImageObject","inLanguage":"en-US","@id":"https:\/\/www.visit-ulcinj.com\/blog\/2010\/09\/23\/ulcinji-riviera-montenegro-akcios-ajanlatok\/#primaryimage","url":"https:\/\/www.visit-ulcinj.com\/blog\/wp-content\/uploads\/2010\/09\/ADA-BOJANA_HTP-ULCINJSKA-RIVIJERA1.jpg","contentUrl":"https:\/\/www.visit-ulcinj.com\/blog\/wp-content\/uploads\/2010\/09\/ADA-BOJANA_HTP-ULCINJSKA-RIVIJERA1.jpg","width":"720","height":"480"},{"@type":"WebPage","@id":"https:\/\/www.visit-ulcinj.com\/blog\/2010\/09\/23\/ulcinji-riviera-montenegro-akcios-ajanlatok\/#webpage","url":"https:\/\/www.visit-ulcinj.com\/blog\/2010\/09\/23\/ulcinji-riviera-montenegro-akcios-ajanlatok\/","name":"Ulcinji Rivi\u00e9ra Montenegr\u00f3 - Akci\u00f3s aj\u00e1nlatok - Lajme nga Ulqini","isPartOf":{"@id":"https:\/\/www.visit-ulcinj.com\/blog\/#website"},"primaryImageOfPage":{"@id":"https:\/\/www.visit-ulcinj.com\/blog\/2010\/09\/23\/ulcinji-riviera-montenegro-akcios-ajanlatok\/#primaryimage"},"datePublished":"2010-09-23T11:55:57+00:00","dateModified":"2023-04-01T12:16:35+00:00","author":{"@id":"https:\/\/www.visit-ulcinj.com\/blog\/#\/schema\/person\/dcab619c614d3038751c63bc2aadc06d"},"description":"Strandok Ulcinj Tov\u00e1bbi k\u00e9pek Mobil: Viber + Whatsapp: +382 69 335 534\u00a0 : +382 69 335 512 ULCINJ HOMOKOS PARTSZAKASZ ! Tov\u00e1bbi k\u00e9pek Hajdan\u00e1n rettegett","breadcrumb":{"@id":"https:\/\/www.visit-ulcinj.com\/blog\/2010\/09\/23\/ulcinji-riviera-montenegro-akcios-ajanlatok\/#breadcrumb"},"inLanguage":"en-US","potentialAction":[{"@type":"ReadAction","target":["https:\/\/www.visit-ulcinj.com\/blog\/2010\/09\/23\/ulcinji-riviera-montenegro-akcios-ajanlatok\/"]}]},{"@type":"BreadcrumbList","@id":"https:\/\/www.visit-ulcinj.com\/blog\/2010\/09\/23\/ulcinji-riviera-montenegro-akcios-ajanlatok\/#breadcrumb","itemListElement":[{"@type":"ListItem","position":1,"name":"Ulcinji Rivi\u00e9ra Montenegr\u00f3 &#8211; Akci\u00f3s aj\u00e1nlatok"}]},{"@type":"Person","@id":"https:\/\/www.visit-ulcinj.com\/blog\/#\/schema\/person\/dcab619c614d3038751c63bc2aadc06d","name":"ulqini","sameAs":["http:\/\/www.visit-ulcinj.com"],"url":"https:\/\/www.visit-ulcinj.com\/blog\/author\/admin\/"}]}},"jetpack_featured_media_url":"","jetpack_sharing_enabled":true,"jetpack_shortlink":"https:\/\/wp.me\/pe6lTn-9LC","_links":{"self":[{"href":"https:\/\/www.visit-ulcinj.com\/blog\/wp-json\/wp\/v2\/posts\/37548"}],"collection":[{"href":"https:\/\/www.visit-ulcinj.com\/blog\/wp-json\/wp\/v2\/posts"}],"about":[{"href":"https:\/\/www.visit-ulcinj.com\/blog\/wp-json\/wp\/v2\/types\/post"}],"author":[{"embeddable":true,"href":"https:\/\/www.visit-ulcinj.com\/blog\/wp-json\/wp\/v2\/users\/1"}],"replies":[{"embeddable":true,"href":"https:\/\/www.visit-ulcinj.com\/blog\/wp-json\/wp\/v2\/comments?post=37548"}],"version-history":[{"count":11,"href":"https:\/\/www.visit-ulcinj.com\/blog\/wp-json\/wp\/v2\/posts\/37548\/revisions"}],"predecessor-version":[{"id":106885,"href":"https:\/\/www.visit-ulcinj.com\/blog\/wp-json\/wp\/v2\/posts\/37548\/revisions\/106885"}],"wp:attachment":[{"href":"https:\/\/www.visit-ulcinj.com\/blog\/wp-json\/wp\/v2\/media?parent=37548"}],"wp:term":[{"taxonomy":"category","embeddable":true,"href":"https:\/\/www.visit-ulcinj.com\/blog\/wp-json\/wp\/v2\/categories?post=37548"},{"taxonomy":"post_tag","embeddable":true,"href":"https:\/\/www.visit-ulcinj.com\/blog\/wp-json\/wp\/v2\/tags?post=37548"}],"curies":[{"name":"wp","href":"https:\/\/api.w.org\/{rel}","templated":true}]}}