{"id":37569,"date":"2010-09-23T21:30:24","date_gmt":"2010-09-23T19:30:24","guid":{"rendered":"http:\/\/www.visit-ulcinj.com\/blog\/?p=37569"},"modified":"2010-09-23T21:31:19","modified_gmt":"2010-09-23T19:31:19","slug":"povracaj-i-berba-maslinade","status":"publish","type":"post","link":"https:\/\/www.visit-ulcinj.com\/blog\/2010\/09\/23\/povracaj-i-berba-maslinade\/","title":{"rendered":"Povra\u0107aj i berba Maslinade"},"content":{"rendered":"<p><strong><a href=\"http:\/\/www.visit-ulcinj.com\/blog\/wp-content\/uploads\/2010\/09\/Valdanos_Ulcinj.jpg\"><img loading=\"lazy\" class=\"alignleft size-full wp-image-37570\" title=\"OLYMPUS DIGITAL CAMERA\" src=\"http:\/\/www.visit-ulcinj.com\/blog\/wp-content\/uploads\/2010\/09\/Valdanos_Ulcinj.jpg\" alt=\"\" width=\"490\" height=\"380\" \/><\/a>STAV<\/strong><\/p>\n<p><strong>Pi\u0161e: dr <\/strong><strong>Maksut D\u017e. Had\u017eibrahimovi\u0107<\/strong><br \/>\nVrhovni sud Crne Gore, u vije\u0107u sastavljenom od sudija Stanke Vu\u010dini\u0107, kao predsjednice vije\u0107a, dr \u010cedomira Bogi\u0107evi\u0107a i Sretena Ivanovi\u0107a, uz u\u010de\u0161\u0107e namje\u0161tenika suda Marine Bogdanovi\u0107, kao zapisni\u010dara, odlu\u010duju\u0107i po zahtjevu za vanredno preispitivanje presude Upravnog suda Crne Gore U. br. 732\/09 od 26. 02. 2010. godine, kojeg su podnijeli 50 tu\u017eilaca, koje zastupa punomo\u0107nik Mustafa \u010capuni, advokat iz Ulcinja, na nejavnoj sjednici vije\u0107a odr\u017eanoj dana 17. 06. 2010. godine, donio je presudu.<br \/>\nU ovoj presudi uva\u017eava se zahtjev za vanredno preispitivanje sudske odluke te se ukida presuda Upravnog suda Crne Gore U. br. 732\/09 od 26. 02. 2010. godine i predmet vra\u0107a tom Sudu na ponovno su\u0111enje.<br \/>\nU okviru obrazlo\u017eenja isti\u010dem sljede\u0107e: naime, presudom Upravnog suda Crne Gore U. br. 732\/09 od 26. 02. 2010. godine odbijena je tu\u017eba 50 tu\u017eilaca, podnijeta protiv rje\u0161enja tu\u017eenog Ministarstva finansija \u2013 Podgorica, br. 07-3\u20134\/1\u2013 2009 od 16. 04. 2009. godine, kojim je odbijena \u017ealba tu\u017eilaca podnijeta protiv zaklju\u010dka Uprave za nekretnine \u2013 Podru\u010dna jedinica Ulcinj, br. 465\u20131236\/08 od 01. 07. 2008. godine.<\/p>\n<p>Protiv ozna\u010dene presude Upravnog suda tu\u017eioci su preko punomo\u0107nika Mustafe \u010capunija podnijeli zahtjev za vanredno preispitivanje sudske odluke, zbog povrede pravila postupka u upravnom sporu i povrede materijalnog prava. Predla\u017ee se da se pobijana presuda ukine i predmet vrati na ponovno su\u0111enje.<br \/>\nNakon razmatranja spisa predmeta i ocjene navoda iz podnijetog zahtjeva ovaj sud je na\u0161ao: Da je u postupku dono\u0161enja pobijane presude u\u010dinjena povreda pravila postupka u upravnom sporu koja je mogla biti od uticaja na rje\u0161avanje stvari (\u010dl. 42. st. 1. ta\u010d. 2. Zakona o upravnom sporu), i to povreda odredbe \u010dl. 55. Zakona o upravnom sporu u vezi odredbe \u010dl. 367. st. 2. ta\u010d. 15. Zakona o parni\u010dnom postupku. Povreda postupka sastoji se u tome \u0161to presuda ima takvih nedostataka zbog kojih se zakonitost provedenog postupka ne mo\u017ee na pouzdan na\u010din ispitati, jer presuda ne sadr\u017ei razloge o odlu\u010dnim \u010dinjenicama dok su dati razlozi protivurje\u010dni stanju stvari u spisima predmeta. Prvostepenim upravnim aktom (zaklju\u010dak Podru\u010dne jedinice Ulcinj br. 465 \u2013 1236\/08 od 01. 07. 2008. godine) odba\u010den je predlog tu\u017eilaca za ponavljenje postupka s pozivom na odredbu \u010dl. 247. st. 4. Zakona o op\u0161tem upravnom postupku, jer je prvostepeni organ na\u0161ao da su protekli rokovi u okviru kojih se mo\u017ee tra\u017eiti i pokrenuti ponavljanje postupka.<br \/>\nProtiv ovog zaklju\u010dka tu\u017eioci su izjavili \u017ealbu pobijaju\u0107i osnovanost stava prvostepenog organa o neblagovremenosti zahtjeva za ponavljanje postupka uz navo\u0111enje i druge \u010dinjeni\u010dne i upravne argumentacije.<\/p>\n<p>Odlu\u010duju\u0107i o \u017ealbi drugostepeni organ (tu\u017eeno Ministarstvo finansija) rje\u0161enjem br. 07\u20133\u20134\/1-2009 od 16. 04. 2009. godine \u017ealbu je odbio kao neosnovanu. Me\u0111utim, u obrazlo\u017eenju ovog rje\u0161enja nema ni rije\u010di o tome da li je podnijeti zahtjev za ponavljanje postupka neblagovremen, kako je to na\u0161ao prvostepeni organ, niti se rje\u0161enje bavi onim pitanjem na osnovu kojeg je prvostepeni organ donio zaklju\u010dak i u odnosu na koje je izjavljena \u017ealba, ve\u0107 se u obrazlo\u017eenju iznosi \u010dinjeni\u010dno stanje i primjena materijalnog prava koja je bila predmet upravnog akta \u010dije se ponavljenje tra\u017ei. Time je drugostepeni organ postupio protivno odredbi \u010dl. 240. st. 2. Zakona o op\u0161tem upravnom postupku saglasno kojoj odredbi drugostepeni organ u obrazlo\u017eenju rje\u0161enja mora ocijeniti sve navode \u017ealbe, a pogotovo one bitne. Uz to, nerazumljiv je posljednji stav obrazlo\u017eenja osporenog rje\u0161enja \u201cda je cijenio i ostale navode \u017ealbe, ali da su bez zna\u010daja za dono\u0161enje drugoja\u010dije odluke\u201d, jer se ne daju razlozi koje to \u201costale navode\u201d ima u vidu drugostepeni organ.<br \/>\nKona\u010dno, pobijanom presudom tu\u017eba podnijeta protiv osporenog rje\u0161enja odbijena je \u010dime Upravni sud nalazi da su i drugostepeni i prvostepeni akt zakoniti.<\/p>\n<p>Me\u0111utim, Upravni sud se ne bavi sadr\u017eajima prvostepenog upravnog akta, \u017ealbe i drugostepenog akta, niti konkretnom ocjenom zakonitosti upravnih akata, ve\u0107 se bavi uslovima za ponavljanje postupka iz \u010dl. 244. st. 1.ta\u010d. 1. Zakona o op\u0161tem upravnom postupku sa zaklju\u010dkom da tu\u017eioci nijesu u smislu \u010dl. 249. Zakona o op\u0161tem upravnom postupku u\u010dinili vjerovatnim okolnost na kojima zasnivaju predlog za ponavljenje postupka.<br \/>\nDakle, nema ni rije\u010di o spornom pitanju koje je bilo osnov prvostepenom organu da odbaci zahtjev (protek rokova) i koje je bilo predmet \u017ealbe na prvostepeni akt.<br \/>\nBerbu Maslinade u Valdanosu, proteklih tri decenija, obavljali su pojedinci pojedinih politi\u010dkih stranaka Ulcinja, kao da im je bila \u0111edovina ili babovina, i na taj na\u010din stekli ogromno bogatstvo u maslinovom ulju, svje\u017eim maslinama, itd.<br \/>\nNadamo se da su se stekli zakonski uslovi, nakon tri decenije, da se vrati Maslinada i berbu Maslinade u Valdanosu obave zakonski vlasnici, budu\u0107i da berba po\u010dinje sredinom oktobra mjeseca.<\/p>\n<p>Autor je predava\u010d na Univerzitetu Crne Gore<br \/>\n<a href=\"http:\/\/www.vijesti.me\/\" target=\"_blank\"><strong><br \/>\nVijesti<\/strong><\/a><\/p>\n<!--YouTube Error: bad URL entered-->\n","protected":false},"excerpt":{"rendered":"<p>STAV Pi\u0161e: dr Maksut D\u017e. Had\u017eibrahimovi\u0107 Vrhovni sud Crne Gore, u vije\u0107u sastavljenom od sudija Stanke Vu\u010dini\u0107, kao predsjednice vije\u0107a, dr \u010cedomira Bogi\u0107evi\u0107a i Sretena Ivanovi\u0107a, uz u\u010de\u0161\u0107e namje\u0161tenika suda Marine Bogdanovi\u0107, kao zapisni\u010dara, odlu\u010duju\u0107i po zahtjevu za vanredno preispitivanje presude Upravnog suda Crne Gore U. br. 732\/09 od 26. 02. 2010. godine, kojeg su [&hellip;]<\/p>\n","protected":false},"author":1,"featured_media":0,"comment_status":"open","ping_status":"closed","sticky":false,"template":"","format":"standard","meta":{"spay_email":"","jetpack_publicize_message":"","jetpack_is_tweetstorm":false,"jetpack_publicize_feature_enabled":true},"categories":[8337],"tags":[21,15488,9757,9773,19,136],"jetpack_publicize_connections":[],"yoast_head":"<!-- This site is optimized with the Yoast SEO plugin v19.1 - https:\/\/yoast.com\/wordpress\/plugins\/seo\/ -->\n<title>Povra\u0107aj i berba Maslinade - Lajme nga Ulqini<\/title>\n<meta name=\"description\" content=\"STAV Pi\u0161e: dr Maksut D\u017e. Had\u017eibrahimovi\u0107 Vrhovni sud Crne Gore, u vije\u0107u sastavljenom od sudija Stanke Vu\u010dini\u0107, kao predsjednice vije\u0107a, dr \u010cedomira\" \/>\n<meta name=\"robots\" content=\"index, follow, max-snippet:-1, max-image-preview:large, max-video-preview:-1\" \/>\n<link rel=\"canonical\" href=\"https:\/\/www.visit-ulcinj.com\/blog\/2010\/09\/23\/povracaj-i-berba-maslinade\/\" \/>\n<meta property=\"og:locale\" content=\"en_US\" \/>\n<meta property=\"og:type\" content=\"article\" \/>\n<meta property=\"og:title\" content=\"Povra\u0107aj i berba Maslinade - Lajme nga Ulqini\" \/>\n<meta property=\"og:description\" content=\"STAV Pi\u0161e: dr Maksut D\u017e. Had\u017eibrahimovi\u0107 Vrhovni sud Crne Gore, u vije\u0107u sastavljenom od sudija Stanke Vu\u010dini\u0107, kao predsjednice vije\u0107a, dr \u010cedomira\" \/>\n<meta property=\"og:url\" content=\"https:\/\/www.visit-ulcinj.com\/blog\/2010\/09\/23\/povracaj-i-berba-maslinade\/\" \/>\n<meta property=\"og:site_name\" content=\"Lajme nga Ulqini\" \/>\n<meta property=\"article:published_time\" content=\"2010-09-23T19:30:24+00:00\" \/>\n<meta property=\"article:modified_time\" content=\"2010-09-23T19:31:19+00:00\" \/>\n<meta property=\"og:image\" content=\"http:\/\/www.visit-ulcinj.com\/blog\/wp-content\/uploads\/2010\/09\/Valdanos_Ulcinj.jpg\" \/>\n<meta name=\"twitter:label1\" content=\"Written by\" \/>\n\t<meta name=\"twitter:data1\" content=\"ulqini\" \/>\n\t<meta name=\"twitter:label2\" content=\"Est. reading time\" \/>\n\t<meta name=\"twitter:data2\" content=\"4 minutes\" \/>\n<script type=\"application\/ld+json\" class=\"yoast-schema-graph\">{\"@context\":\"https:\/\/schema.org\",\"@graph\":[{\"@type\":\"WebSite\",\"@id\":\"https:\/\/www.visit-ulcinj.com\/blog\/#website\",\"url\":\"https:\/\/www.visit-ulcinj.com\/blog\/\",\"name\":\"Lajme nga Ulqini\",\"description\":\"Lajme,Vijesti,Ulqini,Ulqin,Crna Gora,Mali i Zi\",\"potentialAction\":[{\"@type\":\"SearchAction\",\"target\":{\"@type\":\"EntryPoint\",\"urlTemplate\":\"https:\/\/www.visit-ulcinj.com\/blog\/?s={search_term_string}\"},\"query-input\":\"required name=search_term_string\"}],\"inLanguage\":\"en-US\"},{\"@type\":\"ImageObject\",\"inLanguage\":\"en-US\",\"@id\":\"https:\/\/www.visit-ulcinj.com\/blog\/2010\/09\/23\/povracaj-i-berba-maslinade\/#primaryimage\",\"url\":\"https:\/\/www.visit-ulcinj.com\/blog\/wp-content\/uploads\/2010\/09\/Valdanos_Ulcinj.jpg\",\"contentUrl\":\"https:\/\/www.visit-ulcinj.com\/blog\/wp-content\/uploads\/2010\/09\/Valdanos_Ulcinj.jpg\",\"width\":\"694\",\"height\":\"521\"},{\"@type\":\"WebPage\",\"@id\":\"https:\/\/www.visit-ulcinj.com\/blog\/2010\/09\/23\/povracaj-i-berba-maslinade\/#webpage\",\"url\":\"https:\/\/www.visit-ulcinj.com\/blog\/2010\/09\/23\/povracaj-i-berba-maslinade\/\",\"name\":\"Povra\u0107aj i berba Maslinade - Lajme nga Ulqini\",\"isPartOf\":{\"@id\":\"https:\/\/www.visit-ulcinj.com\/blog\/#website\"},\"primaryImageOfPage\":{\"@id\":\"https:\/\/www.visit-ulcinj.com\/blog\/2010\/09\/23\/povracaj-i-berba-maslinade\/#primaryimage\"},\"datePublished\":\"2010-09-23T19:30:24+00:00\",\"dateModified\":\"2010-09-23T19:31:19+00:00\",\"author\":{\"@id\":\"https:\/\/www.visit-ulcinj.com\/blog\/#\/schema\/person\/dcab619c614d3038751c63bc2aadc06d\"},\"description\":\"STAV Pi\u0161e: dr Maksut D\u017e. Had\u017eibrahimovi\u0107 Vrhovni sud Crne Gore, u vije\u0107u sastavljenom od sudija Stanke Vu\u010dini\u0107, kao predsjednice vije\u0107a, dr \u010cedomira\",\"breadcrumb\":{\"@id\":\"https:\/\/www.visit-ulcinj.com\/blog\/2010\/09\/23\/povracaj-i-berba-maslinade\/#breadcrumb\"},\"inLanguage\":\"en-US\",\"potentialAction\":[{\"@type\":\"ReadAction\",\"target\":[\"https:\/\/www.visit-ulcinj.com\/blog\/2010\/09\/23\/povracaj-i-berba-maslinade\/\"]}]},{\"@type\":\"BreadcrumbList\",\"@id\":\"https:\/\/www.visit-ulcinj.com\/blog\/2010\/09\/23\/povracaj-i-berba-maslinade\/#breadcrumb\",\"itemListElement\":[{\"@type\":\"ListItem\",\"position\":1,\"name\":\"Povra\u0107aj i berba Maslinade\"}]},{\"@type\":\"Person\",\"@id\":\"https:\/\/www.visit-ulcinj.com\/blog\/#\/schema\/person\/dcab619c614d3038751c63bc2aadc06d\",\"name\":\"ulqini\",\"sameAs\":[\"http:\/\/www.visit-ulcinj.com\"],\"url\":\"https:\/\/www.visit-ulcinj.com\/blog\/author\/admin\/\"}]}<\/script>\n<!-- \/ Yoast SEO plugin. -->","yoast_head_json":{"title":"Povra\u0107aj i berba Maslinade - Lajme nga Ulqini","description":"STAV Pi\u0161e: dr Maksut D\u017e. Had\u017eibrahimovi\u0107 Vrhovni sud Crne Gore, u vije\u0107u sastavljenom od sudija Stanke Vu\u010dini\u0107, kao predsjednice vije\u0107a, dr \u010cedomira","robots":{"index":"index","follow":"follow","max-snippet":"max-snippet:-1","max-image-preview":"max-image-preview:large","max-video-preview":"max-video-preview:-1"},"canonical":"https:\/\/www.visit-ulcinj.com\/blog\/2010\/09\/23\/povracaj-i-berba-maslinade\/","og_locale":"en_US","og_type":"article","og_title":"Povra\u0107aj i berba Maslinade - Lajme nga Ulqini","og_description":"STAV Pi\u0161e: dr Maksut D\u017e. Had\u017eibrahimovi\u0107 Vrhovni sud Crne Gore, u vije\u0107u sastavljenom od sudija Stanke Vu\u010dini\u0107, kao predsjednice vije\u0107a, dr \u010cedomira","og_url":"https:\/\/www.visit-ulcinj.com\/blog\/2010\/09\/23\/povracaj-i-berba-maslinade\/","og_site_name":"Lajme nga Ulqini","article_published_time":"2010-09-23T19:30:24+00:00","article_modified_time":"2010-09-23T19:31:19+00:00","og_image":[{"url":"http:\/\/www.visit-ulcinj.com\/blog\/wp-content\/uploads\/2010\/09\/Valdanos_Ulcinj.jpg"}],"twitter_misc":{"Written by":"ulqini","Est. reading time":"4 minutes"},"schema":{"@context":"https:\/\/schema.org","@graph":[{"@type":"WebSite","@id":"https:\/\/www.visit-ulcinj.com\/blog\/#website","url":"https:\/\/www.visit-ulcinj.com\/blog\/","name":"Lajme nga Ulqini","description":"Lajme,Vijesti,Ulqini,Ulqin,Crna Gora,Mali i Zi","potentialAction":[{"@type":"SearchAction","target":{"@type":"EntryPoint","urlTemplate":"https:\/\/www.visit-ulcinj.com\/blog\/?s={search_term_string}"},"query-input":"required name=search_term_string"}],"inLanguage":"en-US"},{"@type":"ImageObject","inLanguage":"en-US","@id":"https:\/\/www.visit-ulcinj.com\/blog\/2010\/09\/23\/povracaj-i-berba-maslinade\/#primaryimage","url":"https:\/\/www.visit-ulcinj.com\/blog\/wp-content\/uploads\/2010\/09\/Valdanos_Ulcinj.jpg","contentUrl":"https:\/\/www.visit-ulcinj.com\/blog\/wp-content\/uploads\/2010\/09\/Valdanos_Ulcinj.jpg","width":"694","height":"521"},{"@type":"WebPage","@id":"https:\/\/www.visit-ulcinj.com\/blog\/2010\/09\/23\/povracaj-i-berba-maslinade\/#webpage","url":"https:\/\/www.visit-ulcinj.com\/blog\/2010\/09\/23\/povracaj-i-berba-maslinade\/","name":"Povra\u0107aj i berba Maslinade - Lajme nga Ulqini","isPartOf":{"@id":"https:\/\/www.visit-ulcinj.com\/blog\/#website"},"primaryImageOfPage":{"@id":"https:\/\/www.visit-ulcinj.com\/blog\/2010\/09\/23\/povracaj-i-berba-maslinade\/#primaryimage"},"datePublished":"2010-09-23T19:30:24+00:00","dateModified":"2010-09-23T19:31:19+00:00","author":{"@id":"https:\/\/www.visit-ulcinj.com\/blog\/#\/schema\/person\/dcab619c614d3038751c63bc2aadc06d"},"description":"STAV Pi\u0161e: dr Maksut D\u017e. Had\u017eibrahimovi\u0107 Vrhovni sud Crne Gore, u vije\u0107u sastavljenom od sudija Stanke Vu\u010dini\u0107, kao predsjednice vije\u0107a, dr \u010cedomira","breadcrumb":{"@id":"https:\/\/www.visit-ulcinj.com\/blog\/2010\/09\/23\/povracaj-i-berba-maslinade\/#breadcrumb"},"inLanguage":"en-US","potentialAction":[{"@type":"ReadAction","target":["https:\/\/www.visit-ulcinj.com\/blog\/2010\/09\/23\/povracaj-i-berba-maslinade\/"]}]},{"@type":"BreadcrumbList","@id":"https:\/\/www.visit-ulcinj.com\/blog\/2010\/09\/23\/povracaj-i-berba-maslinade\/#breadcrumb","itemListElement":[{"@type":"ListItem","position":1,"name":"Povra\u0107aj i berba Maslinade"}]},{"@type":"Person","@id":"https:\/\/www.visit-ulcinj.com\/blog\/#\/schema\/person\/dcab619c614d3038751c63bc2aadc06d","name":"ulqini","sameAs":["http:\/\/www.visit-ulcinj.com"],"url":"https:\/\/www.visit-ulcinj.com\/blog\/author\/admin\/"}]}},"jetpack_featured_media_url":"","jetpack_sharing_enabled":true,"jetpack_shortlink":"https:\/\/wp.me\/pe6lTn-9LX","_links":{"self":[{"href":"https:\/\/www.visit-ulcinj.com\/blog\/wp-json\/wp\/v2\/posts\/37569"}],"collection":[{"href":"https:\/\/www.visit-ulcinj.com\/blog\/wp-json\/wp\/v2\/posts"}],"about":[{"href":"https:\/\/www.visit-ulcinj.com\/blog\/wp-json\/wp\/v2\/types\/post"}],"author":[{"embeddable":true,"href":"https:\/\/www.visit-ulcinj.com\/blog\/wp-json\/wp\/v2\/users\/1"}],"replies":[{"embeddable":true,"href":"https:\/\/www.visit-ulcinj.com\/blog\/wp-json\/wp\/v2\/comments?post=37569"}],"version-history":[{"count":0,"href":"https:\/\/www.visit-ulcinj.com\/blog\/wp-json\/wp\/v2\/posts\/37569\/revisions"}],"wp:attachment":[{"href":"https:\/\/www.visit-ulcinj.com\/blog\/wp-json\/wp\/v2\/media?parent=37569"}],"wp:term":[{"taxonomy":"category","embeddable":true,"href":"https:\/\/www.visit-ulcinj.com\/blog\/wp-json\/wp\/v2\/categories?post=37569"},{"taxonomy":"post_tag","embeddable":true,"href":"https:\/\/www.visit-ulcinj.com\/blog\/wp-json\/wp\/v2\/tags?post=37569"}],"curies":[{"name":"wp","href":"https:\/\/api.w.org\/{rel}","templated":true}]}}