{"id":37573,"date":"2010-09-23T21:38:51","date_gmt":"2010-09-23T19:38:51","guid":{"rendered":"http:\/\/www.visit-ulcinj.com\/blog\/?p=37573"},"modified":"2010-09-23T21:38:51","modified_gmt":"2010-09-23T19:38:51","slug":"na-izborima-u-ulcinju-osam-partija-i-dvije-koalicije","status":"publish","type":"post","link":"https:\/\/www.visit-ulcinj.com\/blog\/2010\/09\/23\/na-izborima-u-ulcinju-osam-partija-i-dvije-koalicije\/","title":{"rendered":"Na izborima u Ulcinju osam partija i dvije koalicije"},"content":{"rendered":"<p><strong><a href=\"http:\/\/www.visit-ulcinj.com\/blog\/wp-content\/uploads\/2010\/09\/Partit-shqiptare-Ulqin-2010.jpg\"><img loading=\"lazy\" class=\"alignleft size-full wp-image-37486\" title=\"Partit shqiptare Ulqin 2010\" src=\"http:\/\/www.visit-ulcinj.com\/blog\/wp-content\/uploads\/2010\/09\/Partit-shqiptare-Ulqin-2010.jpg\" alt=\"\" width=\"489\" height=\"242\" srcset=\"https:\/\/www.visit-ulcinj.com\/blog\/wp-content\/uploads\/2010\/09\/Partit-shqiptare-Ulqin-2010.jpg 489w, https:\/\/www.visit-ulcinj.com\/blog\/wp-content\/uploads\/2010\/09\/Partit-shqiptare-Ulqin-2010-300x148.jpg 300w\" sizes=\"(max-width: 489px) 100vw, 489px\" \/><\/a>Osam lista u trci za vlast<\/strong><br \/>\nUlcinj \u2013 Na vanrednim izborima 17. oktobra u Ulcinju, takmi\u010di\u0107e se \u0161est partija i dvije koalicije. Samostalan nastup Op\u0161tinskoj izbornoj komisiji potvrdile su Forca, DPS, SDP, Demokratski savez\u2013Mehmet Bardhi, Bo\u0161nja\u010dka stranka i Gra\u0111anska inicijativa Perspektiva. Nosioci tih lista su Nazif Cungu, Ljui\u0111 \u0160krelja, Selim Resulbegovi\u0107, Saubih Mehmeti, Rifat Stankovi\u0107 i Amir Holaj.<br \/>\nU koaliciji \u0107e nastupiti DUA i PDP, sa nosiocem, aktuelnim gradona\u010delnikom, Gzimom Hajdinagom i udru\u017eena opozicija koju vodi Andrija \u0106etkovi\u0107 iz SNP-a.<br \/>\nDemokratsko jedinstvo Albanaca i Nova alijansa podr\u017ea\u0107e Forcu bez uslovljavanja.<\/p>\n<p><strong>S.A.<br \/>\n<a href=\"http:\/\/www.vijesti.me\/\" target=\"_blank\">Vijesti<\/a><\/strong><\/p>\n","protected":false},"excerpt":{"rendered":"<p>Osam lista u trci za vlast Ulcinj \u2013 Na vanrednim izborima 17. oktobra u Ulcinju, takmi\u010di\u0107e se \u0161est partija i dvije koalicije. Samostalan nastup Op\u0161tinskoj izbornoj komisiji potvrdile su Forca, DPS, SDP, Demokratski savez\u2013Mehmet Bardhi, Bo\u0161nja\u010dka stranka i Gra\u0111anska inicijativa Perspektiva. Nosioci tih lista su Nazif Cungu, Ljui\u0111 \u0160krelja, Selim Resulbegovi\u0107, Saubih Mehmeti, Rifat Stankovi\u0107 [&hellip;]<\/p>\n","protected":false},"author":1,"featured_media":0,"comment_status":"open","ping_status":"closed","sticky":false,"template":"","format":"standard","meta":{"spay_email":"","jetpack_publicize_message":"","jetpack_is_tweetstorm":false,"jetpack_publicize_feature_enabled":true},"categories":[8337],"tags":[19],"jetpack_publicize_connections":[],"yoast_head":"<!-- This site is optimized with the Yoast SEO plugin v19.1 - https:\/\/yoast.com\/wordpress\/plugins\/seo\/ -->\n<title>Na izborima u Ulcinju osam partija i dvije koalicije - Lajme nga Ulqini<\/title>\n<meta name=\"description\" content=\"Osam lista u trci za vlast Ulcinj \u2013 Na vanrednim izborima 17. oktobra u Ulcinju, takmi\u010di\u0107e se \u0161est partija i dvije koalicije. Samostalan nastup Op\u0161tinskoj\" \/>\n<meta name=\"robots\" content=\"index, follow, max-snippet:-1, max-image-preview:large, max-video-preview:-1\" \/>\n<link rel=\"canonical\" href=\"https:\/\/www.visit-ulcinj.com\/blog\/2010\/09\/23\/na-izborima-u-ulcinju-osam-partija-i-dvije-koalicije\/\" \/>\n<meta property=\"og:locale\" content=\"en_US\" \/>\n<meta property=\"og:type\" content=\"article\" \/>\n<meta property=\"og:title\" content=\"Na izborima u Ulcinju osam partija i dvije koalicije - Lajme nga Ulqini\" \/>\n<meta property=\"og:description\" content=\"Osam lista u trci za vlast Ulcinj \u2013 Na vanrednim izborima 17. oktobra u Ulcinju, takmi\u010di\u0107e se \u0161est partija i dvije koalicije. Samostalan nastup Op\u0161tinskoj\" \/>\n<meta property=\"og:url\" content=\"https:\/\/www.visit-ulcinj.com\/blog\/2010\/09\/23\/na-izborima-u-ulcinju-osam-partija-i-dvije-koalicije\/\" \/>\n<meta property=\"og:site_name\" content=\"Lajme nga Ulqini\" \/>\n<meta property=\"article:published_time\" content=\"2010-09-23T19:38:51+00:00\" \/>\n<meta property=\"og:image\" content=\"http:\/\/www.visit-ulcinj.com\/blog\/wp-content\/uploads\/2010\/09\/Partit-shqiptare-Ulqin-2010.jpg\" \/>\n<meta name=\"twitter:label1\" content=\"Written by\" \/>\n\t<meta name=\"twitter:data1\" content=\"ulqini\" \/>\n\t<meta name=\"twitter:label2\" content=\"Est. reading time\" \/>\n\t<meta name=\"twitter:data2\" content=\"1 minute\" \/>\n<script type=\"application\/ld+json\" class=\"yoast-schema-graph\">{\"@context\":\"https:\/\/schema.org\",\"@graph\":[{\"@type\":\"WebSite\",\"@id\":\"https:\/\/www.visit-ulcinj.com\/blog\/#website\",\"url\":\"https:\/\/www.visit-ulcinj.com\/blog\/\",\"name\":\"Lajme nga Ulqini\",\"description\":\"Lajme,Vijesti,Ulqini,Ulqin,Crna Gora,Mali i Zi\",\"potentialAction\":[{\"@type\":\"SearchAction\",\"target\":{\"@type\":\"EntryPoint\",\"urlTemplate\":\"https:\/\/www.visit-ulcinj.com\/blog\/?s={search_term_string}\"},\"query-input\":\"required name=search_term_string\"}],\"inLanguage\":\"en-US\"},{\"@type\":\"ImageObject\",\"inLanguage\":\"en-US\",\"@id\":\"https:\/\/www.visit-ulcinj.com\/blog\/2010\/09\/23\/na-izborima-u-ulcinju-osam-partija-i-dvije-koalicije\/#primaryimage\",\"url\":\"https:\/\/www.visit-ulcinj.com\/blog\/wp-content\/uploads\/2010\/09\/Partit-shqiptare-Ulqin-2010.jpg\",\"contentUrl\":\"https:\/\/www.visit-ulcinj.com\/blog\/wp-content\/uploads\/2010\/09\/Partit-shqiptare-Ulqin-2010.jpg\",\"width\":\"489\",\"height\":\"242\"},{\"@type\":\"WebPage\",\"@id\":\"https:\/\/www.visit-ulcinj.com\/blog\/2010\/09\/23\/na-izborima-u-ulcinju-osam-partija-i-dvije-koalicije\/#webpage\",\"url\":\"https:\/\/www.visit-ulcinj.com\/blog\/2010\/09\/23\/na-izborima-u-ulcinju-osam-partija-i-dvije-koalicije\/\",\"name\":\"Na izborima u Ulcinju osam partija i dvije koalicije - Lajme nga Ulqini\",\"isPartOf\":{\"@id\":\"https:\/\/www.visit-ulcinj.com\/blog\/#website\"},\"primaryImageOfPage\":{\"@id\":\"https:\/\/www.visit-ulcinj.com\/blog\/2010\/09\/23\/na-izborima-u-ulcinju-osam-partija-i-dvije-koalicije\/#primaryimage\"},\"datePublished\":\"2010-09-23T19:38:51+00:00\",\"dateModified\":\"2010-09-23T19:38:51+00:00\",\"author\":{\"@id\":\"https:\/\/www.visit-ulcinj.com\/blog\/#\/schema\/person\/dcab619c614d3038751c63bc2aadc06d\"},\"description\":\"Osam lista u trci za vlast Ulcinj \u2013 Na vanrednim izborima 17. oktobra u Ulcinju, takmi\u010di\u0107e se \u0161est partija i dvije koalicije. Samostalan nastup Op\u0161tinskoj\",\"breadcrumb\":{\"@id\":\"https:\/\/www.visit-ulcinj.com\/blog\/2010\/09\/23\/na-izborima-u-ulcinju-osam-partija-i-dvije-koalicije\/#breadcrumb\"},\"inLanguage\":\"en-US\",\"potentialAction\":[{\"@type\":\"ReadAction\",\"target\":[\"https:\/\/www.visit-ulcinj.com\/blog\/2010\/09\/23\/na-izborima-u-ulcinju-osam-partija-i-dvije-koalicije\/\"]}]},{\"@type\":\"BreadcrumbList\",\"@id\":\"https:\/\/www.visit-ulcinj.com\/blog\/2010\/09\/23\/na-izborima-u-ulcinju-osam-partija-i-dvije-koalicije\/#breadcrumb\",\"itemListElement\":[{\"@type\":\"ListItem\",\"position\":1,\"name\":\"Na izborima u Ulcinju osam partija i dvije koalicije\"}]},{\"@type\":\"Person\",\"@id\":\"https:\/\/www.visit-ulcinj.com\/blog\/#\/schema\/person\/dcab619c614d3038751c63bc2aadc06d\",\"name\":\"ulqini\",\"sameAs\":[\"http:\/\/www.visit-ulcinj.com\"],\"url\":\"https:\/\/www.visit-ulcinj.com\/blog\/author\/admin\/\"}]}<\/script>\n<!-- \/ Yoast SEO plugin. -->","yoast_head_json":{"title":"Na izborima u Ulcinju osam partija i dvije koalicije - Lajme nga Ulqini","description":"Osam lista u trci za vlast Ulcinj \u2013 Na vanrednim izborima 17. oktobra u Ulcinju, takmi\u010di\u0107e se \u0161est partija i dvije koalicije. Samostalan nastup Op\u0161tinskoj","robots":{"index":"index","follow":"follow","max-snippet":"max-snippet:-1","max-image-preview":"max-image-preview:large","max-video-preview":"max-video-preview:-1"},"canonical":"https:\/\/www.visit-ulcinj.com\/blog\/2010\/09\/23\/na-izborima-u-ulcinju-osam-partija-i-dvije-koalicije\/","og_locale":"en_US","og_type":"article","og_title":"Na izborima u Ulcinju osam partija i dvije koalicije - Lajme nga Ulqini","og_description":"Osam lista u trci za vlast Ulcinj \u2013 Na vanrednim izborima 17. oktobra u Ulcinju, takmi\u010di\u0107e se \u0161est partija i dvije koalicije. Samostalan nastup Op\u0161tinskoj","og_url":"https:\/\/www.visit-ulcinj.com\/blog\/2010\/09\/23\/na-izborima-u-ulcinju-osam-partija-i-dvije-koalicije\/","og_site_name":"Lajme nga Ulqini","article_published_time":"2010-09-23T19:38:51+00:00","og_image":[{"url":"http:\/\/www.visit-ulcinj.com\/blog\/wp-content\/uploads\/2010\/09\/Partit-shqiptare-Ulqin-2010.jpg"}],"twitter_misc":{"Written by":"ulqini","Est. reading time":"1 minute"},"schema":{"@context":"https:\/\/schema.org","@graph":[{"@type":"WebSite","@id":"https:\/\/www.visit-ulcinj.com\/blog\/#website","url":"https:\/\/www.visit-ulcinj.com\/blog\/","name":"Lajme nga Ulqini","description":"Lajme,Vijesti,Ulqini,Ulqin,Crna Gora,Mali i Zi","potentialAction":[{"@type":"SearchAction","target":{"@type":"EntryPoint","urlTemplate":"https:\/\/www.visit-ulcinj.com\/blog\/?s={search_term_string}"},"query-input":"required name=search_term_string"}],"inLanguage":"en-US"},{"@type":"ImageObject","inLanguage":"en-US","@id":"https:\/\/www.visit-ulcinj.com\/blog\/2010\/09\/23\/na-izborima-u-ulcinju-osam-partija-i-dvije-koalicije\/#primaryimage","url":"https:\/\/www.visit-ulcinj.com\/blog\/wp-content\/uploads\/2010\/09\/Partit-shqiptare-Ulqin-2010.jpg","contentUrl":"https:\/\/www.visit-ulcinj.com\/blog\/wp-content\/uploads\/2010\/09\/Partit-shqiptare-Ulqin-2010.jpg","width":"489","height":"242"},{"@type":"WebPage","@id":"https:\/\/www.visit-ulcinj.com\/blog\/2010\/09\/23\/na-izborima-u-ulcinju-osam-partija-i-dvije-koalicije\/#webpage","url":"https:\/\/www.visit-ulcinj.com\/blog\/2010\/09\/23\/na-izborima-u-ulcinju-osam-partija-i-dvije-koalicije\/","name":"Na izborima u Ulcinju osam partija i dvije koalicije - Lajme nga Ulqini","isPartOf":{"@id":"https:\/\/www.visit-ulcinj.com\/blog\/#website"},"primaryImageOfPage":{"@id":"https:\/\/www.visit-ulcinj.com\/blog\/2010\/09\/23\/na-izborima-u-ulcinju-osam-partija-i-dvije-koalicije\/#primaryimage"},"datePublished":"2010-09-23T19:38:51+00:00","dateModified":"2010-09-23T19:38:51+00:00","author":{"@id":"https:\/\/www.visit-ulcinj.com\/blog\/#\/schema\/person\/dcab619c614d3038751c63bc2aadc06d"},"description":"Osam lista u trci za vlast Ulcinj \u2013 Na vanrednim izborima 17. oktobra u Ulcinju, takmi\u010di\u0107e se \u0161est partija i dvije koalicije. Samostalan nastup Op\u0161tinskoj","breadcrumb":{"@id":"https:\/\/www.visit-ulcinj.com\/blog\/2010\/09\/23\/na-izborima-u-ulcinju-osam-partija-i-dvije-koalicije\/#breadcrumb"},"inLanguage":"en-US","potentialAction":[{"@type":"ReadAction","target":["https:\/\/www.visit-ulcinj.com\/blog\/2010\/09\/23\/na-izborima-u-ulcinju-osam-partija-i-dvije-koalicije\/"]}]},{"@type":"BreadcrumbList","@id":"https:\/\/www.visit-ulcinj.com\/blog\/2010\/09\/23\/na-izborima-u-ulcinju-osam-partija-i-dvije-koalicije\/#breadcrumb","itemListElement":[{"@type":"ListItem","position":1,"name":"Na izborima u Ulcinju osam partija i dvije koalicije"}]},{"@type":"Person","@id":"https:\/\/www.visit-ulcinj.com\/blog\/#\/schema\/person\/dcab619c614d3038751c63bc2aadc06d","name":"ulqini","sameAs":["http:\/\/www.visit-ulcinj.com"],"url":"https:\/\/www.visit-ulcinj.com\/blog\/author\/admin\/"}]}},"jetpack_featured_media_url":"","jetpack_sharing_enabled":true,"jetpack_shortlink":"https:\/\/wp.me\/pe6lTn-9M1","_links":{"self":[{"href":"https:\/\/www.visit-ulcinj.com\/blog\/wp-json\/wp\/v2\/posts\/37573"}],"collection":[{"href":"https:\/\/www.visit-ulcinj.com\/blog\/wp-json\/wp\/v2\/posts"}],"about":[{"href":"https:\/\/www.visit-ulcinj.com\/blog\/wp-json\/wp\/v2\/types\/post"}],"author":[{"embeddable":true,"href":"https:\/\/www.visit-ulcinj.com\/blog\/wp-json\/wp\/v2\/users\/1"}],"replies":[{"embeddable":true,"href":"https:\/\/www.visit-ulcinj.com\/blog\/wp-json\/wp\/v2\/comments?post=37573"}],"version-history":[{"count":0,"href":"https:\/\/www.visit-ulcinj.com\/blog\/wp-json\/wp\/v2\/posts\/37573\/revisions"}],"wp:attachment":[{"href":"https:\/\/www.visit-ulcinj.com\/blog\/wp-json\/wp\/v2\/media?parent=37573"}],"wp:term":[{"taxonomy":"category","embeddable":true,"href":"https:\/\/www.visit-ulcinj.com\/blog\/wp-json\/wp\/v2\/categories?post=37573"},{"taxonomy":"post_tag","embeddable":true,"href":"https:\/\/www.visit-ulcinj.com\/blog\/wp-json\/wp\/v2\/tags?post=37573"}],"curies":[{"name":"wp","href":"https:\/\/api.w.org\/{rel}","templated":true}]}}