{"id":37575,"date":"2010-09-23T22:17:26","date_gmt":"2010-09-23T20:17:26","guid":{"rendered":"http:\/\/www.visit-ulcinj.com\/blog\/?p=37575"},"modified":"2010-09-23T22:42:08","modified_gmt":"2010-09-23T20:42:08","slug":"emir-dervishi-nga-ulqini-per-suksese-evropiane","status":"publish","type":"post","link":"https:\/\/www.visit-ulcinj.com\/blog\/2010\/09\/23\/emir-dervishi-nga-ulqini-per-suksese-evropiane\/","title":{"rendered":"Emir Dervishi, nga Ulqini p\u00ebr suksese evropiane"},"content":{"rendered":"<p><a href=\"http:\/\/www.visit-ulcinj.com\/blog\/wp-content\/uploads\/2010\/09\/Emir-Dervishi_ulqin.4.jpg\"><img loading=\"lazy\" class=\"alignleft size-full wp-image-37576\" title=\"Emir Dervishi_ulqin.4\" src=\"http:\/\/www.visit-ulcinj.com\/blog\/wp-content\/uploads\/2010\/09\/Emir-Dervishi_ulqin.4.jpg\" alt=\"\" width=\"490\" height=\"360\" srcset=\"https:\/\/www.visit-ulcinj.com\/blog\/wp-content\/uploads\/2010\/09\/Emir-Dervishi_ulqin.4.jpg 490w, https:\/\/www.visit-ulcinj.com\/blog\/wp-content\/uploads\/2010\/09\/Emir-Dervishi_ulqin.4-300x220.jpg 300w\" sizes=\"(max-width: 490px) 100vw, 490px\" \/><\/a>Kik-boksieri, Emir Dervish n\u00eb saje t\u00eb p\u00ebrgatitjeve intensive ka shpresa t\u00eb m\u00ebdha q\u00eb nga Kampionati Evropian, q\u00eb do t\u00eb mbahet gjat\u00eb k\u00ebtij vitit n\u00eb Azerbajxhan, nuk do t\u00eb kthehet duarthat\u00eb. Vitin e ardhsh\u00ebm, Dervishi ka n\u00eb plan q\u00eb n\u00eb Gjermani t\u00eb organizoj\u00eb nj\u00eb meq\u00eb profesional n\u00eb kik-boks dhe pas k\u00ebsaj kaloj\u00eb n\u00eb profesioniz\u00ebm<\/p>\n<p>Pas suksesit t\u00eb arritur n\u00eb ringjet e Malit t\u00eb zi, Shqip\u00ebris\u00eb, Kosov\u00ebs dhe vendeve t\u00eb tjera t\u00eb rajonit, kikboksieri Emir Dervishi \u00ebsht\u00eb duke u p\u00ebrgatitor p\u00ebr sfida m\u00eb t\u00eb m\u00ebdha n\u00eb qytetin e vendlindjes n\u00eb Ulqin.<\/p>\n<p>N\u00eb baz\u00eb t\u00eb suksesit, 23 vje\u00e7ari ka arritur t\u00eb b\u00ebhet pjes\u00eb e reprezentacionit t\u00eb Malit t\u00eb Zi. Dervishi \u00ebsht\u00eb fitues i shum\u00eb medaljeve t\u00eb arta, mir\u00ebnjohjeve, kupave, \u201cDor\u00ebz\u00ebs s\u00eb art\u00eb 2009\u201d dhe shp\u00ebrblimeve t\u00eb tjera.<\/p>\n<p>Ajo \u00e7ka m\u00eb s\u00eb shumti e inkurajon k\u00ebt\u00eb sportist jan\u00eb rezultatet dhe sukseset q\u00eb i arriti si an\u00ebtar i klubit \u201cAlbulena\u201d t\u00eb Ulqinit, n\u00eb reprezentacionin e Mali t\u00eb Zi dhe n\u00eb turnir\u00ebt ballkanik\u00eb dhe ata nd\u00ebrkomb\u00ebtar\u00eb.<\/p>\n<p>K\u00ebto suksese jo vet\u00ebm Dervishin por edhe shqiptar\u00ebt e Malit t\u00eb Zi, qytetar\u00ebt e Ulqini e familjen e tij i b\u00ebjn\u00eb edhe m\u00eb krenar\u00eb.<\/p>\n<p><a href=\"http:\/\/www.visit-ulcinj.com\/blog\/wp-content\/uploads\/2010\/09\/Emir-Dervishi_ulqin.1.jpg\"><img loading=\"lazy\" class=\"alignleft size-full wp-image-37577\" title=\"Emir Dervishi_ulqin.1\" src=\"http:\/\/www.visit-ulcinj.com\/blog\/wp-content\/uploads\/2010\/09\/Emir-Dervishi_ulqin.1.jpg\" alt=\"\" width=\"490\" height=\"390\" \/><\/a>\u201cKlubi i kikboksit, Albulena n\u00eb Ulqin pas vet\u00ebm dy viteve pun\u00eb intensive ka arritur suksese t\u00eb m\u00ebdha n\u00eb nivel t\u00eb t\u00eb Republik\u00ebs s\u00eb Malit t\u00eb Zi. Ne e arrit\u00ebm shum\u00eb shpejt at\u00eb q\u00eb e d\u00ebshironim\u201d, tha Dervishi.<\/p>\n<p>N\u00eb kampionatit e Malit t\u00eb Zi, i cili u mbajt n\u00eb Rozhaj\u00eb, askush prej ekipeve pjes\u00ebmarr\u00ebse nga qytetet e ndryshme nuk prit\u00ebn q\u00eb ekipi i kik-boksit \u201cAlbulena\u201d do t\u00eb prezantohet si konkurrent i fort\u00eb, i suksessh\u00ebm, i rezultateve dhe i befasive. N\u00eb k\u00ebt\u00eb turne n\u00eb nj\u00eb konkurrenc\u00eb mjaft t\u00eb fort\u00eb kikboksier\u00ebt ulqinak arrit\u00ebn t\u2019i fitojn\u00eb tri medalje t\u00eb arta dhe dy t\u00eb argjendta. Dervishi, u shpall boksieri m\u00eb i mir\u00eb i turnirit. Edhe n\u00eb turnet\u00eb e tjera nd\u00ebrkomb\u00ebtar\u00eb n\u00eb Shqip\u00ebri, n\u00eb Kosov\u00eb dhe n\u00eb Podgoric\u00eb e n\u00eb Nikshiq, talent i kik-boksit sh\u00ebnoi rezultate inkurajuese &#8211; fitoi shum\u00eb medalje t\u00eb arta, mir\u00ebnjohje dhe shp\u00ebrblime t\u00eb tjera.<\/p>\n<p>Dervishi n\u00eb turneun Ballkanik n\u00eb Sofje t\u00eb Bullgaris\u00eb, n\u00eb kategorin\u00eb e senior\u00ebve n\u00eb pesh\u00ebn deri tet\u00ebdhjet\u00eb e nj\u00eb kilogram\u00eb, n\u00eb nj\u00eb luft\u00eb t\u00eb ashp\u00ebr sfidoi kampionin e bot\u00ebs, t\u00eb cilit iu desh shum\u00eb p\u00ebr t\u00eb mposhtur at\u00eb. Edhe n\u00eb turnirin nd\u00ebrkomb\u00ebtar profesional t\u00eb kik-boksit n\u00eb Bjellopolje t\u00eb Malit t\u00eb Zi, Dervishi arriti ta mund kroatin Ivan Stupallo (3:0), i cili n\u00eb karrier\u00ebn e tij kishte zhvilluar pes\u00ebdhjet\u00eb me\u00e7e. Edhe n\u00eb k\u00ebt\u00eb turne profesionale boksieri ulqinak u shpall boksieri m\u00eb i mir\u00eb.<\/p>\n<p>Kampioni 23 vje\u00e7ar koh\u00ebt e fundit ai \u00ebsht\u00eb duke st\u00ebrvitur pand\u00ebrprer\u00eb q\u00eb t\u00eb p\u00ebrgatitet sa m\u00eb mir\u00eb p\u00ebr kampionatin Evropian t\u00eb kik-boksit, i cili gjat\u00eb k\u00ebtij viti do t\u00eb mbahet n\u00eb Azerbajxhan. Ai ka shpresa t\u00eb m\u00ebdha, n\u00eb saje t\u00eb p\u00ebrgatitjeve intensive dhe profesionale q\u00eb \u00ebsht\u00eb duke i b\u00ebr\u00eb, se edhe nga ky kampionat evropian nuk do t\u00eb kthehet pa ndonj\u00eb medalje.<\/p>\n<p>Teknika n\u00eb ring dhe shpejt\u00ebsia, jan\u00eb ato q\u00eb e dallojn\u00eb m\u00eb s\u00eb shumti k\u00ebt\u00eb sportist, t\u00eb njohur jo vet\u00ebm n\u00eb Ulqin apo Mal t\u00eb zi. Pas eksperienc\u00ebs s\u00eb krijuar ai k\u00ebrkon t\u00eb sprovohet n\u00eb ringjet m\u00eb t\u00eb njohura t\u00eb kontinentit t\u00eb vjet\u00ebr, madje duke filluar nga viti i ardhsh\u00ebm. Shqiptar\u00ebt n\u00eb sportin e ashp\u00ebr t\u00eb kikboksit tashm\u00eb jan\u00eb t\u00eb njohur n\u00eb mbar\u00eb bot\u00eb, kjo shihet edhe si nj\u00eb leht\u00ebsi dhe p\u00ebrpar\u00ebsi p\u00ebr zhvillim m\u00eb t\u00eb shpejt\u00eb t\u00eb karrier\u00ebs s\u00eb tij p\u00ebr Dervishin.<br \/>\n<a href=\"http:\/\/www.visit-ulcinj.com\/blog\/wp-content\/uploads\/2010\/09\/Emir-Dervishi_ulqin.jpg\"><img loading=\"lazy\" class=\"alignleft size-full wp-image-37578\" title=\"Emir Dervishi_ulqin\" src=\"http:\/\/www.visit-ulcinj.com\/blog\/wp-content\/uploads\/2010\/09\/Emir-Dervishi_ulqin.jpg\" alt=\"\" width=\"490\" height=\"390\" \/><\/a><\/p>\n<p>\u201cDuke u bazuar n\u00eb kushtet dhe n\u00eb perspektiv\u00ebn jo t\u00eb volitshme n\u00eb Ulqin dhe n\u00eb Mal t\u00eb Zi, kam n\u00eb plan q\u00eb vitin e ardhsh\u00ebm, t\u00eb organizoj\u00eb n\u00eb Gjermani nj\u00eb duel profesional t\u00eb kik-boksit dhe pas k\u00ebsaj perspektiva mund t\u00eb jet\u00eb duke kaluar n\u00eb kik-boksin profesional &#8211; e kjo \u00ebsht\u00eb d\u00ebshira e tij e vetme p\u00ebr t\u00eb ardhmen\u201d, tha n\u00eb fund Dervishi.<\/p>\n<p><strong>Hasan Hasanramaj<br \/>\nBOTA SOT<br \/>\n<!--YouTube Error: bad URL entered--><\/strong><\/p>\n","protected":false},"excerpt":{"rendered":"<p>Kik-boksieri, Emir Dervish n\u00eb saje t\u00eb p\u00ebrgatitjeve intensive ka shpresa t\u00eb m\u00ebdha q\u00eb nga Kampionati Evropian, q\u00eb do t\u00eb mbahet gjat\u00eb k\u00ebtij vitit n\u00eb Azerbajxhan, nuk do t\u00eb kthehet duarthat\u00eb. Vitin e ardhsh\u00ebm, Dervishi ka n\u00eb plan q\u00eb n\u00eb Gjermani t\u00eb organizoj\u00eb nj\u00eb meq\u00eb profesional n\u00eb kik-boks dhe pas k\u00ebsaj kaloj\u00eb n\u00eb profesioniz\u00ebm Pas suksesit [&hellip;]<\/p>\n","protected":false},"author":1,"featured_media":0,"comment_status":"open","ping_status":"closed","sticky":false,"template":"","format":"standard","meta":{"spay_email":"","jetpack_publicize_message":"","jetpack_is_tweetstorm":false,"jetpack_publicize_feature_enabled":true},"categories":[3],"tags":[15489,15490,27,200,18],"jetpack_publicize_connections":[],"yoast_head":"<!-- This site is optimized with the Yoast SEO plugin v19.1 - https:\/\/yoast.com\/wordpress\/plugins\/seo\/ -->\n<title>Emir Dervishi, nga Ulqini p\u00ebr suksese evropiane - Lajme nga Ulqini<\/title>\n<meta name=\"description\" content=\"Kik-boksieri, Emir Dervish n\u00eb saje t\u00eb p\u00ebrgatitjeve intensive ka shpresa t\u00eb m\u00ebdha q\u00eb nga Kampionati Evropian, q\u00eb do t\u00eb mbahet gjat\u00eb k\u00ebtij vitit n\u00eb\" \/>\n<meta name=\"robots\" content=\"index, follow, max-snippet:-1, max-image-preview:large, max-video-preview:-1\" \/>\n<link rel=\"canonical\" href=\"https:\/\/www.visit-ulcinj.com\/blog\/2010\/09\/23\/emir-dervishi-nga-ulqini-per-suksese-evropiane\/\" \/>\n<meta property=\"og:locale\" content=\"en_US\" \/>\n<meta property=\"og:type\" content=\"article\" \/>\n<meta property=\"og:title\" content=\"Emir Dervishi, nga Ulqini p\u00ebr suksese evropiane - Lajme nga Ulqini\" \/>\n<meta property=\"og:description\" content=\"Kik-boksieri, Emir Dervish n\u00eb saje t\u00eb p\u00ebrgatitjeve intensive ka shpresa t\u00eb m\u00ebdha q\u00eb nga Kampionati Evropian, q\u00eb do t\u00eb mbahet gjat\u00eb k\u00ebtij vitit n\u00eb\" \/>\n<meta property=\"og:url\" content=\"https:\/\/www.visit-ulcinj.com\/blog\/2010\/09\/23\/emir-dervishi-nga-ulqini-per-suksese-evropiane\/\" \/>\n<meta property=\"og:site_name\" content=\"Lajme nga Ulqini\" \/>\n<meta property=\"article:published_time\" content=\"2010-09-23T20:17:26+00:00\" \/>\n<meta property=\"article:modified_time\" content=\"2010-09-23T20:42:08+00:00\" \/>\n<meta property=\"og:image\" content=\"http:\/\/www.visit-ulcinj.com\/blog\/wp-content\/uploads\/2010\/09\/Emir-Dervishi_ulqin.4.jpg\" \/>\n<meta name=\"twitter:label1\" content=\"Written by\" \/>\n\t<meta name=\"twitter:data1\" content=\"ulqini\" \/>\n\t<meta name=\"twitter:label2\" content=\"Est. reading time\" \/>\n\t<meta name=\"twitter:data2\" content=\"4 minutes\" \/>\n<script type=\"application\/ld+json\" class=\"yoast-schema-graph\">{\"@context\":\"https:\/\/schema.org\",\"@graph\":[{\"@type\":\"WebSite\",\"@id\":\"https:\/\/www.visit-ulcinj.com\/blog\/#website\",\"url\":\"https:\/\/www.visit-ulcinj.com\/blog\/\",\"name\":\"Lajme nga Ulqini\",\"description\":\"Lajme,Vijesti,Ulqini,Ulqin,Crna Gora,Mali i Zi\",\"potentialAction\":[{\"@type\":\"SearchAction\",\"target\":{\"@type\":\"EntryPoint\",\"urlTemplate\":\"https:\/\/www.visit-ulcinj.com\/blog\/?s={search_term_string}\"},\"query-input\":\"required name=search_term_string\"}],\"inLanguage\":\"en-US\"},{\"@type\":\"ImageObject\",\"inLanguage\":\"en-US\",\"@id\":\"https:\/\/www.visit-ulcinj.com\/blog\/2010\/09\/23\/emir-dervishi-nga-ulqini-per-suksese-evropiane\/#primaryimage\",\"url\":\"https:\/\/www.visit-ulcinj.com\/blog\/wp-content\/uploads\/2010\/09\/Emir-Dervishi_ulqin.4.jpg\",\"contentUrl\":\"https:\/\/www.visit-ulcinj.com\/blog\/wp-content\/uploads\/2010\/09\/Emir-Dervishi_ulqin.4.jpg\",\"width\":\"490\",\"height\":\"360\"},{\"@type\":\"WebPage\",\"@id\":\"https:\/\/www.visit-ulcinj.com\/blog\/2010\/09\/23\/emir-dervishi-nga-ulqini-per-suksese-evropiane\/#webpage\",\"url\":\"https:\/\/www.visit-ulcinj.com\/blog\/2010\/09\/23\/emir-dervishi-nga-ulqini-per-suksese-evropiane\/\",\"name\":\"Emir Dervishi, nga Ulqini p\u00ebr suksese evropiane - Lajme nga Ulqini\",\"isPartOf\":{\"@id\":\"https:\/\/www.visit-ulcinj.com\/blog\/#website\"},\"primaryImageOfPage\":{\"@id\":\"https:\/\/www.visit-ulcinj.com\/blog\/2010\/09\/23\/emir-dervishi-nga-ulqini-per-suksese-evropiane\/#primaryimage\"},\"datePublished\":\"2010-09-23T20:17:26+00:00\",\"dateModified\":\"2010-09-23T20:42:08+00:00\",\"author\":{\"@id\":\"https:\/\/www.visit-ulcinj.com\/blog\/#\/schema\/person\/dcab619c614d3038751c63bc2aadc06d\"},\"description\":\"Kik-boksieri, Emir Dervish n\u00eb saje t\u00eb p\u00ebrgatitjeve intensive ka shpresa t\u00eb m\u00ebdha q\u00eb nga Kampionati Evropian, q\u00eb do t\u00eb mbahet gjat\u00eb k\u00ebtij vitit n\u00eb\",\"breadcrumb\":{\"@id\":\"https:\/\/www.visit-ulcinj.com\/blog\/2010\/09\/23\/emir-dervishi-nga-ulqini-per-suksese-evropiane\/#breadcrumb\"},\"inLanguage\":\"en-US\",\"potentialAction\":[{\"@type\":\"ReadAction\",\"target\":[\"https:\/\/www.visit-ulcinj.com\/blog\/2010\/09\/23\/emir-dervishi-nga-ulqini-per-suksese-evropiane\/\"]}]},{\"@type\":\"BreadcrumbList\",\"@id\":\"https:\/\/www.visit-ulcinj.com\/blog\/2010\/09\/23\/emir-dervishi-nga-ulqini-per-suksese-evropiane\/#breadcrumb\",\"itemListElement\":[{\"@type\":\"ListItem\",\"position\":1,\"name\":\"Emir Dervishi, nga Ulqini p\u00ebr suksese evropiane\"}]},{\"@type\":\"Person\",\"@id\":\"https:\/\/www.visit-ulcinj.com\/blog\/#\/schema\/person\/dcab619c614d3038751c63bc2aadc06d\",\"name\":\"ulqini\",\"sameAs\":[\"http:\/\/www.visit-ulcinj.com\"],\"url\":\"https:\/\/www.visit-ulcinj.com\/blog\/author\/admin\/\"}]}<\/script>\n<!-- \/ Yoast SEO plugin. -->","yoast_head_json":{"title":"Emir Dervishi, nga Ulqini p\u00ebr suksese evropiane - Lajme nga Ulqini","description":"Kik-boksieri, Emir Dervish n\u00eb saje t\u00eb p\u00ebrgatitjeve intensive ka shpresa t\u00eb m\u00ebdha q\u00eb nga Kampionati Evropian, q\u00eb do t\u00eb mbahet gjat\u00eb k\u00ebtij vitit n\u00eb","robots":{"index":"index","follow":"follow","max-snippet":"max-snippet:-1","max-image-preview":"max-image-preview:large","max-video-preview":"max-video-preview:-1"},"canonical":"https:\/\/www.visit-ulcinj.com\/blog\/2010\/09\/23\/emir-dervishi-nga-ulqini-per-suksese-evropiane\/","og_locale":"en_US","og_type":"article","og_title":"Emir Dervishi, nga Ulqini p\u00ebr suksese evropiane - Lajme nga Ulqini","og_description":"Kik-boksieri, Emir Dervish n\u00eb saje t\u00eb p\u00ebrgatitjeve intensive ka shpresa t\u00eb m\u00ebdha q\u00eb nga Kampionati Evropian, q\u00eb do t\u00eb mbahet gjat\u00eb k\u00ebtij vitit n\u00eb","og_url":"https:\/\/www.visit-ulcinj.com\/blog\/2010\/09\/23\/emir-dervishi-nga-ulqini-per-suksese-evropiane\/","og_site_name":"Lajme nga Ulqini","article_published_time":"2010-09-23T20:17:26+00:00","article_modified_time":"2010-09-23T20:42:08+00:00","og_image":[{"url":"http:\/\/www.visit-ulcinj.com\/blog\/wp-content\/uploads\/2010\/09\/Emir-Dervishi_ulqin.4.jpg"}],"twitter_misc":{"Written by":"ulqini","Est. reading time":"4 minutes"},"schema":{"@context":"https:\/\/schema.org","@graph":[{"@type":"WebSite","@id":"https:\/\/www.visit-ulcinj.com\/blog\/#website","url":"https:\/\/www.visit-ulcinj.com\/blog\/","name":"Lajme nga Ulqini","description":"Lajme,Vijesti,Ulqini,Ulqin,Crna Gora,Mali i Zi","potentialAction":[{"@type":"SearchAction","target":{"@type":"EntryPoint","urlTemplate":"https:\/\/www.visit-ulcinj.com\/blog\/?s={search_term_string}"},"query-input":"required name=search_term_string"}],"inLanguage":"en-US"},{"@type":"ImageObject","inLanguage":"en-US","@id":"https:\/\/www.visit-ulcinj.com\/blog\/2010\/09\/23\/emir-dervishi-nga-ulqini-per-suksese-evropiane\/#primaryimage","url":"https:\/\/www.visit-ulcinj.com\/blog\/wp-content\/uploads\/2010\/09\/Emir-Dervishi_ulqin.4.jpg","contentUrl":"https:\/\/www.visit-ulcinj.com\/blog\/wp-content\/uploads\/2010\/09\/Emir-Dervishi_ulqin.4.jpg","width":"490","height":"360"},{"@type":"WebPage","@id":"https:\/\/www.visit-ulcinj.com\/blog\/2010\/09\/23\/emir-dervishi-nga-ulqini-per-suksese-evropiane\/#webpage","url":"https:\/\/www.visit-ulcinj.com\/blog\/2010\/09\/23\/emir-dervishi-nga-ulqini-per-suksese-evropiane\/","name":"Emir Dervishi, nga Ulqini p\u00ebr suksese evropiane - Lajme nga Ulqini","isPartOf":{"@id":"https:\/\/www.visit-ulcinj.com\/blog\/#website"},"primaryImageOfPage":{"@id":"https:\/\/www.visit-ulcinj.com\/blog\/2010\/09\/23\/emir-dervishi-nga-ulqini-per-suksese-evropiane\/#primaryimage"},"datePublished":"2010-09-23T20:17:26+00:00","dateModified":"2010-09-23T20:42:08+00:00","author":{"@id":"https:\/\/www.visit-ulcinj.com\/blog\/#\/schema\/person\/dcab619c614d3038751c63bc2aadc06d"},"description":"Kik-boksieri, Emir Dervish n\u00eb saje t\u00eb p\u00ebrgatitjeve intensive ka shpresa t\u00eb m\u00ebdha q\u00eb nga Kampionati Evropian, q\u00eb do t\u00eb mbahet gjat\u00eb k\u00ebtij vitit n\u00eb","breadcrumb":{"@id":"https:\/\/www.visit-ulcinj.com\/blog\/2010\/09\/23\/emir-dervishi-nga-ulqini-per-suksese-evropiane\/#breadcrumb"},"inLanguage":"en-US","potentialAction":[{"@type":"ReadAction","target":["https:\/\/www.visit-ulcinj.com\/blog\/2010\/09\/23\/emir-dervishi-nga-ulqini-per-suksese-evropiane\/"]}]},{"@type":"BreadcrumbList","@id":"https:\/\/www.visit-ulcinj.com\/blog\/2010\/09\/23\/emir-dervishi-nga-ulqini-per-suksese-evropiane\/#breadcrumb","itemListElement":[{"@type":"ListItem","position":1,"name":"Emir Dervishi, nga Ulqini p\u00ebr suksese evropiane"}]},{"@type":"Person","@id":"https:\/\/www.visit-ulcinj.com\/blog\/#\/schema\/person\/dcab619c614d3038751c63bc2aadc06d","name":"ulqini","sameAs":["http:\/\/www.visit-ulcinj.com"],"url":"https:\/\/www.visit-ulcinj.com\/blog\/author\/admin\/"}]}},"jetpack_featured_media_url":"","jetpack_sharing_enabled":true,"jetpack_shortlink":"https:\/\/wp.me\/pe6lTn-9M3","_links":{"self":[{"href":"https:\/\/www.visit-ulcinj.com\/blog\/wp-json\/wp\/v2\/posts\/37575"}],"collection":[{"href":"https:\/\/www.visit-ulcinj.com\/blog\/wp-json\/wp\/v2\/posts"}],"about":[{"href":"https:\/\/www.visit-ulcinj.com\/blog\/wp-json\/wp\/v2\/types\/post"}],"author":[{"embeddable":true,"href":"https:\/\/www.visit-ulcinj.com\/blog\/wp-json\/wp\/v2\/users\/1"}],"replies":[{"embeddable":true,"href":"https:\/\/www.visit-ulcinj.com\/blog\/wp-json\/wp\/v2\/comments?post=37575"}],"version-history":[{"count":0,"href":"https:\/\/www.visit-ulcinj.com\/blog\/wp-json\/wp\/v2\/posts\/37575\/revisions"}],"wp:attachment":[{"href":"https:\/\/www.visit-ulcinj.com\/blog\/wp-json\/wp\/v2\/media?parent=37575"}],"wp:term":[{"taxonomy":"category","embeddable":true,"href":"https:\/\/www.visit-ulcinj.com\/blog\/wp-json\/wp\/v2\/categories?post=37575"},{"taxonomy":"post_tag","embeddable":true,"href":"https:\/\/www.visit-ulcinj.com\/blog\/wp-json\/wp\/v2\/tags?post=37575"}],"curies":[{"name":"wp","href":"https:\/\/api.w.org\/{rel}","templated":true}]}}