{"id":37630,"date":"2010-09-24T19:43:22","date_gmt":"2010-09-24T17:43:22","guid":{"rendered":"http:\/\/www.visit-ulcinj.com\/blog\/?p=37630"},"modified":"2010-09-25T13:23:03","modified_gmt":"2010-09-25T11:23:03","slug":"cilen-nga-keto-parti-do-te-votoni-ne-zgjedhjet-lokale-te-17-tetorit","status":"publish","type":"post","link":"https:\/\/www.visit-ulcinj.com\/blog\/2010\/09\/24\/cilen-nga-keto-parti-do-te-votoni-ne-zgjedhjet-lokale-te-17-tetorit\/","title":{"rendered":"Cil\u00ebn nga k\u00ebto parti do t\u00eb votoni n\u00eb zgjedhjet lokale t\u00eb 17 tetorit ?"},"content":{"rendered":"<p><strong><a href=\"http:\/\/www.visit-ulcinj.com\/blog\/wp-content\/uploads\/2010\/09\/ZGJEDHJET_IZBORI_ULCINJ_ULQIN-2010.31.jpg\"><img loading=\"lazy\" class=\"alignleft size-full wp-image-37631\" title=\"ZGJEDHJET_IZBORI_ULCINJ_ULQIN-2010.3\" src=\"http:\/\/www.visit-ulcinj.com\/blog\/wp-content\/uploads\/2010\/09\/ZGJEDHJET_IZBORI_ULCINJ_ULQIN-2010.31.jpg\" alt=\"\" width=\"320\" height=\"420\" \/><\/a>Vendvotimet do t\u00eb hapen me 17 tetor 2010 n\u00eb or\u00ebn 08:00 dhe do t\u00eb mbyll\u00ebn n\u00eb or\u00ebn 21:00.<\/strong><br \/>\nN\u00eb Ulqin garojn\u00eb 9 lista, prej tyre 5 jan\u00eb shqiptare. Trupi votues aktual n\u00eb mbar\u00eb territorin e Komun\u00ebs s\u00eb Ulqinit \u00ebsht\u00eb 17.947 qytetar\u00eb me t\u00eb drejt\u00eb vote. Edhe n\u00eb k\u00ebt\u00eb fushat\u00eb paraelektorale, beteja m\u00eb e madhe dhe e papar\u00eb e partive dhe e koalicioneve\u00a0 shqiptare\u00a0 dhe atyre qytetare, do\u00a0 zhvillohen n\u00eb Ulqin dhe An\u00eb t\u00eb Malit, e banuar kryesisht me popullat\u00eb autoktone shqiptare. Karshi nj\u00eb atmosfere q\u00eb do t\u00eb jet shum\u00eb t\u00eb nxeht\u00eb, me tone dhe retorik\u00eb t\u00eb ashp\u00ebr, promovimet partiake duhet \u00a0p\u00ebrfunduan pa asnj\u00eb incident deri m\u00eb 17 tetor 2010. Kuvendi i Ulqinit ka 33 vende, edhe n\u00eb historin\u00eb e tij pluraliste nj\u00ebzetvje\u00e7are, elektorati asnj\u00eb her\u00eb nuk qen\u00eb m\u00eb i p\u00ebr\u00e7ar\u00eb se sot.<\/p>\n<p><strong>Zgjedhjet lokale n\u00eb Ulqin nuk do t\u00eb monitorohen as nga v\u00ebzhgues nd\u00ebrkomb\u00ebtar\u00eb, as nga organizatat vendose joqeveritare.<\/strong><br \/>\n<strong>Votoni p\u00ebr Ulqin<\/strong><br \/>\nQytetare te dashur me daljen e juaj n\u00eb zgjedhje\u00a0 i tregojm\u00eb botes demokratike se askush nuk mundet te manipuloi me ju.<br \/>\nTi tregojm\u00eb \u00e7do kuj se duam Ulqinin, kombin dhe f\u00ebmij\u00ebt tone m\u00eb shum\u00eb se gjith\u00e7ka n\u00eb bot\u00eb.<\/p>\n<a name=\"pd_a_3816709\"><\/a>\n<div class=\"CSS_Poll PDS_Poll\" id=\"PDI_container3816709\" style=\"display:inline-block;\"><\/div>\n<div id=\"PD_superContainer\"><\/div>\n<script type=\"text\/javascript\" charset=\"UTF-8\" src=\"\/\/static.polldaddy.com\/p\/3816709.js\"><\/script>\n<noscript><a href=\"https:\/\/poll.fm\/3816709\">Take Our Poll<\/a><\/noscript>\n<p><strong>Lajme nga Ulqini <\/strong><\/p>\n","protected":false},"excerpt":{"rendered":"<p>Vendvotimet do t\u00eb hapen me 17 tetor 2010 n\u00eb or\u00ebn 08:00 dhe do t\u00eb mbyll\u00ebn n\u00eb or\u00ebn 21:00. N\u00eb Ulqin garojn\u00eb 9 lista, prej tyre 5 jan\u00eb shqiptare. Trupi votues aktual n\u00eb mbar\u00eb territorin e Komun\u00ebs s\u00eb Ulqinit \u00ebsht\u00eb 17.947 qytetar\u00eb me t\u00eb drejt\u00eb vote. Edhe n\u00eb k\u00ebt\u00eb fushat\u00eb paraelektorale, beteja m\u00eb e madhe dhe [&hellip;]<\/p>\n","protected":false},"author":1,"featured_media":0,"comment_status":"open","ping_status":"closed","sticky":false,"template":"","format":"standard","meta":{"spay_email":"","jetpack_publicize_message":"","jetpack_is_tweetstorm":false,"jetpack_publicize_feature_enabled":true},"categories":[1],"tags":[15631,15630,15632,15633,15634,15635,15636,15637,15638,3505,212,14352,14349,14353,3510,3502,14354,12340,14355,14356,3516,14357,3511,3504,14358,14359,3506,3499,14360,14361,3509,14362,14363,3507,3717,3500,1762,4625,3228,14364,15629,13230,3512,12574,95,14365,3227,14366,14348,3514,14367,3501,14368,14369,14370,2083,3231,14371,3508,14372,3503,14373,14374,3515,3498,2800,14375,200,18,15327,14376],"jetpack_publicize_connections":[],"yoast_head":"<!-- This site is optimized with the Yoast SEO plugin v19.1 - https:\/\/yoast.com\/wordpress\/plugins\/seo\/ -->\n<title>Cil\u00ebn nga k\u00ebto parti do t\u00eb votoni n\u00eb zgjedhjet lokale t\u00eb 17 tetorit ? - Lajme nga Ulqini<\/title>\n<meta name=\"description\" content=\"Vendvotimet do t\u00eb hapen me 17 tetor 2010 n\u00eb or\u00ebn 08:00 dhe do t\u00eb mbyll\u00ebn n\u00eb or\u00ebn 21:00. N\u00eb Ulqin garojn\u00eb 9 lista, prej tyre 5 jan\u00eb shqiptare. Trupi votues\" \/>\n<meta name=\"robots\" content=\"index, follow, max-snippet:-1, max-image-preview:large, max-video-preview:-1\" \/>\n<link rel=\"canonical\" href=\"https:\/\/www.visit-ulcinj.com\/blog\/2010\/09\/24\/cilen-nga-keto-parti-do-te-votoni-ne-zgjedhjet-lokale-te-17-tetorit\/\" \/>\n<meta property=\"og:locale\" content=\"en_US\" \/>\n<meta property=\"og:type\" content=\"article\" \/>\n<meta property=\"og:title\" content=\"Cil\u00ebn nga k\u00ebto parti do t\u00eb votoni n\u00eb zgjedhjet lokale t\u00eb 17 tetorit ? - Lajme nga Ulqini\" \/>\n<meta property=\"og:description\" content=\"Vendvotimet do t\u00eb hapen me 17 tetor 2010 n\u00eb or\u00ebn 08:00 dhe do t\u00eb mbyll\u00ebn n\u00eb or\u00ebn 21:00. N\u00eb Ulqin garojn\u00eb 9 lista, prej tyre 5 jan\u00eb shqiptare. Trupi votues\" \/>\n<meta property=\"og:url\" content=\"https:\/\/www.visit-ulcinj.com\/blog\/2010\/09\/24\/cilen-nga-keto-parti-do-te-votoni-ne-zgjedhjet-lokale-te-17-tetorit\/\" \/>\n<meta property=\"og:site_name\" content=\"Lajme nga Ulqini\" \/>\n<meta property=\"article:published_time\" content=\"2010-09-24T17:43:22+00:00\" \/>\n<meta property=\"article:modified_time\" content=\"2010-09-25T11:23:03+00:00\" \/>\n<meta property=\"og:image\" content=\"http:\/\/www.visit-ulcinj.com\/blog\/wp-content\/uploads\/2010\/09\/ZGJEDHJET_IZBORI_ULCINJ_ULQIN-2010.31.jpg\" \/>\n<meta name=\"twitter:label1\" content=\"Written by\" \/>\n\t<meta name=\"twitter:data1\" content=\"ulqini\" \/>\n\t<meta name=\"twitter:label2\" content=\"Est. reading time\" \/>\n\t<meta name=\"twitter:data2\" content=\"1 minute\" \/>\n<script type=\"application\/ld+json\" class=\"yoast-schema-graph\">{\"@context\":\"https:\/\/schema.org\",\"@graph\":[{\"@type\":\"WebSite\",\"@id\":\"https:\/\/www.visit-ulcinj.com\/blog\/#website\",\"url\":\"https:\/\/www.visit-ulcinj.com\/blog\/\",\"name\":\"Lajme nga Ulqini\",\"description\":\"Lajme,Vijesti,Ulqini,Ulqin,Crna Gora,Mali i Zi\",\"potentialAction\":[{\"@type\":\"SearchAction\",\"target\":{\"@type\":\"EntryPoint\",\"urlTemplate\":\"https:\/\/www.visit-ulcinj.com\/blog\/?s={search_term_string}\"},\"query-input\":\"required name=search_term_string\"}],\"inLanguage\":\"en-US\"},{\"@type\":\"ImageObject\",\"inLanguage\":\"en-US\",\"@id\":\"https:\/\/www.visit-ulcinj.com\/blog\/2010\/09\/24\/cilen-nga-keto-parti-do-te-votoni-ne-zgjedhjet-lokale-te-17-tetorit\/#primaryimage\",\"url\":\"https:\/\/www.visit-ulcinj.com\/blog\/wp-content\/uploads\/2010\/09\/ZGJEDHJET_IZBORI_ULCINJ_ULQIN-2010.31.jpg\",\"contentUrl\":\"https:\/\/www.visit-ulcinj.com\/blog\/wp-content\/uploads\/2010\/09\/ZGJEDHJET_IZBORI_ULCINJ_ULQIN-2010.31.jpg\",\"width\":\"490\",\"height\":\"553\"},{\"@type\":\"WebPage\",\"@id\":\"https:\/\/www.visit-ulcinj.com\/blog\/2010\/09\/24\/cilen-nga-keto-parti-do-te-votoni-ne-zgjedhjet-lokale-te-17-tetorit\/#webpage\",\"url\":\"https:\/\/www.visit-ulcinj.com\/blog\/2010\/09\/24\/cilen-nga-keto-parti-do-te-votoni-ne-zgjedhjet-lokale-te-17-tetorit\/\",\"name\":\"Cil\u00ebn nga k\u00ebto parti do t\u00eb votoni n\u00eb zgjedhjet lokale t\u00eb 17 tetorit ? - Lajme nga Ulqini\",\"isPartOf\":{\"@id\":\"https:\/\/www.visit-ulcinj.com\/blog\/#website\"},\"primaryImageOfPage\":{\"@id\":\"https:\/\/www.visit-ulcinj.com\/blog\/2010\/09\/24\/cilen-nga-keto-parti-do-te-votoni-ne-zgjedhjet-lokale-te-17-tetorit\/#primaryimage\"},\"datePublished\":\"2010-09-24T17:43:22+00:00\",\"dateModified\":\"2010-09-25T11:23:03+00:00\",\"author\":{\"@id\":\"https:\/\/www.visit-ulcinj.com\/blog\/#\/schema\/person\/dcab619c614d3038751c63bc2aadc06d\"},\"description\":\"Vendvotimet do t\u00eb hapen me 17 tetor 2010 n\u00eb or\u00ebn 08:00 dhe do t\u00eb mbyll\u00ebn n\u00eb or\u00ebn 21:00. N\u00eb Ulqin garojn\u00eb 9 lista, prej tyre 5 jan\u00eb shqiptare. Trupi votues\",\"breadcrumb\":{\"@id\":\"https:\/\/www.visit-ulcinj.com\/blog\/2010\/09\/24\/cilen-nga-keto-parti-do-te-votoni-ne-zgjedhjet-lokale-te-17-tetorit\/#breadcrumb\"},\"inLanguage\":\"en-US\",\"potentialAction\":[{\"@type\":\"ReadAction\",\"target\":[\"https:\/\/www.visit-ulcinj.com\/blog\/2010\/09\/24\/cilen-nga-keto-parti-do-te-votoni-ne-zgjedhjet-lokale-te-17-tetorit\/\"]}]},{\"@type\":\"BreadcrumbList\",\"@id\":\"https:\/\/www.visit-ulcinj.com\/blog\/2010\/09\/24\/cilen-nga-keto-parti-do-te-votoni-ne-zgjedhjet-lokale-te-17-tetorit\/#breadcrumb\",\"itemListElement\":[{\"@type\":\"ListItem\",\"position\":1,\"name\":\"Cil\u00ebn nga k\u00ebto parti do t\u00eb votoni n\u00eb zgjedhjet lokale t\u00eb 17 tetorit ?\"}]},{\"@type\":\"Person\",\"@id\":\"https:\/\/www.visit-ulcinj.com\/blog\/#\/schema\/person\/dcab619c614d3038751c63bc2aadc06d\",\"name\":\"ulqini\",\"sameAs\":[\"http:\/\/www.visit-ulcinj.com\"],\"url\":\"https:\/\/www.visit-ulcinj.com\/blog\/author\/admin\/\"}]}<\/script>\n<!-- \/ Yoast SEO plugin. -->","yoast_head_json":{"title":"Cil\u00ebn nga k\u00ebto parti do t\u00eb votoni n\u00eb zgjedhjet lokale t\u00eb 17 tetorit ? - Lajme nga Ulqini","description":"Vendvotimet do t\u00eb hapen me 17 tetor 2010 n\u00eb or\u00ebn 08:00 dhe do t\u00eb mbyll\u00ebn n\u00eb or\u00ebn 21:00. N\u00eb Ulqin garojn\u00eb 9 lista, prej tyre 5 jan\u00eb shqiptare. Trupi votues","robots":{"index":"index","follow":"follow","max-snippet":"max-snippet:-1","max-image-preview":"max-image-preview:large","max-video-preview":"max-video-preview:-1"},"canonical":"https:\/\/www.visit-ulcinj.com\/blog\/2010\/09\/24\/cilen-nga-keto-parti-do-te-votoni-ne-zgjedhjet-lokale-te-17-tetorit\/","og_locale":"en_US","og_type":"article","og_title":"Cil\u00ebn nga k\u00ebto parti do t\u00eb votoni n\u00eb zgjedhjet lokale t\u00eb 17 tetorit ? - Lajme nga Ulqini","og_description":"Vendvotimet do t\u00eb hapen me 17 tetor 2010 n\u00eb or\u00ebn 08:00 dhe do t\u00eb mbyll\u00ebn n\u00eb or\u00ebn 21:00. N\u00eb Ulqin garojn\u00eb 9 lista, prej tyre 5 jan\u00eb shqiptare. Trupi votues","og_url":"https:\/\/www.visit-ulcinj.com\/blog\/2010\/09\/24\/cilen-nga-keto-parti-do-te-votoni-ne-zgjedhjet-lokale-te-17-tetorit\/","og_site_name":"Lajme nga Ulqini","article_published_time":"2010-09-24T17:43:22+00:00","article_modified_time":"2010-09-25T11:23:03+00:00","og_image":[{"url":"http:\/\/www.visit-ulcinj.com\/blog\/wp-content\/uploads\/2010\/09\/ZGJEDHJET_IZBORI_ULCINJ_ULQIN-2010.31.jpg"}],"twitter_misc":{"Written by":"ulqini","Est. reading time":"1 minute"},"schema":{"@context":"https:\/\/schema.org","@graph":[{"@type":"WebSite","@id":"https:\/\/www.visit-ulcinj.com\/blog\/#website","url":"https:\/\/www.visit-ulcinj.com\/blog\/","name":"Lajme nga Ulqini","description":"Lajme,Vijesti,Ulqini,Ulqin,Crna Gora,Mali i Zi","potentialAction":[{"@type":"SearchAction","target":{"@type":"EntryPoint","urlTemplate":"https:\/\/www.visit-ulcinj.com\/blog\/?s={search_term_string}"},"query-input":"required name=search_term_string"}],"inLanguage":"en-US"},{"@type":"ImageObject","inLanguage":"en-US","@id":"https:\/\/www.visit-ulcinj.com\/blog\/2010\/09\/24\/cilen-nga-keto-parti-do-te-votoni-ne-zgjedhjet-lokale-te-17-tetorit\/#primaryimage","url":"https:\/\/www.visit-ulcinj.com\/blog\/wp-content\/uploads\/2010\/09\/ZGJEDHJET_IZBORI_ULCINJ_ULQIN-2010.31.jpg","contentUrl":"https:\/\/www.visit-ulcinj.com\/blog\/wp-content\/uploads\/2010\/09\/ZGJEDHJET_IZBORI_ULCINJ_ULQIN-2010.31.jpg","width":"490","height":"553"},{"@type":"WebPage","@id":"https:\/\/www.visit-ulcinj.com\/blog\/2010\/09\/24\/cilen-nga-keto-parti-do-te-votoni-ne-zgjedhjet-lokale-te-17-tetorit\/#webpage","url":"https:\/\/www.visit-ulcinj.com\/blog\/2010\/09\/24\/cilen-nga-keto-parti-do-te-votoni-ne-zgjedhjet-lokale-te-17-tetorit\/","name":"Cil\u00ebn nga k\u00ebto parti do t\u00eb votoni n\u00eb zgjedhjet lokale t\u00eb 17 tetorit ? - Lajme nga Ulqini","isPartOf":{"@id":"https:\/\/www.visit-ulcinj.com\/blog\/#website"},"primaryImageOfPage":{"@id":"https:\/\/www.visit-ulcinj.com\/blog\/2010\/09\/24\/cilen-nga-keto-parti-do-te-votoni-ne-zgjedhjet-lokale-te-17-tetorit\/#primaryimage"},"datePublished":"2010-09-24T17:43:22+00:00","dateModified":"2010-09-25T11:23:03+00:00","author":{"@id":"https:\/\/www.visit-ulcinj.com\/blog\/#\/schema\/person\/dcab619c614d3038751c63bc2aadc06d"},"description":"Vendvotimet do t\u00eb hapen me 17 tetor 2010 n\u00eb or\u00ebn 08:00 dhe do t\u00eb mbyll\u00ebn n\u00eb or\u00ebn 21:00. N\u00eb Ulqin garojn\u00eb 9 lista, prej tyre 5 jan\u00eb shqiptare. Trupi votues","breadcrumb":{"@id":"https:\/\/www.visit-ulcinj.com\/blog\/2010\/09\/24\/cilen-nga-keto-parti-do-te-votoni-ne-zgjedhjet-lokale-te-17-tetorit\/#breadcrumb"},"inLanguage":"en-US","potentialAction":[{"@type":"ReadAction","target":["https:\/\/www.visit-ulcinj.com\/blog\/2010\/09\/24\/cilen-nga-keto-parti-do-te-votoni-ne-zgjedhjet-lokale-te-17-tetorit\/"]}]},{"@type":"BreadcrumbList","@id":"https:\/\/www.visit-ulcinj.com\/blog\/2010\/09\/24\/cilen-nga-keto-parti-do-te-votoni-ne-zgjedhjet-lokale-te-17-tetorit\/#breadcrumb","itemListElement":[{"@type":"ListItem","position":1,"name":"Cil\u00ebn nga k\u00ebto parti do t\u00eb votoni n\u00eb zgjedhjet lokale t\u00eb 17 tetorit ?"}]},{"@type":"Person","@id":"https:\/\/www.visit-ulcinj.com\/blog\/#\/schema\/person\/dcab619c614d3038751c63bc2aadc06d","name":"ulqini","sameAs":["http:\/\/www.visit-ulcinj.com"],"url":"https:\/\/www.visit-ulcinj.com\/blog\/author\/admin\/"}]}},"jetpack_featured_media_url":"","jetpack_sharing_enabled":true,"jetpack_shortlink":"https:\/\/wp.me\/pe6lTn-9MW","_links":{"self":[{"href":"https:\/\/www.visit-ulcinj.com\/blog\/wp-json\/wp\/v2\/posts\/37630"}],"collection":[{"href":"https:\/\/www.visit-ulcinj.com\/blog\/wp-json\/wp\/v2\/posts"}],"about":[{"href":"https:\/\/www.visit-ulcinj.com\/blog\/wp-json\/wp\/v2\/types\/post"}],"author":[{"embeddable":true,"href":"https:\/\/www.visit-ulcinj.com\/blog\/wp-json\/wp\/v2\/users\/1"}],"replies":[{"embeddable":true,"href":"https:\/\/www.visit-ulcinj.com\/blog\/wp-json\/wp\/v2\/comments?post=37630"}],"version-history":[{"count":0,"href":"https:\/\/www.visit-ulcinj.com\/blog\/wp-json\/wp\/v2\/posts\/37630\/revisions"}],"wp:attachment":[{"href":"https:\/\/www.visit-ulcinj.com\/blog\/wp-json\/wp\/v2\/media?parent=37630"}],"wp:term":[{"taxonomy":"category","embeddable":true,"href":"https:\/\/www.visit-ulcinj.com\/blog\/wp-json\/wp\/v2\/categories?post=37630"},{"taxonomy":"post_tag","embeddable":true,"href":"https:\/\/www.visit-ulcinj.com\/blog\/wp-json\/wp\/v2\/tags?post=37630"}],"curies":[{"name":"wp","href":"https:\/\/api.w.org\/{rel}","templated":true}]}}