{"id":37651,"date":"2010-09-24T20:46:21","date_gmt":"2010-09-24T18:46:21","guid":{"rendered":"http:\/\/www.visit-ulcinj.com\/blog\/?p=37651"},"modified":"2010-09-24T20:46:21","modified_gmt":"2010-09-24T18:46:21","slug":"termet-ne-territorin-e-komunes-se-plaves","status":"publish","type":"post","link":"https:\/\/www.visit-ulcinj.com\/blog\/2010\/09\/24\/termet-ne-territorin-e-komunes-se-plaves\/","title":{"rendered":"T\u00ebrmet n\u00eb territorin e komun\u00ebs s\u00eb Plav\u00ebs"},"content":{"rendered":"<p><a href=\"http:\/\/www.visit-ulcinj.com\/blog\/wp-content\/uploads\/2010\/09\/Termet-ne-territorin-e-Plaves.gif\"><img loading=\"lazy\" class=\"alignleft size-full wp-image-37652\" title=\"Termet ne territorin e  Plaves\" src=\"http:\/\/www.visit-ulcinj.com\/blog\/wp-content\/uploads\/2010\/09\/Termet-ne-territorin-e-Plaves.gif\" alt=\"\" width=\"490\" height=\"390\" \/><\/a>Plav\u00eb, 24 shtator &#8211; Enti Seizmik i Malit t\u00eb Zi (ESMZ) ka njoftuar se n\u00eb or\u00ebt e m\u00ebngjesit t\u00eb dit\u00ebs s\u00eb premte ka regjistruar nj\u00eb t\u00ebrmet me epiqend\u00ebr 13 km n\u00eb juglindje t\u00eb Komun\u00ebs s\u00eb Plav\u00ebs, pik\u00ebrisht n\u00eb brezin kufitar malazez \u2013 shqiptar.<\/p>\n<p>Intensiteti i t\u00ebrmetit n\u00eb epiqend\u00ebr ka qen\u00eb 2,9 ball\u00eb sipas shkall\u00ebs Rihter, gjegj\u00ebsisht 4 deri n\u00eb 5 ball\u00eb sipas shkall\u00ebs s\u00eb Merkalit.<\/p>\n<p>ESMZ kumton se dridhja e tok\u00ebs ka qen\u00eb n\u00eb nj\u00eb thell\u00ebsi prej 8 km. P\u00ebrve\u00e7 panikut t\u00eb banor\u00ebve t\u00eb zon\u00ebs, nuk jan\u00eb regjistruar d\u00ebme materiale as l\u00ebndime n\u00eb njer\u00ebz.<\/p>\n<p>Nj\u00eb t\u00ebrmet i k\u00ebtij intensiteti \u00ebsht\u00eb regjistruar nj\u00eb dit\u00eb m\u00eb par\u00eb edhe n\u00eb territorin e Komun\u00ebs s\u00eb Nikshiqit.<\/p>\n<p><strong>KOHA NET<\/strong><\/p>\n","protected":false},"excerpt":{"rendered":"<p>Plav\u00eb, 24 shtator &#8211; Enti Seizmik i Malit t\u00eb Zi (ESMZ) ka njoftuar se n\u00eb or\u00ebt e m\u00ebngjesit t\u00eb dit\u00ebs s\u00eb premte ka regjistruar nj\u00eb t\u00ebrmet me epiqend\u00ebr 13 km n\u00eb juglindje t\u00eb Komun\u00ebs s\u00eb Plav\u00ebs, pik\u00ebrisht n\u00eb brezin kufitar malazez \u2013 shqiptar. Intensiteti i t\u00ebrmetit n\u00eb epiqend\u00ebr ka qen\u00eb 2,9 ball\u00eb sipas shkall\u00ebs Rihter, [&hellip;]<\/p>\n","protected":false},"author":1,"featured_media":0,"comment_status":"open","ping_status":"closed","sticky":false,"template":"","format":"standard","meta":{"spay_email":"","jetpack_publicize_message":"","jetpack_is_tweetstorm":false,"jetpack_publicize_feature_enabled":true},"categories":[14],"tags":[2292,15643,15644,15645,95],"jetpack_publicize_connections":[],"yoast_head":"<!-- This site is optimized with the Yoast SEO plugin v19.1 - https:\/\/yoast.com\/wordpress\/plugins\/seo\/ -->\n<title>T\u00ebrmet n\u00eb territorin e komun\u00ebs s\u00eb Plav\u00ebs - Lajme nga Ulqini<\/title>\n<meta name=\"description\" content=\"Plav\u00eb, 24 shtator - Enti Seizmik i Malit t\u00eb Zi (ESMZ) ka njoftuar se n\u00eb or\u00ebt e m\u00ebngjesit t\u00eb dit\u00ebs s\u00eb premte ka regjistruar nj\u00eb t\u00ebrmet me epiqend\u00ebr 13 km\" \/>\n<meta name=\"robots\" content=\"index, follow, max-snippet:-1, max-image-preview:large, max-video-preview:-1\" \/>\n<link rel=\"canonical\" href=\"https:\/\/www.visit-ulcinj.com\/blog\/2010\/09\/24\/termet-ne-territorin-e-komunes-se-plaves\/\" \/>\n<meta property=\"og:locale\" content=\"en_US\" \/>\n<meta property=\"og:type\" content=\"article\" \/>\n<meta property=\"og:title\" content=\"T\u00ebrmet n\u00eb territorin e komun\u00ebs s\u00eb Plav\u00ebs - Lajme nga Ulqini\" \/>\n<meta property=\"og:description\" content=\"Plav\u00eb, 24 shtator - Enti Seizmik i Malit t\u00eb Zi (ESMZ) ka njoftuar se n\u00eb or\u00ebt e m\u00ebngjesit t\u00eb dit\u00ebs s\u00eb premte ka regjistruar nj\u00eb t\u00ebrmet me epiqend\u00ebr 13 km\" \/>\n<meta property=\"og:url\" content=\"https:\/\/www.visit-ulcinj.com\/blog\/2010\/09\/24\/termet-ne-territorin-e-komunes-se-plaves\/\" \/>\n<meta property=\"og:site_name\" content=\"Lajme nga Ulqini\" \/>\n<meta property=\"article:published_time\" content=\"2010-09-24T18:46:21+00:00\" \/>\n<meta property=\"og:image\" content=\"http:\/\/www.visit-ulcinj.com\/blog\/wp-content\/uploads\/2010\/09\/Termet-ne-territorin-e-Plaves.gif\" \/>\n<meta name=\"twitter:label1\" content=\"Written by\" \/>\n\t<meta name=\"twitter:data1\" content=\"ulqini\" \/>\n\t<meta name=\"twitter:label2\" content=\"Est. reading time\" \/>\n\t<meta name=\"twitter:data2\" content=\"1 minute\" \/>\n<script type=\"application\/ld+json\" class=\"yoast-schema-graph\">{\"@context\":\"https:\/\/schema.org\",\"@graph\":[{\"@type\":\"WebSite\",\"@id\":\"https:\/\/www.visit-ulcinj.com\/blog\/#website\",\"url\":\"https:\/\/www.visit-ulcinj.com\/blog\/\",\"name\":\"Lajme nga Ulqini\",\"description\":\"Lajme,Vijesti,Ulqini,Ulqin,Crna Gora,Mali i Zi\",\"potentialAction\":[{\"@type\":\"SearchAction\",\"target\":{\"@type\":\"EntryPoint\",\"urlTemplate\":\"https:\/\/www.visit-ulcinj.com\/blog\/?s={search_term_string}\"},\"query-input\":\"required name=search_term_string\"}],\"inLanguage\":\"en-US\"},{\"@type\":\"ImageObject\",\"inLanguage\":\"en-US\",\"@id\":\"https:\/\/www.visit-ulcinj.com\/blog\/2010\/09\/24\/termet-ne-territorin-e-komunes-se-plaves\/#primaryimage\",\"url\":\"https:\/\/www.visit-ulcinj.com\/blog\/wp-content\/uploads\/2010\/09\/Termet-ne-territorin-e-Plaves.gif\",\"contentUrl\":\"https:\/\/www.visit-ulcinj.com\/blog\/wp-content\/uploads\/2010\/09\/Termet-ne-territorin-e-Plaves.gif\",\"width\":\"952\",\"height\":\"541\"},{\"@type\":\"WebPage\",\"@id\":\"https:\/\/www.visit-ulcinj.com\/blog\/2010\/09\/24\/termet-ne-territorin-e-komunes-se-plaves\/#webpage\",\"url\":\"https:\/\/www.visit-ulcinj.com\/blog\/2010\/09\/24\/termet-ne-territorin-e-komunes-se-plaves\/\",\"name\":\"T\u00ebrmet n\u00eb territorin e komun\u00ebs s\u00eb Plav\u00ebs - Lajme nga Ulqini\",\"isPartOf\":{\"@id\":\"https:\/\/www.visit-ulcinj.com\/blog\/#website\"},\"primaryImageOfPage\":{\"@id\":\"https:\/\/www.visit-ulcinj.com\/blog\/2010\/09\/24\/termet-ne-territorin-e-komunes-se-plaves\/#primaryimage\"},\"datePublished\":\"2010-09-24T18:46:21+00:00\",\"dateModified\":\"2010-09-24T18:46:21+00:00\",\"author\":{\"@id\":\"https:\/\/www.visit-ulcinj.com\/blog\/#\/schema\/person\/dcab619c614d3038751c63bc2aadc06d\"},\"description\":\"Plav\u00eb, 24 shtator - Enti Seizmik i Malit t\u00eb Zi (ESMZ) ka njoftuar se n\u00eb or\u00ebt e m\u00ebngjesit t\u00eb dit\u00ebs s\u00eb premte ka regjistruar nj\u00eb t\u00ebrmet me epiqend\u00ebr 13 km\",\"breadcrumb\":{\"@id\":\"https:\/\/www.visit-ulcinj.com\/blog\/2010\/09\/24\/termet-ne-territorin-e-komunes-se-plaves\/#breadcrumb\"},\"inLanguage\":\"en-US\",\"potentialAction\":[{\"@type\":\"ReadAction\",\"target\":[\"https:\/\/www.visit-ulcinj.com\/blog\/2010\/09\/24\/termet-ne-territorin-e-komunes-se-plaves\/\"]}]},{\"@type\":\"BreadcrumbList\",\"@id\":\"https:\/\/www.visit-ulcinj.com\/blog\/2010\/09\/24\/termet-ne-territorin-e-komunes-se-plaves\/#breadcrumb\",\"itemListElement\":[{\"@type\":\"ListItem\",\"position\":1,\"name\":\"T\u00ebrmet n\u00eb territorin e komun\u00ebs s\u00eb Plav\u00ebs\"}]},{\"@type\":\"Person\",\"@id\":\"https:\/\/www.visit-ulcinj.com\/blog\/#\/schema\/person\/dcab619c614d3038751c63bc2aadc06d\",\"name\":\"ulqini\",\"sameAs\":[\"http:\/\/www.visit-ulcinj.com\"],\"url\":\"https:\/\/www.visit-ulcinj.com\/blog\/author\/admin\/\"}]}<\/script>\n<!-- \/ Yoast SEO plugin. -->","yoast_head_json":{"title":"T\u00ebrmet n\u00eb territorin e komun\u00ebs s\u00eb Plav\u00ebs - Lajme nga Ulqini","description":"Plav\u00eb, 24 shtator - Enti Seizmik i Malit t\u00eb Zi (ESMZ) ka njoftuar se n\u00eb or\u00ebt e m\u00ebngjesit t\u00eb dit\u00ebs s\u00eb premte ka regjistruar nj\u00eb t\u00ebrmet me epiqend\u00ebr 13 km","robots":{"index":"index","follow":"follow","max-snippet":"max-snippet:-1","max-image-preview":"max-image-preview:large","max-video-preview":"max-video-preview:-1"},"canonical":"https:\/\/www.visit-ulcinj.com\/blog\/2010\/09\/24\/termet-ne-territorin-e-komunes-se-plaves\/","og_locale":"en_US","og_type":"article","og_title":"T\u00ebrmet n\u00eb territorin e komun\u00ebs s\u00eb Plav\u00ebs - Lajme nga Ulqini","og_description":"Plav\u00eb, 24 shtator - Enti Seizmik i Malit t\u00eb Zi (ESMZ) ka njoftuar se n\u00eb or\u00ebt e m\u00ebngjesit t\u00eb dit\u00ebs s\u00eb premte ka regjistruar nj\u00eb t\u00ebrmet me epiqend\u00ebr 13 km","og_url":"https:\/\/www.visit-ulcinj.com\/blog\/2010\/09\/24\/termet-ne-territorin-e-komunes-se-plaves\/","og_site_name":"Lajme nga Ulqini","article_published_time":"2010-09-24T18:46:21+00:00","og_image":[{"url":"http:\/\/www.visit-ulcinj.com\/blog\/wp-content\/uploads\/2010\/09\/Termet-ne-territorin-e-Plaves.gif"}],"twitter_misc":{"Written by":"ulqini","Est. reading time":"1 minute"},"schema":{"@context":"https:\/\/schema.org","@graph":[{"@type":"WebSite","@id":"https:\/\/www.visit-ulcinj.com\/blog\/#website","url":"https:\/\/www.visit-ulcinj.com\/blog\/","name":"Lajme nga Ulqini","description":"Lajme,Vijesti,Ulqini,Ulqin,Crna Gora,Mali i Zi","potentialAction":[{"@type":"SearchAction","target":{"@type":"EntryPoint","urlTemplate":"https:\/\/www.visit-ulcinj.com\/blog\/?s={search_term_string}"},"query-input":"required name=search_term_string"}],"inLanguage":"en-US"},{"@type":"ImageObject","inLanguage":"en-US","@id":"https:\/\/www.visit-ulcinj.com\/blog\/2010\/09\/24\/termet-ne-territorin-e-komunes-se-plaves\/#primaryimage","url":"https:\/\/www.visit-ulcinj.com\/blog\/wp-content\/uploads\/2010\/09\/Termet-ne-territorin-e-Plaves.gif","contentUrl":"https:\/\/www.visit-ulcinj.com\/blog\/wp-content\/uploads\/2010\/09\/Termet-ne-territorin-e-Plaves.gif","width":"952","height":"541"},{"@type":"WebPage","@id":"https:\/\/www.visit-ulcinj.com\/blog\/2010\/09\/24\/termet-ne-territorin-e-komunes-se-plaves\/#webpage","url":"https:\/\/www.visit-ulcinj.com\/blog\/2010\/09\/24\/termet-ne-territorin-e-komunes-se-plaves\/","name":"T\u00ebrmet n\u00eb territorin e komun\u00ebs s\u00eb Plav\u00ebs - Lajme nga Ulqini","isPartOf":{"@id":"https:\/\/www.visit-ulcinj.com\/blog\/#website"},"primaryImageOfPage":{"@id":"https:\/\/www.visit-ulcinj.com\/blog\/2010\/09\/24\/termet-ne-territorin-e-komunes-se-plaves\/#primaryimage"},"datePublished":"2010-09-24T18:46:21+00:00","dateModified":"2010-09-24T18:46:21+00:00","author":{"@id":"https:\/\/www.visit-ulcinj.com\/blog\/#\/schema\/person\/dcab619c614d3038751c63bc2aadc06d"},"description":"Plav\u00eb, 24 shtator - Enti Seizmik i Malit t\u00eb Zi (ESMZ) ka njoftuar se n\u00eb or\u00ebt e m\u00ebngjesit t\u00eb dit\u00ebs s\u00eb premte ka regjistruar nj\u00eb t\u00ebrmet me epiqend\u00ebr 13 km","breadcrumb":{"@id":"https:\/\/www.visit-ulcinj.com\/blog\/2010\/09\/24\/termet-ne-territorin-e-komunes-se-plaves\/#breadcrumb"},"inLanguage":"en-US","potentialAction":[{"@type":"ReadAction","target":["https:\/\/www.visit-ulcinj.com\/blog\/2010\/09\/24\/termet-ne-territorin-e-komunes-se-plaves\/"]}]},{"@type":"BreadcrumbList","@id":"https:\/\/www.visit-ulcinj.com\/blog\/2010\/09\/24\/termet-ne-territorin-e-komunes-se-plaves\/#breadcrumb","itemListElement":[{"@type":"ListItem","position":1,"name":"T\u00ebrmet n\u00eb territorin e komun\u00ebs s\u00eb Plav\u00ebs"}]},{"@type":"Person","@id":"https:\/\/www.visit-ulcinj.com\/blog\/#\/schema\/person\/dcab619c614d3038751c63bc2aadc06d","name":"ulqini","sameAs":["http:\/\/www.visit-ulcinj.com"],"url":"https:\/\/www.visit-ulcinj.com\/blog\/author\/admin\/"}]}},"jetpack_featured_media_url":"","jetpack_sharing_enabled":true,"jetpack_shortlink":"https:\/\/wp.me\/pe6lTn-9Nh","_links":{"self":[{"href":"https:\/\/www.visit-ulcinj.com\/blog\/wp-json\/wp\/v2\/posts\/37651"}],"collection":[{"href":"https:\/\/www.visit-ulcinj.com\/blog\/wp-json\/wp\/v2\/posts"}],"about":[{"href":"https:\/\/www.visit-ulcinj.com\/blog\/wp-json\/wp\/v2\/types\/post"}],"author":[{"embeddable":true,"href":"https:\/\/www.visit-ulcinj.com\/blog\/wp-json\/wp\/v2\/users\/1"}],"replies":[{"embeddable":true,"href":"https:\/\/www.visit-ulcinj.com\/blog\/wp-json\/wp\/v2\/comments?post=37651"}],"version-history":[{"count":0,"href":"https:\/\/www.visit-ulcinj.com\/blog\/wp-json\/wp\/v2\/posts\/37651\/revisions"}],"wp:attachment":[{"href":"https:\/\/www.visit-ulcinj.com\/blog\/wp-json\/wp\/v2\/media?parent=37651"}],"wp:term":[{"taxonomy":"category","embeddable":true,"href":"https:\/\/www.visit-ulcinj.com\/blog\/wp-json\/wp\/v2\/categories?post=37651"},{"taxonomy":"post_tag","embeddable":true,"href":"https:\/\/www.visit-ulcinj.com\/blog\/wp-json\/wp\/v2\/tags?post=37651"}],"curies":[{"name":"wp","href":"https:\/\/api.w.org\/{rel}","templated":true}]}}