{"id":37699,"date":"2010-09-26T17:22:51","date_gmt":"2010-09-26T15:22:51","guid":{"rendered":"http:\/\/www.visit-ulcinj.com\/blog\/?p=37699"},"modified":"2010-09-26T17:22:51","modified_gmt":"2010-09-26T15:22:51","slug":"ulcinj-trazi-se-partner-za-vlast","status":"publish","type":"post","link":"https:\/\/www.visit-ulcinj.com\/blog\/2010\/09\/26\/ulcinj-trazi-se-partner-za-vlast\/","title":{"rendered":"Ulcinj: Tra\u017ei se partner za vlast"},"content":{"rendered":"<p><strong><a href=\"http:\/\/www.visit-ulcinj.com\/blog\/wp-content\/uploads\/2010\/09\/ULQINI-ULCINJ-MONTENEGRO_001.jpg\"><img loading=\"lazy\" class=\"alignleft size-full wp-image-37700\" title=\"ULQINI-ULCINJ-MONTENEGRO_001\" src=\"http:\/\/www.visit-ulcinj.com\/blog\/wp-content\/uploads\/2010\/09\/ULQINI-ULCINJ-MONTENEGRO_001.jpg\" alt=\"\" width=\"490\" height=\"390\" \/><\/a>Pobjeda pita predstavnike politi\u010dkih stranaka u Ulcinju \u0161ta je najve\u0107i problem u toj op\u0161tini i \u0161ta \u0107e promijeniti ako pobijede na izborima 17. Oktobra<\/strong><\/p>\n<p>Ulcinj &#8211; Izbori za odbornike u Ulcinju su zakazani za 17. oktobar. U izbornoj trci su pet politi\u010dkih stranaka, dvije koalicije i dvije grupe gra\u0111ana.<\/p>\n<p>Ulcinjski parlament ima\u0107e 33 odborni\u010dka mjesta i prema svim procjenama jedno je izvesno: ni jedna partija ne\u0107e osvojiti apsolutnu vlast i za konstituisanje parlamenta \u0107e biti neophodno formiranje postizbornih koalicija.<\/p>\n<p>Ono \u0161to se promijenilo u odnosu na situaciju od prije manje od pola godine, kada su odr\u017eani prethodni izbori, jeste samostalan izlazak DPS-a na izbore, stvaranje predizborne koalicije izme\u0111u DUA i PDP, kao i izlazak jo\u0161 jedne stranke na izbore \u2013 Bo\u0161nja\u010dke. Predizborna kampanja jo\u0161 nije po\u010dela.<\/p>\n<p>Nosiocima lista i predstavnicima partija postavili smo ista pitanja: \u0161ta prepoznaju kao goru\u0107e probleme u Ulcinju i \u0161ta \u0107e njihova stranka promijeniti ako bude participirala u vlasti?<\/p>\n<p><strong>FORCA <\/strong><\/p>\n<p>Nazif Cungu, nosilac liste: Ono \u0161to \u0107emo odmah uraditi je rebalans bud\u017eeta, obezbje\u0111ivanje plata radnicima u organima lokalne uprave i javnim preduze\u0107ima, a otpo\u010de\u0107emo odmah i pripreme za narednu turisti\u010dku sezonu. Formira\u0107emo ekspertsku ekipu koja \u0107e raditi na izradi posebnih projekata za koje \u0107emo tra\u017eiti donacije. Ovi projekti se prije svega odnose na rje\u0161avanje ekolo\u0161kih problema u Ulcinju, kao \u0161to je sanacija deponije u Mendru i sanacija kanala Port Milena.<\/p>\n<p><strong>KOALICIJA BOLJI ULCINJ \u2013 BOLJA CRNA GORA <\/strong><\/p>\n<p>Andrija \u0106etkovi\u0107, nosilac liste: Lista goru\u0107ih problema je velika: tu su prije svega problemi u infrastrukturi, vodosnabdijevanju, napajanju strujom i usljed nedostatka vi\u0161e hotela problemati\u010dna je i turisti\u010dka ponuda. Naselje \u0160toj koje ima preko 80.000 le\u017eajeva nema kanalizaciju, kroz naselje Liman postoji neosvijetljen put koji li\u010di na koziju stazu, a Stari grad Ulcinja je najgore o\u010duvan od svih u Crnoj Gori. Mi \u0107emo, ako budemo participirali u vlasti, raditi na rje\u0161avanju tih problema.<\/p>\n<p><strong>SOCIJALDEMOKRATSKA PARTIJA CRNE GORE <\/strong><\/p>\n<p>Selim Resulbegovi\u0107, nosilac liste: Osnovni cilj za koji \u0107e se SDP zalagati je izrada plansko-razvojne dokumentacije, razvojnih projekata, jer je to jedini preduslov dinami\u010dnog razvoja ulcinjske op\u0161tine koja ima ogromne potencijale. To \u0107e biti te\u017ei\u0161te SDP-a u vr\u0161enju vlasti.<\/p>\n<p><strong>DEMOKRATSKA PARTIJA SOCIJALISTA CRNE GORE <\/strong><\/p>\n<p>Lui\u0111 \u0160krelja, nosilac liste: Participacijom u vlasti DPS \u0107e se zalagati za bolju i efikasniju op\u0161tinsku administraciju sa savremenom informacionom tehnologijom. Na\u0161i prioriteti su turizam, poljoprivreda i ekologija. Zalaga\u0107emo se za valorizaciju Velike pla\u017ee, Ade i Valdanosa i kona\u010dni zavr\u0161etak prostorno-urbanisti\u010dkih planova, kao i hitno dono\u0161enje detaljnih urbanisti\u010dkih planova.<\/p>\n<p><strong>BO\u0160NJA\u010cKA STRANKA <\/strong><\/p>\n<p>Alen Abazovi\u0107, predsjednik op\u0161tinskog odbora: Osnovni ciljevi za koje \u0107emo se zalagati su razvoj grada i zapo\u0161ljavanje, razvoj turizma, privrede i saobra\u0107ajne infrastrukutre. Ukoliko bi BS bila dio vlasti u Ulcinju mi bismo se zalagali za smanjenje poreza i da\u017ebina za privredne subjekte \u2013 privla\u010denje investitora, ulaganje u poljoprivrednu proizvodnju i turizam, otvaranje novih radnih mjesta, pru\u017eanje socijalne pomo\u0107i ugro\u017eenima, za ravnopravnost i bolju zastupljenost Bo\u0161njaka u lokalnoj samoupravi, ustanovama i javnim slu\u017ebama &#8211; shodno evropskim standardima.<\/p>\n<p><strong>DUA \u2013 PDP \u2013 ZAJEDNO ZA BUDU\u0106NOST <\/strong><\/p>\n<p>Gzim Hajdinaga, nosilac liste: Ciljevi za koje \u0107emo se zalagati su razvoj turizma, poljoprivrede i putne infrastrukture. Realizova\u0107emo vi\u0161e kapitalnih projekata: 4. oktobra postavljamo kamen temeljac u izgradnji mosta na Port Mileni, put na relaciji Ulcinj &#8211; Sukobin od grani\u010dnog prelaza do samog grada \u0107e biti pro\u0161iren i osposobljen za frekventan saobra\u0107aj, predvi\u0111ena je izgradnja bulevara Majke Tereze na potezu od Op\u0161tine do Komunalnog. Usvajanjem idejnog rje\u0161enja za izgradnju sportskog centra usvojena je i planska dokumentacija za ovaj dio teritorije Velike pla\u017ee.<\/p>\n<p><strong>DEMOKRATSKI SAVEZ U CRNOJ GORI <\/strong><\/p>\n<p>Saubi Mehmeti, nosilac liste: Nijesmo stupili u predizbornu koaliciju jer niko nije ponudio partnerski odnos. Mi \u0107emo biti u vlasti, ali &#8211; u principijelnoj vlasti. Na\u0161i prioritei su zakonite investicije i samim tim dono\u0161enje detaljnih planova kako bi omogu\u0107ili realizaciju doma\u0107ih i stranih investicija. Kroz legalizaciju objekata koji se uklapaju u urbanisti\u010dke planove napunili bi bud\u017eet. Za objekte koji se ne budu uklapali u detaljni plan \u2013 predvi\u0111eno bi bilo ru\u0161enje. Tako bi u\u010dinili da Ulcinj li\u010di na moderan grad. Ciljevi su nam regulisanje infrastrukture, izgradnje puta Ulcinj-Sukobin, i poseban akcenat bi bio ure\u0111enje centra Vladimira i odre\u0111ivanje slobodnog prostora za parking mjesta. Tako\u0111e, kroz pregled dokumentacije provjerili bismo \u0161ta je radila prethodna vlast.<\/p>\n<p><strong>GRA\u0110ANSKA INICIJATIVA PERSPEKTIVA <\/strong><\/p>\n<p>Amir Holaj: Op\u0161tina Ulcinj spada u grupu najnerazvijenih op\u0161tina u Crnoj Gori. Nedostatak generalnih i detaljnih urbanisti\u010dkih planova, lo\u0161a politika privatizacije u cjelini, neulaganja u ruralna podru\u010dja i saobra\u0107ajnu infrastrukturu kao i jo\u0161 puno toga su doprinijeli lo\u0161em ekonomskom i privrednom stanju op\u0161tine Ulcinj u cjelini. Na\u0161em gradu nudimo promjene koje garantuju uspjeh i razvitak op\u0161tine, a to su: valorizacija Velike pla\u017ee i Ade, planska ulaganja u svim smjerovima, a posebno u sabra\u0107ajnice i kompletnu infrastrukturu u samom gradu kao i okolini &#8211; Anamalskom podru\u010dju, Ulcinjskom polju i \u0160tojskoj ravnici. Vrijeme je za promjene i zato smo sigurni da glas za Perspektivu je siguran glas za bolje sjutra.<\/p>\n<p>Od 1 do 9<\/p>\n<p>Zbirna lista je odre\u0111ena \u017erijebom u prisustvu predstavnika svih politi\u010dkih partija koje u\u010destvuju na izborima:<\/p>\n<p>1.DPS, 2.DUA- PDP, 3.Forca, 4.Gra\u0111anska inicijativa \u201eIntegrimi\u201c, 5. Gra\u0111anska inicijativa \u201ePerspektiva\u201d,6.Koalicija Bolji Ulcinj &#8211; bolja Crna Gora,7.Demokratski savez u Crnoj Gori, 8.SDP i 9.Bo\u0161nja\u010dka stranka.<\/p>\n<p>Utvr\u0111eno je i 35 bira\u010dkih mesta na kojima \u0107e gra\u0111ani glasati za odbornike u ulcinjskom parlamentu 17. oktobra.<br \/>\n<strong>Ana \u017divanovi\u0107<br \/>\n<a href=\"http:\/\/www.pobjeda.co.me\/citanje.php?datum=2010-09-25&amp;id=192058\" target=\"_blank\">Pobjeda<\/a><\/strong><\/p>\n","protected":false},"excerpt":{"rendered":"<p>Pobjeda pita predstavnike politi\u010dkih stranaka u Ulcinju \u0161ta je najve\u0107i problem u toj op\u0161tini i \u0161ta \u0107e promijeniti ako pobijede na izborima 17. Oktobra Ulcinj &#8211; Izbori za odbornike u Ulcinju su zakazani za 17. oktobar. U izbornoj trci su pet politi\u010dkih stranaka, dvije koalicije i dvije grupe gra\u0111ana. Ulcinjski parlament ima\u0107e 33 odborni\u010dka mjesta [&hellip;]<\/p>\n","protected":false},"author":1,"featured_media":0,"comment_status":"open","ping_status":"closed","sticky":false,"template":"","format":"standard","meta":{"spay_email":"","jetpack_publicize_message":"","jetpack_is_tweetstorm":false,"jetpack_publicize_feature_enabled":true},"categories":[8337],"tags":[1798,15659,15275,15660,15661,15658,19],"jetpack_publicize_connections":[],"yoast_head":"<!-- This site is optimized with the Yoast SEO plugin v19.1 - https:\/\/yoast.com\/wordpress\/plugins\/seo\/ -->\n<title>Ulcinj: Tra\u017ei se partner za vlast - Lajme nga Ulqini<\/title>\n<meta name=\"description\" content=\"Pobjeda pita predstavnike politi\u010dkih stranaka u Ulcinju \u0161ta je najve\u0107i problem u toj op\u0161tini i \u0161ta \u0107e promijeniti ako pobijede na izborima 17. Oktobra\" \/>\n<meta name=\"robots\" content=\"index, follow, max-snippet:-1, max-image-preview:large, max-video-preview:-1\" \/>\n<link rel=\"canonical\" href=\"https:\/\/www.visit-ulcinj.com\/blog\/2010\/09\/26\/ulcinj-trazi-se-partner-za-vlast\/\" \/>\n<meta property=\"og:locale\" content=\"en_US\" \/>\n<meta property=\"og:type\" content=\"article\" \/>\n<meta property=\"og:title\" content=\"Ulcinj: Tra\u017ei se partner za vlast - Lajme nga Ulqini\" \/>\n<meta property=\"og:description\" content=\"Pobjeda pita predstavnike politi\u010dkih stranaka u Ulcinju \u0161ta je najve\u0107i problem u toj op\u0161tini i \u0161ta \u0107e promijeniti ako pobijede na izborima 17. Oktobra\" \/>\n<meta property=\"og:url\" content=\"https:\/\/www.visit-ulcinj.com\/blog\/2010\/09\/26\/ulcinj-trazi-se-partner-za-vlast\/\" \/>\n<meta property=\"og:site_name\" content=\"Lajme nga Ulqini\" \/>\n<meta property=\"article:published_time\" content=\"2010-09-26T15:22:51+00:00\" \/>\n<meta property=\"og:image\" content=\"http:\/\/www.visit-ulcinj.com\/blog\/wp-content\/uploads\/2010\/09\/ULQINI-ULCINJ-MONTENEGRO_001.jpg\" \/>\n<meta name=\"twitter:label1\" content=\"Written by\" \/>\n\t<meta name=\"twitter:data1\" content=\"ulqini\" \/>\n\t<meta name=\"twitter:label2\" content=\"Est. reading time\" \/>\n\t<meta name=\"twitter:data2\" content=\"5 minutes\" \/>\n<script type=\"application\/ld+json\" class=\"yoast-schema-graph\">{\"@context\":\"https:\/\/schema.org\",\"@graph\":[{\"@type\":\"WebSite\",\"@id\":\"https:\/\/www.visit-ulcinj.com\/blog\/#website\",\"url\":\"https:\/\/www.visit-ulcinj.com\/blog\/\",\"name\":\"Lajme nga Ulqini\",\"description\":\"Lajme,Vijesti,Ulqini,Ulqin,Crna Gora,Mali i Zi\",\"potentialAction\":[{\"@type\":\"SearchAction\",\"target\":{\"@type\":\"EntryPoint\",\"urlTemplate\":\"https:\/\/www.visit-ulcinj.com\/blog\/?s={search_term_string}\"},\"query-input\":\"required name=search_term_string\"}],\"inLanguage\":\"en-US\"},{\"@type\":\"ImageObject\",\"inLanguage\":\"en-US\",\"@id\":\"https:\/\/www.visit-ulcinj.com\/blog\/2010\/09\/26\/ulcinj-trazi-se-partner-za-vlast\/#primaryimage\",\"url\":\"https:\/\/www.visit-ulcinj.com\/blog\/wp-content\/uploads\/2010\/09\/ULQINI-ULCINJ-MONTENEGRO_001.jpg\",\"contentUrl\":\"https:\/\/www.visit-ulcinj.com\/blog\/wp-content\/uploads\/2010\/09\/ULQINI-ULCINJ-MONTENEGRO_001.jpg\",\"width\":\"640\",\"height\":\"628\"},{\"@type\":\"WebPage\",\"@id\":\"https:\/\/www.visit-ulcinj.com\/blog\/2010\/09\/26\/ulcinj-trazi-se-partner-za-vlast\/#webpage\",\"url\":\"https:\/\/www.visit-ulcinj.com\/blog\/2010\/09\/26\/ulcinj-trazi-se-partner-za-vlast\/\",\"name\":\"Ulcinj: Tra\u017ei se partner za vlast - Lajme nga Ulqini\",\"isPartOf\":{\"@id\":\"https:\/\/www.visit-ulcinj.com\/blog\/#website\"},\"primaryImageOfPage\":{\"@id\":\"https:\/\/www.visit-ulcinj.com\/blog\/2010\/09\/26\/ulcinj-trazi-se-partner-za-vlast\/#primaryimage\"},\"datePublished\":\"2010-09-26T15:22:51+00:00\",\"dateModified\":\"2010-09-26T15:22:51+00:00\",\"author\":{\"@id\":\"https:\/\/www.visit-ulcinj.com\/blog\/#\/schema\/person\/dcab619c614d3038751c63bc2aadc06d\"},\"description\":\"Pobjeda pita predstavnike politi\u010dkih stranaka u Ulcinju \u0161ta je najve\u0107i problem u toj op\u0161tini i \u0161ta \u0107e promijeniti ako pobijede na izborima 17. Oktobra\",\"breadcrumb\":{\"@id\":\"https:\/\/www.visit-ulcinj.com\/blog\/2010\/09\/26\/ulcinj-trazi-se-partner-za-vlast\/#breadcrumb\"},\"inLanguage\":\"en-US\",\"potentialAction\":[{\"@type\":\"ReadAction\",\"target\":[\"https:\/\/www.visit-ulcinj.com\/blog\/2010\/09\/26\/ulcinj-trazi-se-partner-za-vlast\/\"]}]},{\"@type\":\"BreadcrumbList\",\"@id\":\"https:\/\/www.visit-ulcinj.com\/blog\/2010\/09\/26\/ulcinj-trazi-se-partner-za-vlast\/#breadcrumb\",\"itemListElement\":[{\"@type\":\"ListItem\",\"position\":1,\"name\":\"Ulcinj: Tra\u017ei se partner za vlast\"}]},{\"@type\":\"Person\",\"@id\":\"https:\/\/www.visit-ulcinj.com\/blog\/#\/schema\/person\/dcab619c614d3038751c63bc2aadc06d\",\"name\":\"ulqini\",\"sameAs\":[\"http:\/\/www.visit-ulcinj.com\"],\"url\":\"https:\/\/www.visit-ulcinj.com\/blog\/author\/admin\/\"}]}<\/script>\n<!-- \/ Yoast SEO plugin. -->","yoast_head_json":{"title":"Ulcinj: Tra\u017ei se partner za vlast - Lajme nga Ulqini","description":"Pobjeda pita predstavnike politi\u010dkih stranaka u Ulcinju \u0161ta je najve\u0107i problem u toj op\u0161tini i \u0161ta \u0107e promijeniti ako pobijede na izborima 17. Oktobra","robots":{"index":"index","follow":"follow","max-snippet":"max-snippet:-1","max-image-preview":"max-image-preview:large","max-video-preview":"max-video-preview:-1"},"canonical":"https:\/\/www.visit-ulcinj.com\/blog\/2010\/09\/26\/ulcinj-trazi-se-partner-za-vlast\/","og_locale":"en_US","og_type":"article","og_title":"Ulcinj: Tra\u017ei se partner za vlast - Lajme nga Ulqini","og_description":"Pobjeda pita predstavnike politi\u010dkih stranaka u Ulcinju \u0161ta je najve\u0107i problem u toj op\u0161tini i \u0161ta \u0107e promijeniti ako pobijede na izborima 17. Oktobra","og_url":"https:\/\/www.visit-ulcinj.com\/blog\/2010\/09\/26\/ulcinj-trazi-se-partner-za-vlast\/","og_site_name":"Lajme nga Ulqini","article_published_time":"2010-09-26T15:22:51+00:00","og_image":[{"url":"http:\/\/www.visit-ulcinj.com\/blog\/wp-content\/uploads\/2010\/09\/ULQINI-ULCINJ-MONTENEGRO_001.jpg"}],"twitter_misc":{"Written by":"ulqini","Est. reading time":"5 minutes"},"schema":{"@context":"https:\/\/schema.org","@graph":[{"@type":"WebSite","@id":"https:\/\/www.visit-ulcinj.com\/blog\/#website","url":"https:\/\/www.visit-ulcinj.com\/blog\/","name":"Lajme nga Ulqini","description":"Lajme,Vijesti,Ulqini,Ulqin,Crna Gora,Mali i Zi","potentialAction":[{"@type":"SearchAction","target":{"@type":"EntryPoint","urlTemplate":"https:\/\/www.visit-ulcinj.com\/blog\/?s={search_term_string}"},"query-input":"required name=search_term_string"}],"inLanguage":"en-US"},{"@type":"ImageObject","inLanguage":"en-US","@id":"https:\/\/www.visit-ulcinj.com\/blog\/2010\/09\/26\/ulcinj-trazi-se-partner-za-vlast\/#primaryimage","url":"https:\/\/www.visit-ulcinj.com\/blog\/wp-content\/uploads\/2010\/09\/ULQINI-ULCINJ-MONTENEGRO_001.jpg","contentUrl":"https:\/\/www.visit-ulcinj.com\/blog\/wp-content\/uploads\/2010\/09\/ULQINI-ULCINJ-MONTENEGRO_001.jpg","width":"640","height":"628"},{"@type":"WebPage","@id":"https:\/\/www.visit-ulcinj.com\/blog\/2010\/09\/26\/ulcinj-trazi-se-partner-za-vlast\/#webpage","url":"https:\/\/www.visit-ulcinj.com\/blog\/2010\/09\/26\/ulcinj-trazi-se-partner-za-vlast\/","name":"Ulcinj: Tra\u017ei se partner za vlast - Lajme nga Ulqini","isPartOf":{"@id":"https:\/\/www.visit-ulcinj.com\/blog\/#website"},"primaryImageOfPage":{"@id":"https:\/\/www.visit-ulcinj.com\/blog\/2010\/09\/26\/ulcinj-trazi-se-partner-za-vlast\/#primaryimage"},"datePublished":"2010-09-26T15:22:51+00:00","dateModified":"2010-09-26T15:22:51+00:00","author":{"@id":"https:\/\/www.visit-ulcinj.com\/blog\/#\/schema\/person\/dcab619c614d3038751c63bc2aadc06d"},"description":"Pobjeda pita predstavnike politi\u010dkih stranaka u Ulcinju \u0161ta je najve\u0107i problem u toj op\u0161tini i \u0161ta \u0107e promijeniti ako pobijede na izborima 17. Oktobra","breadcrumb":{"@id":"https:\/\/www.visit-ulcinj.com\/blog\/2010\/09\/26\/ulcinj-trazi-se-partner-za-vlast\/#breadcrumb"},"inLanguage":"en-US","potentialAction":[{"@type":"ReadAction","target":["https:\/\/www.visit-ulcinj.com\/blog\/2010\/09\/26\/ulcinj-trazi-se-partner-za-vlast\/"]}]},{"@type":"BreadcrumbList","@id":"https:\/\/www.visit-ulcinj.com\/blog\/2010\/09\/26\/ulcinj-trazi-se-partner-za-vlast\/#breadcrumb","itemListElement":[{"@type":"ListItem","position":1,"name":"Ulcinj: Tra\u017ei se partner za vlast"}]},{"@type":"Person","@id":"https:\/\/www.visit-ulcinj.com\/blog\/#\/schema\/person\/dcab619c614d3038751c63bc2aadc06d","name":"ulqini","sameAs":["http:\/\/www.visit-ulcinj.com"],"url":"https:\/\/www.visit-ulcinj.com\/blog\/author\/admin\/"}]}},"jetpack_featured_media_url":"","jetpack_sharing_enabled":true,"jetpack_shortlink":"https:\/\/wp.me\/pe6lTn-9O3","_links":{"self":[{"href":"https:\/\/www.visit-ulcinj.com\/blog\/wp-json\/wp\/v2\/posts\/37699"}],"collection":[{"href":"https:\/\/www.visit-ulcinj.com\/blog\/wp-json\/wp\/v2\/posts"}],"about":[{"href":"https:\/\/www.visit-ulcinj.com\/blog\/wp-json\/wp\/v2\/types\/post"}],"author":[{"embeddable":true,"href":"https:\/\/www.visit-ulcinj.com\/blog\/wp-json\/wp\/v2\/users\/1"}],"replies":[{"embeddable":true,"href":"https:\/\/www.visit-ulcinj.com\/blog\/wp-json\/wp\/v2\/comments?post=37699"}],"version-history":[{"count":0,"href":"https:\/\/www.visit-ulcinj.com\/blog\/wp-json\/wp\/v2\/posts\/37699\/revisions"}],"wp:attachment":[{"href":"https:\/\/www.visit-ulcinj.com\/blog\/wp-json\/wp\/v2\/media?parent=37699"}],"wp:term":[{"taxonomy":"category","embeddable":true,"href":"https:\/\/www.visit-ulcinj.com\/blog\/wp-json\/wp\/v2\/categories?post=37699"},{"taxonomy":"post_tag","embeddable":true,"href":"https:\/\/www.visit-ulcinj.com\/blog\/wp-json\/wp\/v2\/tags?post=37699"}],"curies":[{"name":"wp","href":"https:\/\/api.w.org\/{rel}","templated":true}]}}