{"id":37703,"date":"2010-09-26T17:38:07","date_gmt":"2010-09-26T15:38:07","guid":{"rendered":"http:\/\/www.visit-ulcinj.com\/blog\/?p=37703"},"modified":"2010-09-26T17:39:07","modified_gmt":"2010-09-26T15:39:07","slug":"vlast-i-opozicija-ni-korak-blize","status":"publish","type":"post","link":"https:\/\/www.visit-ulcinj.com\/blog\/2010\/09\/26\/vlast-i-opozicija-ni-korak-blize\/","title":{"rendered":"Vlast i opozicija ni korak bli\u017ee &#8211; Video"},"content":{"rendered":"<p><strong><a href=\"http:\/\/www.visit-ulcinj.com\/blog\/wp-content\/uploads\/2010\/09\/skupsina-crne-gore.jpg\"><img loading=\"lazy\" class=\"alignleft size-full wp-image-37704\" title=\"skupsina crne gore\" src=\"http:\/\/www.visit-ulcinj.com\/blog\/wp-content\/uploads\/2010\/09\/skupsina-crne-gore.jpg\" alt=\"\" width=\"490\" height=\"380\" \/><\/a>Na dana\u0161njoj vanrednoj sjednici Skup\u0161tine Crne Gore rasprava o izbornom zakonu<\/strong><\/p>\n<p>Da vlast i opozicija misle razli\u010dito o izbornom zakonu, pokazala je ju\u010dera\u0161nja rasprava na odborima za ustavna pitanja i zakonodavstvo, i za politi\u010dki sistem, pravosu\u0111e i upravu. Optu\u017ebe za dosada\u0161nje neusagla\u0161avanje izbornog zakona sa Ustavom bile su obostrane<\/p>\n<p>Podgorica \u2013 Prijedlog izbornog zakona, koji su procesuirale DPS i SDP, na dnevnom redu je dana\u0161nje vanredne sjednice Skup\u0161tine Crne Gore. Konsenzus vlasti i opozicije nije postignut, pa je izvjesno da izborni zakon ne\u0107e dobiti dvotre\u0107insku podr\u0161ku, koja je neophodna za usvajanje tog akta. Dana\u0161nja rasprava o prijedlogu vladaju\u0107e koalicije, kako je ju\u010de dogovoreno na sjednici Kolegijuma predsjednika Skup\u0161tine, traja\u0107e od 12 do 17 sati, uz direktan televizijski prenos.<\/p>\n<p>Da vlast i opozicija misle razli\u010dito o izbornom zakonu, pokazala je ju\u010dera\u0161nja rasprava na odborima za ustavna pitanja i zakonodavstvo, i za politi\u010dki sistem, pravosu\u0111e i upravu. Pozvali su jedni druge na odgovornost zbog dosada\u0161njeg neusagla\u0161avanja izbornog zakona sa Ustavom.<\/p>\n<p>\u010clanovi Odbora za ustavna pitanja iz DPS, SDP i SNP ocijenili su da je prijedlog izbornog zakona ustavan, dok su Nova i DUA bile uzdr\u017eane.<\/p>\n<p>&#8211; To \u0161to smatramo da akt ima ustavni osnov ne zna\u010di da podr\u017eavamo su\u0161tinska rje\u0161enja u njemu \u2013 kazao je Velizar Kalu\u0111erovi\u0107 (SNP), optu\u017euju\u0107i vladaju\u0107u koaliciju da je ona odgovorna \u0161to do sada nije usvojen izborni zakon.<\/p>\n<p>Jedan od predlaga\u010da Rifat Rastoder kazao je da je akt u proceduri od 23. jula, ali da je sjednica tada odgo\u0111ena zbog dogovora sa Kolegijuma.<\/p>\n<p>On je rekao da je napravljen \u201ekorak vi\u0161e\u201d, jer su uva\u017eene gotovo sve sugestije OEBS i SE.<\/p>\n<p>Milorad Vuleti\u0107 (DPS) optu\u017eio je opoziciju da na sve na\u010dine opstruira ono \u0161to je bio zajedni\u010dki rad. Emilo Labudovi\u0107 (Nova) kazao je da je nesporno da nema konsenzusa i upitao \u0161ta se od jula promijenilo, pa je inicirana vanredna sjednica i rasprava o izbornom zakonu. Prijedlog, kako je rekao Mehmet Zenka (DUA), za Albance apsolutno nije prihvatljiv.<\/p>\n<p>Prijedlog je glasovima vladaju\u0107e ve\u0107ine prihva\u0107en i u Odboru za politi\u010dki sistem. Primjedba Nevena Go\u0161ovi\u0107a (SNP) bila je da odredba o autenti\u010dnoj zastupljenosti manjina nije do kraja, ni jasno definisana.<\/p>\n<p>&#8211; Do rje\u0161enja o autenti\u010dnoj zastupljenosti manjina do\u0161li smo zajedno i ono je dobilo pozitivnu ocjenu Venecijanske komisije i me\u0111unarodnih eksperata &#8211; kazao je Rifat Rastoder.<\/p>\n<p>Sne\u017eana Jonica (SNP) smatra da je najsporniji dio koji se odnosi na dr\u017eavljanstvo.<\/p>\n<p>Na oba odbora ve\u0107inom glasova prihva\u0107en je prijedlog izbornog zakona i predlo\u017eeno Skup\u0161tini da ga usvoji.<\/p>\n<p>Ko \u0161ta ho\u0107e<\/p>\n<p>DPS, SDP ZA, jer smatra da je neophodno \u0161to prije uskladiti zakon sa Ustavom<\/p>\n<p>BS ZA, smatra da zakon nije idealan, ali da ga treba prihvatiti<\/p>\n<p>HGI ZA, uz amandman kojim tra\u017ei izuze\u0107e hrvatske manjine u modelu autenti\u010dnog predstavljanja manjina<\/p>\n<p>SNP PROTIV, nudi svoj prijedlog, sa druga\u010dijim modelom predstavljanja manjina i odredbama po kojima bi pravo glasa imali i gra\u0111ani bez crnogorskog dr\u017eavljanstva<\/p>\n<p>Nova PROTIV, zbog usvajanja Op\u0161teg zakona o obrazovanju kojim se u nastavu uvodi crnogorski jezik<\/p>\n<p>PzP PROTIV, jer smatra da prijedlogom \u201enije obezbije\u0111ena demokrati\u010dnost izbornog procesa\u201c<\/p>\n<p>DSCG, AA, FORCA PROTIV, jer smatraju da Albancima treba obezbijediti garantovane mandate<\/p>\n<p>DUA PROTIV, jer smatra da su ugro\u017eena ste\u010dena prava Albanaca<\/p>\n<p>\u0160ta ka\u017eu stranci?<\/p>\n<p>Podgorica \u2013 Me\u0111unarodna zajednica smatra da je prijedlog izbornog zakona u skladu sa demokratskim standardima, pogotovo u dijelu vezanom za nacionalne manjine i etni\u010dke grupe, odnosno za njihovo predstavljanje u Skup\u0161tini &#8211; rekao je Pobjedi jedan zapadni diplomata u Podgorici.<\/p>\n<p>&#8211; Smatramo da ovaj nacrt mo\u017ee da ide u proceduru i da je potpuno ispunjen standard za manjinske stranke. Zato smo i dali pozitivno mi\u0161ljenje &#8211; rekao je na\u0161 izvor pod uslovom anonimnosti.<\/p>\n<p>Na molbu da prokomentari\u0161e argumente svake od opozicionih stranaka, zapadnoevropski diplomata je rekao da prijedlog Socijalisti\u010dke narodne partije \u201ejo\u0161 nije vidio\u201c, a da stavove Nove srpske demokratije, da izborni zakon pove\u017ee za uvo\u0111enjem crnogorskog jezika u slu\u017ebenu upotrebu, smatra \u201e\u010distom politi\u010dkom trgovinom\u201c.<\/p>\n<p>Ka\u017ee da najvi\u0161e prostora za kompromis vidi u trouglu DPS-SDP-SNP \u0161to bi onda Venecijanska komisija mogla ponovo da razmotri, ako bi bila pozvana da to u\u010dini.<\/p>\n<p>U vezi sa stavom Pokreta za promjene, on je za Pobjedu kazao da \u201eprijedlogom nije obezbije\u0111ena demokrati\u010dnost izbornog procesa\u201c i da takve stavove \u201esmatra glupo\u0161\u0107u\u201c.<\/p>\n<p>&#8211; Mi gotovo nikada ne vidimo osnovu u onome \u0161to ta stranka govori. Ako su Venecijanska komisija, Savjet Evrope, OEBS i Evropska komisija rekli da je nacrt zakona, koji su oni razmatrali, u redu onda oni kao da nama svima ka\u017eu: \u201eVi nemate pojma, a mi znamo\u201c &#8211; rekao je ovaj zapadnoevropski diplomata Pobjedi.<\/p>\n<p>Na pitanje koji su mogu\u0107i naredni koraci u vezi sa izbornim zakonom, na\u0161 drugi sagovornik, stru\u010dnjak direktno involviran u rje\u0161avanje ovog problema, odgovara da se stranci ne\u0107e direktno mije\u0161ati u proces sve dok eventualno ne budu pozvani da to u\u010dine.<\/p>\n<p>Na pitanje da li to zna\u010di da bi blokiranje procesa moglo da pro\u0111e neka\u017enjeno, dobili smo odgovor da za blokadu postoji razumijevanje i da od tog zakona ne zavisi prakti\u010dno ni\u0161ta u procesu evropskih integracija.<\/p>\n<p>S.K.<\/p>\n<p>Svako \u0107e nositi breme odgovornosti<\/p>\n<p>Predlaga\u010di o\u010dekuju da \u0107e izmjene Zakon o izboru odbornika i poslanika biti usvojene na dana\u0161njoj sjednici Skup\u0161tine.<\/p>\n<p>Poslanik DPS-a Melvudin Nuhod\u017ei\u0107 za Pobjedu obja\u0161njava da \u0107e nakon argumentovane rasprave, Izmjene i dopune Zakona o izboru odbornika i poslanika vjerovatno dobiti dvotre\u0107insku ve\u0107inu i da \u0107e se na taj na\u010din unaprijediti dosada\u0161nja praksa, kada je u pitanju autenti\u010dna zastupljenost manjiskih nacinalnih zajednica, kao i da \u0107e se uskladiti pitanje bira\u010dkog prava sa Ustavom.<\/p>\n<p>&#8211; Ako se ne stigne do dvotre\u0107inske ve\u0107ine svako \u0107e nositi breme odgovornosti, ali se mora nastaviti komunikacija parlamentarnih stranaka u formi radne grupe, ili u nekom drugom obliku, da bi se pitanje izbornog zaknodavsta i njegovog uskla\u0111ivanja ili izrade novog zakona rije\u0161ilo. Za sve to vrijeme, na snazi je izborni zakon usvojen naj\u0161irim konsenzusom u Skup\u0161tini Crne Gore, uz pozitivno mi\u0161ljenje me\u0111unarodnih institucija &#8211; ka\u017ee Nuho\u017ei\u0107.<\/p>\n<p>Potpredsjednik Skup\u0161tine i poslanik SDP-a Rifat Rastoder ka\u017ee za Pobjedu da postoji nekoliko scenarija u ovoj pri\u010di.<\/p>\n<p>&#8211; To je zakon koji se mora usvojiti dvotre\u0107inskom ve\u0107inom. Moramo sa\u010dekati sjednicu Skup\u0161tine da vidimo \u0161ta \u0107e se desiti. Svi se nadamo da \u0107e zakon biti usvojen. Ukoliko se to ne desi, i\u0107i \u0107e se u nove pregovore i usagla\u0161avanja &#8211; poru\u010duje Rastoder.<\/p>\n<p>On je kao mogu\u0107nost naveo i odlaganje rasprave o ovom zakonu na dana\u0161njoj sjednici.<\/p>\n<p>Mr.J.<br \/>\n<strong>I. K. \u2013 D. \u0106.<br \/>\n<a href=\"http:\/\/www.pobjeda.co.me\/citanje.php?datum=2010-09-21&amp;id=191827\" target=\"_blank\">Pobjeda<br \/>\n<\/a><!--YouTube Error: bad URL entered--><\/strong><\/p>\n<p><strong> <\/strong><\/p>\n","protected":false},"excerpt":{"rendered":"<p>Na dana\u0161njoj vanrednoj sjednici Skup\u0161tine Crne Gore rasprava o izbornom zakonu Da vlast i opozicija misle razli\u010dito o izbornom zakonu, pokazala je ju\u010dera\u0161nja rasprava na odborima za ustavna pitanja i zakonodavstvo, i za politi\u010dki sistem, pravosu\u0111e i upravu. Optu\u017ebe za dosada\u0161nje neusagla\u0161avanje izbornog zakona sa Ustavom bile su obostrane Podgorica \u2013 Prijedlog izbornog zakona, koji [&hellip;]<\/p>\n","protected":false},"author":1,"featured_media":0,"comment_status":"open","ping_status":"closed","sticky":false,"template":"","format":"standard","meta":{"spay_email":"","jetpack_publicize_message":"","jetpack_is_tweetstorm":false,"jetpack_publicize_feature_enabled":true},"categories":[8337],"tags":[2588,2524,15662,10043],"jetpack_publicize_connections":[],"yoast_head":"<!-- This site is optimized with the Yoast SEO plugin v19.1 - https:\/\/yoast.com\/wordpress\/plugins\/seo\/ -->\n<title>Vlast i opozicija ni korak bli\u017ee - Video - Lajme nga Ulqini<\/title>\n<meta name=\"description\" content=\"Na dana\u0161njoj vanrednoj sjednici Skup\u0161tine Crne Gore rasprava o izbornom zakonu Da vlast i opozicija misle razli\u010dito o izbornom zakonu, pokazala je\" \/>\n<meta name=\"robots\" content=\"index, follow, max-snippet:-1, max-image-preview:large, max-video-preview:-1\" \/>\n<link rel=\"canonical\" href=\"https:\/\/www.visit-ulcinj.com\/blog\/2010\/09\/26\/vlast-i-opozicija-ni-korak-blize\/\" \/>\n<meta property=\"og:locale\" content=\"en_US\" \/>\n<meta property=\"og:type\" content=\"article\" \/>\n<meta property=\"og:title\" content=\"Vlast i opozicija ni korak bli\u017ee - Video - Lajme nga Ulqini\" \/>\n<meta property=\"og:description\" content=\"Na dana\u0161njoj vanrednoj sjednici Skup\u0161tine Crne Gore rasprava o izbornom zakonu Da vlast i opozicija misle razli\u010dito o izbornom zakonu, pokazala je\" \/>\n<meta property=\"og:url\" content=\"https:\/\/www.visit-ulcinj.com\/blog\/2010\/09\/26\/vlast-i-opozicija-ni-korak-blize\/\" \/>\n<meta property=\"og:site_name\" content=\"Lajme nga Ulqini\" \/>\n<meta property=\"article:published_time\" content=\"2010-09-26T15:38:07+00:00\" \/>\n<meta property=\"article:modified_time\" content=\"2010-09-26T15:39:07+00:00\" \/>\n<meta property=\"og:image\" content=\"http:\/\/www.visit-ulcinj.com\/blog\/wp-content\/uploads\/2010\/09\/skupsina-crne-gore.jpg\" \/>\n<meta name=\"twitter:label1\" content=\"Written by\" \/>\n\t<meta name=\"twitter:data1\" content=\"ulqini\" \/>\n\t<meta name=\"twitter:label2\" content=\"Est. reading time\" \/>\n\t<meta name=\"twitter:data2\" content=\"6 minutes\" \/>\n<script type=\"application\/ld+json\" class=\"yoast-schema-graph\">{\"@context\":\"https:\/\/schema.org\",\"@graph\":[{\"@type\":\"WebSite\",\"@id\":\"https:\/\/www.visit-ulcinj.com\/blog\/#website\",\"url\":\"https:\/\/www.visit-ulcinj.com\/blog\/\",\"name\":\"Lajme nga Ulqini\",\"description\":\"Lajme,Vijesti,Ulqini,Ulqin,Crna Gora,Mali i Zi\",\"potentialAction\":[{\"@type\":\"SearchAction\",\"target\":{\"@type\":\"EntryPoint\",\"urlTemplate\":\"https:\/\/www.visit-ulcinj.com\/blog\/?s={search_term_string}\"},\"query-input\":\"required name=search_term_string\"}],\"inLanguage\":\"en-US\"},{\"@type\":\"ImageObject\",\"inLanguage\":\"en-US\",\"@id\":\"https:\/\/www.visit-ulcinj.com\/blog\/2010\/09\/26\/vlast-i-opozicija-ni-korak-blize\/#primaryimage\",\"url\":\"https:\/\/www.visit-ulcinj.com\/blog\/wp-content\/uploads\/2010\/09\/skupsina-crne-gore.jpg\",\"contentUrl\":\"https:\/\/www.visit-ulcinj.com\/blog\/wp-content\/uploads\/2010\/09\/skupsina-crne-gore.jpg\",\"width\":\"800\",\"height\":\"589\"},{\"@type\":\"WebPage\",\"@id\":\"https:\/\/www.visit-ulcinj.com\/blog\/2010\/09\/26\/vlast-i-opozicija-ni-korak-blize\/#webpage\",\"url\":\"https:\/\/www.visit-ulcinj.com\/blog\/2010\/09\/26\/vlast-i-opozicija-ni-korak-blize\/\",\"name\":\"Vlast i opozicija ni korak bli\u017ee - Video - Lajme nga Ulqini\",\"isPartOf\":{\"@id\":\"https:\/\/www.visit-ulcinj.com\/blog\/#website\"},\"primaryImageOfPage\":{\"@id\":\"https:\/\/www.visit-ulcinj.com\/blog\/2010\/09\/26\/vlast-i-opozicija-ni-korak-blize\/#primaryimage\"},\"datePublished\":\"2010-09-26T15:38:07+00:00\",\"dateModified\":\"2010-09-26T15:39:07+00:00\",\"author\":{\"@id\":\"https:\/\/www.visit-ulcinj.com\/blog\/#\/schema\/person\/dcab619c614d3038751c63bc2aadc06d\"},\"description\":\"Na dana\u0161njoj vanrednoj sjednici Skup\u0161tine Crne Gore rasprava o izbornom zakonu Da vlast i opozicija misle razli\u010dito o izbornom zakonu, pokazala je\",\"breadcrumb\":{\"@id\":\"https:\/\/www.visit-ulcinj.com\/blog\/2010\/09\/26\/vlast-i-opozicija-ni-korak-blize\/#breadcrumb\"},\"inLanguage\":\"en-US\",\"potentialAction\":[{\"@type\":\"ReadAction\",\"target\":[\"https:\/\/www.visit-ulcinj.com\/blog\/2010\/09\/26\/vlast-i-opozicija-ni-korak-blize\/\"]}]},{\"@type\":\"BreadcrumbList\",\"@id\":\"https:\/\/www.visit-ulcinj.com\/blog\/2010\/09\/26\/vlast-i-opozicija-ni-korak-blize\/#breadcrumb\",\"itemListElement\":[{\"@type\":\"ListItem\",\"position\":1,\"name\":\"Vlast i opozicija ni korak bli\u017ee &#8211; Video\"}]},{\"@type\":\"Person\",\"@id\":\"https:\/\/www.visit-ulcinj.com\/blog\/#\/schema\/person\/dcab619c614d3038751c63bc2aadc06d\",\"name\":\"ulqini\",\"sameAs\":[\"http:\/\/www.visit-ulcinj.com\"],\"url\":\"https:\/\/www.visit-ulcinj.com\/blog\/author\/admin\/\"}]}<\/script>\n<!-- \/ Yoast SEO plugin. -->","yoast_head_json":{"title":"Vlast i opozicija ni korak bli\u017ee - Video - Lajme nga Ulqini","description":"Na dana\u0161njoj vanrednoj sjednici Skup\u0161tine Crne Gore rasprava o izbornom zakonu Da vlast i opozicija misle razli\u010dito o izbornom zakonu, pokazala je","robots":{"index":"index","follow":"follow","max-snippet":"max-snippet:-1","max-image-preview":"max-image-preview:large","max-video-preview":"max-video-preview:-1"},"canonical":"https:\/\/www.visit-ulcinj.com\/blog\/2010\/09\/26\/vlast-i-opozicija-ni-korak-blize\/","og_locale":"en_US","og_type":"article","og_title":"Vlast i opozicija ni korak bli\u017ee - Video - Lajme nga Ulqini","og_description":"Na dana\u0161njoj vanrednoj sjednici Skup\u0161tine Crne Gore rasprava o izbornom zakonu Da vlast i opozicija misle razli\u010dito o izbornom zakonu, pokazala je","og_url":"https:\/\/www.visit-ulcinj.com\/blog\/2010\/09\/26\/vlast-i-opozicija-ni-korak-blize\/","og_site_name":"Lajme nga Ulqini","article_published_time":"2010-09-26T15:38:07+00:00","article_modified_time":"2010-09-26T15:39:07+00:00","og_image":[{"url":"http:\/\/www.visit-ulcinj.com\/blog\/wp-content\/uploads\/2010\/09\/skupsina-crne-gore.jpg"}],"twitter_misc":{"Written by":"ulqini","Est. reading time":"6 minutes"},"schema":{"@context":"https:\/\/schema.org","@graph":[{"@type":"WebSite","@id":"https:\/\/www.visit-ulcinj.com\/blog\/#website","url":"https:\/\/www.visit-ulcinj.com\/blog\/","name":"Lajme nga Ulqini","description":"Lajme,Vijesti,Ulqini,Ulqin,Crna Gora,Mali i Zi","potentialAction":[{"@type":"SearchAction","target":{"@type":"EntryPoint","urlTemplate":"https:\/\/www.visit-ulcinj.com\/blog\/?s={search_term_string}"},"query-input":"required name=search_term_string"}],"inLanguage":"en-US"},{"@type":"ImageObject","inLanguage":"en-US","@id":"https:\/\/www.visit-ulcinj.com\/blog\/2010\/09\/26\/vlast-i-opozicija-ni-korak-blize\/#primaryimage","url":"https:\/\/www.visit-ulcinj.com\/blog\/wp-content\/uploads\/2010\/09\/skupsina-crne-gore.jpg","contentUrl":"https:\/\/www.visit-ulcinj.com\/blog\/wp-content\/uploads\/2010\/09\/skupsina-crne-gore.jpg","width":"800","height":"589"},{"@type":"WebPage","@id":"https:\/\/www.visit-ulcinj.com\/blog\/2010\/09\/26\/vlast-i-opozicija-ni-korak-blize\/#webpage","url":"https:\/\/www.visit-ulcinj.com\/blog\/2010\/09\/26\/vlast-i-opozicija-ni-korak-blize\/","name":"Vlast i opozicija ni korak bli\u017ee - Video - Lajme nga Ulqini","isPartOf":{"@id":"https:\/\/www.visit-ulcinj.com\/blog\/#website"},"primaryImageOfPage":{"@id":"https:\/\/www.visit-ulcinj.com\/blog\/2010\/09\/26\/vlast-i-opozicija-ni-korak-blize\/#primaryimage"},"datePublished":"2010-09-26T15:38:07+00:00","dateModified":"2010-09-26T15:39:07+00:00","author":{"@id":"https:\/\/www.visit-ulcinj.com\/blog\/#\/schema\/person\/dcab619c614d3038751c63bc2aadc06d"},"description":"Na dana\u0161njoj vanrednoj sjednici Skup\u0161tine Crne Gore rasprava o izbornom zakonu Da vlast i opozicija misle razli\u010dito o izbornom zakonu, pokazala je","breadcrumb":{"@id":"https:\/\/www.visit-ulcinj.com\/blog\/2010\/09\/26\/vlast-i-opozicija-ni-korak-blize\/#breadcrumb"},"inLanguage":"en-US","potentialAction":[{"@type":"ReadAction","target":["https:\/\/www.visit-ulcinj.com\/blog\/2010\/09\/26\/vlast-i-opozicija-ni-korak-blize\/"]}]},{"@type":"BreadcrumbList","@id":"https:\/\/www.visit-ulcinj.com\/blog\/2010\/09\/26\/vlast-i-opozicija-ni-korak-blize\/#breadcrumb","itemListElement":[{"@type":"ListItem","position":1,"name":"Vlast i opozicija ni korak bli\u017ee &#8211; Video"}]},{"@type":"Person","@id":"https:\/\/www.visit-ulcinj.com\/blog\/#\/schema\/person\/dcab619c614d3038751c63bc2aadc06d","name":"ulqini","sameAs":["http:\/\/www.visit-ulcinj.com"],"url":"https:\/\/www.visit-ulcinj.com\/blog\/author\/admin\/"}]}},"jetpack_featured_media_url":"","jetpack_sharing_enabled":true,"jetpack_shortlink":"https:\/\/wp.me\/pe6lTn-9O7","_links":{"self":[{"href":"https:\/\/www.visit-ulcinj.com\/blog\/wp-json\/wp\/v2\/posts\/37703"}],"collection":[{"href":"https:\/\/www.visit-ulcinj.com\/blog\/wp-json\/wp\/v2\/posts"}],"about":[{"href":"https:\/\/www.visit-ulcinj.com\/blog\/wp-json\/wp\/v2\/types\/post"}],"author":[{"embeddable":true,"href":"https:\/\/www.visit-ulcinj.com\/blog\/wp-json\/wp\/v2\/users\/1"}],"replies":[{"embeddable":true,"href":"https:\/\/www.visit-ulcinj.com\/blog\/wp-json\/wp\/v2\/comments?post=37703"}],"version-history":[{"count":0,"href":"https:\/\/www.visit-ulcinj.com\/blog\/wp-json\/wp\/v2\/posts\/37703\/revisions"}],"wp:attachment":[{"href":"https:\/\/www.visit-ulcinj.com\/blog\/wp-json\/wp\/v2\/media?parent=37703"}],"wp:term":[{"taxonomy":"category","embeddable":true,"href":"https:\/\/www.visit-ulcinj.com\/blog\/wp-json\/wp\/v2\/categories?post=37703"},{"taxonomy":"post_tag","embeddable":true,"href":"https:\/\/www.visit-ulcinj.com\/blog\/wp-json\/wp\/v2\/tags?post=37703"}],"curies":[{"name":"wp","href":"https:\/\/api.w.org\/{rel}","templated":true}]}}