{"id":37721,"date":"2010-09-27T16:55:48","date_gmt":"2010-09-27T14:55:48","guid":{"rendered":"http:\/\/www.visit-ulcinj.com\/blog\/?p=37721"},"modified":"2010-09-28T17:37:56","modified_gmt":"2010-09-28T15:37:56","slug":"ulqini-perjetoi-sezonin-me-te-suksesshem-ne-tridhjete-vitet-e-fundit","status":"publish","type":"post","link":"https:\/\/www.visit-ulcinj.com\/blog\/2010\/09\/27\/ulqini-perjetoi-sezonin-me-te-suksesshem-ne-tridhjete-vitet-e-fundit\/","title":{"rendered":"Ulqini p\u00ebrjetoi sezonin m\u00eb t\u00eb suksessh\u00ebm n\u00eb tridhjet\u00eb vitet e fundit"},"content":{"rendered":"<p><strong><a href=\"http:\/\/www.visit-ulcinj.com\/blog\/wp-content\/uploads\/2010\/09\/sezoni-me-i-suksesshem-ne-Ulqin.jpg\"><img loading=\"lazy\" class=\"alignleft size-full wp-image-37722\" title=\"sezoni me  i suksesshem ne Ulqin\" src=\"http:\/\/www.visit-ulcinj.com\/blog\/wp-content\/uploads\/2010\/09\/sezoni-me-i-suksesshem-ne-Ulqin.jpg\" alt=\"\" width=\"490\" height=\"380\" \/><\/a>Ulqin, 27 shtator 2010 \u2013 <\/strong>Edhe pse jemi n\u00eb dit\u00ebt e fundit t\u00eb muajit shtator, num\u00ebr i madh i turist\u00ebve nga vende t\u00eb ndryshme po pushojn\u00eb n\u00eb bregdetin e Ulqinit. Jo vet\u00ebm kryetari i Komun\u00ebs s\u00eb Ulqinit, por edhe p\u00ebrfaq\u00ebsues t\u00eb\u00a0hoteleve, plazheve, bizneseve\u00a0 dhe i njoh\u00ebsve t\u00eb turizmit, k\u00ebt\u00eb sezon turistike e vler\u00ebsojn\u00eb si nj\u00ebr\u00ebn nga m\u00eb t\u00eb mirat n\u00eb tridhjet\u00eb vjet\u00ebt e fundit. Edhe sivjet top list\u00ebs s\u00eb turist\u00ebve i kan\u00eb prir\u00eb qytetar\u00ebt nga Kosova, por dhe s\u00eb\u00a0 \u00ebsht\u00eb par\u00eb se \u00ebsht\u00eb rritur edh numri i turist\u00ebve t\u00eb huaj. G\u00ebzim Hajdinaga, kryetar i Komun\u00ebs s\u00eb Ulqinit, tha p\u00ebr agjencin\u00eb e lajmeve \u201cKosova Info\u201d se kjo sezon ka qen\u00eb m\u00eb e mira n\u00eb tridhjet\u00eb vitet e fundit ku numri m\u00eb i madh i turist\u00ebve ka qen\u00eb nga Kosova. \u201cEdhe pse jemi n\u00eb fund t\u00eb muajit shtator n\u00eb Ulqin ka nj\u00eb num\u00ebr t\u00eb konsideruesh\u00ebm t\u00eb\u00a0 turist\u00ebve, t\u00eb cil\u00ebt jan\u00eb t\u00eb mahnitur me p\u00ebrgatitjet e sezon\u00ebs 2010\u201d, tha kreu i komun\u00ebs. Sipas tij \u00ebsht\u00eb nj\u00eb konstatim i p\u00ebrgjithsh\u00ebm, jo vet\u00ebm i yni\u00a0si pushtet vend\u00ebs, por edhe i p\u00ebrfaq\u00ebsuesve t\u00eb\u00a0hoteleve, plazheve, biznesit, i vet\u00eb mysafir\u00ebve,\u00a0por dhe i njoh\u00ebsve t\u00eb situatave turistike q\u00eb\u00a0sezoni i k\u00ebtij viti ka qen\u00eb shum\u00eb i suksessh\u00ebm\u00a0dhe mjaft nga ata, at\u00eb e cil\u00ebsojn\u00eb si sezoni m\u00eb i\u00a0suksessh\u00ebm n\u00eb tridhjet\u00eb vjet\u00ebt e fundit. <a href=\"http:\/\/www.visit-ulcinj.com\/blog\/wp-content\/uploads\/2010\/09\/gezim-hajdinaga-150x150.jpg\"><img loading=\"lazy\" class=\"alignleft size-full wp-image-37723\" title=\"gezim-hajdinaga-150x150\" src=\"http:\/\/www.visit-ulcinj.com\/blog\/wp-content\/uploads\/2010\/09\/gezim-hajdinaga-150x150.jpg\" alt=\"\" width=\"150\" height=\"150\" \/><\/a>Kryetari i Komun\u00ebs s\u00eb Ulqinit, G\u00ebzim\u00a0Hajdinaga, shtoi se ka nj\u00eb rritje t\u00eb turist\u00ebve t\u00eb huaj, t\u00eb cil\u00ebt kan\u00eb preferuar t\u00eb pushojn\u00eb n\u00eb Ulqin. \u201cNa g\u00ebzon t\u00eb\u00a0gjith\u00ebve \u00ebsht\u00eb numri gjithnj\u00eb e n\u00eb rritje i turist\u00ebve\u00a0t\u00eb huaj t\u00eb cil\u00ebt kan\u00eb preferuar p\u00ebr\u00a0pushime n\u00eb k\u00ebt\u00eb koh\u00eb t\u00eb kriz\u00ebs universale\u00a0Ulqinin si destinacion t\u00eb tyrin\u201d, tha G\u00ebzim Hajdinaga. Ai shtoi se autostrada Morin\u00eb-Milot \u00ebsht\u00eb n\u00eb favorin e Ulqinit ashtu siq edhe kishte paralajm\u00ebruar kur \u00ebsht\u00eb nd\u00ebrtuar. Kosova tashm\u00eb \u00ebsht\u00eb shum\u00eb m\u00eb af\u00ebr Ulqinit. \u00a0N\u00eb pik\u00ebn kufitare t\u00eb Sukobin\u00ebs brenda dit\u00ebs kan\u00eb kaluar mbi 14 mij\u00eb qytetar\u00eb dhe k\u00ebto shifra e kan\u00eb b\u00ebr\u00eb pik\u00ebn kufitare m\u00eb t\u00eb frekuentuar n\u00eb Malin e Zi. \u201cN\u00eb pik\u00ebn kufitare Shqip\u00ebri-Mali i Zi n\u00eb Sukobin ka sh\u00ebnuar rekord, ku brenda nj\u00eb dite kan\u00eb kaluar mbi 14 mij\u00eb veta dhe e cila \u00ebsht\u00eb pika kufitare m\u00eb e frekuentuar n\u00eb Malin e Zi\u201d,tha G\u00ebzim Hajdinaga. Kryetari tregoi se pos turist\u00ebve kosovar, numri m\u00eb i madh i turist\u00ebve ka qen\u00eb edhe nga Bosnja dhe kan\u00eb arritur ti kthejn\u00eb mysafir\u00ebt e vjet\u00ebr nga Gjermani, Polonia, Qekia, Sllovakia, Hungaria, Italia dhe ka pasur edhe nga Rusia. I pari i komun\u00ebs tha se tashm\u00eb kan\u00eb nisur p\u00ebrgatitjet p\u00ebr sezonin 2011 2012 dhe i fal\u00ebnderojn\u00eb t\u00eb gjith\u00eb qytetar\u00ebt e Kosov\u00ebs q\u00eb po vizitoj\u00eb Ulqinin dhe k\u00ebrkojn\u00eb q\u00eb Ulqinin mos ta l\u00ebn\u00eb pas dore, por ta ken\u00eb prioiritet. Ai po ashtu tregoi se rruga Sukobin-Ulqin\u00a0 duhet t\u00eb zgjerohet\u00a0 e standardizohet ku dhe Qeveria ka b\u00ebr\u00eb projektin p\u00ebr nd\u00ebrtimin e rrug\u00ebs dhe s\u00eb shpejti do t\u00eb nisin punimet. Kryetari i Ulqinit fal\u00ebnderoi t\u00eb gjitha mediat nga Kosova p\u00ebr ndihm\u00ebn\u00a0 dhe marketingun e fuqish\u00ebm p\u00ebr turizmin e Ulqinit.<\/p>\n<p><a href=\"http:\/\/www.visit-ulcinj.com\/blog\/wp-content\/uploads\/2010\/09\/Ilir-Llazorja_ulqin.jpg\"><img loading=\"lazy\" class=\"alignleft size-thumbnail wp-image-37724\" title=\"Ilir Llazorja_ulqin\" src=\"http:\/\/www.visit-ulcinj.com\/blog\/wp-content\/uploads\/2010\/09\/Ilir-Llazorja_ulqin-150x150.jpg\" alt=\"\" width=\"150\" height=\"150\" \/><\/a>Nga ana tjet\u00ebr Ilir\u00a0 Llozorja, sekretar i partis\u00eb Forca e re Demokratike n\u00eb Ulqin\u00a0 tha se sezona turistike 2010 ishte shum\u00eb e mir\u00eb me numrin e turist\u00ebve, por jo edhe me p\u00ebrgatitjet q\u00eb ka b\u00ebr\u00eb komuna. Sipas tij komuna ka d\u00ebshtuar n\u00eb t\u00eb gjitha aspektet sa i p\u00ebrket turizmit dhe nuk ka b\u00ebr\u00eb marketingun e duhur, por m\u00eb shum\u00eb kan\u00eb harxhuar para n\u00eb ende t\u00eb ndryshme.<\/p>\n<p>Ali Rexha, drejtor i Organizat\u00ebs Turistike t\u00eb\u00a0Ulqinit, tha se sezoni turistik 2010 ishte nj\u00eb nd\u00ebr sezonet m\u00eb t\u00eb suksesshme t\u00eb\u00a0viteve tri dekadat e fundit.<\/p>\n<p><a href=\"http:\/\/www.visit-ulcinj.com\/blog\/wp-content\/uploads\/2010\/09\/Ali-Rexha_Ulqin1.jpg\"><img loading=\"lazy\" class=\"alignleft size-thumbnail wp-image-37725\" title=\"Ali-Rexha_Ulqin\" src=\"http:\/\/www.visit-ulcinj.com\/blog\/wp-content\/uploads\/2010\/09\/Ali-Rexha_Ulqin1-150x150.jpg\" alt=\"\" width=\"150\" height=\"150\" \/><\/a>Ali Rexha, tha se struktura e mysafir\u00ebve tregon se \u00ebsht\u00eb\u00a0ruajtur tregu tradicional nga Kosova,\u00a0Maqedonia dhe Shqip\u00ebria t\u00eb cil\u00ebt p\u00ebrb\u00ebjn\u00eb 71.4\u00a0p\u00ebr qind t\u00eb mysafir\u00ebve si dhe nga Mali i Zi me\u00a012 p\u00ebr qind.\u00a0\u201cNj\u00ebkoh\u00ebsisht kemi kthyer mysafir\u00eb nga\u00a0rajonet e af\u00ebrta \u2013 Bosnja, Serbia, nga Evropa\u00a0Lindore e Qendrore \u2013 \u00c7ekia, Sllovakia,\u00a0Polonia, Hungaria, Rumania, Rusia. Shihet\u00a0edhe rritja e numrit t\u00eb mysafir\u00ebve dikur shum\u00eb\u00a0prezent\u00eb e t\u00eb mir\u00ebseardhur nga Gjermania dhe\u00a0vendeve t\u00eb tjera t\u00eb Evrop\u00ebs Per\u00ebndimore me nj\u00eb\u00a0p\u00ebrqindje prej 16.6 p\u00ebr qind. Edhe drejtori i \u00a0Organizat\u00ebs Turistike t\u00eb\u00a0Ulqinit, fal\u00ebnderoi mediat nga Kosova p\u00ebr marketingun q\u00eb kan\u00eb b\u00ebr\u00eb<\/p>\n<p><a href=\"http:\/\/www.visit-ulcinj.com\/blog\/wp-content\/uploads\/2010\/09\/xhemal-bushati-dir-hotel-albatros.jpg\"><img loading=\"lazy\" class=\"alignleft size-thumbnail wp-image-37726\" title=\"xhemal bushati-dir-hotel albatros\" src=\"http:\/\/www.visit-ulcinj.com\/blog\/wp-content\/uploads\/2010\/09\/xhemal-bushati-dir-hotel-albatros-150x150.jpg\" alt=\"\" width=\"150\" height=\"150\" \/><\/a>Xhemajl Bushati, drejtor i hotelit Albatros, tha p\u00ebr agjencin\u00eb e lajmeve \u201cKosova Info\u201d\u00a0 se kjo sezon\u00eb ka qen\u00eb shum\u00eb shum\u00eb \u00eb suksesshme ku shum\u00eb turist\u00eb kan\u00eb zgjedhur q\u00eb t\u00eb vendosen n\u00eb hotelin Albatros. \u201cFillimi sezon\u00ebs nuk ishte i mir\u00eb, por muaji korrik dhe gusht sjelli shum\u00eb turist\u00eb edhe mbi planifikimet. Edhe k\u00ebto dit\u00ebt e fundit t\u00eb muajit shtator kemi num\u00ebr t\u00eb mir\u00eb t\u00eb turist\u00ebve\u201d, tha Xhemajl Bushati, drejtor i Albatrosit. Ai tregoi se kan pasur turist\u00eb nga 43 shtete t\u00eb bot\u00ebs.<\/p>\n<p>Besim<strong> TOSKA<br \/>\nKosova Info<br \/>\n<!--YouTube Error: bad URL entered--><\/strong><\/p>\n","protected":false},"excerpt":{"rendered":"<p>Ulqin, 27 shtator 2010 \u2013 Edhe pse jemi n\u00eb dit\u00ebt e fundit t\u00eb muajit shtator, num\u00ebr i madh i turist\u00ebve nga vende t\u00eb ndryshme po pushojn\u00eb n\u00eb bregdetin e Ulqinit. Jo vet\u00ebm kryetari i Komun\u00ebs s\u00eb Ulqinit, por edhe p\u00ebrfaq\u00ebsues t\u00eb\u00a0hoteleve, plazheve, bizneseve\u00a0 dhe i njoh\u00ebsve t\u00eb turizmit, k\u00ebt\u00eb sezon turistike e vler\u00ebsojn\u00eb si nj\u00ebr\u00ebn [&hellip;]<\/p>\n","protected":false},"author":1,"featured_media":0,"comment_status":"open","ping_status":"closed","sticky":false,"template":"","format":"standard","meta":{"spay_email":"","jetpack_publicize_message":"","jetpack_is_tweetstorm":false,"jetpack_publicize_feature_enabled":true},"categories":[15],"tags":[8027,15672,5526,15670,15372,222,15678,15675,15679,15671,2515,95,15674,15676,15677,15680,235,4198,15673,200,18,15669],"jetpack_publicize_connections":[],"yoast_head":"<!-- This site is optimized with the Yoast SEO plugin v19.1 - https:\/\/yoast.com\/wordpress\/plugins\/seo\/ -->\n<title>Ulqini p\u00ebrjetoi sezonin m\u00eb t\u00eb suksessh\u00ebm n\u00eb tridhjet\u00eb vitet e fundit - Lajme nga Ulqini<\/title>\n<meta name=\"description\" content=\"Ulqin, 27 shtator 2010 \u2013 Edhe pse jemi n\u00eb dit\u00ebt e fundit t\u00eb muajit shtator, num\u00ebr i madh i turist\u00ebve nga vende t\u00eb ndryshme po pushojn\u00eb n\u00eb bregdetin e\" \/>\n<meta name=\"robots\" content=\"index, follow, max-snippet:-1, max-image-preview:large, max-video-preview:-1\" \/>\n<link rel=\"canonical\" href=\"https:\/\/www.visit-ulcinj.com\/blog\/2010\/09\/27\/ulqini-perjetoi-sezonin-me-te-suksesshem-ne-tridhjete-vitet-e-fundit\/\" \/>\n<meta property=\"og:locale\" content=\"en_US\" \/>\n<meta property=\"og:type\" content=\"article\" \/>\n<meta property=\"og:title\" content=\"Ulqini p\u00ebrjetoi sezonin m\u00eb t\u00eb suksessh\u00ebm n\u00eb tridhjet\u00eb vitet e fundit - Lajme nga Ulqini\" \/>\n<meta property=\"og:description\" content=\"Ulqin, 27 shtator 2010 \u2013 Edhe pse jemi n\u00eb dit\u00ebt e fundit t\u00eb muajit shtator, num\u00ebr i madh i turist\u00ebve nga vende t\u00eb ndryshme po pushojn\u00eb n\u00eb bregdetin e\" \/>\n<meta property=\"og:url\" content=\"https:\/\/www.visit-ulcinj.com\/blog\/2010\/09\/27\/ulqini-perjetoi-sezonin-me-te-suksesshem-ne-tridhjete-vitet-e-fundit\/\" \/>\n<meta property=\"og:site_name\" content=\"Lajme nga Ulqini\" \/>\n<meta property=\"article:published_time\" content=\"2010-09-27T14:55:48+00:00\" \/>\n<meta property=\"article:modified_time\" content=\"2010-09-28T15:37:56+00:00\" \/>\n<meta property=\"og:image\" content=\"http:\/\/www.visit-ulcinj.com\/blog\/wp-content\/uploads\/2010\/09\/sezoni-me-i-suksesshem-ne-Ulqin.jpg\" \/>\n<meta name=\"twitter:label1\" content=\"Written by\" \/>\n\t<meta name=\"twitter:data1\" content=\"ulqini\" \/>\n\t<meta name=\"twitter:label2\" content=\"Est. reading time\" \/>\n\t<meta name=\"twitter:data2\" content=\"4 minutes\" \/>\n<script type=\"application\/ld+json\" class=\"yoast-schema-graph\">{\"@context\":\"https:\/\/schema.org\",\"@graph\":[{\"@type\":\"WebSite\",\"@id\":\"https:\/\/www.visit-ulcinj.com\/blog\/#website\",\"url\":\"https:\/\/www.visit-ulcinj.com\/blog\/\",\"name\":\"Lajme nga Ulqini\",\"description\":\"Lajme,Vijesti,Ulqini,Ulqin,Crna Gora,Mali i Zi\",\"potentialAction\":[{\"@type\":\"SearchAction\",\"target\":{\"@type\":\"EntryPoint\",\"urlTemplate\":\"https:\/\/www.visit-ulcinj.com\/blog\/?s={search_term_string}\"},\"query-input\":\"required name=search_term_string\"}],\"inLanguage\":\"en-US\"},{\"@type\":\"ImageObject\",\"inLanguage\":\"en-US\",\"@id\":\"https:\/\/www.visit-ulcinj.com\/blog\/2010\/09\/27\/ulqini-perjetoi-sezonin-me-te-suksesshem-ne-tridhjete-vitet-e-fundit\/#primaryimage\",\"url\":\"https:\/\/www.visit-ulcinj.com\/blog\/wp-content\/uploads\/2010\/09\/sezoni-me-i-suksesshem-ne-Ulqin.jpg\",\"contentUrl\":\"https:\/\/www.visit-ulcinj.com\/blog\/wp-content\/uploads\/2010\/09\/sezoni-me-i-suksesshem-ne-Ulqin.jpg\",\"width\":\"1024\",\"height\":\"768\"},{\"@type\":\"WebPage\",\"@id\":\"https:\/\/www.visit-ulcinj.com\/blog\/2010\/09\/27\/ulqini-perjetoi-sezonin-me-te-suksesshem-ne-tridhjete-vitet-e-fundit\/#webpage\",\"url\":\"https:\/\/www.visit-ulcinj.com\/blog\/2010\/09\/27\/ulqini-perjetoi-sezonin-me-te-suksesshem-ne-tridhjete-vitet-e-fundit\/\",\"name\":\"Ulqini p\u00ebrjetoi sezonin m\u00eb t\u00eb suksessh\u00ebm n\u00eb tridhjet\u00eb vitet e fundit - Lajme nga Ulqini\",\"isPartOf\":{\"@id\":\"https:\/\/www.visit-ulcinj.com\/blog\/#website\"},\"primaryImageOfPage\":{\"@id\":\"https:\/\/www.visit-ulcinj.com\/blog\/2010\/09\/27\/ulqini-perjetoi-sezonin-me-te-suksesshem-ne-tridhjete-vitet-e-fundit\/#primaryimage\"},\"datePublished\":\"2010-09-27T14:55:48+00:00\",\"dateModified\":\"2010-09-28T15:37:56+00:00\",\"author\":{\"@id\":\"https:\/\/www.visit-ulcinj.com\/blog\/#\/schema\/person\/dcab619c614d3038751c63bc2aadc06d\"},\"description\":\"Ulqin, 27 shtator 2010 \u2013 Edhe pse jemi n\u00eb dit\u00ebt e fundit t\u00eb muajit shtator, num\u00ebr i madh i turist\u00ebve nga vende t\u00eb ndryshme po pushojn\u00eb n\u00eb bregdetin e\",\"breadcrumb\":{\"@id\":\"https:\/\/www.visit-ulcinj.com\/blog\/2010\/09\/27\/ulqini-perjetoi-sezonin-me-te-suksesshem-ne-tridhjete-vitet-e-fundit\/#breadcrumb\"},\"inLanguage\":\"en-US\",\"potentialAction\":[{\"@type\":\"ReadAction\",\"target\":[\"https:\/\/www.visit-ulcinj.com\/blog\/2010\/09\/27\/ulqini-perjetoi-sezonin-me-te-suksesshem-ne-tridhjete-vitet-e-fundit\/\"]}]},{\"@type\":\"BreadcrumbList\",\"@id\":\"https:\/\/www.visit-ulcinj.com\/blog\/2010\/09\/27\/ulqini-perjetoi-sezonin-me-te-suksesshem-ne-tridhjete-vitet-e-fundit\/#breadcrumb\",\"itemListElement\":[{\"@type\":\"ListItem\",\"position\":1,\"name\":\"Ulqini p\u00ebrjetoi sezonin m\u00eb t\u00eb suksessh\u00ebm n\u00eb tridhjet\u00eb vitet e fundit\"}]},{\"@type\":\"Person\",\"@id\":\"https:\/\/www.visit-ulcinj.com\/blog\/#\/schema\/person\/dcab619c614d3038751c63bc2aadc06d\",\"name\":\"ulqini\",\"sameAs\":[\"http:\/\/www.visit-ulcinj.com\"],\"url\":\"https:\/\/www.visit-ulcinj.com\/blog\/author\/admin\/\"}]}<\/script>\n<!-- \/ Yoast SEO plugin. -->","yoast_head_json":{"title":"Ulqini p\u00ebrjetoi sezonin m\u00eb t\u00eb suksessh\u00ebm n\u00eb tridhjet\u00eb vitet e fundit - Lajme nga Ulqini","description":"Ulqin, 27 shtator 2010 \u2013 Edhe pse jemi n\u00eb dit\u00ebt e fundit t\u00eb muajit shtator, num\u00ebr i madh i turist\u00ebve nga vende t\u00eb ndryshme po pushojn\u00eb n\u00eb bregdetin e","robots":{"index":"index","follow":"follow","max-snippet":"max-snippet:-1","max-image-preview":"max-image-preview:large","max-video-preview":"max-video-preview:-1"},"canonical":"https:\/\/www.visit-ulcinj.com\/blog\/2010\/09\/27\/ulqini-perjetoi-sezonin-me-te-suksesshem-ne-tridhjete-vitet-e-fundit\/","og_locale":"en_US","og_type":"article","og_title":"Ulqini p\u00ebrjetoi sezonin m\u00eb t\u00eb suksessh\u00ebm n\u00eb tridhjet\u00eb vitet e fundit - Lajme nga Ulqini","og_description":"Ulqin, 27 shtator 2010 \u2013 Edhe pse jemi n\u00eb dit\u00ebt e fundit t\u00eb muajit shtator, num\u00ebr i madh i turist\u00ebve nga vende t\u00eb ndryshme po pushojn\u00eb n\u00eb bregdetin e","og_url":"https:\/\/www.visit-ulcinj.com\/blog\/2010\/09\/27\/ulqini-perjetoi-sezonin-me-te-suksesshem-ne-tridhjete-vitet-e-fundit\/","og_site_name":"Lajme nga Ulqini","article_published_time":"2010-09-27T14:55:48+00:00","article_modified_time":"2010-09-28T15:37:56+00:00","og_image":[{"url":"http:\/\/www.visit-ulcinj.com\/blog\/wp-content\/uploads\/2010\/09\/sezoni-me-i-suksesshem-ne-Ulqin.jpg"}],"twitter_misc":{"Written by":"ulqini","Est. reading time":"4 minutes"},"schema":{"@context":"https:\/\/schema.org","@graph":[{"@type":"WebSite","@id":"https:\/\/www.visit-ulcinj.com\/blog\/#website","url":"https:\/\/www.visit-ulcinj.com\/blog\/","name":"Lajme nga Ulqini","description":"Lajme,Vijesti,Ulqini,Ulqin,Crna Gora,Mali i Zi","potentialAction":[{"@type":"SearchAction","target":{"@type":"EntryPoint","urlTemplate":"https:\/\/www.visit-ulcinj.com\/blog\/?s={search_term_string}"},"query-input":"required name=search_term_string"}],"inLanguage":"en-US"},{"@type":"ImageObject","inLanguage":"en-US","@id":"https:\/\/www.visit-ulcinj.com\/blog\/2010\/09\/27\/ulqini-perjetoi-sezonin-me-te-suksesshem-ne-tridhjete-vitet-e-fundit\/#primaryimage","url":"https:\/\/www.visit-ulcinj.com\/blog\/wp-content\/uploads\/2010\/09\/sezoni-me-i-suksesshem-ne-Ulqin.jpg","contentUrl":"https:\/\/www.visit-ulcinj.com\/blog\/wp-content\/uploads\/2010\/09\/sezoni-me-i-suksesshem-ne-Ulqin.jpg","width":"1024","height":"768"},{"@type":"WebPage","@id":"https:\/\/www.visit-ulcinj.com\/blog\/2010\/09\/27\/ulqini-perjetoi-sezonin-me-te-suksesshem-ne-tridhjete-vitet-e-fundit\/#webpage","url":"https:\/\/www.visit-ulcinj.com\/blog\/2010\/09\/27\/ulqini-perjetoi-sezonin-me-te-suksesshem-ne-tridhjete-vitet-e-fundit\/","name":"Ulqini p\u00ebrjetoi sezonin m\u00eb t\u00eb suksessh\u00ebm n\u00eb tridhjet\u00eb vitet e fundit - Lajme nga Ulqini","isPartOf":{"@id":"https:\/\/www.visit-ulcinj.com\/blog\/#website"},"primaryImageOfPage":{"@id":"https:\/\/www.visit-ulcinj.com\/blog\/2010\/09\/27\/ulqini-perjetoi-sezonin-me-te-suksesshem-ne-tridhjete-vitet-e-fundit\/#primaryimage"},"datePublished":"2010-09-27T14:55:48+00:00","dateModified":"2010-09-28T15:37:56+00:00","author":{"@id":"https:\/\/www.visit-ulcinj.com\/blog\/#\/schema\/person\/dcab619c614d3038751c63bc2aadc06d"},"description":"Ulqin, 27 shtator 2010 \u2013 Edhe pse jemi n\u00eb dit\u00ebt e fundit t\u00eb muajit shtator, num\u00ebr i madh i turist\u00ebve nga vende t\u00eb ndryshme po pushojn\u00eb n\u00eb bregdetin e","breadcrumb":{"@id":"https:\/\/www.visit-ulcinj.com\/blog\/2010\/09\/27\/ulqini-perjetoi-sezonin-me-te-suksesshem-ne-tridhjete-vitet-e-fundit\/#breadcrumb"},"inLanguage":"en-US","potentialAction":[{"@type":"ReadAction","target":["https:\/\/www.visit-ulcinj.com\/blog\/2010\/09\/27\/ulqini-perjetoi-sezonin-me-te-suksesshem-ne-tridhjete-vitet-e-fundit\/"]}]},{"@type":"BreadcrumbList","@id":"https:\/\/www.visit-ulcinj.com\/blog\/2010\/09\/27\/ulqini-perjetoi-sezonin-me-te-suksesshem-ne-tridhjete-vitet-e-fundit\/#breadcrumb","itemListElement":[{"@type":"ListItem","position":1,"name":"Ulqini p\u00ebrjetoi sezonin m\u00eb t\u00eb suksessh\u00ebm n\u00eb tridhjet\u00eb vitet e fundit"}]},{"@type":"Person","@id":"https:\/\/www.visit-ulcinj.com\/blog\/#\/schema\/person\/dcab619c614d3038751c63bc2aadc06d","name":"ulqini","sameAs":["http:\/\/www.visit-ulcinj.com"],"url":"https:\/\/www.visit-ulcinj.com\/blog\/author\/admin\/"}]}},"jetpack_featured_media_url":"","jetpack_sharing_enabled":true,"jetpack_shortlink":"https:\/\/wp.me\/pe6lTn-9Op","_links":{"self":[{"href":"https:\/\/www.visit-ulcinj.com\/blog\/wp-json\/wp\/v2\/posts\/37721"}],"collection":[{"href":"https:\/\/www.visit-ulcinj.com\/blog\/wp-json\/wp\/v2\/posts"}],"about":[{"href":"https:\/\/www.visit-ulcinj.com\/blog\/wp-json\/wp\/v2\/types\/post"}],"author":[{"embeddable":true,"href":"https:\/\/www.visit-ulcinj.com\/blog\/wp-json\/wp\/v2\/users\/1"}],"replies":[{"embeddable":true,"href":"https:\/\/www.visit-ulcinj.com\/blog\/wp-json\/wp\/v2\/comments?post=37721"}],"version-history":[{"count":0,"href":"https:\/\/www.visit-ulcinj.com\/blog\/wp-json\/wp\/v2\/posts\/37721\/revisions"}],"wp:attachment":[{"href":"https:\/\/www.visit-ulcinj.com\/blog\/wp-json\/wp\/v2\/media?parent=37721"}],"wp:term":[{"taxonomy":"category","embeddable":true,"href":"https:\/\/www.visit-ulcinj.com\/blog\/wp-json\/wp\/v2\/categories?post=37721"},{"taxonomy":"post_tag","embeddable":true,"href":"https:\/\/www.visit-ulcinj.com\/blog\/wp-json\/wp\/v2\/tags?post=37721"}],"curies":[{"name":"wp","href":"https:\/\/api.w.org\/{rel}","templated":true}]}}