{"id":37730,"date":"2010-09-28T17:36:43","date_gmt":"2010-09-28T15:36:43","guid":{"rendered":"http:\/\/www.visit-ulcinj.com\/blog\/?p=37730"},"modified":"2010-09-29T13:13:45","modified_gmt":"2010-09-29T11:13:45","slug":"ndertuesit-ilegale-%e2%80%9csulmojne%e2%80%9d-kompleksin-e-ullinjve-te-ulqinit","status":"publish","type":"post","link":"https:\/\/www.visit-ulcinj.com\/blog\/2010\/09\/28\/ndertuesit-ilegale-%e2%80%9csulmojne%e2%80%9d-kompleksin-e-ullinjve-te-ulqinit\/","title":{"rendered":"Nd\u00ebrtuesit ilegal\u00eb \u201csulmojn\u00eb\u201d kompleksin e ullinjve t\u00eb Ulqinit"},"content":{"rendered":"<p><a href=\"http:\/\/www.visit-ulcinj.com\/blog\/wp-content\/uploads\/2010\/09\/LIMANI-_ULQIN.3.jpg\"><img loading=\"lazy\" class=\"alignleft size-full wp-image-37732\" title=\"LIMANI _ULQIN.3\" src=\"http:\/\/www.visit-ulcinj.com\/blog\/wp-content\/uploads\/2010\/09\/LIMANI-_ULQIN.3.jpg\" alt=\"\" width=\"490\" height=\"390\" \/><\/a>Ulqin, 28 shtator &#8211; Nd\u00ebrtuesit e jasht\u00ebligjsh\u00ebm kan\u00eb dep\u00ebrtuar edhe n\u00eb kompleksin e madh t\u00eb mbi 80 mij\u00eb trungjeve frutor\u00eb ullinjve n\u00eb Ulqin duke goditur integritetin natyror t\u00eb k\u00ebsaj peme mij\u00ebvje\u00e7are industriale, jet\u00ebsore p\u00ebr ulqinak\u00ebt, njofton KosovaLive.<\/p>\n<p>Kryetari i Shoqat\u00ebs s\u00eb kultivuesve t\u00eb ullinjve, Xhaudet Cakuli n\u00eb nj\u00eb konferenc\u00eb t\u00eb vizituar mir\u00eb nga mediat shum\u00eb t\u00eb interesuara kritikoi qeverisjen vendore q\u00eb nuk nd\u00ebrmerr masa konkrete p\u00ebr t\u00eb ndaluar nd\u00ebrtimet e jasht\u00ebligjshme.<\/p>\n<p>\u201cDeri m\u00eb tash vet\u00ebm kompleksi i ullinjve ka qen\u00eb i paprekur nga nd\u00ebrtimet ilegale, por dit\u00ebve t\u00eb fundit ne si shoqat\u00eb kemi regjistruar n\u00eb disa k\u00ebnde objekte banimi, turizmi, por edhe rrethime t\u00eb trungjeve t\u00eb ullinjve. Veprimet e k\u00ebtilla kan\u00eb rr\u00ebnuar n\u00eb m\u00ebnyr\u00eb drastike hart\u00ebn tradicionale t\u00eb rrug\u00ebve t\u00eb qarkullimit n\u00ebp\u00ebr zon\u00ebn mij\u00ebvje\u00e7are t\u00eb pem\u00ebs\u201d, reagon Cakuli.<\/p>\n<p><a href=\"http:\/\/www.visit-ulcinj.com\/blog\/wp-content\/uploads\/2010\/09\/dzaudet-cakuli-2.jpg\"><img loading=\"lazy\" class=\"alignleft size-medium wp-image-37735\" title=\"dzaudet-cakuli-2\" src=\"http:\/\/www.visit-ulcinj.com\/blog\/wp-content\/uploads\/2010\/09\/dzaudet-cakuli-2-300x292.jpg\" alt=\"\" width=\"300\" height=\"292\" srcset=\"https:\/\/www.visit-ulcinj.com\/blog\/wp-content\/uploads\/2010\/09\/dzaudet-cakuli-2-300x292.jpg 300w, https:\/\/www.visit-ulcinj.com\/blog\/wp-content\/uploads\/2010\/09\/dzaudet-cakuli-2.jpg 492w\" sizes=\"(max-width: 300px) 100vw, 300px\" \/><\/a>Sipas tij, k\u00ebto \u201cnd\u00ebrhyrje\u201d me ligj jan\u00eb kodifikuara si vep\u00ebr penale, por administrata vendore nuk po ndalon hovin e k\u00ebtyre nd\u00ebrtimeve kaq t\u00eb p\u00ebrshpejtuara n\u00eb mesin e ullinjve.<\/p>\n<p>Individ\u00eb t\u00eb caktuar jan\u00eb duke shfryt\u00ebzuar gjendjn kaotike q\u00eb zot\u00ebron n\u00eb fushat\u00ebn parazgjedhore t\u00eb zgjedhjeve lokale t\u00eb 17 tetorit dhe nxitojn\u00eb p\u00ebr t\u00eb shitur troje dhe mbyllur rrug\u00ebt, sidomos n\u00eb rajonet e njohura edhe n\u00eb mbar\u00eb bregdetin e Adriatikut t\u00eb kultivimit t\u00eb ullinjve cil\u00ebsor, Liman e Bashbylyk.<\/p>\n<p>\u201cUllinjt\u00eb p\u00ebr ulqinak\u00ebt jan\u00eb t\u00eb shenjt\u00eb, jan\u00eb dega kryesore ekonomike pas turizmit, jan\u00eb \u2018p\u00ebrmendore\u2019 mjedisore mij\u00ebvje\u00e7are natyrore dhe t\u00eb ekosistemit, t\u00eb cil\u00ebt duhet t\u00eb kultivohen e mbrohen ashtu si\u00e7 jan\u00eb p\u00ebrkujdesur t\u00eb par\u00ebt tan\u00eb\u201d, shprehet p\u00ebr KosovaLive kryetari i Shoqat\u00ebs s\u00eb kultivuesve t\u00eb ullinjve, Xhaduet Cakuli.<\/p>\n<p>Ai dyshon se lejimi i k\u00ebtyre nd\u00ebrtimeve b\u00ebhet, mbase, p\u00ebr p\u00ebrftime politike, s\u00eb paku.<\/p>\n<p>K\u00ebshilltari p\u00ebr bujq\u00ebsi pran\u00eb Komun\u00ebs s\u00eb Ulqinit, Gani Rexha thot\u00eb se t\u00eb gjitha rastet jan\u00eb regjistruar dhe se jan\u00eb njoftuar institucionet komunale dhe t\u00eb Ministris\u00eb s\u00eb Bujq\u00ebsis\u00eb.<\/p>\n<p><strong>KOHA NET<\/strong><\/p>\n<p><a href=\"http:\/\/www.facebook.com\/people\/Ismet-Karamanaga\/1359492972#!\/album.php?aid=2069158&amp;id=1359492972\" target=\"_blank\"><strong>P\u00cbR MA TEPER FOTO SHIKONI &#8211; Ismet  Karamanaga<\/strong><\/a><strong> Facebook<\/strong><\/p>\n<p><strong><br \/>\n<\/strong><\/p>\n","protected":false},"excerpt":{"rendered":"<p>Ulqin, 28 shtator &#8211; Nd\u00ebrtuesit e jasht\u00ebligjsh\u00ebm kan\u00eb dep\u00ebrtuar edhe n\u00eb kompleksin e madh t\u00eb mbi 80 mij\u00eb trungjeve frutor\u00eb ullinjve n\u00eb Ulqin duke goditur integritetin natyror t\u00eb k\u00ebsaj peme mij\u00ebvje\u00e7are industriale, jet\u00ebsore p\u00ebr ulqinak\u00ebt, njofton KosovaLive. Kryetari i Shoqat\u00ebs s\u00eb kultivuesve t\u00eb ullinjve, Xhaudet Cakuli n\u00eb nj\u00eb konferenc\u00eb t\u00eb vizituar mir\u00eb nga mediat shum\u00eb [&hellip;]<\/p>\n","protected":false},"author":1,"featured_media":0,"comment_status":"open","ping_status":"closed","sticky":false,"template":"","format":"standard","meta":{"spay_email":"","jetpack_publicize_message":"","jetpack_is_tweetstorm":false,"jetpack_publicize_feature_enabled":true},"categories":[12],"tags":[15681,200,18],"jetpack_publicize_connections":[],"yoast_head":"<!-- This site is optimized with the Yoast SEO plugin v19.1 - https:\/\/yoast.com\/wordpress\/plugins\/seo\/ -->\n<title>Nd\u00ebrtuesit ilegal\u00eb \u201csulmojn\u00eb\u201d kompleksin e ullinjve t\u00eb Ulqinit - Lajme nga Ulqini<\/title>\n<meta name=\"description\" content=\"Ulqin, 28 shtator - Nd\u00ebrtuesit e jasht\u00ebligjsh\u00ebm kan\u00eb dep\u00ebrtuar edhe n\u00eb kompleksin e madh t\u00eb mbi 80 mij\u00eb trungjeve frutor\u00eb ullinjve n\u00eb Ulqin duke goditur\" \/>\n<meta name=\"robots\" content=\"index, follow, max-snippet:-1, max-image-preview:large, max-video-preview:-1\" \/>\n<link rel=\"canonical\" href=\"https:\/\/www.visit-ulcinj.com\/blog\/2010\/09\/28\/ndertuesit-ilegale-\u201csulmojne\u201d-kompleksin-e-ullinjve-te-ulqinit\/\" \/>\n<meta property=\"og:locale\" content=\"en_US\" \/>\n<meta property=\"og:type\" content=\"article\" \/>\n<meta property=\"og:title\" content=\"Nd\u00ebrtuesit ilegal\u00eb \u201csulmojn\u00eb\u201d kompleksin e ullinjve t\u00eb Ulqinit - Lajme nga Ulqini\" \/>\n<meta property=\"og:description\" content=\"Ulqin, 28 shtator - Nd\u00ebrtuesit e jasht\u00ebligjsh\u00ebm kan\u00eb dep\u00ebrtuar edhe n\u00eb kompleksin e madh t\u00eb mbi 80 mij\u00eb trungjeve frutor\u00eb ullinjve n\u00eb Ulqin duke goditur\" \/>\n<meta property=\"og:url\" content=\"https:\/\/www.visit-ulcinj.com\/blog\/2010\/09\/28\/ndertuesit-ilegale-\u201csulmojne\u201d-kompleksin-e-ullinjve-te-ulqinit\/\" \/>\n<meta property=\"og:site_name\" content=\"Lajme nga Ulqini\" \/>\n<meta property=\"article:published_time\" content=\"2010-09-28T15:36:43+00:00\" \/>\n<meta property=\"article:modified_time\" content=\"2010-09-29T11:13:45+00:00\" \/>\n<meta property=\"og:image\" content=\"http:\/\/www.visit-ulcinj.com\/blog\/wp-content\/uploads\/2010\/09\/LIMANI-_ULQIN.3.jpg\" \/>\n<meta name=\"twitter:label1\" content=\"Written by\" \/>\n\t<meta name=\"twitter:data1\" content=\"ulqini\" \/>\n\t<meta name=\"twitter:label2\" content=\"Est. reading time\" \/>\n\t<meta name=\"twitter:data2\" content=\"2 minutes\" \/>\n<script type=\"application\/ld+json\" class=\"yoast-schema-graph\">{\"@context\":\"https:\/\/schema.org\",\"@graph\":[{\"@type\":\"WebSite\",\"@id\":\"https:\/\/www.visit-ulcinj.com\/blog\/#website\",\"url\":\"https:\/\/www.visit-ulcinj.com\/blog\/\",\"name\":\"Lajme nga Ulqini\",\"description\":\"Lajme,Vijesti,Ulqini,Ulqin,Crna Gora,Mali i Zi\",\"potentialAction\":[{\"@type\":\"SearchAction\",\"target\":{\"@type\":\"EntryPoint\",\"urlTemplate\":\"https:\/\/www.visit-ulcinj.com\/blog\/?s={search_term_string}\"},\"query-input\":\"required name=search_term_string\"}],\"inLanguage\":\"en-US\"},{\"@type\":\"ImageObject\",\"inLanguage\":\"en-US\",\"@id\":\"https:\/\/www.visit-ulcinj.com\/blog\/2010\/09\/28\/ndertuesit-ilegale-%e2%80%9csulmojne%e2%80%9d-kompleksin-e-ullinjve-te-ulqinit\/#primaryimage\",\"url\":\"https:\/\/www.visit-ulcinj.com\/blog\/wp-content\/uploads\/2010\/09\/LIMANI-_ULQIN.3.jpg\",\"contentUrl\":\"https:\/\/www.visit-ulcinj.com\/blog\/wp-content\/uploads\/2010\/09\/LIMANI-_ULQIN.3.jpg\",\"width\":\"720\",\"height\":\"540\"},{\"@type\":\"WebPage\",\"@id\":\"https:\/\/www.visit-ulcinj.com\/blog\/2010\/09\/28\/ndertuesit-ilegale-%e2%80%9csulmojne%e2%80%9d-kompleksin-e-ullinjve-te-ulqinit\/#webpage\",\"url\":\"https:\/\/www.visit-ulcinj.com\/blog\/2010\/09\/28\/ndertuesit-ilegale-%e2%80%9csulmojne%e2%80%9d-kompleksin-e-ullinjve-te-ulqinit\/\",\"name\":\"Nd\u00ebrtuesit ilegal\u00eb \u201csulmojn\u00eb\u201d kompleksin e ullinjve t\u00eb Ulqinit - Lajme nga Ulqini\",\"isPartOf\":{\"@id\":\"https:\/\/www.visit-ulcinj.com\/blog\/#website\"},\"primaryImageOfPage\":{\"@id\":\"https:\/\/www.visit-ulcinj.com\/blog\/2010\/09\/28\/ndertuesit-ilegale-%e2%80%9csulmojne%e2%80%9d-kompleksin-e-ullinjve-te-ulqinit\/#primaryimage\"},\"datePublished\":\"2010-09-28T15:36:43+00:00\",\"dateModified\":\"2010-09-29T11:13:45+00:00\",\"author\":{\"@id\":\"https:\/\/www.visit-ulcinj.com\/blog\/#\/schema\/person\/dcab619c614d3038751c63bc2aadc06d\"},\"description\":\"Ulqin, 28 shtator - Nd\u00ebrtuesit e jasht\u00ebligjsh\u00ebm kan\u00eb dep\u00ebrtuar edhe n\u00eb kompleksin e madh t\u00eb mbi 80 mij\u00eb trungjeve frutor\u00eb ullinjve n\u00eb Ulqin duke goditur\",\"breadcrumb\":{\"@id\":\"https:\/\/www.visit-ulcinj.com\/blog\/2010\/09\/28\/ndertuesit-ilegale-%e2%80%9csulmojne%e2%80%9d-kompleksin-e-ullinjve-te-ulqinit\/#breadcrumb\"},\"inLanguage\":\"en-US\",\"potentialAction\":[{\"@type\":\"ReadAction\",\"target\":[\"https:\/\/www.visit-ulcinj.com\/blog\/2010\/09\/28\/ndertuesit-ilegale-%e2%80%9csulmojne%e2%80%9d-kompleksin-e-ullinjve-te-ulqinit\/\"]}]},{\"@type\":\"BreadcrumbList\",\"@id\":\"https:\/\/www.visit-ulcinj.com\/blog\/2010\/09\/28\/ndertuesit-ilegale-%e2%80%9csulmojne%e2%80%9d-kompleksin-e-ullinjve-te-ulqinit\/#breadcrumb\",\"itemListElement\":[{\"@type\":\"ListItem\",\"position\":1,\"name\":\"Nd\u00ebrtuesit ilegal\u00eb \u201csulmojn\u00eb\u201d kompleksin e ullinjve t\u00eb Ulqinit\"}]},{\"@type\":\"Person\",\"@id\":\"https:\/\/www.visit-ulcinj.com\/blog\/#\/schema\/person\/dcab619c614d3038751c63bc2aadc06d\",\"name\":\"ulqini\",\"sameAs\":[\"http:\/\/www.visit-ulcinj.com\"],\"url\":\"https:\/\/www.visit-ulcinj.com\/blog\/author\/admin\/\"}]}<\/script>\n<!-- \/ Yoast SEO plugin. -->","yoast_head_json":{"title":"Nd\u00ebrtuesit ilegal\u00eb \u201csulmojn\u00eb\u201d kompleksin e ullinjve t\u00eb Ulqinit - Lajme nga Ulqini","description":"Ulqin, 28 shtator - Nd\u00ebrtuesit e jasht\u00ebligjsh\u00ebm kan\u00eb dep\u00ebrtuar edhe n\u00eb kompleksin e madh t\u00eb mbi 80 mij\u00eb trungjeve frutor\u00eb ullinjve n\u00eb Ulqin duke goditur","robots":{"index":"index","follow":"follow","max-snippet":"max-snippet:-1","max-image-preview":"max-image-preview:large","max-video-preview":"max-video-preview:-1"},"canonical":"https:\/\/www.visit-ulcinj.com\/blog\/2010\/09\/28\/ndertuesit-ilegale-\u201csulmojne\u201d-kompleksin-e-ullinjve-te-ulqinit\/","og_locale":"en_US","og_type":"article","og_title":"Nd\u00ebrtuesit ilegal\u00eb \u201csulmojn\u00eb\u201d kompleksin e ullinjve t\u00eb Ulqinit - Lajme nga Ulqini","og_description":"Ulqin, 28 shtator - Nd\u00ebrtuesit e jasht\u00ebligjsh\u00ebm kan\u00eb dep\u00ebrtuar edhe n\u00eb kompleksin e madh t\u00eb mbi 80 mij\u00eb trungjeve frutor\u00eb ullinjve n\u00eb Ulqin duke goditur","og_url":"https:\/\/www.visit-ulcinj.com\/blog\/2010\/09\/28\/ndertuesit-ilegale-\u201csulmojne\u201d-kompleksin-e-ullinjve-te-ulqinit\/","og_site_name":"Lajme nga Ulqini","article_published_time":"2010-09-28T15:36:43+00:00","article_modified_time":"2010-09-29T11:13:45+00:00","og_image":[{"url":"http:\/\/www.visit-ulcinj.com\/blog\/wp-content\/uploads\/2010\/09\/LIMANI-_ULQIN.3.jpg"}],"twitter_misc":{"Written by":"ulqini","Est. reading time":"2 minutes"},"schema":{"@context":"https:\/\/schema.org","@graph":[{"@type":"WebSite","@id":"https:\/\/www.visit-ulcinj.com\/blog\/#website","url":"https:\/\/www.visit-ulcinj.com\/blog\/","name":"Lajme nga Ulqini","description":"Lajme,Vijesti,Ulqini,Ulqin,Crna Gora,Mali i Zi","potentialAction":[{"@type":"SearchAction","target":{"@type":"EntryPoint","urlTemplate":"https:\/\/www.visit-ulcinj.com\/blog\/?s={search_term_string}"},"query-input":"required name=search_term_string"}],"inLanguage":"en-US"},{"@type":"ImageObject","inLanguage":"en-US","@id":"https:\/\/www.visit-ulcinj.com\/blog\/2010\/09\/28\/ndertuesit-ilegale-%e2%80%9csulmojne%e2%80%9d-kompleksin-e-ullinjve-te-ulqinit\/#primaryimage","url":"https:\/\/www.visit-ulcinj.com\/blog\/wp-content\/uploads\/2010\/09\/LIMANI-_ULQIN.3.jpg","contentUrl":"https:\/\/www.visit-ulcinj.com\/blog\/wp-content\/uploads\/2010\/09\/LIMANI-_ULQIN.3.jpg","width":"720","height":"540"},{"@type":"WebPage","@id":"https:\/\/www.visit-ulcinj.com\/blog\/2010\/09\/28\/ndertuesit-ilegale-%e2%80%9csulmojne%e2%80%9d-kompleksin-e-ullinjve-te-ulqinit\/#webpage","url":"https:\/\/www.visit-ulcinj.com\/blog\/2010\/09\/28\/ndertuesit-ilegale-%e2%80%9csulmojne%e2%80%9d-kompleksin-e-ullinjve-te-ulqinit\/","name":"Nd\u00ebrtuesit ilegal\u00eb \u201csulmojn\u00eb\u201d kompleksin e ullinjve t\u00eb Ulqinit - Lajme nga Ulqini","isPartOf":{"@id":"https:\/\/www.visit-ulcinj.com\/blog\/#website"},"primaryImageOfPage":{"@id":"https:\/\/www.visit-ulcinj.com\/blog\/2010\/09\/28\/ndertuesit-ilegale-%e2%80%9csulmojne%e2%80%9d-kompleksin-e-ullinjve-te-ulqinit\/#primaryimage"},"datePublished":"2010-09-28T15:36:43+00:00","dateModified":"2010-09-29T11:13:45+00:00","author":{"@id":"https:\/\/www.visit-ulcinj.com\/blog\/#\/schema\/person\/dcab619c614d3038751c63bc2aadc06d"},"description":"Ulqin, 28 shtator - Nd\u00ebrtuesit e jasht\u00ebligjsh\u00ebm kan\u00eb dep\u00ebrtuar edhe n\u00eb kompleksin e madh t\u00eb mbi 80 mij\u00eb trungjeve frutor\u00eb ullinjve n\u00eb Ulqin duke goditur","breadcrumb":{"@id":"https:\/\/www.visit-ulcinj.com\/blog\/2010\/09\/28\/ndertuesit-ilegale-%e2%80%9csulmojne%e2%80%9d-kompleksin-e-ullinjve-te-ulqinit\/#breadcrumb"},"inLanguage":"en-US","potentialAction":[{"@type":"ReadAction","target":["https:\/\/www.visit-ulcinj.com\/blog\/2010\/09\/28\/ndertuesit-ilegale-%e2%80%9csulmojne%e2%80%9d-kompleksin-e-ullinjve-te-ulqinit\/"]}]},{"@type":"BreadcrumbList","@id":"https:\/\/www.visit-ulcinj.com\/blog\/2010\/09\/28\/ndertuesit-ilegale-%e2%80%9csulmojne%e2%80%9d-kompleksin-e-ullinjve-te-ulqinit\/#breadcrumb","itemListElement":[{"@type":"ListItem","position":1,"name":"Nd\u00ebrtuesit ilegal\u00eb \u201csulmojn\u00eb\u201d kompleksin e ullinjve t\u00eb Ulqinit"}]},{"@type":"Person","@id":"https:\/\/www.visit-ulcinj.com\/blog\/#\/schema\/person\/dcab619c614d3038751c63bc2aadc06d","name":"ulqini","sameAs":["http:\/\/www.visit-ulcinj.com"],"url":"https:\/\/www.visit-ulcinj.com\/blog\/author\/admin\/"}]}},"jetpack_featured_media_url":"","jetpack_sharing_enabled":true,"jetpack_shortlink":"https:\/\/wp.me\/pe6lTn-9Oy","_links":{"self":[{"href":"https:\/\/www.visit-ulcinj.com\/blog\/wp-json\/wp\/v2\/posts\/37730"}],"collection":[{"href":"https:\/\/www.visit-ulcinj.com\/blog\/wp-json\/wp\/v2\/posts"}],"about":[{"href":"https:\/\/www.visit-ulcinj.com\/blog\/wp-json\/wp\/v2\/types\/post"}],"author":[{"embeddable":true,"href":"https:\/\/www.visit-ulcinj.com\/blog\/wp-json\/wp\/v2\/users\/1"}],"replies":[{"embeddable":true,"href":"https:\/\/www.visit-ulcinj.com\/blog\/wp-json\/wp\/v2\/comments?post=37730"}],"version-history":[{"count":0,"href":"https:\/\/www.visit-ulcinj.com\/blog\/wp-json\/wp\/v2\/posts\/37730\/revisions"}],"wp:attachment":[{"href":"https:\/\/www.visit-ulcinj.com\/blog\/wp-json\/wp\/v2\/media?parent=37730"}],"wp:term":[{"taxonomy":"category","embeddable":true,"href":"https:\/\/www.visit-ulcinj.com\/blog\/wp-json\/wp\/v2\/categories?post=37730"},{"taxonomy":"post_tag","embeddable":true,"href":"https:\/\/www.visit-ulcinj.com\/blog\/wp-json\/wp\/v2\/tags?post=37730"}],"curies":[{"name":"wp","href":"https:\/\/api.w.org\/{rel}","templated":true}]}}