{"id":37745,"date":"2010-09-28T22:03:32","date_gmt":"2010-09-28T20:03:32","guid":{"rendered":"http:\/\/www.visit-ulcinj.com\/blog\/?p=37745"},"modified":"2010-09-28T23:00:25","modified_gmt":"2010-09-28T21:00:25","slug":"bivsi-inzenjeri-optuzili-vlasnike-solane-u-ulcinju","status":"publish","type":"post","link":"https:\/\/www.visit-ulcinj.com\/blog\/2010\/09\/28\/bivsi-inzenjeri-optuzili-vlasnike-solane-u-ulcinju\/","title":{"rendered":"Biv\u0161i in\u017eenjeri optu\u017eili vlasnike Solane u Ulcinju"},"content":{"rendered":"<p><strong><a href=\"http:\/\/www.visit-ulcinj.com\/blog\/wp-content\/uploads\/2010\/09\/solana-Ulcinj_picnik.jpg\"><img loading=\"lazy\" class=\"alignleft size-large wp-image-37749\" title=\"solana Ulcinj_picnik\" src=\"http:\/\/www.visit-ulcinj.com\/blog\/wp-content\/uploads\/2010\/09\/solana-Ulcinj_picnik-1024x609.jpg\" alt=\"\" width=\"490\" height=\"390\" \/><\/a>So njih vi\u0161e ne zanima<\/strong><br \/>\nUlcinj &#8211; Za skoro mjesec kasniji po\u010detak berbe u ulcinjskoj Solani od uobi\u010dajenog, podgrijao je spekulacije u najju\u017enijoj op\u0161tini da upravu i vlasnike najstarije fabrike vi\u0161e ne interesuje proizvodnja soli.<br \/>\nBiv\u0161i in\u017eenjeri Solane slo\u017eni su u ocjeni da je berba po\u010dela prekasno, odnosno u vrijeme kada se obi\u010dno bli\u017eio njen kraj.<br \/>\n\u201cOko 15. septembra, berbu smo zavr\u0161avali, a ne po\u010dinjali. To je apsurd koji dovodi do zaklju\u010dka da upravu i ne zanima koliko \u0107e soli biti pokupljeno sa bazena. Naravno, to za sobom povla\u010di i pitanje da li vlasnici vi\u0161e uop\u0161te \u017eele proizvodnju\u201d, kazalo je \u201eVijestima\u201c nekoliko biv\u0161ih in\u017eenjera Solane.<br \/>\nBerba soli ove godine po\u010dela je 15. septembra, a iz uprave je najavljeno da \u0107e trajati izme\u0111u 35 i 40 dana. Ranijih godina, bera\u010di su startovali izme\u0111u 10. i 15. avgusta i u vrijeme berbe \u010desto ih je slu\u017eilo vrijeme bez ki\u0161a.<br \/>\n\u201cSvako ka\u0161njenje berbe nosi rizik da se u\u0111e u ki\u0161ni period koji mo\u017ee neprocjenjivo o\u0161tetiti prinos\u201d, ka\u017eu in\u017eenjeri.<br \/>\nZa izvr\u0161nu direktoricu Solane Jelenu Aleksi\u0107, kasniji po\u010detak berbe ne zna\u010di da uprava razmi\u0161lja o prekidu proizvodnog procesa.<br \/>\n\u201cImali smo ki\u0161e u maju i junu, odnosno u procesu kristalizacije i to je jedni razlog ka\u0161njenja. To da vlasnike vi\u0161e ne interesuje proizvodnja soli, obi\u010dne su nebuloze jer da je tako, zar bi ti isti vlasnici u opremu ulo\u017eili skoro tri i po miliona eura\u201d, kazala je Aleksi\u0107.<br \/>\nProces berbe, navela je ona, za sada proti\u010de bez ve\u0107ih pote\u0161ko\u0107a.<br \/>\nMe\u0111utim, in\u017eenjeri podsje\u0107aju da je i ranijih godina ki\u0161a znala da pada danima u procesu kristalizacije, ali da to nije zna\u010dajnije uticalo na po\u010detak berbe.<br \/>\nU najstarijoj ulcinjskoj fabrici zaposlena su 84 radnika kojima, kako tvrdi Aleksi\u0107, zarade kasne dva mjeseca.<br \/>\nNi pla\u0107anje doprinosa nije redovno, ali Aleksi\u0107 ka\u017ee da na kraju godine ta potra\u017eivanja u potpunosti budu podmirena.<\/p>\n<p><strong>S.ADROVI\u0106<br \/>\n<a href=\"http:\/\/www.vijesti.me\/\" target=\"_blank\">Vijesti<br \/>\n<\/a><\/strong>[flv width=&#8221;490&#8243;     height=&#8221;390&#8243;]http:\/\/solana-ulcinj.com\/VTS_01_1.flv[\/flv]<a href=\"http:\/\/www.vijesti.me\/\" target=\"_blank\"><\/a><\/p>\n","protected":false},"excerpt":{"rendered":"<p>So njih vi\u0161e ne zanima Ulcinj &#8211; Za skoro mjesec kasniji po\u010detak berbe u ulcinjskoj Solani od uobi\u010dajenog, podgrijao je spekulacije u najju\u017enijoj op\u0161tini da upravu i vlasnike najstarije fabrike vi\u0161e ne interesuje proizvodnja soli. Biv\u0161i in\u017eenjeri Solane slo\u017eni su u ocjeni da je berba po\u010dela prekasno, odnosno u vrijeme kada se obi\u010dno bli\u017eio njen [&hellip;]<\/p>\n","protected":false},"author":1,"featured_media":0,"comment_status":"open","ping_status":"closed","sticky":false,"template":"","format":"standard","meta":{"spay_email":"","jetpack_publicize_message":"","jetpack_is_tweetstorm":false,"jetpack_publicize_feature_enabled":true},"categories":[8337],"tags":[19,1968],"jetpack_publicize_connections":[],"yoast_head":"<!-- This site is optimized with the Yoast SEO plugin v19.1 - https:\/\/yoast.com\/wordpress\/plugins\/seo\/ -->\n<title>Biv\u0161i in\u017eenjeri optu\u017eili vlasnike Solane u Ulcinju - Lajme nga Ulqini<\/title>\n<meta name=\"description\" content=\"So njih vi\u0161e ne zanima Ulcinj - Za skoro mjesec kasniji po\u010detak berbe u ulcinjskoj Solani od uobi\u010dajenog, podgrijao je spekulacije u najju\u017enijoj op\u0161tini\" \/>\n<meta name=\"robots\" content=\"index, follow, max-snippet:-1, max-image-preview:large, max-video-preview:-1\" \/>\n<link rel=\"canonical\" href=\"https:\/\/www.visit-ulcinj.com\/blog\/2010\/09\/28\/bivsi-inzenjeri-optuzili-vlasnike-solane-u-ulcinju\/\" \/>\n<meta property=\"og:locale\" content=\"en_US\" \/>\n<meta property=\"og:type\" content=\"article\" \/>\n<meta property=\"og:title\" content=\"Biv\u0161i in\u017eenjeri optu\u017eili vlasnike Solane u Ulcinju - Lajme nga Ulqini\" \/>\n<meta property=\"og:description\" content=\"So njih vi\u0161e ne zanima Ulcinj - Za skoro mjesec kasniji po\u010detak berbe u ulcinjskoj Solani od uobi\u010dajenog, podgrijao je spekulacije u najju\u017enijoj op\u0161tini\" \/>\n<meta property=\"og:url\" content=\"https:\/\/www.visit-ulcinj.com\/blog\/2010\/09\/28\/bivsi-inzenjeri-optuzili-vlasnike-solane-u-ulcinju\/\" \/>\n<meta property=\"og:site_name\" content=\"Lajme nga Ulqini\" \/>\n<meta property=\"article:published_time\" content=\"2010-09-28T20:03:32+00:00\" \/>\n<meta property=\"article:modified_time\" content=\"2010-09-28T21:00:25+00:00\" \/>\n<meta property=\"og:image\" content=\"http:\/\/www.visit-ulcinj.com\/blog\/wp-content\/uploads\/2010\/09\/solana-Ulcinj_picnik-1024x609.jpg\" \/>\n<meta name=\"twitter:label1\" content=\"Written by\" \/>\n\t<meta name=\"twitter:data1\" content=\"ulqini\" \/>\n\t<meta name=\"twitter:label2\" content=\"Est. reading time\" \/>\n\t<meta name=\"twitter:data2\" content=\"2 minutes\" \/>\n<script type=\"application\/ld+json\" class=\"yoast-schema-graph\">{\"@context\":\"https:\/\/schema.org\",\"@graph\":[{\"@type\":\"WebSite\",\"@id\":\"https:\/\/www.visit-ulcinj.com\/blog\/#website\",\"url\":\"https:\/\/www.visit-ulcinj.com\/blog\/\",\"name\":\"Lajme nga Ulqini\",\"description\":\"Lajme,Vijesti,Ulqini,Ulqin,Crna Gora,Mali i Zi\",\"potentialAction\":[{\"@type\":\"SearchAction\",\"target\":{\"@type\":\"EntryPoint\",\"urlTemplate\":\"https:\/\/www.visit-ulcinj.com\/blog\/?s={search_term_string}\"},\"query-input\":\"required name=search_term_string\"}],\"inLanguage\":\"en-US\"},{\"@type\":\"ImageObject\",\"inLanguage\":\"en-US\",\"@id\":\"https:\/\/www.visit-ulcinj.com\/blog\/2010\/09\/28\/bivsi-inzenjeri-optuzili-vlasnike-solane-u-ulcinju\/#primaryimage\",\"url\":\"https:\/\/www.visit-ulcinj.com\/blog\/wp-content\/uploads\/2010\/09\/solana-Ulcinj_picnik.jpg\",\"contentUrl\":\"https:\/\/www.visit-ulcinj.com\/blog\/wp-content\/uploads\/2010\/09\/solana-Ulcinj_picnik.jpg\",\"width\":\"1064\",\"height\":\"633\"},{\"@type\":\"WebPage\",\"@id\":\"https:\/\/www.visit-ulcinj.com\/blog\/2010\/09\/28\/bivsi-inzenjeri-optuzili-vlasnike-solane-u-ulcinju\/#webpage\",\"url\":\"https:\/\/www.visit-ulcinj.com\/blog\/2010\/09\/28\/bivsi-inzenjeri-optuzili-vlasnike-solane-u-ulcinju\/\",\"name\":\"Biv\u0161i in\u017eenjeri optu\u017eili vlasnike Solane u Ulcinju - Lajme nga Ulqini\",\"isPartOf\":{\"@id\":\"https:\/\/www.visit-ulcinj.com\/blog\/#website\"},\"primaryImageOfPage\":{\"@id\":\"https:\/\/www.visit-ulcinj.com\/blog\/2010\/09\/28\/bivsi-inzenjeri-optuzili-vlasnike-solane-u-ulcinju\/#primaryimage\"},\"datePublished\":\"2010-09-28T20:03:32+00:00\",\"dateModified\":\"2010-09-28T21:00:25+00:00\",\"author\":{\"@id\":\"https:\/\/www.visit-ulcinj.com\/blog\/#\/schema\/person\/dcab619c614d3038751c63bc2aadc06d\"},\"description\":\"So njih vi\u0161e ne zanima Ulcinj - Za skoro mjesec kasniji po\u010detak berbe u ulcinjskoj Solani od uobi\u010dajenog, podgrijao je spekulacije u najju\u017enijoj op\u0161tini\",\"breadcrumb\":{\"@id\":\"https:\/\/www.visit-ulcinj.com\/blog\/2010\/09\/28\/bivsi-inzenjeri-optuzili-vlasnike-solane-u-ulcinju\/#breadcrumb\"},\"inLanguage\":\"en-US\",\"potentialAction\":[{\"@type\":\"ReadAction\",\"target\":[\"https:\/\/www.visit-ulcinj.com\/blog\/2010\/09\/28\/bivsi-inzenjeri-optuzili-vlasnike-solane-u-ulcinju\/\"]}]},{\"@type\":\"BreadcrumbList\",\"@id\":\"https:\/\/www.visit-ulcinj.com\/blog\/2010\/09\/28\/bivsi-inzenjeri-optuzili-vlasnike-solane-u-ulcinju\/#breadcrumb\",\"itemListElement\":[{\"@type\":\"ListItem\",\"position\":1,\"name\":\"Biv\u0161i in\u017eenjeri optu\u017eili vlasnike Solane u Ulcinju\"}]},{\"@type\":\"Person\",\"@id\":\"https:\/\/www.visit-ulcinj.com\/blog\/#\/schema\/person\/dcab619c614d3038751c63bc2aadc06d\",\"name\":\"ulqini\",\"sameAs\":[\"http:\/\/www.visit-ulcinj.com\"],\"url\":\"https:\/\/www.visit-ulcinj.com\/blog\/author\/admin\/\"}]}<\/script>\n<!-- \/ Yoast SEO plugin. -->","yoast_head_json":{"title":"Biv\u0161i in\u017eenjeri optu\u017eili vlasnike Solane u Ulcinju - Lajme nga Ulqini","description":"So njih vi\u0161e ne zanima Ulcinj - Za skoro mjesec kasniji po\u010detak berbe u ulcinjskoj Solani od uobi\u010dajenog, podgrijao je spekulacije u najju\u017enijoj op\u0161tini","robots":{"index":"index","follow":"follow","max-snippet":"max-snippet:-1","max-image-preview":"max-image-preview:large","max-video-preview":"max-video-preview:-1"},"canonical":"https:\/\/www.visit-ulcinj.com\/blog\/2010\/09\/28\/bivsi-inzenjeri-optuzili-vlasnike-solane-u-ulcinju\/","og_locale":"en_US","og_type":"article","og_title":"Biv\u0161i in\u017eenjeri optu\u017eili vlasnike Solane u Ulcinju - Lajme nga Ulqini","og_description":"So njih vi\u0161e ne zanima Ulcinj - Za skoro mjesec kasniji po\u010detak berbe u ulcinjskoj Solani od uobi\u010dajenog, podgrijao je spekulacije u najju\u017enijoj op\u0161tini","og_url":"https:\/\/www.visit-ulcinj.com\/blog\/2010\/09\/28\/bivsi-inzenjeri-optuzili-vlasnike-solane-u-ulcinju\/","og_site_name":"Lajme nga Ulqini","article_published_time":"2010-09-28T20:03:32+00:00","article_modified_time":"2010-09-28T21:00:25+00:00","og_image":[{"url":"http:\/\/www.visit-ulcinj.com\/blog\/wp-content\/uploads\/2010\/09\/solana-Ulcinj_picnik-1024x609.jpg"}],"twitter_misc":{"Written by":"ulqini","Est. reading time":"2 minutes"},"schema":{"@context":"https:\/\/schema.org","@graph":[{"@type":"WebSite","@id":"https:\/\/www.visit-ulcinj.com\/blog\/#website","url":"https:\/\/www.visit-ulcinj.com\/blog\/","name":"Lajme nga Ulqini","description":"Lajme,Vijesti,Ulqini,Ulqin,Crna Gora,Mali i Zi","potentialAction":[{"@type":"SearchAction","target":{"@type":"EntryPoint","urlTemplate":"https:\/\/www.visit-ulcinj.com\/blog\/?s={search_term_string}"},"query-input":"required name=search_term_string"}],"inLanguage":"en-US"},{"@type":"ImageObject","inLanguage":"en-US","@id":"https:\/\/www.visit-ulcinj.com\/blog\/2010\/09\/28\/bivsi-inzenjeri-optuzili-vlasnike-solane-u-ulcinju\/#primaryimage","url":"https:\/\/www.visit-ulcinj.com\/blog\/wp-content\/uploads\/2010\/09\/solana-Ulcinj_picnik.jpg","contentUrl":"https:\/\/www.visit-ulcinj.com\/blog\/wp-content\/uploads\/2010\/09\/solana-Ulcinj_picnik.jpg","width":"1064","height":"633"},{"@type":"WebPage","@id":"https:\/\/www.visit-ulcinj.com\/blog\/2010\/09\/28\/bivsi-inzenjeri-optuzili-vlasnike-solane-u-ulcinju\/#webpage","url":"https:\/\/www.visit-ulcinj.com\/blog\/2010\/09\/28\/bivsi-inzenjeri-optuzili-vlasnike-solane-u-ulcinju\/","name":"Biv\u0161i in\u017eenjeri optu\u017eili vlasnike Solane u Ulcinju - Lajme nga Ulqini","isPartOf":{"@id":"https:\/\/www.visit-ulcinj.com\/blog\/#website"},"primaryImageOfPage":{"@id":"https:\/\/www.visit-ulcinj.com\/blog\/2010\/09\/28\/bivsi-inzenjeri-optuzili-vlasnike-solane-u-ulcinju\/#primaryimage"},"datePublished":"2010-09-28T20:03:32+00:00","dateModified":"2010-09-28T21:00:25+00:00","author":{"@id":"https:\/\/www.visit-ulcinj.com\/blog\/#\/schema\/person\/dcab619c614d3038751c63bc2aadc06d"},"description":"So njih vi\u0161e ne zanima Ulcinj - Za skoro mjesec kasniji po\u010detak berbe u ulcinjskoj Solani od uobi\u010dajenog, podgrijao je spekulacije u najju\u017enijoj op\u0161tini","breadcrumb":{"@id":"https:\/\/www.visit-ulcinj.com\/blog\/2010\/09\/28\/bivsi-inzenjeri-optuzili-vlasnike-solane-u-ulcinju\/#breadcrumb"},"inLanguage":"en-US","potentialAction":[{"@type":"ReadAction","target":["https:\/\/www.visit-ulcinj.com\/blog\/2010\/09\/28\/bivsi-inzenjeri-optuzili-vlasnike-solane-u-ulcinju\/"]}]},{"@type":"BreadcrumbList","@id":"https:\/\/www.visit-ulcinj.com\/blog\/2010\/09\/28\/bivsi-inzenjeri-optuzili-vlasnike-solane-u-ulcinju\/#breadcrumb","itemListElement":[{"@type":"ListItem","position":1,"name":"Biv\u0161i in\u017eenjeri optu\u017eili vlasnike Solane u Ulcinju"}]},{"@type":"Person","@id":"https:\/\/www.visit-ulcinj.com\/blog\/#\/schema\/person\/dcab619c614d3038751c63bc2aadc06d","name":"ulqini","sameAs":["http:\/\/www.visit-ulcinj.com"],"url":"https:\/\/www.visit-ulcinj.com\/blog\/author\/admin\/"}]}},"jetpack_featured_media_url":"","jetpack_sharing_enabled":true,"jetpack_shortlink":"https:\/\/wp.me\/pe6lTn-9ON","_links":{"self":[{"href":"https:\/\/www.visit-ulcinj.com\/blog\/wp-json\/wp\/v2\/posts\/37745"}],"collection":[{"href":"https:\/\/www.visit-ulcinj.com\/blog\/wp-json\/wp\/v2\/posts"}],"about":[{"href":"https:\/\/www.visit-ulcinj.com\/blog\/wp-json\/wp\/v2\/types\/post"}],"author":[{"embeddable":true,"href":"https:\/\/www.visit-ulcinj.com\/blog\/wp-json\/wp\/v2\/users\/1"}],"replies":[{"embeddable":true,"href":"https:\/\/www.visit-ulcinj.com\/blog\/wp-json\/wp\/v2\/comments?post=37745"}],"version-history":[{"count":0,"href":"https:\/\/www.visit-ulcinj.com\/blog\/wp-json\/wp\/v2\/posts\/37745\/revisions"}],"wp:attachment":[{"href":"https:\/\/www.visit-ulcinj.com\/blog\/wp-json\/wp\/v2\/media?parent=37745"}],"wp:term":[{"taxonomy":"category","embeddable":true,"href":"https:\/\/www.visit-ulcinj.com\/blog\/wp-json\/wp\/v2\/categories?post=37745"},{"taxonomy":"post_tag","embeddable":true,"href":"https:\/\/www.visit-ulcinj.com\/blog\/wp-json\/wp\/v2\/tags?post=37745"}],"curies":[{"name":"wp","href":"https:\/\/api.w.org\/{rel}","templated":true}]}}